
{"id":3285,"date":"2009-05-04T10:20:21","date_gmt":"2009-05-04T13:20:21","guid":{"rendered":"http:\/\/www.oarcanjo.net\/site\/?p=3285"},"modified":"2009-05-06T22:21:44","modified_gmt":"2009-05-07T01:21:44","slug":"centralidade-do-trabalho","status":"publish","type":"post","link":"https:\/\/www.oarcanjo.net\/site\/centralidade-do-trabalho\/","title":{"rendered":"Centralidade do trabalho"},"content":{"rendered":"<p>Dom Dem\u00e9trio Valentini<\/p>\n<p>As assembl\u00e9ias da CNBB sempre se realizam nas proximidades do Dia do Trabalhador. Por coincid\u00eancia, neste ano a assembl\u00e9ia se concluiu com o Primeiro de Maio.<\/p>\n<p>Esta circunst\u00e2ncia fez dos trabalhadores uma presen\u00e7a constante nas assembl\u00e9ias, contribuindo para que a realidade do trabalho ajudasse a trazer presente, na reuni\u00e3o dos bispos, a situa\u00e7\u00e3o vivida pelo povo.<\/p>\n<p>Desta vez, al\u00e9m da coincid\u00eancia da data, havia outro motivo a urgir um pronunciamento da CNBB sobre o Dia do Trabalhador. As conseq\u00fc\u00eancias da crise mundial t\u00eam repercuss\u00e3o direta nos trabalhadores. Eles se tornam, de novo, o term\u00f4metro para medir a problem\u00e1tica social, decorrente da crise de amplo espectro que o mundo est\u00e1 vivendo. Comprova-se o que &#8220;o trabalho \u00e9 chave de toda quest\u00e3o social&#8221;, como j\u00e1 dizia Jo\u00e3o Paulo II, em sua enc\u00edclica Laborem Exercens.<\/p>\n<p>\u00c9 neste contexto de crise mundial que chega a palavra dos bispos dirigida especialmente \u00e0s trabalhadoras e aos trabalhadores:<\/p>\n<p>&#8220;Neste ano, o dia 1\u00ba de maio acontece no contexto da crise que assola o conjunto da economia mundial. A crise mostra a sua face mais cruel ao se deslocar do capital financeiro para o setor produtivo, dizimando milhares de postos de trabalho, na cidade e no campo. Os pa\u00edses e as popula\u00e7\u00f5es pobres sofrem mais diretamente as conseq\u00fc\u00eancias do atual modelo capitalista de desenvolvimento, incapaz de assegurar a dignidade humana, garantir os direitos sociais b\u00e1sicos e preservar a vida em nosso planeta.&#8221;<\/p>\n<p>Esta situa\u00e7\u00e3o de crise leva a CNBB a expressar sua solidariedade, e reafirmar seu compromisso com os trabalhadores:<\/p>\n<p>&#8220;Ao celebrar o Dia do Trabalhador, a CNBB confirma seu compromisso em favor dos direitos sociais do povo e, em especial, dos direitos trabalhistas e dos esfor\u00e7os para consolidar as suas organiza\u00e7\u00f5es. Expressa tamb\u00e9m a solidariedade com todos os desempregados, v\u00edtimas da crise ou dos que se aproveitam dela. Os princ\u00edpios da Doutrina Social da Igreja &#8211; a dignidade da pessoa humana, a destina\u00e7\u00e3o universal dos bens da terra e a prioridade do trabalho sobre o capital &#8211; inspiram alternativas para uma nova ordem econ\u00f4mica, em vista de um mundo justo e solid\u00e1rio.&#8221;<\/p>\n<p>Esta solidariedade da Igreja n\u00e3o se limita ao conforto que resulta da estima pessoal e do reconhecimento da import\u00e2ncia dos trabalhadores. Ela toma a forma de firme posicionamento em favor de suas causas, e a convic\u00e7\u00e3o de que a sa\u00edda da crise passa pelo atendimento da pauta de reivindica\u00e7\u00f5es dos trabalhadores, como afirma com \u00eanfase a nota:<\/p>\n<p>&#8220;Os tempos atuais, mesmo dif\u00edceis, representam oportunidades para as mudan\u00e7as necess\u00e1rias em dire\u00e7\u00e3o a uma nova ordem econ\u00f4mica. Nesse contexto, a Igreja faz ressoar o clamor dos trabalhadores por vida e dignidade. As aspira\u00e7\u00f5es do povo trabalhador, por meio de suas organiza\u00e7\u00f5es, indicam caminhos para a consolida\u00e7\u00e3o dos direitos, tais como: n\u00e3o \u00e0s demiss\u00f5es, valoriza\u00e7\u00e3o das aposentadorias, queda nos juros, redu\u00e7\u00e3o da jornada de trabalho sem redu\u00e7\u00e3o dos sal\u00e1rios, reforma agr\u00e1ria e fortalecimento da agricultura familiar e agro-ecol\u00f3gica, combate ao trabalho escravo e degradante, valoriza\u00e7\u00e3o dos movimentos de trabalhadores desempregados, incentivo \u00e0s iniciativas de economia popular solid\u00e1ria, investimento nas pol\u00edticas p\u00fablicas de sa\u00fade, educa\u00e7\u00e3o e moradia&#8221;.<\/p>\n<p>Depois de dez dias de intensos trabalhos, os bispos concluem sua assembl\u00e9ia no Dia do Trabalhador. A mesma data \u00e9 mais que mera coincid\u00eancia. Lembra um compromisso hist\u00f3rico, entre Igreja e trabalhadores, que precisa ser levado adiante, no novo contexto de profundas transforma\u00e7\u00f5es que atingem hoje o mundo do trabalho. <\/p>\n<div id=\"themify_builder_content-3285\" data-postid=\"3285\" class=\"themify_builder_content themify_builder_content-3285 themify_builder themify_builder_front\">\n\t<\/div>\n<!-- \/themify_builder_content -->","protected":false},"excerpt":{"rendered":"<p>Dom Dem\u00e9trio Valentini As assembl\u00e9ias da CNBB sempre se realizam nas proximidades do Dia do Trabalhador. Por coincid\u00eancia, neste ano a assembl\u00e9ia se concluiu com o Primeiro de Maio. Esta circunst\u00e2ncia fez dos trabalhadores uma presen\u00e7a constante nas assembl\u00e9ias, contribuindo para que a realidade do trabalho ajudasse a trazer presente, na reuni\u00e3o dos bispos, a [&hellip;]<\/p>\n","protected":false},"author":5,"featured_media":0,"comment_status":"open","ping_status":"open","sticky":false,"template":"","format":"standard","meta":{"ngg_post_thumbnail":0,"footnotes":""},"categories":[9],"tags":[499,63,626,311],"yoast_head":"<!-- This site is optimized with the Yoast SEO plugin v23.5 - https:\/\/yoast.com\/wordpress\/plugins\/seo\/ -->\n<title>Centralidade do trabalho - O Arcanjo no ar<\/title>\n<meta name=\"robots\" content=\"index, follow, max-snippet:-1, max-image-preview:large, max-video-preview:-1\" \/>\n<link rel=\"canonical\" href=\"https:\/\/www.oarcanjo.net\/site\/centralidade-do-trabalho\/\" \/>\n<meta property=\"og:locale\" content=\"pt_BR\" \/>\n<meta property=\"og:type\" content=\"article\" \/>\n<meta property=\"og:title\" content=\"Centralidade do trabalho - O Arcanjo no ar\" \/>\n<meta property=\"og:description\" content=\"Dom Dem\u00e9trio Valentini As assembl\u00e9ias da CNBB sempre se realizam nas proximidades do Dia do Trabalhador. Por coincid\u00eancia, neste ano a assembl\u00e9ia se concluiu com o Primeiro de Maio. Esta circunst\u00e2ncia fez dos trabalhadores uma presen\u00e7a constante nas assembl\u00e9ias, contribuindo para que a realidade do trabalho ajudasse a trazer presente, na reuni\u00e3o dos bispos, a [&hellip;]\" \/>\n<meta property=\"og:url\" content=\"https:\/\/www.oarcanjo.net\/site\/centralidade-do-trabalho\/\" \/>\n<meta property=\"og:site_name\" content=\"O Arcanjo no ar\" \/>\n<meta property=\"article:publisher\" content=\"https:\/\/www.facebook.com\/OArcanjoNoAr\/\" \/>\n<meta property=\"article:published_time\" content=\"2009-05-04T13:20:21+00:00\" \/>\n<meta property=\"article:modified_time\" content=\"2009-05-07T01:21:44+00:00\" \/>\n<meta property=\"og:image\" content=\"https:\/\/www.oarcanjo.net\/site\/wp-content\/uploads\/logo-o-arcanjo-no-ar-facebook.png\" \/>\n\t<meta property=\"og:image:width\" content=\"300\" \/>\n\t<meta property=\"og:image:height\" content=\"300\" \/>\n\t<meta property=\"og:image:type\" content=\"image\/png\" \/>\n<meta name=\"author\" content=\"editor\" \/>\n<meta name=\"twitter:card\" content=\"summary_large_image\" \/>\n<meta name=\"twitter:label1\" content=\"Escrito por\" \/>\n\t<meta name=\"twitter:data1\" content=\"editor\" \/>\n\t<meta name=\"twitter:label2\" content=\"Est. tempo de leitura\" \/>\n\t<meta name=\"twitter:data2\" content=\"3 minutos\" \/>\n<script type=\"application\/ld+json\" class=\"yoast-schema-graph\">{\"@context\":\"https:\/\/schema.org\",\"@graph\":[{\"@type\":\"Article\",\"@id\":\"https:\/\/www.oarcanjo.net\/site\/centralidade-do-trabalho\/#article\",\"isPartOf\":{\"@id\":\"https:\/\/www.oarcanjo.net\/site\/centralidade-do-trabalho\/\"},\"author\":{\"name\":\"editor\",\"@id\":\"https:\/\/www.oarcanjo.net\/site\/#\/schema\/person\/f7024d007863202483a31326673a0838\"},\"headline\":\"Centralidade do trabalho\",\"datePublished\":\"2009-05-04T13:20:21+00:00\",\"dateModified\":\"2009-05-07T01:21:44+00:00\",\"mainEntityOfPage\":{\"@id\":\"https:\/\/www.oarcanjo.net\/site\/centralidade-do-trabalho\/\"},\"wordCount\":623,\"commentCount\":0,\"publisher\":{\"@id\":\"https:\/\/www.oarcanjo.net\/site\/#organization\"},\"keywords\":[\"assembleia dos bispos\",\"CNBB\",\"trabalhador\",\"trabalho\"],\"articleSection\":[\"Reflex\u00f5es\"],\"inLanguage\":\"pt-BR\",\"potentialAction\":[{\"@type\":\"CommentAction\",\"name\":\"Comment\",\"target\":[\"https:\/\/www.oarcanjo.net\/site\/centralidade-do-trabalho\/#respond\"]}]},{\"@type\":\"WebPage\",\"@id\":\"https:\/\/www.oarcanjo.net\/site\/centralidade-do-trabalho\/\",\"url\":\"https:\/\/www.oarcanjo.net\/site\/centralidade-do-trabalho\/\",\"name\":\"Centralidade do trabalho - O Arcanjo no ar\",\"isPartOf\":{\"@id\":\"https:\/\/www.oarcanjo.net\/site\/#website\"},\"datePublished\":\"2009-05-04T13:20:21+00:00\",\"dateModified\":\"2009-05-07T01:21:44+00:00\",\"breadcrumb\":{\"@id\":\"https:\/\/www.oarcanjo.net\/site\/centralidade-do-trabalho\/#breadcrumb\"},\"inLanguage\":\"pt-BR\",\"potentialAction\":[{\"@type\":\"ReadAction\",\"target\":[\"https:\/\/www.oarcanjo.net\/site\/centralidade-do-trabalho\/\"]}]},{\"@type\":\"BreadcrumbList\",\"@id\":\"https:\/\/www.oarcanjo.net\/site\/centralidade-do-trabalho\/#breadcrumb\",\"itemListElement\":[{\"@type\":\"ListItem\",\"position\":1,\"name\":\"In\u00edcio\",\"item\":\"https:\/\/www.oarcanjo.net\/site\/\"},{\"@type\":\"ListItem\",\"position\":2,\"name\":\"Centralidade do trabalho\"}]},{\"@type\":\"WebSite\",\"@id\":\"https:\/\/www.oarcanjo.net\/site\/#website\",\"url\":\"https:\/\/www.oarcanjo.net\/site\/\",\"name\":\"O Arcanjo no ar\",\"description\":\"Site da Par\u00f3quia S\u00e3o Miguel Arcanjo (Arquidiocese de SP)\",\"publisher\":{\"@id\":\"https:\/\/www.oarcanjo.net\/site\/#organization\"},\"potentialAction\":[{\"@type\":\"SearchAction\",\"target\":{\"@type\":\"EntryPoint\",\"urlTemplate\":\"https:\/\/www.oarcanjo.net\/site\/?s={search_term_string}\"},\"query-input\":{\"@type\":\"PropertyValueSpecification\",\"valueRequired\":true,\"valueName\":\"search_term_string\"}}],\"inLanguage\":\"pt-BR\"},{\"@type\":\"Organization\",\"@id\":\"https:\/\/www.oarcanjo.net\/site\/#organization\",\"name\":\"Par\u00f3quia S\u00e3o Miguel Arcanjo\",\"url\":\"https:\/\/www.oarcanjo.net\/site\/\",\"logo\":{\"@type\":\"ImageObject\",\"inLanguage\":\"pt-BR\",\"@id\":\"https:\/\/www.oarcanjo.net\/site\/#\/schema\/logo\/image\/\",\"url\":\"https:\/\/www.oarcanjo.net\/site\/wp-content\/uploads\/LogoOArcanjo.png\",\"contentUrl\":\"https:\/\/www.oarcanjo.net\/site\/wp-content\/uploads\/LogoOArcanjo.png\",\"width\":319,\"height\":99,\"caption\":\"Par\u00f3quia S\u00e3o Miguel Arcanjo\"},\"image\":{\"@id\":\"https:\/\/www.oarcanjo.net\/site\/#\/schema\/logo\/image\/\"},\"sameAs\":[\"https:\/\/www.facebook.com\/OArcanjoNoAr\/\"]},{\"@type\":\"Person\",\"@id\":\"https:\/\/www.oarcanjo.net\/site\/#\/schema\/person\/f7024d007863202483a31326673a0838\",\"name\":\"editor\",\"sameAs\":[\"http:\/\/www.oarcanjo.net\"]}]}<\/script>\n<!-- \/ Yoast SEO plugin. -->","yoast_head_json":{"title":"Centralidade do trabalho - O Arcanjo no ar","robots":{"index":"index","follow":"follow","max-snippet":"max-snippet:-1","max-image-preview":"max-image-preview:large","max-video-preview":"max-video-preview:-1"},"canonical":"https:\/\/www.oarcanjo.net\/site\/centralidade-do-trabalho\/","og_locale":"pt_BR","og_type":"article","og_title":"Centralidade do trabalho - O Arcanjo no ar","og_description":"Dom Dem\u00e9trio Valentini As assembl\u00e9ias da CNBB sempre se realizam nas proximidades do Dia do Trabalhador. Por coincid\u00eancia, neste ano a assembl\u00e9ia se concluiu com o Primeiro de Maio. Esta circunst\u00e2ncia fez dos trabalhadores uma presen\u00e7a constante nas assembl\u00e9ias, contribuindo para que a realidade do trabalho ajudasse a trazer presente, na reuni\u00e3o dos bispos, a [&hellip;]","og_url":"https:\/\/www.oarcanjo.net\/site\/centralidade-do-trabalho\/","og_site_name":"O Arcanjo no ar","article_publisher":"https:\/\/www.facebook.com\/OArcanjoNoAr\/","article_published_time":"2009-05-04T13:20:21+00:00","article_modified_time":"2009-05-07T01:21:44+00:00","og_image":[{"width":300,"height":300,"url":"https:\/\/www.oarcanjo.net\/site\/wp-content\/uploads\/logo-o-arcanjo-no-ar-facebook.png","type":"image\/png"}],"author":"editor","twitter_card":"summary_large_image","twitter_misc":{"Escrito por":"editor","Est. tempo de leitura":"3 minutos"},"schema":{"@context":"https:\/\/schema.org","@graph":[{"@type":"Article","@id":"https:\/\/www.oarcanjo.net\/site\/centralidade-do-trabalho\/#article","isPartOf":{"@id":"https:\/\/www.oarcanjo.net\/site\/centralidade-do-trabalho\/"},"author":{"name":"editor","@id":"https:\/\/www.oarcanjo.net\/site\/#\/schema\/person\/f7024d007863202483a31326673a0838"},"headline":"Centralidade do trabalho","datePublished":"2009-05-04T13:20:21+00:00","dateModified":"2009-05-07T01:21:44+00:00","mainEntityOfPage":{"@id":"https:\/\/www.oarcanjo.net\/site\/centralidade-do-trabalho\/"},"wordCount":623,"commentCount":0,"publisher":{"@id":"https:\/\/www.oarcanjo.net\/site\/#organization"},"keywords":["assembleia dos bispos","CNBB","trabalhador","trabalho"],"articleSection":["Reflex\u00f5es"],"inLanguage":"pt-BR","potentialAction":[{"@type":"CommentAction","name":"Comment","target":["https:\/\/www.oarcanjo.net\/site\/centralidade-do-trabalho\/#respond"]}]},{"@type":"WebPage","@id":"https:\/\/www.oarcanjo.net\/site\/centralidade-do-trabalho\/","url":"https:\/\/www.oarcanjo.net\/site\/centralidade-do-trabalho\/","name":"Centralidade do trabalho - O Arcanjo no ar","isPartOf":{"@id":"https:\/\/www.oarcanjo.net\/site\/#website"},"datePublished":"2009-05-04T13:20:21+00:00","dateModified":"2009-05-07T01:21:44+00:00","breadcrumb":{"@id":"https:\/\/www.oarcanjo.net\/site\/centralidade-do-trabalho\/#breadcrumb"},"inLanguage":"pt-BR","potentialAction":[{"@type":"ReadAction","target":["https:\/\/www.oarcanjo.net\/site\/centralidade-do-trabalho\/"]}]},{"@type":"BreadcrumbList","@id":"https:\/\/www.oarcanjo.net\/site\/centralidade-do-trabalho\/#breadcrumb","itemListElement":[{"@type":"ListItem","position":1,"name":"In\u00edcio","item":"https:\/\/www.oarcanjo.net\/site\/"},{"@type":"ListItem","position":2,"name":"Centralidade do trabalho"}]},{"@type":"WebSite","@id":"https:\/\/www.oarcanjo.net\/site\/#website","url":"https:\/\/www.oarcanjo.net\/site\/","name":"O Arcanjo no ar","description":"Site da Par\u00f3quia S\u00e3o Miguel Arcanjo (Arquidiocese de SP)","publisher":{"@id":"https:\/\/www.oarcanjo.net\/site\/#organization"},"potentialAction":[{"@type":"SearchAction","target":{"@type":"EntryPoint","urlTemplate":"https:\/\/www.oarcanjo.net\/site\/?s={search_term_string}"},"query-input":{"@type":"PropertyValueSpecification","valueRequired":true,"valueName":"search_term_string"}}],"inLanguage":"pt-BR"},{"@type":"Organization","@id":"https:\/\/www.oarcanjo.net\/site\/#organization","name":"Par\u00f3quia S\u00e3o Miguel Arcanjo","url":"https:\/\/www.oarcanjo.net\/site\/","logo":{"@type":"ImageObject","inLanguage":"pt-BR","@id":"https:\/\/www.oarcanjo.net\/site\/#\/schema\/logo\/image\/","url":"https:\/\/www.oarcanjo.net\/site\/wp-content\/uploads\/LogoOArcanjo.png","contentUrl":"https:\/\/www.oarcanjo.net\/site\/wp-content\/uploads\/LogoOArcanjo.png","width":319,"height":99,"caption":"Par\u00f3quia S\u00e3o Miguel Arcanjo"},"image":{"@id":"https:\/\/www.oarcanjo.net\/site\/#\/schema\/logo\/image\/"},"sameAs":["https:\/\/www.facebook.com\/OArcanjoNoAr\/"]},{"@type":"Person","@id":"https:\/\/www.oarcanjo.net\/site\/#\/schema\/person\/f7024d007863202483a31326673a0838","name":"editor","sameAs":["http:\/\/www.oarcanjo.net"]}]}},"publishpress_future_action":{"enabled":false,"date":"2026-05-09 05:54:51","action":"category","newStatus":"draft","terms":[],"taxonomy":"category"},"publishpress_future_workflow_manual_trigger":{"enabledWorkflows":[]},"_links":{"self":[{"href":"https:\/\/www.oarcanjo.net\/site\/wp-json\/wp\/v2\/posts\/3285"}],"collection":[{"href":"https:\/\/www.oarcanjo.net\/site\/wp-json\/wp\/v2\/posts"}],"about":[{"href":"https:\/\/www.oarcanjo.net\/site\/wp-json\/wp\/v2\/types\/post"}],"author":[{"embeddable":true,"href":"https:\/\/www.oarcanjo.net\/site\/wp-json\/wp\/v2\/users\/5"}],"replies":[{"embeddable":true,"href":"https:\/\/www.oarcanjo.net\/site\/wp-json\/wp\/v2\/comments?post=3285"}],"version-history":[{"count":0,"href":"https:\/\/www.oarcanjo.net\/site\/wp-json\/wp\/v2\/posts\/3285\/revisions"}],"wp:attachment":[{"href":"https:\/\/www.oarcanjo.net\/site\/wp-json\/wp\/v2\/media?parent=3285"}],"wp:term":[{"taxonomy":"category","embeddable":true,"href":"https:\/\/www.oarcanjo.net\/site\/wp-json\/wp\/v2\/categories?post=3285"},{"taxonomy":"post_tag","embeddable":true,"href":"https:\/\/www.oarcanjo.net\/site\/wp-json\/wp\/v2\/tags?post=3285"}],"curies":[{"name":"wp","href":"https:\/\/api.w.org\/{rel}","templated":true}]}}