
{"id":3287,"date":"2010-05-10T13:00:30","date_gmt":"2010-05-10T16:00:30","guid":{"rendered":"http:\/\/www.oarcanjo.net\/site\/?p=3287"},"modified":"2010-06-03T09:12:09","modified_gmt":"2010-06-03T12:12:09","slug":"oracao-a-nossa-senhora-de-fatima","status":"publish","type":"post","link":"https:\/\/www.oarcanjo.net\/site\/oracao-a-nossa-senhora-de-fatima\/","title":{"rendered":"Ora\u00e7\u00e3o a Nossa Senhora de F\u00e1tima"},"content":{"rendered":"<p><object width=\"480\" height=\"385\"><param name=\"movie\" value=\"http:\/\/www.youtube.com\/v\/G9azcPoaxZA&#038;hl=pt-br&#038;fs=1&#038;rel=0&#038;color1=0xe1600f&#038;color2=0xfebd01\"><\/param><param name=\"allowFullScreen\" value=\"true\"><\/param><param name=\"allowscriptaccess\" value=\"always\"><\/param><embed src=\"http:\/\/www.youtube.com\/v\/G9azcPoaxZA&#038;hl=pt-br&#038;fs=1&#038;rel=0&#038;color1=0xe1600f&#038;color2=0xfebd01\" type=\"application\/x-shockwave-flash\" allowscriptaccess=\"always\" allowfullscreen=\"true\" width=\"480\" height=\"385\"><\/embed><\/object><\/p>\n<p>\u00d3 Senhora de F\u00e1tima&#8230;\/<br \/>\nD\u00e1-me um pouco de tua for\u00e7a para minha fraqueza\/<br \/>\nUm pouco da tua coragem para o meu desalento\/<br \/>\nUm pouco da tua compreens\u00e3o para o meu problema\/<br \/>\nUm pouco da tua plenitude para o meu vazio\/<br \/>\nUm pouco da tua rosa para o meu espinho\/<br \/>\nUm pouco da tua certeza para a minha d\u00favida\/<br \/>\nUm pouco do teu sol para o meu inverno\/<br \/>\nUm pouco da tua disponibilidade para o meu cansa\u00e7o\/<br \/>\nUm pouco do teu rumo infinito para o meu extravio\/<br \/>\nUm pouco da tua neve para o barro do meu pecado\/<br \/>\nUm pouco da tua luminosidade para a minha noite\/<br \/>\nUm pouco da tua alegria para a minha tristeza\/<br \/>\nUm pouco da tua sabedoria para a minha ignor\u00e2ncia\/<br \/>\nUm pouco do teu amor para o meu rancor\/<br \/>\nUm pouco da tua pureza para o meu pecado\/<br \/>\nUm pouco da tua vida para a minha morte\/<br \/>\nUm pouco da tua transpar\u00eancia para o meu escuro\/<br \/>\nUm pouco do teu Filho Jesus para este teu filho pecador\/<br \/>\nCom esses poucos, Senhora, eu terei tudo!<\/p>\n<p><em>(Voz de Padre S\u00e9rgio Jeremias\/ Tubar\u00e3o &#8211; SC &#8211; Brasil)<\/em><\/p>\n<hr \/>\n<p>Assista abaixo \u00e0s imagens da <strong>Prociss\u00e3o das Velas<\/strong> de 2007 em Fatima:<\/p>\n<p><object width=\"480\" height=\"385\"><param name=\"movie\" value=\"http:\/\/www.youtube.com\/v\/3-E-jdfZ8UE&#038;hl=pt-br&#038;fs=1&#038;rel=0&#038;color1=0xe1600f&#038;color2=0xfebd01\"><\/param><param name=\"allowFullScreen\" value=\"true\"><\/param><param name=\"allowscriptaccess\" value=\"always\"><\/param><embed src=\"http:\/\/www.youtube.com\/v\/3-E-jdfZ8UE&#038;hl=pt-br&#038;fs=1&#038;rel=0&#038;color1=0xe1600f&#038;color2=0xfebd01\" type=\"application\/x-shockwave-flash\" allowscriptaccess=\"always\" allowfullscreen=\"true\" width=\"480\" height=\"385\"><\/embed><\/object><\/p>\n<div id=\"themify_builder_content-3287\" data-postid=\"3287\" class=\"themify_builder_content themify_builder_content-3287 themify_builder themify_builder_front\">\n\t<\/div>\n<!-- \/themify_builder_content -->","protected":false},"excerpt":{"rendered":"<p>\u00d3 Senhora de F\u00e1tima&#8230;\/ D\u00e1-me um pouco de tua for\u00e7a para minha fraqueza\/ Um pouco da tua coragem para o meu desalento\/ Um pouco da tua compreens\u00e3o para o meu problema\/ Um pouco da tua plenitude para o meu vazio\/ Um pouco da tua rosa para o meu espinho\/ Um pouco da tua certeza para [&hellip;]<\/p>\n","protected":false},"author":5,"featured_media":0,"comment_status":"open","ping_status":"open","sticky":false,"template":"","format":"standard","meta":{"ngg_post_thumbnail":0,"footnotes":""},"categories":[6,280],"tags":[349,627,14],"yoast_head":"<!-- This site is optimized with the Yoast SEO plugin v23.5 - https:\/\/yoast.com\/wordpress\/plugins\/seo\/ -->\n<title>Ora\u00e7\u00e3o a Nossa Senhora de F\u00e1tima - O Arcanjo no ar<\/title>\n<meta name=\"robots\" content=\"index, follow, max-snippet:-1, max-image-preview:large, max-video-preview:-1\" \/>\n<link rel=\"canonical\" href=\"https:\/\/www.oarcanjo.net\/site\/oracao-a-nossa-senhora-de-fatima\/\" \/>\n<meta property=\"og:locale\" content=\"pt_BR\" \/>\n<meta property=\"og:type\" content=\"article\" \/>\n<meta property=\"og:title\" content=\"Ora\u00e7\u00e3o a Nossa Senhora de F\u00e1tima - O Arcanjo no ar\" \/>\n<meta property=\"og:description\" content=\"\u00d3 Senhora de F\u00e1tima&#8230;\/ D\u00e1-me um pouco de tua for\u00e7a para minha fraqueza\/ Um pouco da tua coragem para o meu desalento\/ Um pouco da tua compreens\u00e3o para o meu problema\/ Um pouco da tua plenitude para o meu vazio\/ Um pouco da tua rosa para o meu espinho\/ Um pouco da tua certeza para [&hellip;]\" \/>\n<meta property=\"og:url\" content=\"https:\/\/www.oarcanjo.net\/site\/oracao-a-nossa-senhora-de-fatima\/\" \/>\n<meta property=\"og:site_name\" content=\"O Arcanjo no ar\" \/>\n<meta property=\"article:publisher\" content=\"https:\/\/www.facebook.com\/OArcanjoNoAr\/\" \/>\n<meta property=\"article:published_time\" content=\"2010-05-10T16:00:30+00:00\" \/>\n<meta property=\"article:modified_time\" content=\"2010-06-03T12:12:09+00:00\" \/>\n<meta property=\"og:image\" content=\"https:\/\/www.oarcanjo.net\/site\/wp-content\/uploads\/logo-o-arcanjo-no-ar-facebook.png\" \/>\n\t<meta property=\"og:image:width\" content=\"300\" \/>\n\t<meta property=\"og:image:height\" content=\"300\" \/>\n\t<meta property=\"og:image:type\" content=\"image\/png\" \/>\n<meta name=\"author\" content=\"editor\" \/>\n<meta name=\"twitter:card\" content=\"summary_large_image\" \/>\n<meta name=\"twitter:label1\" content=\"Escrito por\" \/>\n\t<meta name=\"twitter:data1\" content=\"editor\" \/>\n\t<meta name=\"twitter:label2\" content=\"Est. tempo de leitura\" \/>\n\t<meta name=\"twitter:data2\" content=\"1 minuto\" \/>\n<script type=\"application\/ld+json\" class=\"yoast-schema-graph\">{\"@context\":\"https:\/\/schema.org\",\"@graph\":[{\"@type\":\"Article\",\"@id\":\"https:\/\/www.oarcanjo.net\/site\/oracao-a-nossa-senhora-de-fatima\/#article\",\"isPartOf\":{\"@id\":\"https:\/\/www.oarcanjo.net\/site\/oracao-a-nossa-senhora-de-fatima\/\"},\"author\":{\"name\":\"editor\",\"@id\":\"https:\/\/www.oarcanjo.net\/site\/#\/schema\/person\/f7024d007863202483a31326673a0838\"},\"headline\":\"Ora\u00e7\u00e3o a Nossa Senhora de F\u00e1tima\",\"datePublished\":\"2010-05-10T16:00:30+00:00\",\"dateModified\":\"2010-06-03T12:12:09+00:00\",\"mainEntityOfPage\":{\"@id\":\"https:\/\/www.oarcanjo.net\/site\/oracao-a-nossa-senhora-de-fatima\/\"},\"wordCount\":217,\"commentCount\":113,\"publisher\":{\"@id\":\"https:\/\/www.oarcanjo.net\/site\/#organization\"},\"keywords\":[\"Maria\",\"Nossa Senhora de Fatima\",\"ora\u00e7\u00e3o\"],\"articleSection\":[\"Ora\u00e7\u00f5es\",\"V\u00eddeos\"],\"inLanguage\":\"pt-BR\",\"potentialAction\":[{\"@type\":\"CommentAction\",\"name\":\"Comment\",\"target\":[\"https:\/\/www.oarcanjo.net\/site\/oracao-a-nossa-senhora-de-fatima\/#respond\"]}]},{\"@type\":\"WebPage\",\"@id\":\"https:\/\/www.oarcanjo.net\/site\/oracao-a-nossa-senhora-de-fatima\/\",\"url\":\"https:\/\/www.oarcanjo.net\/site\/oracao-a-nossa-senhora-de-fatima\/\",\"name\":\"Ora\u00e7\u00e3o a Nossa Senhora de F\u00e1tima - O Arcanjo no ar\",\"isPartOf\":{\"@id\":\"https:\/\/www.oarcanjo.net\/site\/#website\"},\"datePublished\":\"2010-05-10T16:00:30+00:00\",\"dateModified\":\"2010-06-03T12:12:09+00:00\",\"breadcrumb\":{\"@id\":\"https:\/\/www.oarcanjo.net\/site\/oracao-a-nossa-senhora-de-fatima\/#breadcrumb\"},\"inLanguage\":\"pt-BR\",\"potentialAction\":[{\"@type\":\"ReadAction\",\"target\":[\"https:\/\/www.oarcanjo.net\/site\/oracao-a-nossa-senhora-de-fatima\/\"]}]},{\"@type\":\"BreadcrumbList\",\"@id\":\"https:\/\/www.oarcanjo.net\/site\/oracao-a-nossa-senhora-de-fatima\/#breadcrumb\",\"itemListElement\":[{\"@type\":\"ListItem\",\"position\":1,\"name\":\"In\u00edcio\",\"item\":\"https:\/\/www.oarcanjo.net\/site\/\"},{\"@type\":\"ListItem\",\"position\":2,\"name\":\"Ora\u00e7\u00e3o a Nossa Senhora de F\u00e1tima\"}]},{\"@type\":\"WebSite\",\"@id\":\"https:\/\/www.oarcanjo.net\/site\/#website\",\"url\":\"https:\/\/www.oarcanjo.net\/site\/\",\"name\":\"O Arcanjo no ar\",\"description\":\"Site da Par\u00f3quia S\u00e3o Miguel Arcanjo (Arquidiocese de SP)\",\"publisher\":{\"@id\":\"https:\/\/www.oarcanjo.net\/site\/#organization\"},\"potentialAction\":[{\"@type\":\"SearchAction\",\"target\":{\"@type\":\"EntryPoint\",\"urlTemplate\":\"https:\/\/www.oarcanjo.net\/site\/?s={search_term_string}\"},\"query-input\":{\"@type\":\"PropertyValueSpecification\",\"valueRequired\":true,\"valueName\":\"search_term_string\"}}],\"inLanguage\":\"pt-BR\"},{\"@type\":\"Organization\",\"@id\":\"https:\/\/www.oarcanjo.net\/site\/#organization\",\"name\":\"Par\u00f3quia S\u00e3o Miguel Arcanjo\",\"url\":\"https:\/\/www.oarcanjo.net\/site\/\",\"logo\":{\"@type\":\"ImageObject\",\"inLanguage\":\"pt-BR\",\"@id\":\"https:\/\/www.oarcanjo.net\/site\/#\/schema\/logo\/image\/\",\"url\":\"https:\/\/www.oarcanjo.net\/site\/wp-content\/uploads\/LogoOArcanjo.png\",\"contentUrl\":\"https:\/\/www.oarcanjo.net\/site\/wp-content\/uploads\/LogoOArcanjo.png\",\"width\":319,\"height\":99,\"caption\":\"Par\u00f3quia S\u00e3o Miguel Arcanjo\"},\"image\":{\"@id\":\"https:\/\/www.oarcanjo.net\/site\/#\/schema\/logo\/image\/\"},\"sameAs\":[\"https:\/\/www.facebook.com\/OArcanjoNoAr\/\"]},{\"@type\":\"Person\",\"@id\":\"https:\/\/www.oarcanjo.net\/site\/#\/schema\/person\/f7024d007863202483a31326673a0838\",\"name\":\"editor\",\"sameAs\":[\"http:\/\/www.oarcanjo.net\"]}]}<\/script>\n<!-- \/ Yoast SEO plugin. -->","yoast_head_json":{"title":"Ora\u00e7\u00e3o a Nossa Senhora de F\u00e1tima - O Arcanjo no ar","robots":{"index":"index","follow":"follow","max-snippet":"max-snippet:-1","max-image-preview":"max-image-preview:large","max-video-preview":"max-video-preview:-1"},"canonical":"https:\/\/www.oarcanjo.net\/site\/oracao-a-nossa-senhora-de-fatima\/","og_locale":"pt_BR","og_type":"article","og_title":"Ora\u00e7\u00e3o a Nossa Senhora de F\u00e1tima - O Arcanjo no ar","og_description":"\u00d3 Senhora de F\u00e1tima&#8230;\/ D\u00e1-me um pouco de tua for\u00e7a para minha fraqueza\/ Um pouco da tua coragem para o meu desalento\/ Um pouco da tua compreens\u00e3o para o meu problema\/ Um pouco da tua plenitude para o meu vazio\/ Um pouco da tua rosa para o meu espinho\/ Um pouco da tua certeza para [&hellip;]","og_url":"https:\/\/www.oarcanjo.net\/site\/oracao-a-nossa-senhora-de-fatima\/","og_site_name":"O Arcanjo no ar","article_publisher":"https:\/\/www.facebook.com\/OArcanjoNoAr\/","article_published_time":"2010-05-10T16:00:30+00:00","article_modified_time":"2010-06-03T12:12:09+00:00","og_image":[{"width":300,"height":300,"url":"https:\/\/www.oarcanjo.net\/site\/wp-content\/uploads\/logo-o-arcanjo-no-ar-facebook.png","type":"image\/png"}],"author":"editor","twitter_card":"summary_large_image","twitter_misc":{"Escrito por":"editor","Est. tempo de leitura":"1 minuto"},"schema":{"@context":"https:\/\/schema.org","@graph":[{"@type":"Article","@id":"https:\/\/www.oarcanjo.net\/site\/oracao-a-nossa-senhora-de-fatima\/#article","isPartOf":{"@id":"https:\/\/www.oarcanjo.net\/site\/oracao-a-nossa-senhora-de-fatima\/"},"author":{"name":"editor","@id":"https:\/\/www.oarcanjo.net\/site\/#\/schema\/person\/f7024d007863202483a31326673a0838"},"headline":"Ora\u00e7\u00e3o a Nossa Senhora de F\u00e1tima","datePublished":"2010-05-10T16:00:30+00:00","dateModified":"2010-06-03T12:12:09+00:00","mainEntityOfPage":{"@id":"https:\/\/www.oarcanjo.net\/site\/oracao-a-nossa-senhora-de-fatima\/"},"wordCount":217,"commentCount":113,"publisher":{"@id":"https:\/\/www.oarcanjo.net\/site\/#organization"},"keywords":["Maria","Nossa Senhora de Fatima","ora\u00e7\u00e3o"],"articleSection":["Ora\u00e7\u00f5es","V\u00eddeos"],"inLanguage":"pt-BR","potentialAction":[{"@type":"CommentAction","name":"Comment","target":["https:\/\/www.oarcanjo.net\/site\/oracao-a-nossa-senhora-de-fatima\/#respond"]}]},{"@type":"WebPage","@id":"https:\/\/www.oarcanjo.net\/site\/oracao-a-nossa-senhora-de-fatima\/","url":"https:\/\/www.oarcanjo.net\/site\/oracao-a-nossa-senhora-de-fatima\/","name":"Ora\u00e7\u00e3o a Nossa Senhora de F\u00e1tima - O Arcanjo no ar","isPartOf":{"@id":"https:\/\/www.oarcanjo.net\/site\/#website"},"datePublished":"2010-05-10T16:00:30+00:00","dateModified":"2010-06-03T12:12:09+00:00","breadcrumb":{"@id":"https:\/\/www.oarcanjo.net\/site\/oracao-a-nossa-senhora-de-fatima\/#breadcrumb"},"inLanguage":"pt-BR","potentialAction":[{"@type":"ReadAction","target":["https:\/\/www.oarcanjo.net\/site\/oracao-a-nossa-senhora-de-fatima\/"]}]},{"@type":"BreadcrumbList","@id":"https:\/\/www.oarcanjo.net\/site\/oracao-a-nossa-senhora-de-fatima\/#breadcrumb","itemListElement":[{"@type":"ListItem","position":1,"name":"In\u00edcio","item":"https:\/\/www.oarcanjo.net\/site\/"},{"@type":"ListItem","position":2,"name":"Ora\u00e7\u00e3o a Nossa Senhora de F\u00e1tima"}]},{"@type":"WebSite","@id":"https:\/\/www.oarcanjo.net\/site\/#website","url":"https:\/\/www.oarcanjo.net\/site\/","name":"O Arcanjo no ar","description":"Site da Par\u00f3quia S\u00e3o Miguel Arcanjo (Arquidiocese de SP)","publisher":{"@id":"https:\/\/www.oarcanjo.net\/site\/#organization"},"potentialAction":[{"@type":"SearchAction","target":{"@type":"EntryPoint","urlTemplate":"https:\/\/www.oarcanjo.net\/site\/?s={search_term_string}"},"query-input":{"@type":"PropertyValueSpecification","valueRequired":true,"valueName":"search_term_string"}}],"inLanguage":"pt-BR"},{"@type":"Organization","@id":"https:\/\/www.oarcanjo.net\/site\/#organization","name":"Par\u00f3quia S\u00e3o Miguel Arcanjo","url":"https:\/\/www.oarcanjo.net\/site\/","logo":{"@type":"ImageObject","inLanguage":"pt-BR","@id":"https:\/\/www.oarcanjo.net\/site\/#\/schema\/logo\/image\/","url":"https:\/\/www.oarcanjo.net\/site\/wp-content\/uploads\/LogoOArcanjo.png","contentUrl":"https:\/\/www.oarcanjo.net\/site\/wp-content\/uploads\/LogoOArcanjo.png","width":319,"height":99,"caption":"Par\u00f3quia S\u00e3o Miguel Arcanjo"},"image":{"@id":"https:\/\/www.oarcanjo.net\/site\/#\/schema\/logo\/image\/"},"sameAs":["https:\/\/www.facebook.com\/OArcanjoNoAr\/"]},{"@type":"Person","@id":"https:\/\/www.oarcanjo.net\/site\/#\/schema\/person\/f7024d007863202483a31326673a0838","name":"editor","sameAs":["http:\/\/www.oarcanjo.net"]}]}},"publishpress_future_action":{"enabled":false,"date":"2026-05-08 13:44:33","action":"category","newStatus":"draft","terms":[],"taxonomy":"category"},"publishpress_future_workflow_manual_trigger":{"enabledWorkflows":[]},"_links":{"self":[{"href":"https:\/\/www.oarcanjo.net\/site\/wp-json\/wp\/v2\/posts\/3287"}],"collection":[{"href":"https:\/\/www.oarcanjo.net\/site\/wp-json\/wp\/v2\/posts"}],"about":[{"href":"https:\/\/www.oarcanjo.net\/site\/wp-json\/wp\/v2\/types\/post"}],"author":[{"embeddable":true,"href":"https:\/\/www.oarcanjo.net\/site\/wp-json\/wp\/v2\/users\/5"}],"replies":[{"embeddable":true,"href":"https:\/\/www.oarcanjo.net\/site\/wp-json\/wp\/v2\/comments?post=3287"}],"version-history":[{"count":0,"href":"https:\/\/www.oarcanjo.net\/site\/wp-json\/wp\/v2\/posts\/3287\/revisions"}],"wp:attachment":[{"href":"https:\/\/www.oarcanjo.net\/site\/wp-json\/wp\/v2\/media?parent=3287"}],"wp:term":[{"taxonomy":"category","embeddable":true,"href":"https:\/\/www.oarcanjo.net\/site\/wp-json\/wp\/v2\/categories?post=3287"},{"taxonomy":"post_tag","embeddable":true,"href":"https:\/\/www.oarcanjo.net\/site\/wp-json\/wp\/v2\/tags?post=3287"}],"curies":[{"name":"wp","href":"https:\/\/api.w.org\/{rel}","templated":true}]}}