
{"id":3292,"date":"2009-05-07T20:32:28","date_gmt":"2009-05-07T23:32:28","guid":{"rendered":"http:\/\/www.oarcanjo.net\/site\/?p=3292"},"modified":"2009-05-06T22:33:52","modified_gmt":"2009-05-07T01:33:52","slug":"presbiteros-pastores","status":"publish","type":"post","link":"https:\/\/www.oarcanjo.net\/site\/presbiteros-pastores\/","title":{"rendered":"Presb\u00edteros Pastores"},"content":{"rendered":"<p>O tempo pascal nos traz algumas celebra\u00e7\u00f5es marcantes: uma delas \u00e9 o Domingo do Bom Pastor comemorado em 03 de maio passado. A figura do pastor marca a nossa espiritualidade quando, desde o Antigo Testamento, a Palavra de Deus lembra que existem os maus pastores tamb\u00e9m e que o pr\u00f3prio Senhor viria para conduzir o seu povo.<\/p>\n<p>A figura de pastor, longe de nos fazer pensar sobre algu\u00e9m que apenas conduz, \u00e9 colocada como algu\u00e9m que d\u00e1 a vida, que conhece as ovelhas, que ajuda a chegar aos verdes campos e \u00e0 \u00e1gua limpa.<\/p>\n<p>Recordo isso quando a nossa 47\u00aa Assembleia da CNBB, realizada no final do m\u00eas passado, em Itaici, nos ajudou a refletir sobre os desafios e atualizar o documento das diretrizes da forma\u00e7\u00e3o presbiteral.<\/p>\n<p>O mist\u00e9rio da voca\u00e7\u00e3o contradiz aos interesses que o mundo de hoje coloca para que uma pessoa seja feliz e se realize. A voca\u00e7\u00e3o presbiteral, que conduz o jovem para ter um cora\u00e7\u00e3o e atitudes de pastor, \u00e9 sempre um chamado de Deus que a pessoa responde com generosidade e que a Igreja confirma discernindo os sinais na vida daquele que se sente chamado.<\/p>\n<p>O tempo pascal ao salientar este tema quer justamente nos ajudar a descobrir que verdadeiros pastores s\u00e3o aqueles que, fazendo uma verdadeira experi\u00eancia de Deus em suas vidas, anunciam com alegria o Cristo Ressuscitado, Vida para o mundo!<\/p>\n<p>Esse mesmo contexto nos remete ao proclamado \u201cAno Sacerdotal\u201d, que ter\u00e1 in\u00edcio no pr\u00f3ximo dia 19 de junho, Solenidade do Cora\u00e7\u00e3o de Jesus e Dia Mundial de Ora\u00e7\u00e3o pela Santifica\u00e7\u00e3o do Clero. O Papa Bento XVI conclamou a Igreja a viver esse ano com iniciativas de ora\u00e7\u00f5es e reflex\u00f5es sobre a vida e voca\u00e7\u00e3o sacerdotais, especialmente para comemorar os 150 anos da morte do Santo Cura d\u2019Ars, S\u00e3o Jo\u00e3o Maria Vianney, que ser\u00e1 proclamado Padroeiro dos Padres.<\/p>\n<p>S\u00e3o tempos nos quais o Senhor nos coloca para que, em vivendo com entusiasmo a nossa voca\u00e7\u00e3o, valorizemos as demais voca\u00e7\u00f5es, levando adiante, com generosidade, a nossa miss\u00e3o de disc\u00edpulos mission\u00e1rios que anunciam a vida nova para esse mundo.<\/p>\n<p>Ao celebrarmos o Domingo do Bom Pastor, \u00e0 luz das novas diretrizes da forma\u00e7\u00e3o presbiteral, anunciando o Ano Sacerdotal, agradecemos a Deus pela vida de tantos homens que, respondendo ao Seu chamado, responderam o Sim e, confirmados pela Igreja levam com \u00e2nimo renovado a sua miss\u00e3o de pastores segundo o cora\u00e7\u00e3o de Deus para suas comunidades.<\/p>\n<p>Assim, como o evento e documento de Aparecida colocou como se fosse uma \u00fanica palavra \u201cdisc\u00edpulos mission\u00e1rios\u201d, retirando o \u201ce\u201d, eu digo que o mesmo deveria acontecer com o Presb\u00edtero que \u00e9 chamado a ser pastor com todo o seu cora\u00e7\u00e3o, de tal forma que pud\u00e9ssemos colocar como uma \u00fanica locu\u00e7\u00e3o: \u201cPresb\u00edtero pastor\u201d!<\/p>\n<p>Sou testemunha de muitos homens de Deus que, verdadeiros pastores Presb\u00edteros, doam as suas vidas pelo rebanho e servem com alegria e generosidade. Louvo ao Senhor por nos conceder pastores segundo o Seu Cora\u00e7\u00e3o e que, com cora\u00e7\u00f5es generosos, servem aos irm\u00e3os na miss\u00e3o evangelizadora.<\/p>\n<p>Abramos os olhos para essas maravilhas que o Senhor nos concede para que vivamos com entusiasmo as nossas voca\u00e7\u00f5es e rezemos para que os pastores de nosso povo tenham sempre mais os seus cora\u00e7\u00f5es como o de Jesus, que, dando a vida por todos n\u00f3s, nos salva e liberta<\/p>\n<div id=\"themify_builder_content-3292\" data-postid=\"3292\" class=\"themify_builder_content themify_builder_content-3292 themify_builder themify_builder_front\">\n\t<\/div>\n<!-- \/themify_builder_content -->","protected":false},"excerpt":{"rendered":"<p>O tempo pascal nos traz algumas celebra\u00e7\u00f5es marcantes: uma delas \u00e9 o Domingo do Bom Pastor comemorado em 03 de maio passado. A figura do pastor marca a nossa espiritualidade quando, desde o Antigo Testamento, a Palavra de Deus lembra que existem os maus pastores tamb\u00e9m e que o pr\u00f3prio Senhor viria para conduzir o [&hellip;]<\/p>\n","protected":false},"author":5,"featured_media":0,"comment_status":"open","ping_status":"open","sticky":false,"template":"","format":"standard","meta":{"ngg_post_thumbnail":0,"footnotes":""},"categories":[9],"tags":[235,499,63,290,628,629],"yoast_head":"<!-- This site is optimized with the Yoast SEO plugin v23.5 - https:\/\/yoast.com\/wordpress\/plugins\/seo\/ -->\n<title>Presb\u00edteros Pastores - O Arcanjo no ar<\/title>\n<meta name=\"robots\" content=\"index, follow, max-snippet:-1, max-image-preview:large, max-video-preview:-1\" \/>\n<link rel=\"canonical\" href=\"https:\/\/www.oarcanjo.net\/site\/presbiteros-pastores\/\" \/>\n<meta property=\"og:locale\" content=\"pt_BR\" \/>\n<meta property=\"og:type\" content=\"article\" \/>\n<meta property=\"og:title\" content=\"Presb\u00edteros Pastores - O Arcanjo no ar\" \/>\n<meta property=\"og:description\" content=\"O tempo pascal nos traz algumas celebra\u00e7\u00f5es marcantes: uma delas \u00e9 o Domingo do Bom Pastor comemorado em 03 de maio passado. A figura do pastor marca a nossa espiritualidade quando, desde o Antigo Testamento, a Palavra de Deus lembra que existem os maus pastores tamb\u00e9m e que o pr\u00f3prio Senhor viria para conduzir o [&hellip;]\" \/>\n<meta property=\"og:url\" content=\"https:\/\/www.oarcanjo.net\/site\/presbiteros-pastores\/\" \/>\n<meta property=\"og:site_name\" content=\"O Arcanjo no ar\" \/>\n<meta property=\"article:publisher\" content=\"https:\/\/www.facebook.com\/OArcanjoNoAr\/\" \/>\n<meta property=\"article:published_time\" content=\"2009-05-07T23:32:28+00:00\" \/>\n<meta property=\"article:modified_time\" content=\"2009-05-07T01:33:52+00:00\" \/>\n<meta property=\"og:image\" content=\"https:\/\/www.oarcanjo.net\/site\/wp-content\/uploads\/logo-o-arcanjo-no-ar-facebook.png\" \/>\n\t<meta property=\"og:image:width\" content=\"300\" \/>\n\t<meta property=\"og:image:height\" content=\"300\" \/>\n\t<meta property=\"og:image:type\" content=\"image\/png\" \/>\n<meta name=\"author\" content=\"editor\" \/>\n<meta name=\"twitter:card\" content=\"summary_large_image\" \/>\n<meta name=\"twitter:label1\" content=\"Escrito por\" \/>\n\t<meta name=\"twitter:data1\" content=\"editor\" \/>\n\t<meta name=\"twitter:label2\" content=\"Est. tempo de leitura\" \/>\n\t<meta name=\"twitter:data2\" content=\"3 minutos\" \/>\n<script type=\"application\/ld+json\" class=\"yoast-schema-graph\">{\"@context\":\"https:\/\/schema.org\",\"@graph\":[{\"@type\":\"Article\",\"@id\":\"https:\/\/www.oarcanjo.net\/site\/presbiteros-pastores\/#article\",\"isPartOf\":{\"@id\":\"https:\/\/www.oarcanjo.net\/site\/presbiteros-pastores\/\"},\"author\":{\"name\":\"editor\",\"@id\":\"https:\/\/www.oarcanjo.net\/site\/#\/schema\/person\/f7024d007863202483a31326673a0838\"},\"headline\":\"Presb\u00edteros Pastores\",\"datePublished\":\"2009-05-07T23:32:28+00:00\",\"dateModified\":\"2009-05-07T01:33:52+00:00\",\"mainEntityOfPage\":{\"@id\":\"https:\/\/www.oarcanjo.net\/site\/presbiteros-pastores\/\"},\"wordCount\":589,\"commentCount\":0,\"publisher\":{\"@id\":\"https:\/\/www.oarcanjo.net\/site\/#organization\"},\"keywords\":[\"Aparecida\",\"assembleia dos bispos\",\"CNBB\",\"pastor\",\"presb\u00edtero\",\"voca\u00e7\u00e3o\"],\"articleSection\":[\"Reflex\u00f5es\"],\"inLanguage\":\"pt-BR\",\"potentialAction\":[{\"@type\":\"CommentAction\",\"name\":\"Comment\",\"target\":[\"https:\/\/www.oarcanjo.net\/site\/presbiteros-pastores\/#respond\"]}]},{\"@type\":\"WebPage\",\"@id\":\"https:\/\/www.oarcanjo.net\/site\/presbiteros-pastores\/\",\"url\":\"https:\/\/www.oarcanjo.net\/site\/presbiteros-pastores\/\",\"name\":\"Presb\u00edteros Pastores - O Arcanjo no ar\",\"isPartOf\":{\"@id\":\"https:\/\/www.oarcanjo.net\/site\/#website\"},\"datePublished\":\"2009-05-07T23:32:28+00:00\",\"dateModified\":\"2009-05-07T01:33:52+00:00\",\"breadcrumb\":{\"@id\":\"https:\/\/www.oarcanjo.net\/site\/presbiteros-pastores\/#breadcrumb\"},\"inLanguage\":\"pt-BR\",\"potentialAction\":[{\"@type\":\"ReadAction\",\"target\":[\"https:\/\/www.oarcanjo.net\/site\/presbiteros-pastores\/\"]}]},{\"@type\":\"BreadcrumbList\",\"@id\":\"https:\/\/www.oarcanjo.net\/site\/presbiteros-pastores\/#breadcrumb\",\"itemListElement\":[{\"@type\":\"ListItem\",\"position\":1,\"name\":\"In\u00edcio\",\"item\":\"https:\/\/www.oarcanjo.net\/site\/\"},{\"@type\":\"ListItem\",\"position\":2,\"name\":\"Presb\u00edteros Pastores\"}]},{\"@type\":\"WebSite\",\"@id\":\"https:\/\/www.oarcanjo.net\/site\/#website\",\"url\":\"https:\/\/www.oarcanjo.net\/site\/\",\"name\":\"O Arcanjo no ar\",\"description\":\"Site da Par\u00f3quia S\u00e3o Miguel Arcanjo (Arquidiocese de SP)\",\"publisher\":{\"@id\":\"https:\/\/www.oarcanjo.net\/site\/#organization\"},\"potentialAction\":[{\"@type\":\"SearchAction\",\"target\":{\"@type\":\"EntryPoint\",\"urlTemplate\":\"https:\/\/www.oarcanjo.net\/site\/?s={search_term_string}\"},\"query-input\":{\"@type\":\"PropertyValueSpecification\",\"valueRequired\":true,\"valueName\":\"search_term_string\"}}],\"inLanguage\":\"pt-BR\"},{\"@type\":\"Organization\",\"@id\":\"https:\/\/www.oarcanjo.net\/site\/#organization\",\"name\":\"Par\u00f3quia S\u00e3o Miguel Arcanjo\",\"url\":\"https:\/\/www.oarcanjo.net\/site\/\",\"logo\":{\"@type\":\"ImageObject\",\"inLanguage\":\"pt-BR\",\"@id\":\"https:\/\/www.oarcanjo.net\/site\/#\/schema\/logo\/image\/\",\"url\":\"https:\/\/www.oarcanjo.net\/site\/wp-content\/uploads\/LogoOArcanjo.png\",\"contentUrl\":\"https:\/\/www.oarcanjo.net\/site\/wp-content\/uploads\/LogoOArcanjo.png\",\"width\":319,\"height\":99,\"caption\":\"Par\u00f3quia S\u00e3o Miguel Arcanjo\"},\"image\":{\"@id\":\"https:\/\/www.oarcanjo.net\/site\/#\/schema\/logo\/image\/\"},\"sameAs\":[\"https:\/\/www.facebook.com\/OArcanjoNoAr\/\"]},{\"@type\":\"Person\",\"@id\":\"https:\/\/www.oarcanjo.net\/site\/#\/schema\/person\/f7024d007863202483a31326673a0838\",\"name\":\"editor\",\"sameAs\":[\"http:\/\/www.oarcanjo.net\"]}]}<\/script>\n<!-- \/ Yoast SEO plugin. -->","yoast_head_json":{"title":"Presb\u00edteros Pastores - O Arcanjo no ar","robots":{"index":"index","follow":"follow","max-snippet":"max-snippet:-1","max-image-preview":"max-image-preview:large","max-video-preview":"max-video-preview:-1"},"canonical":"https:\/\/www.oarcanjo.net\/site\/presbiteros-pastores\/","og_locale":"pt_BR","og_type":"article","og_title":"Presb\u00edteros Pastores - O Arcanjo no ar","og_description":"O tempo pascal nos traz algumas celebra\u00e7\u00f5es marcantes: uma delas \u00e9 o Domingo do Bom Pastor comemorado em 03 de maio passado. A figura do pastor marca a nossa espiritualidade quando, desde o Antigo Testamento, a Palavra de Deus lembra que existem os maus pastores tamb\u00e9m e que o pr\u00f3prio Senhor viria para conduzir o [&hellip;]","og_url":"https:\/\/www.oarcanjo.net\/site\/presbiteros-pastores\/","og_site_name":"O Arcanjo no ar","article_publisher":"https:\/\/www.facebook.com\/OArcanjoNoAr\/","article_published_time":"2009-05-07T23:32:28+00:00","article_modified_time":"2009-05-07T01:33:52+00:00","og_image":[{"width":300,"height":300,"url":"https:\/\/www.oarcanjo.net\/site\/wp-content\/uploads\/logo-o-arcanjo-no-ar-facebook.png","type":"image\/png"}],"author":"editor","twitter_card":"summary_large_image","twitter_misc":{"Escrito por":"editor","Est. tempo de leitura":"3 minutos"},"schema":{"@context":"https:\/\/schema.org","@graph":[{"@type":"Article","@id":"https:\/\/www.oarcanjo.net\/site\/presbiteros-pastores\/#article","isPartOf":{"@id":"https:\/\/www.oarcanjo.net\/site\/presbiteros-pastores\/"},"author":{"name":"editor","@id":"https:\/\/www.oarcanjo.net\/site\/#\/schema\/person\/f7024d007863202483a31326673a0838"},"headline":"Presb\u00edteros Pastores","datePublished":"2009-05-07T23:32:28+00:00","dateModified":"2009-05-07T01:33:52+00:00","mainEntityOfPage":{"@id":"https:\/\/www.oarcanjo.net\/site\/presbiteros-pastores\/"},"wordCount":589,"commentCount":0,"publisher":{"@id":"https:\/\/www.oarcanjo.net\/site\/#organization"},"keywords":["Aparecida","assembleia dos bispos","CNBB","pastor","presb\u00edtero","voca\u00e7\u00e3o"],"articleSection":["Reflex\u00f5es"],"inLanguage":"pt-BR","potentialAction":[{"@type":"CommentAction","name":"Comment","target":["https:\/\/www.oarcanjo.net\/site\/presbiteros-pastores\/#respond"]}]},{"@type":"WebPage","@id":"https:\/\/www.oarcanjo.net\/site\/presbiteros-pastores\/","url":"https:\/\/www.oarcanjo.net\/site\/presbiteros-pastores\/","name":"Presb\u00edteros Pastores - O Arcanjo no ar","isPartOf":{"@id":"https:\/\/www.oarcanjo.net\/site\/#website"},"datePublished":"2009-05-07T23:32:28+00:00","dateModified":"2009-05-07T01:33:52+00:00","breadcrumb":{"@id":"https:\/\/www.oarcanjo.net\/site\/presbiteros-pastores\/#breadcrumb"},"inLanguage":"pt-BR","potentialAction":[{"@type":"ReadAction","target":["https:\/\/www.oarcanjo.net\/site\/presbiteros-pastores\/"]}]},{"@type":"BreadcrumbList","@id":"https:\/\/www.oarcanjo.net\/site\/presbiteros-pastores\/#breadcrumb","itemListElement":[{"@type":"ListItem","position":1,"name":"In\u00edcio","item":"https:\/\/www.oarcanjo.net\/site\/"},{"@type":"ListItem","position":2,"name":"Presb\u00edteros Pastores"}]},{"@type":"WebSite","@id":"https:\/\/www.oarcanjo.net\/site\/#website","url":"https:\/\/www.oarcanjo.net\/site\/","name":"O Arcanjo no ar","description":"Site da Par\u00f3quia S\u00e3o Miguel Arcanjo (Arquidiocese de SP)","publisher":{"@id":"https:\/\/www.oarcanjo.net\/site\/#organization"},"potentialAction":[{"@type":"SearchAction","target":{"@type":"EntryPoint","urlTemplate":"https:\/\/www.oarcanjo.net\/site\/?s={search_term_string}"},"query-input":{"@type":"PropertyValueSpecification","valueRequired":true,"valueName":"search_term_string"}}],"inLanguage":"pt-BR"},{"@type":"Organization","@id":"https:\/\/www.oarcanjo.net\/site\/#organization","name":"Par\u00f3quia S\u00e3o Miguel Arcanjo","url":"https:\/\/www.oarcanjo.net\/site\/","logo":{"@type":"ImageObject","inLanguage":"pt-BR","@id":"https:\/\/www.oarcanjo.net\/site\/#\/schema\/logo\/image\/","url":"https:\/\/www.oarcanjo.net\/site\/wp-content\/uploads\/LogoOArcanjo.png","contentUrl":"https:\/\/www.oarcanjo.net\/site\/wp-content\/uploads\/LogoOArcanjo.png","width":319,"height":99,"caption":"Par\u00f3quia S\u00e3o Miguel Arcanjo"},"image":{"@id":"https:\/\/www.oarcanjo.net\/site\/#\/schema\/logo\/image\/"},"sameAs":["https:\/\/www.facebook.com\/OArcanjoNoAr\/"]},{"@type":"Person","@id":"https:\/\/www.oarcanjo.net\/site\/#\/schema\/person\/f7024d007863202483a31326673a0838","name":"editor","sameAs":["http:\/\/www.oarcanjo.net"]}]}},"publishpress_future_action":{"enabled":false,"date":"2026-05-09 04:31:51","action":"category","newStatus":"draft","terms":[],"taxonomy":"category"},"publishpress_future_workflow_manual_trigger":{"enabledWorkflows":[]},"_links":{"self":[{"href":"https:\/\/www.oarcanjo.net\/site\/wp-json\/wp\/v2\/posts\/3292"}],"collection":[{"href":"https:\/\/www.oarcanjo.net\/site\/wp-json\/wp\/v2\/posts"}],"about":[{"href":"https:\/\/www.oarcanjo.net\/site\/wp-json\/wp\/v2\/types\/post"}],"author":[{"embeddable":true,"href":"https:\/\/www.oarcanjo.net\/site\/wp-json\/wp\/v2\/users\/5"}],"replies":[{"embeddable":true,"href":"https:\/\/www.oarcanjo.net\/site\/wp-json\/wp\/v2\/comments?post=3292"}],"version-history":[{"count":0,"href":"https:\/\/www.oarcanjo.net\/site\/wp-json\/wp\/v2\/posts\/3292\/revisions"}],"wp:attachment":[{"href":"https:\/\/www.oarcanjo.net\/site\/wp-json\/wp\/v2\/media?parent=3292"}],"wp:term":[{"taxonomy":"category","embeddable":true,"href":"https:\/\/www.oarcanjo.net\/site\/wp-json\/wp\/v2\/categories?post=3292"},{"taxonomy":"post_tag","embeddable":true,"href":"https:\/\/www.oarcanjo.net\/site\/wp-json\/wp\/v2\/tags?post=3292"}],"curies":[{"name":"wp","href":"https:\/\/api.w.org\/{rel}","templated":true}]}}