
{"id":3300,"date":"2009-05-08T10:00:53","date_gmt":"2009-05-08T13:00:53","guid":{"rendered":"http:\/\/www.oarcanjo.net\/site\/?p=3300"},"modified":"2009-05-07T22:50:32","modified_gmt":"2009-05-08T01:50:32","slug":"preocupacoes-amazonicas","status":"publish","type":"post","link":"https:\/\/www.oarcanjo.net\/site\/preocupacoes-amazonicas\/","title":{"rendered":"Preocupa\u00e7\u00f5es amaz\u00f4nicas"},"content":{"rendered":"<p>Dom Dem\u00e9trio Valentini<\/p>\n<p>Enquanto no Sul continua a seca, no Norte acontecem agora as enchentes. Em seu territ\u00f3rio, o Brasil abriga estes contrastes, que aumentam as apreens\u00f5es sobre as conseq\u00fc\u00eancias do desequil\u00edbrio ambiental. <\/p>\n<p>De maneira especial, a Amaz\u00f4nia est\u00e1 no centro das aten\u00e7\u00f5es de todo o mundo. Na recente assembl\u00e9ia da CNBB, o assunto que mais ficou em aberto, e que mais deixou apreens\u00f5es, foi a Amaz\u00f4nia. Precisamos perceb\u00ea-la em seus diferentes \u00e2ngulos.<\/p>\n<p>Por sua pr\u00f3pria configura\u00e7\u00e3o geogr\u00e1fica, a Amaz\u00f4nia \u00e9 imensa. Pela exuber\u00e2ncia de sua natureza, a Amaz\u00f4nia \u00e9 fascinante. Pela riqueza de seu solo, de suas \u00e1guas, de suas matas, de sua biodiversidade, a Amaz\u00f4nia \u00e9 cobi\u00e7ada.  Por sua import\u00e2ncia ecol\u00f3gica, pela influ\u00eancia que exerce no clima do planeta, a Amaz\u00f4nia \u00e9 imprescind\u00edvel. Pelas amea\u00e7as \u00e0 sua integridade, pelos ataques \u00e0 sua natureza, a situa\u00e7\u00e3o da Amaz\u00f4nia \u00e9 preocupante.<\/p>\n<p>Por tudo isto, a Amaz\u00f4nia se tornou um grande desafio.<\/p>\n<p>Inquieto com os sinais evidentes de desequilibro ambiental, o mundo olha para a Amaz\u00f4nia, e manifesta o impulso de se sentir respons\u00e1vel por ela. Em sua can\u00e7\u00e3o sobre a Amaz\u00f4nia, Roberto Carlos capta bem este sentimento universal, relacionando &#8220;Amaz\u00f4nia&#8221; com &#8220;ins\u00f4nia&#8221;. Ela se tornou, de fato, a ins\u00f4nia do mundo, que teme o aquecimento global e aspira abrigar-se \u00e0 sombra da selva amaz\u00f4nica!<\/p>\n<p>Mas quem, em primeiro lugar, deve se preocupar com a Amaz\u00f4nia \u00e9 o Brasil. Nosso pa\u00eds foi agraciado com mais da metade da Amaz\u00f4nia continental.  Agora precisa despertar para a responsabilidade de assumir e integrar seu territ\u00f3rio amaz\u00f4nico em sua nacionalidade, sob risco de perder o dom\u00ednio sobre ele.<\/p>\n<p>Sem a Amaz\u00f4nia, o Brasil n\u00e3o s\u00f3 reduz sua dimens\u00e3o geogr\u00e1fica pela metade, mas perde seu status de grande pa\u00eds e sua relev\u00e2ncia mundial.  Sem a Amaz\u00f4nia, viramos uma insignificante rep\u00fablica subtropical. A Amaz\u00f4nia nos confere o direito a tratamento vip no cen\u00e1rio mundial. Mas isto tem o seu custo, que precisa ser assumido e honrado com pontualidade. Infelizmente, ainda n\u00e3o nos damos conta da dimens\u00e3o de grandeza que a Amaz\u00f4nia confere ao Brasil, que se transformaria em atestado de incompet\u00eancia se n\u00e3o soubermos corresponder a esta grandeza com uma a\u00e7\u00e3o respons\u00e1vel e qualificada.<\/p>\n<p>O perigo maior e mais iminente \u00e9 a cobi\u00e7a internacional se revestir de zelo pela preserva\u00e7\u00e3o da Amaz\u00f4nia, para submet\u00ea-la aos interesses de sua explora\u00e7\u00e3o. Por isso tamb\u00e9m que o Brasil tem a urgente tarefa de se mostrar capaz de zelar por seu territ\u00f3rio amaz\u00f4nico, e por sua fun\u00e7\u00e3o ecol\u00f3gica mundial.<\/p>\n<p>Mas tamb\u00e9m a Igreja do Brasil est\u00e1 diante de um claro desafio. Ela \u00e9 chamada a assumir a evangeliza\u00e7\u00e3o da Amaz\u00f4nia. N\u00e3o pode mais dormir tranq\u00fcila, na convic\u00e7\u00e3o de que a Amaz\u00f4nia est\u00e1 segura sob os cuidados de sua pr\u00f3diga natureza. Cabe \u00e0 Igreja do Brasil levar o Evangelho de Cristo aos povos da Amaz\u00f4nia, animando-os a que assumam sua pr\u00f3pria vida eclesial, garantindo a voca\u00e7\u00e3o especial que Deus confiou a esta imensa regi\u00e3o do mundo. Os mission\u00e1rios estrangeiros j\u00e1 fizeram sua parte. Agora \u00e9 a vez dos mission\u00e1rios brasileiros.<\/p>\n<p>Percebendo o tamanho do desafio, e a urg\u00eancia de buscar solu\u00e7\u00f5es concretas, a CNBB decidiu promover, em cada ano, uma &#8220;Semana da Amaz\u00f4nia&#8221;. Esta iniciativa n\u00e3o pode se limitar a resultados perfunct\u00f3rios, sem conseq\u00fc\u00eancias pr\u00e1ticas. Deve suscitar um verdadeiro mutir\u00e3o em favor da Amaz\u00f4nia, que a comiss\u00e3o de bispos escolhida para esta finalidade precisa urgir e cobrar.<\/p>\n<p>De pesadelo e ins\u00f4nia, a Amaz\u00f4nia precisa fazer parte de nossos sonhos e de nossos compromissos.<\/p>\n<div id=\"themify_builder_content-3300\" data-postid=\"3300\" class=\"themify_builder_content themify_builder_content-3300 themify_builder themify_builder_front\">\n\t<\/div>\n<!-- \/themify_builder_content -->","protected":false},"excerpt":{"rendered":"<p>Dom Dem\u00e9trio Valentini Enquanto no Sul continua a seca, no Norte acontecem agora as enchentes. Em seu territ\u00f3rio, o Brasil abriga estes contrastes, que aumentam as apreens\u00f5es sobre as conseq\u00fc\u00eancias do desequil\u00edbrio ambiental. De maneira especial, a Amaz\u00f4nia est\u00e1 no centro das aten\u00e7\u00f5es de todo o mundo. Na recente assembl\u00e9ia da CNBB, o assunto que [&hellip;]<\/p>\n","protected":false},"author":5,"featured_media":0,"comment_status":"open","ping_status":"open","sticky":false,"template":"","format":"standard","meta":{"ngg_post_thumbnail":0,"footnotes":""},"categories":[9],"tags":[315,105,631,104],"yoast_head":"<!-- This site is optimized with the Yoast SEO plugin v23.5 - https:\/\/yoast.com\/wordpress\/plugins\/seo\/ -->\n<title>Preocupa\u00e7\u00f5es amaz\u00f4nicas - O Arcanjo no ar<\/title>\n<meta name=\"robots\" content=\"index, follow, max-snippet:-1, max-image-preview:large, max-video-preview:-1\" \/>\n<link rel=\"canonical\" href=\"https:\/\/www.oarcanjo.net\/site\/preocupacoes-amazonicas\/\" \/>\n<meta property=\"og:locale\" content=\"pt_BR\" \/>\n<meta property=\"og:type\" content=\"article\" \/>\n<meta property=\"og:title\" content=\"Preocupa\u00e7\u00f5es amaz\u00f4nicas - O Arcanjo no ar\" \/>\n<meta property=\"og:description\" content=\"Dom Dem\u00e9trio Valentini Enquanto no Sul continua a seca, no Norte acontecem agora as enchentes. Em seu territ\u00f3rio, o Brasil abriga estes contrastes, que aumentam as apreens\u00f5es sobre as conseq\u00fc\u00eancias do desequil\u00edbrio ambiental. De maneira especial, a Amaz\u00f4nia est\u00e1 no centro das aten\u00e7\u00f5es de todo o mundo. Na recente assembl\u00e9ia da CNBB, o assunto que [&hellip;]\" \/>\n<meta property=\"og:url\" content=\"https:\/\/www.oarcanjo.net\/site\/preocupacoes-amazonicas\/\" \/>\n<meta property=\"og:site_name\" content=\"O Arcanjo no ar\" \/>\n<meta property=\"article:publisher\" content=\"https:\/\/www.facebook.com\/OArcanjoNoAr\/\" \/>\n<meta property=\"article:published_time\" content=\"2009-05-08T13:00:53+00:00\" \/>\n<meta property=\"article:modified_time\" content=\"2009-05-08T01:50:32+00:00\" \/>\n<meta property=\"og:image\" content=\"https:\/\/www.oarcanjo.net\/site\/wp-content\/uploads\/logo-o-arcanjo-no-ar-facebook.png\" \/>\n\t<meta property=\"og:image:width\" content=\"300\" \/>\n\t<meta property=\"og:image:height\" content=\"300\" \/>\n\t<meta property=\"og:image:type\" content=\"image\/png\" \/>\n<meta name=\"author\" content=\"editor\" \/>\n<meta name=\"twitter:card\" content=\"summary_large_image\" \/>\n<meta name=\"twitter:label1\" content=\"Escrito por\" \/>\n\t<meta name=\"twitter:data1\" content=\"editor\" \/>\n\t<meta name=\"twitter:label2\" content=\"Est. tempo de leitura\" \/>\n\t<meta name=\"twitter:data2\" content=\"3 minutos\" \/>\n<script type=\"application\/ld+json\" class=\"yoast-schema-graph\">{\"@context\":\"https:\/\/schema.org\",\"@graph\":[{\"@type\":\"Article\",\"@id\":\"https:\/\/www.oarcanjo.net\/site\/preocupacoes-amazonicas\/#article\",\"isPartOf\":{\"@id\":\"https:\/\/www.oarcanjo.net\/site\/preocupacoes-amazonicas\/\"},\"author\":{\"name\":\"editor\",\"@id\":\"https:\/\/www.oarcanjo.net\/site\/#\/schema\/person\/f7024d007863202483a31326673a0838\"},\"headline\":\"Preocupa\u00e7\u00f5es amaz\u00f4nicas\",\"datePublished\":\"2009-05-08T13:00:53+00:00\",\"dateModified\":\"2009-05-08T01:50:32+00:00\",\"mainEntityOfPage\":{\"@id\":\"https:\/\/www.oarcanjo.net\/site\/preocupacoes-amazonicas\/\"},\"wordCount\":657,\"commentCount\":0,\"publisher\":{\"@id\":\"https:\/\/www.oarcanjo.net\/site\/#organization\"},\"keywords\":[\"Amaz\u00f4nia\",\"ambiente\",\"biodiversidade\",\"ecologia\"],\"articleSection\":[\"Reflex\u00f5es\"],\"inLanguage\":\"pt-BR\",\"potentialAction\":[{\"@type\":\"CommentAction\",\"name\":\"Comment\",\"target\":[\"https:\/\/www.oarcanjo.net\/site\/preocupacoes-amazonicas\/#respond\"]}]},{\"@type\":\"WebPage\",\"@id\":\"https:\/\/www.oarcanjo.net\/site\/preocupacoes-amazonicas\/\",\"url\":\"https:\/\/www.oarcanjo.net\/site\/preocupacoes-amazonicas\/\",\"name\":\"Preocupa\u00e7\u00f5es amaz\u00f4nicas - O Arcanjo no ar\",\"isPartOf\":{\"@id\":\"https:\/\/www.oarcanjo.net\/site\/#website\"},\"datePublished\":\"2009-05-08T13:00:53+00:00\",\"dateModified\":\"2009-05-08T01:50:32+00:00\",\"breadcrumb\":{\"@id\":\"https:\/\/www.oarcanjo.net\/site\/preocupacoes-amazonicas\/#breadcrumb\"},\"inLanguage\":\"pt-BR\",\"potentialAction\":[{\"@type\":\"ReadAction\",\"target\":[\"https:\/\/www.oarcanjo.net\/site\/preocupacoes-amazonicas\/\"]}]},{\"@type\":\"BreadcrumbList\",\"@id\":\"https:\/\/www.oarcanjo.net\/site\/preocupacoes-amazonicas\/#breadcrumb\",\"itemListElement\":[{\"@type\":\"ListItem\",\"position\":1,\"name\":\"In\u00edcio\",\"item\":\"https:\/\/www.oarcanjo.net\/site\/\"},{\"@type\":\"ListItem\",\"position\":2,\"name\":\"Preocupa\u00e7\u00f5es amaz\u00f4nicas\"}]},{\"@type\":\"WebSite\",\"@id\":\"https:\/\/www.oarcanjo.net\/site\/#website\",\"url\":\"https:\/\/www.oarcanjo.net\/site\/\",\"name\":\"O Arcanjo no ar\",\"description\":\"Site da Par\u00f3quia S\u00e3o Miguel Arcanjo (Arquidiocese de SP)\",\"publisher\":{\"@id\":\"https:\/\/www.oarcanjo.net\/site\/#organization\"},\"potentialAction\":[{\"@type\":\"SearchAction\",\"target\":{\"@type\":\"EntryPoint\",\"urlTemplate\":\"https:\/\/www.oarcanjo.net\/site\/?s={search_term_string}\"},\"query-input\":{\"@type\":\"PropertyValueSpecification\",\"valueRequired\":true,\"valueName\":\"search_term_string\"}}],\"inLanguage\":\"pt-BR\"},{\"@type\":\"Organization\",\"@id\":\"https:\/\/www.oarcanjo.net\/site\/#organization\",\"name\":\"Par\u00f3quia S\u00e3o Miguel Arcanjo\",\"url\":\"https:\/\/www.oarcanjo.net\/site\/\",\"logo\":{\"@type\":\"ImageObject\",\"inLanguage\":\"pt-BR\",\"@id\":\"https:\/\/www.oarcanjo.net\/site\/#\/schema\/logo\/image\/\",\"url\":\"https:\/\/www.oarcanjo.net\/site\/wp-content\/uploads\/LogoOArcanjo.png\",\"contentUrl\":\"https:\/\/www.oarcanjo.net\/site\/wp-content\/uploads\/LogoOArcanjo.png\",\"width\":319,\"height\":99,\"caption\":\"Par\u00f3quia S\u00e3o Miguel Arcanjo\"},\"image\":{\"@id\":\"https:\/\/www.oarcanjo.net\/site\/#\/schema\/logo\/image\/\"},\"sameAs\":[\"https:\/\/www.facebook.com\/OArcanjoNoAr\/\"]},{\"@type\":\"Person\",\"@id\":\"https:\/\/www.oarcanjo.net\/site\/#\/schema\/person\/f7024d007863202483a31326673a0838\",\"name\":\"editor\",\"sameAs\":[\"http:\/\/www.oarcanjo.net\"]}]}<\/script>\n<!-- \/ Yoast SEO plugin. -->","yoast_head_json":{"title":"Preocupa\u00e7\u00f5es amaz\u00f4nicas - O Arcanjo no ar","robots":{"index":"index","follow":"follow","max-snippet":"max-snippet:-1","max-image-preview":"max-image-preview:large","max-video-preview":"max-video-preview:-1"},"canonical":"https:\/\/www.oarcanjo.net\/site\/preocupacoes-amazonicas\/","og_locale":"pt_BR","og_type":"article","og_title":"Preocupa\u00e7\u00f5es amaz\u00f4nicas - O Arcanjo no ar","og_description":"Dom Dem\u00e9trio Valentini Enquanto no Sul continua a seca, no Norte acontecem agora as enchentes. Em seu territ\u00f3rio, o Brasil abriga estes contrastes, que aumentam as apreens\u00f5es sobre as conseq\u00fc\u00eancias do desequil\u00edbrio ambiental. De maneira especial, a Amaz\u00f4nia est\u00e1 no centro das aten\u00e7\u00f5es de todo o mundo. Na recente assembl\u00e9ia da CNBB, o assunto que [&hellip;]","og_url":"https:\/\/www.oarcanjo.net\/site\/preocupacoes-amazonicas\/","og_site_name":"O Arcanjo no ar","article_publisher":"https:\/\/www.facebook.com\/OArcanjoNoAr\/","article_published_time":"2009-05-08T13:00:53+00:00","article_modified_time":"2009-05-08T01:50:32+00:00","og_image":[{"width":300,"height":300,"url":"https:\/\/www.oarcanjo.net\/site\/wp-content\/uploads\/logo-o-arcanjo-no-ar-facebook.png","type":"image\/png"}],"author":"editor","twitter_card":"summary_large_image","twitter_misc":{"Escrito por":"editor","Est. tempo de leitura":"3 minutos"},"schema":{"@context":"https:\/\/schema.org","@graph":[{"@type":"Article","@id":"https:\/\/www.oarcanjo.net\/site\/preocupacoes-amazonicas\/#article","isPartOf":{"@id":"https:\/\/www.oarcanjo.net\/site\/preocupacoes-amazonicas\/"},"author":{"name":"editor","@id":"https:\/\/www.oarcanjo.net\/site\/#\/schema\/person\/f7024d007863202483a31326673a0838"},"headline":"Preocupa\u00e7\u00f5es amaz\u00f4nicas","datePublished":"2009-05-08T13:00:53+00:00","dateModified":"2009-05-08T01:50:32+00:00","mainEntityOfPage":{"@id":"https:\/\/www.oarcanjo.net\/site\/preocupacoes-amazonicas\/"},"wordCount":657,"commentCount":0,"publisher":{"@id":"https:\/\/www.oarcanjo.net\/site\/#organization"},"keywords":["Amaz\u00f4nia","ambiente","biodiversidade","ecologia"],"articleSection":["Reflex\u00f5es"],"inLanguage":"pt-BR","potentialAction":[{"@type":"CommentAction","name":"Comment","target":["https:\/\/www.oarcanjo.net\/site\/preocupacoes-amazonicas\/#respond"]}]},{"@type":"WebPage","@id":"https:\/\/www.oarcanjo.net\/site\/preocupacoes-amazonicas\/","url":"https:\/\/www.oarcanjo.net\/site\/preocupacoes-amazonicas\/","name":"Preocupa\u00e7\u00f5es amaz\u00f4nicas - O Arcanjo no ar","isPartOf":{"@id":"https:\/\/www.oarcanjo.net\/site\/#website"},"datePublished":"2009-05-08T13:00:53+00:00","dateModified":"2009-05-08T01:50:32+00:00","breadcrumb":{"@id":"https:\/\/www.oarcanjo.net\/site\/preocupacoes-amazonicas\/#breadcrumb"},"inLanguage":"pt-BR","potentialAction":[{"@type":"ReadAction","target":["https:\/\/www.oarcanjo.net\/site\/preocupacoes-amazonicas\/"]}]},{"@type":"BreadcrumbList","@id":"https:\/\/www.oarcanjo.net\/site\/preocupacoes-amazonicas\/#breadcrumb","itemListElement":[{"@type":"ListItem","position":1,"name":"In\u00edcio","item":"https:\/\/www.oarcanjo.net\/site\/"},{"@type":"ListItem","position":2,"name":"Preocupa\u00e7\u00f5es amaz\u00f4nicas"}]},{"@type":"WebSite","@id":"https:\/\/www.oarcanjo.net\/site\/#website","url":"https:\/\/www.oarcanjo.net\/site\/","name":"O Arcanjo no ar","description":"Site da Par\u00f3quia S\u00e3o Miguel Arcanjo (Arquidiocese de SP)","publisher":{"@id":"https:\/\/www.oarcanjo.net\/site\/#organization"},"potentialAction":[{"@type":"SearchAction","target":{"@type":"EntryPoint","urlTemplate":"https:\/\/www.oarcanjo.net\/site\/?s={search_term_string}"},"query-input":{"@type":"PropertyValueSpecification","valueRequired":true,"valueName":"search_term_string"}}],"inLanguage":"pt-BR"},{"@type":"Organization","@id":"https:\/\/www.oarcanjo.net\/site\/#organization","name":"Par\u00f3quia S\u00e3o Miguel Arcanjo","url":"https:\/\/www.oarcanjo.net\/site\/","logo":{"@type":"ImageObject","inLanguage":"pt-BR","@id":"https:\/\/www.oarcanjo.net\/site\/#\/schema\/logo\/image\/","url":"https:\/\/www.oarcanjo.net\/site\/wp-content\/uploads\/LogoOArcanjo.png","contentUrl":"https:\/\/www.oarcanjo.net\/site\/wp-content\/uploads\/LogoOArcanjo.png","width":319,"height":99,"caption":"Par\u00f3quia S\u00e3o Miguel Arcanjo"},"image":{"@id":"https:\/\/www.oarcanjo.net\/site\/#\/schema\/logo\/image\/"},"sameAs":["https:\/\/www.facebook.com\/OArcanjoNoAr\/"]},{"@type":"Person","@id":"https:\/\/www.oarcanjo.net\/site\/#\/schema\/person\/f7024d007863202483a31326673a0838","name":"editor","sameAs":["http:\/\/www.oarcanjo.net"]}]}},"publishpress_future_action":{"enabled":false,"date":"2026-05-09 07:23:40","action":"category","newStatus":"draft","terms":[],"taxonomy":"category"},"publishpress_future_workflow_manual_trigger":{"enabledWorkflows":[]},"_links":{"self":[{"href":"https:\/\/www.oarcanjo.net\/site\/wp-json\/wp\/v2\/posts\/3300"}],"collection":[{"href":"https:\/\/www.oarcanjo.net\/site\/wp-json\/wp\/v2\/posts"}],"about":[{"href":"https:\/\/www.oarcanjo.net\/site\/wp-json\/wp\/v2\/types\/post"}],"author":[{"embeddable":true,"href":"https:\/\/www.oarcanjo.net\/site\/wp-json\/wp\/v2\/users\/5"}],"replies":[{"embeddable":true,"href":"https:\/\/www.oarcanjo.net\/site\/wp-json\/wp\/v2\/comments?post=3300"}],"version-history":[{"count":0,"href":"https:\/\/www.oarcanjo.net\/site\/wp-json\/wp\/v2\/posts\/3300\/revisions"}],"wp:attachment":[{"href":"https:\/\/www.oarcanjo.net\/site\/wp-json\/wp\/v2\/media?parent=3300"}],"wp:term":[{"taxonomy":"category","embeddable":true,"href":"https:\/\/www.oarcanjo.net\/site\/wp-json\/wp\/v2\/categories?post=3300"},{"taxonomy":"post_tag","embeddable":true,"href":"https:\/\/www.oarcanjo.net\/site\/wp-json\/wp\/v2\/tags?post=3300"}],"curies":[{"name":"wp","href":"https:\/\/api.w.org\/{rel}","templated":true}]}}