
{"id":3303,"date":"2009-05-07T22:53:48","date_gmt":"2009-05-08T01:53:48","guid":{"rendered":"http:\/\/www.oarcanjo.net\/site\/?p=3303"},"modified":"2009-05-07T22:53:48","modified_gmt":"2009-05-08T01:53:48","slug":"capitalismo-e-etica","status":"publish","type":"post","link":"https:\/\/www.oarcanjo.net\/site\/capitalismo-e-etica\/","title":{"rendered":"Capitalismo e \u00c9tica"},"content":{"rendered":"<p>Manfredo Ara\u00fajo de Oliveira<\/p>\n<p>A crise nos interpela a avaliar as ra\u00edzes estruturais da sociedade que criamos na modernidade precisamente a partir de uma considera\u00e7\u00e3o de sua configura\u00e7\u00e3o atual apresentada como a realiza\u00e7\u00e3o plena de suas potencialidades: a sociedade mundializada. Este processo de mundializa\u00e7\u00e3o se fez em fun\u00e7\u00e3o da efetiva\u00e7\u00e3o eficiente do objetivo central deste modelo social que \u00e9 a busca de lucros, de oportunidades de acumula\u00e7\u00e3o de capital como fim absolutizado, do controle dos mercados e de \u00e1reas de influ\u00eancia. Isto conduz tanto a uma competitividade exacerbada e destruidora da natureza como ao aprofundamento das desigualdades entre pa\u00edses ricos e pobres e entre os setores ricos e pobres no interior dos pa\u00edses. Um problema grave neste contexto \u00e9 a inadequa\u00e7\u00e3o das institui\u00e7\u00f5es vigentes nos tr\u00eas grandes n\u00edveis &#8211; nacional, regional e mundial &#8211; para controlar os agentes globais e garantir a democratiza\u00e7\u00e3o dos produtos do grande salto tecnol\u00f3gico e dos processos de expans\u00e3o mundial do modelo. <\/p>\n<p>Trata-se aqui de um modelo de crescimento humano centrado na vis\u00e3o do homem como um indiv\u00edduo fechado em si mesmo e em suas aspira\u00e7\u00f5es, no mercado como inst\u00e2ncia b\u00e1sica de coordena\u00e7\u00e3o da vida social e no lucro como fins \u00faltimos da vida societ\u00e1ria. Ele conduz a um progresso material gigantesco ligado a uma tamb\u00e9m gigantesca degrada\u00e7\u00e3o da dignidade do ser pessoal uma vez que mercantiliza o ser humano em suas diferentes dimens\u00f5es e o convence a se submeter a este processo como a algo natural. Nesta concep\u00e7\u00e3o, eticamente inaceit\u00e1vel \u00e9 tudo o que se contrap\u00f5e \u00e0 acumula\u00e7\u00e3o e \u00e0 expans\u00e3o do capital, uma vis\u00e3o hegem\u00f4nica em nossos contextos culturais. Em \u00faltima inst\u00e2ncia, esta concep\u00e7\u00e3o articula o sentido da vida humana: produzir e consumir ilimitadamente todo tipo de bem material, portanto, acumula\u00e7\u00e3o de bens materiais e maximiza\u00e7\u00e3o do consumo, o que significa uma redu\u00e7\u00e3o da vida humana \u00e0 sua dimens\u00e3o material que em \u00faltima an\u00e1lise significa o n\u00e3o reconhecimento efetivo da dignidade humana. Desta forma, um materialismo radical rege as rela\u00e7\u00f5es entre pessoas e povos.<\/p>\n<p>Quem n\u00e3o tem capital e poder de compra n\u00e3o \u00e9 reconhecido. \u00c9 a l\u00f3gica da exclus\u00e3o: aqui a pessoa humana n\u00e3o constitui peso decisivo no c\u00e1lculo do sistema que \u00e9 voltado a uma acumula\u00e7\u00e3o cada vez mais eficiente do capital. Este processo termina por reduzir o ser humano a um instrumento da acumula\u00e7\u00e3o propiciada por seu trabalho convertido em mercadoria. Hoje em muitos casos ele n\u00e3o chega nem a isto porque se transforma em m\u00e3o-de-obra excedente. Esta forma de organizar a vida coletiva se contrap\u00f5e \u00e0 igualdade fundamental de todos os seres humanos e isto estruturalmente porque aqui uns s\u00e3o donos e gestores do capital em todas as suas formas enquanto outros na melhor das hip\u00f3teses s\u00e3o donos de sua capacidade de trabalhar. <\/p>\n<p>Neste sentido se deve dizer que esta estrutura\u00e7\u00e3o social se radica na explora\u00e7\u00e3o porque apenas uma minoria se apropria dos benef\u00edcios do que a maioria produz. Assim, ela ignora no curso de sua efetiva\u00e7\u00e3o as oportunidades desiguais dos cidad\u00e3os, submete-os a uma competi\u00e7\u00e3o cruel e produz um ser humano voltado para si mesmo e para suas aspira\u00e7\u00f5es. Este tipo de personalidade identifica o sentido da vida pessoal com poder aquisitivo e consumo. Assim se alimenta uma situa\u00e7\u00e3o de injusti\u00e7a que provoca a viol\u00eancia e se defende um modelo industrial de crescimento que n\u00e3o contabiliza os in\u00fameros custos externos da produ\u00e7\u00e3o e menos ainda as consequ\u00eancias em custos sociais e ecol\u00f3gicos. Tudo significa dizer que este modelo socioecon\u00f4mico se radica em valores e gera atitudes que destroem a dignidade do ser humano e tenta sufocar os movimentos de solidariedade que trazem \u00e0 opini\u00e3o p\u00fablica o debate sobre um modelo alternativo. Uma vida \u00e9tica aqui implica confronta\u00e7\u00e3o radical com um sistema incompat\u00edvel com a dignidade de que \u00e9 portador o ser humano.<\/p>\n<div id=\"themify_builder_content-3303\" data-postid=\"3303\" class=\"themify_builder_content themify_builder_content-3303 themify_builder themify_builder_front\">\n\t<\/div>\n<!-- \/themify_builder_content -->","protected":false},"excerpt":{"rendered":"<p>Manfredo Ara\u00fajo de Oliveira A crise nos interpela a avaliar as ra\u00edzes estruturais da sociedade que criamos na modernidade precisamente a partir de uma considera\u00e7\u00e3o de sua configura\u00e7\u00e3o atual apresentada como a realiza\u00e7\u00e3o plena de suas potencialidades: a sociedade mundializada. Este processo de mundializa\u00e7\u00e3o se fez em fun\u00e7\u00e3o da efetiva\u00e7\u00e3o eficiente do objetivo central deste [&hellip;]<\/p>\n","protected":false},"author":5,"featured_media":0,"comment_status":"open","ping_status":"open","sticky":false,"template":"","format":"standard","meta":{"ngg_post_thumbnail":0,"footnotes":""},"categories":[9],"tags":[633,106,36,313,376,634,632],"yoast_head":"<!-- This site is optimized with the Yoast SEO plugin v23.5 - https:\/\/yoast.com\/wordpress\/plugins\/seo\/ -->\n<title>Capitalismo e \u00c9tica - O Arcanjo no ar<\/title>\n<meta name=\"robots\" content=\"index, follow, max-snippet:-1, max-image-preview:large, max-video-preview:-1\" \/>\n<link rel=\"canonical\" href=\"https:\/\/www.oarcanjo.net\/site\/capitalismo-e-etica\/\" \/>\n<meta property=\"og:locale\" content=\"pt_BR\" \/>\n<meta property=\"og:type\" content=\"article\" \/>\n<meta property=\"og:title\" content=\"Capitalismo e \u00c9tica - O Arcanjo no ar\" \/>\n<meta property=\"og:description\" content=\"Manfredo Ara\u00fajo de Oliveira A crise nos interpela a avaliar as ra\u00edzes estruturais da sociedade que criamos na modernidade precisamente a partir de uma considera\u00e7\u00e3o de sua configura\u00e7\u00e3o atual apresentada como a realiza\u00e7\u00e3o plena de suas potencialidades: a sociedade mundializada. Este processo de mundializa\u00e7\u00e3o se fez em fun\u00e7\u00e3o da efetiva\u00e7\u00e3o eficiente do objetivo central deste [&hellip;]\" \/>\n<meta property=\"og:url\" content=\"https:\/\/www.oarcanjo.net\/site\/capitalismo-e-etica\/\" \/>\n<meta property=\"og:site_name\" content=\"O Arcanjo no ar\" \/>\n<meta property=\"article:publisher\" content=\"https:\/\/www.facebook.com\/OArcanjoNoAr\/\" \/>\n<meta property=\"article:published_time\" content=\"2009-05-08T01:53:48+00:00\" \/>\n<meta property=\"og:image\" content=\"https:\/\/www.oarcanjo.net\/site\/wp-content\/uploads\/logo-o-arcanjo-no-ar-facebook.png\" \/>\n\t<meta property=\"og:image:width\" content=\"300\" \/>\n\t<meta property=\"og:image:height\" content=\"300\" \/>\n\t<meta property=\"og:image:type\" content=\"image\/png\" \/>\n<meta name=\"author\" content=\"editor\" \/>\n<meta name=\"twitter:card\" content=\"summary_large_image\" \/>\n<meta name=\"twitter:label1\" content=\"Escrito por\" \/>\n\t<meta name=\"twitter:data1\" content=\"editor\" \/>\n\t<meta name=\"twitter:label2\" content=\"Est. tempo de leitura\" \/>\n\t<meta name=\"twitter:data2\" content=\"3 minutos\" \/>\n<script type=\"application\/ld+json\" class=\"yoast-schema-graph\">{\"@context\":\"https:\/\/schema.org\",\"@graph\":[{\"@type\":\"Article\",\"@id\":\"https:\/\/www.oarcanjo.net\/site\/capitalismo-e-etica\/#article\",\"isPartOf\":{\"@id\":\"https:\/\/www.oarcanjo.net\/site\/capitalismo-e-etica\/\"},\"author\":{\"name\":\"editor\",\"@id\":\"https:\/\/www.oarcanjo.net\/site\/#\/schema\/person\/f7024d007863202483a31326673a0838\"},\"headline\":\"Capitalismo e \u00c9tica\",\"datePublished\":\"2009-05-08T01:53:48+00:00\",\"dateModified\":\"2009-05-08T01:53:48+00:00\",\"mainEntityOfPage\":{\"@id\":\"https:\/\/www.oarcanjo.net\/site\/capitalismo-e-etica\/\"},\"wordCount\":694,\"commentCount\":0,\"publisher\":{\"@id\":\"https:\/\/www.oarcanjo.net\/site\/#organization\"},\"keywords\":[\"capitalismo\",\"consumismo\",\"crise\",\"\u00e9tica\",\"globaliza\u00e7\u00e3o\",\"materialismo\",\"mundializa\u00e7\u00e3o\"],\"articleSection\":[\"Reflex\u00f5es\"],\"inLanguage\":\"pt-BR\",\"potentialAction\":[{\"@type\":\"CommentAction\",\"name\":\"Comment\",\"target\":[\"https:\/\/www.oarcanjo.net\/site\/capitalismo-e-etica\/#respond\"]}]},{\"@type\":\"WebPage\",\"@id\":\"https:\/\/www.oarcanjo.net\/site\/capitalismo-e-etica\/\",\"url\":\"https:\/\/www.oarcanjo.net\/site\/capitalismo-e-etica\/\",\"name\":\"Capitalismo e \u00c9tica - O Arcanjo no ar\",\"isPartOf\":{\"@id\":\"https:\/\/www.oarcanjo.net\/site\/#website\"},\"datePublished\":\"2009-05-08T01:53:48+00:00\",\"dateModified\":\"2009-05-08T01:53:48+00:00\",\"breadcrumb\":{\"@id\":\"https:\/\/www.oarcanjo.net\/site\/capitalismo-e-etica\/#breadcrumb\"},\"inLanguage\":\"pt-BR\",\"potentialAction\":[{\"@type\":\"ReadAction\",\"target\":[\"https:\/\/www.oarcanjo.net\/site\/capitalismo-e-etica\/\"]}]},{\"@type\":\"BreadcrumbList\",\"@id\":\"https:\/\/www.oarcanjo.net\/site\/capitalismo-e-etica\/#breadcrumb\",\"itemListElement\":[{\"@type\":\"ListItem\",\"position\":1,\"name\":\"In\u00edcio\",\"item\":\"https:\/\/www.oarcanjo.net\/site\/\"},{\"@type\":\"ListItem\",\"position\":2,\"name\":\"Capitalismo e \u00c9tica\"}]},{\"@type\":\"WebSite\",\"@id\":\"https:\/\/www.oarcanjo.net\/site\/#website\",\"url\":\"https:\/\/www.oarcanjo.net\/site\/\",\"name\":\"O Arcanjo no ar\",\"description\":\"Site da Par\u00f3quia S\u00e3o Miguel Arcanjo (Arquidiocese de SP)\",\"publisher\":{\"@id\":\"https:\/\/www.oarcanjo.net\/site\/#organization\"},\"potentialAction\":[{\"@type\":\"SearchAction\",\"target\":{\"@type\":\"EntryPoint\",\"urlTemplate\":\"https:\/\/www.oarcanjo.net\/site\/?s={search_term_string}\"},\"query-input\":{\"@type\":\"PropertyValueSpecification\",\"valueRequired\":true,\"valueName\":\"search_term_string\"}}],\"inLanguage\":\"pt-BR\"},{\"@type\":\"Organization\",\"@id\":\"https:\/\/www.oarcanjo.net\/site\/#organization\",\"name\":\"Par\u00f3quia S\u00e3o Miguel Arcanjo\",\"url\":\"https:\/\/www.oarcanjo.net\/site\/\",\"logo\":{\"@type\":\"ImageObject\",\"inLanguage\":\"pt-BR\",\"@id\":\"https:\/\/www.oarcanjo.net\/site\/#\/schema\/logo\/image\/\",\"url\":\"https:\/\/www.oarcanjo.net\/site\/wp-content\/uploads\/LogoOArcanjo.png\",\"contentUrl\":\"https:\/\/www.oarcanjo.net\/site\/wp-content\/uploads\/LogoOArcanjo.png\",\"width\":319,\"height\":99,\"caption\":\"Par\u00f3quia S\u00e3o Miguel Arcanjo\"},\"image\":{\"@id\":\"https:\/\/www.oarcanjo.net\/site\/#\/schema\/logo\/image\/\"},\"sameAs\":[\"https:\/\/www.facebook.com\/OArcanjoNoAr\/\"]},{\"@type\":\"Person\",\"@id\":\"https:\/\/www.oarcanjo.net\/site\/#\/schema\/person\/f7024d007863202483a31326673a0838\",\"name\":\"editor\",\"sameAs\":[\"http:\/\/www.oarcanjo.net\"]}]}<\/script>\n<!-- \/ Yoast SEO plugin. -->","yoast_head_json":{"title":"Capitalismo e \u00c9tica - O Arcanjo no ar","robots":{"index":"index","follow":"follow","max-snippet":"max-snippet:-1","max-image-preview":"max-image-preview:large","max-video-preview":"max-video-preview:-1"},"canonical":"https:\/\/www.oarcanjo.net\/site\/capitalismo-e-etica\/","og_locale":"pt_BR","og_type":"article","og_title":"Capitalismo e \u00c9tica - O Arcanjo no ar","og_description":"Manfredo Ara\u00fajo de Oliveira A crise nos interpela a avaliar as ra\u00edzes estruturais da sociedade que criamos na modernidade precisamente a partir de uma considera\u00e7\u00e3o de sua configura\u00e7\u00e3o atual apresentada como a realiza\u00e7\u00e3o plena de suas potencialidades: a sociedade mundializada. Este processo de mundializa\u00e7\u00e3o se fez em fun\u00e7\u00e3o da efetiva\u00e7\u00e3o eficiente do objetivo central deste [&hellip;]","og_url":"https:\/\/www.oarcanjo.net\/site\/capitalismo-e-etica\/","og_site_name":"O Arcanjo no ar","article_publisher":"https:\/\/www.facebook.com\/OArcanjoNoAr\/","article_published_time":"2009-05-08T01:53:48+00:00","og_image":[{"width":300,"height":300,"url":"https:\/\/www.oarcanjo.net\/site\/wp-content\/uploads\/logo-o-arcanjo-no-ar-facebook.png","type":"image\/png"}],"author":"editor","twitter_card":"summary_large_image","twitter_misc":{"Escrito por":"editor","Est. tempo de leitura":"3 minutos"},"schema":{"@context":"https:\/\/schema.org","@graph":[{"@type":"Article","@id":"https:\/\/www.oarcanjo.net\/site\/capitalismo-e-etica\/#article","isPartOf":{"@id":"https:\/\/www.oarcanjo.net\/site\/capitalismo-e-etica\/"},"author":{"name":"editor","@id":"https:\/\/www.oarcanjo.net\/site\/#\/schema\/person\/f7024d007863202483a31326673a0838"},"headline":"Capitalismo e \u00c9tica","datePublished":"2009-05-08T01:53:48+00:00","dateModified":"2009-05-08T01:53:48+00:00","mainEntityOfPage":{"@id":"https:\/\/www.oarcanjo.net\/site\/capitalismo-e-etica\/"},"wordCount":694,"commentCount":0,"publisher":{"@id":"https:\/\/www.oarcanjo.net\/site\/#organization"},"keywords":["capitalismo","consumismo","crise","\u00e9tica","globaliza\u00e7\u00e3o","materialismo","mundializa\u00e7\u00e3o"],"articleSection":["Reflex\u00f5es"],"inLanguage":"pt-BR","potentialAction":[{"@type":"CommentAction","name":"Comment","target":["https:\/\/www.oarcanjo.net\/site\/capitalismo-e-etica\/#respond"]}]},{"@type":"WebPage","@id":"https:\/\/www.oarcanjo.net\/site\/capitalismo-e-etica\/","url":"https:\/\/www.oarcanjo.net\/site\/capitalismo-e-etica\/","name":"Capitalismo e \u00c9tica - O Arcanjo no ar","isPartOf":{"@id":"https:\/\/www.oarcanjo.net\/site\/#website"},"datePublished":"2009-05-08T01:53:48+00:00","dateModified":"2009-05-08T01:53:48+00:00","breadcrumb":{"@id":"https:\/\/www.oarcanjo.net\/site\/capitalismo-e-etica\/#breadcrumb"},"inLanguage":"pt-BR","potentialAction":[{"@type":"ReadAction","target":["https:\/\/www.oarcanjo.net\/site\/capitalismo-e-etica\/"]}]},{"@type":"BreadcrumbList","@id":"https:\/\/www.oarcanjo.net\/site\/capitalismo-e-etica\/#breadcrumb","itemListElement":[{"@type":"ListItem","position":1,"name":"In\u00edcio","item":"https:\/\/www.oarcanjo.net\/site\/"},{"@type":"ListItem","position":2,"name":"Capitalismo e \u00c9tica"}]},{"@type":"WebSite","@id":"https:\/\/www.oarcanjo.net\/site\/#website","url":"https:\/\/www.oarcanjo.net\/site\/","name":"O Arcanjo no ar","description":"Site da Par\u00f3quia S\u00e3o Miguel Arcanjo (Arquidiocese de SP)","publisher":{"@id":"https:\/\/www.oarcanjo.net\/site\/#organization"},"potentialAction":[{"@type":"SearchAction","target":{"@type":"EntryPoint","urlTemplate":"https:\/\/www.oarcanjo.net\/site\/?s={search_term_string}"},"query-input":{"@type":"PropertyValueSpecification","valueRequired":true,"valueName":"search_term_string"}}],"inLanguage":"pt-BR"},{"@type":"Organization","@id":"https:\/\/www.oarcanjo.net\/site\/#organization","name":"Par\u00f3quia S\u00e3o Miguel Arcanjo","url":"https:\/\/www.oarcanjo.net\/site\/","logo":{"@type":"ImageObject","inLanguage":"pt-BR","@id":"https:\/\/www.oarcanjo.net\/site\/#\/schema\/logo\/image\/","url":"https:\/\/www.oarcanjo.net\/site\/wp-content\/uploads\/LogoOArcanjo.png","contentUrl":"https:\/\/www.oarcanjo.net\/site\/wp-content\/uploads\/LogoOArcanjo.png","width":319,"height":99,"caption":"Par\u00f3quia S\u00e3o Miguel Arcanjo"},"image":{"@id":"https:\/\/www.oarcanjo.net\/site\/#\/schema\/logo\/image\/"},"sameAs":["https:\/\/www.facebook.com\/OArcanjoNoAr\/"]},{"@type":"Person","@id":"https:\/\/www.oarcanjo.net\/site\/#\/schema\/person\/f7024d007863202483a31326673a0838","name":"editor","sameAs":["http:\/\/www.oarcanjo.net"]}]}},"publishpress_future_action":{"enabled":false,"date":"2026-05-09 05:55:43","action":"category","newStatus":"draft","terms":[],"taxonomy":"category"},"publishpress_future_workflow_manual_trigger":{"enabledWorkflows":[]},"_links":{"self":[{"href":"https:\/\/www.oarcanjo.net\/site\/wp-json\/wp\/v2\/posts\/3303"}],"collection":[{"href":"https:\/\/www.oarcanjo.net\/site\/wp-json\/wp\/v2\/posts"}],"about":[{"href":"https:\/\/www.oarcanjo.net\/site\/wp-json\/wp\/v2\/types\/post"}],"author":[{"embeddable":true,"href":"https:\/\/www.oarcanjo.net\/site\/wp-json\/wp\/v2\/users\/5"}],"replies":[{"embeddable":true,"href":"https:\/\/www.oarcanjo.net\/site\/wp-json\/wp\/v2\/comments?post=3303"}],"version-history":[{"count":0,"href":"https:\/\/www.oarcanjo.net\/site\/wp-json\/wp\/v2\/posts\/3303\/revisions"}],"wp:attachment":[{"href":"https:\/\/www.oarcanjo.net\/site\/wp-json\/wp\/v2\/media?parent=3303"}],"wp:term":[{"taxonomy":"category","embeddable":true,"href":"https:\/\/www.oarcanjo.net\/site\/wp-json\/wp\/v2\/categories?post=3303"},{"taxonomy":"post_tag","embeddable":true,"href":"https:\/\/www.oarcanjo.net\/site\/wp-json\/wp\/v2\/tags?post=3303"}],"curies":[{"name":"wp","href":"https:\/\/api.w.org\/{rel}","templated":true}]}}