
{"id":3307,"date":"2009-05-07T23:04:46","date_gmt":"2009-05-08T02:04:46","guid":{"rendered":"http:\/\/www.oarcanjo.net\/site\/?p=3307"},"modified":"2009-05-07T23:04:46","modified_gmt":"2009-05-08T02:04:46","slug":"dom-cappio-recebe-premio-na-alemanha","status":"publish","type":"post","link":"https:\/\/www.oarcanjo.net\/site\/dom-cappio-recebe-premio-na-alemanha\/","title":{"rendered":"Dom Cappio recebe pr\u00eamio na Alemanha"},"content":{"rendered":"<p>Por causa de sua luta em defesa da vida dos povos ribeirinhos e da preserva\u00e7\u00e3o do Rio S\u00e3o Francisco, o bispo de Barra (BA), dom Luiz Cappio, recebe no s\u00e1bado, 9, o Pr\u00eamio Kant de Cidad\u00e3o do Mundo, concedido pela Funda\u00e7\u00e3o Kant. Em 2008, o bispo j\u00e1 havia recebido, aqui no Brasil, o pr\u00eamio Pax Christi Internacional, entidade que tem sede em Bruxelas. <\/p>\n<p>Concedido a cada dois anos a personalidades que se destacam na defesa dos direitos humanos, o Pr\u00eamio Kant ser\u00e1 entregue na cidade alem\u00e3 de Freiburg. Ser\u00e1 homenageado tamb\u00e9m o professor de Antropologia e ativista de direitos humanos, Jeff Halper, que protestou contra a destrui\u00e7\u00e3o de casas de palestinos na Faixa de Gaza. O relator especial das Na\u00e7\u00f5es Unidas para os Direitos Humanos, Richard Falk, estar\u00e1 presente.  <\/p>\n<p><strong>Pr\u00eamio plural<\/strong><\/p>\n<p>\u201c\u00c9 um pr\u00eamio plural que simboliza as lutas populares do povo do nordeste na preserva\u00e7\u00e3o do Rio S\u00e3o Francisco e da vida do povo ribeirinho. Nele est\u00e3o presentes os ind\u00edgenas, os quilombolas e v\u00e1rias ONGs\u201d, disse dom Cappio ao explicar porque aceitou o pr\u00eamio.<\/p>\n<p>Segundo dom Cappio, a premia\u00e7\u00e3o \u00e9 um reconhecimento, no exterior, \u201cdas iniciativas do povo da base em defesa da vida\u201d. Ele lamenta que o governo brasileiro, \u201celeito por esse segmento\u201d, n\u00e3o reconhe\u00e7a essas lutas. \u201cO governo brasileiro devia ser o primeiro a valorizar essas lutas do povo em defesa da vida, mas se faz de cego, surdo e mudo e continua alheio, trabalhando na contram\u00e3o da hist\u00f3ria\u201d, afirmou, numa refer\u00eancia expl\u00edcita \u00e0 transposi\u00e7\u00e3o do Rio S\u00e3o Francisco, cujas obras continuam, executadas pelo ex\u00e9rcito. <\/p>\n<p>Acompanhado do assessor Rubem Siqueira e da int\u00e9rprete Andrea Ziegler, dom Cappio cumprir\u00e1 uma extensa agenda de 20 dias nas cidades alem\u00e3s de Frankfurt, Berlim, Bonn, Bremen. \u201cSer\u00e3o encontros com o episcopado alem\u00e3o, com entidades governamentais e com parlamentares\u201d, esclarece. Dom Cappio visitar\u00e1 ainda a cidade austr\u00edaca de Graz e o Tribunal Europeu dos Direitos Humanos, na cidade francesa de Strassbourg. <\/p>\n<p>No dia 21, o bispo faz um pronunciamento no 32\u00ba Kirchentag, o mais importante evento religioso em solo alem\u00e3o, promovido pela Igreja Luterana. Em 2008, o encontro reuniu 20 mil pessoas. A viagem ser\u00e1 viabilizada pela colabora\u00e7\u00e3o entre Miss\u00e3o Central dos Franciscanos, Funda\u00e7\u00e3o Kant, Misereor, Adveniat, KOBRA.<\/p>\n<div id=\"themify_builder_content-3307\" data-postid=\"3307\" class=\"themify_builder_content themify_builder_content-3307 themify_builder themify_builder_front\">\n\t<\/div>\n<!-- \/themify_builder_content -->","protected":false},"excerpt":{"rendered":"<p>Por causa de sua luta em defesa da vida dos povos ribeirinhos e da preserva\u00e7\u00e3o do Rio S\u00e3o Francisco, o bispo de Barra (BA), dom Luiz Cappio, recebe no s\u00e1bado, 9, o Pr\u00eamio Kant de Cidad\u00e3o do Mundo, concedido pela Funda\u00e7\u00e3o Kant. Em 2008, o bispo j\u00e1 havia recebido, aqui no Brasil, o pr\u00eamio Pax [&hellip;]<\/p>\n","protected":false},"author":5,"featured_media":0,"comment_status":"open","ping_status":"open","sticky":false,"template":"","format":"standard","meta":{"ngg_post_thumbnail":0,"footnotes":""},"categories":[8],"tags":[43,641,643,642],"yoast_head":"<!-- This site is optimized with the Yoast SEO plugin v23.5 - https:\/\/yoast.com\/wordpress\/plugins\/seo\/ -->\n<title>Dom Cappio recebe pr\u00eamio na Alemanha - O Arcanjo no ar<\/title>\n<meta name=\"robots\" content=\"index, follow, max-snippet:-1, max-image-preview:large, max-video-preview:-1\" \/>\n<link rel=\"canonical\" href=\"https:\/\/www.oarcanjo.net\/site\/dom-cappio-recebe-premio-na-alemanha\/\" \/>\n<meta property=\"og:locale\" content=\"pt_BR\" \/>\n<meta property=\"og:type\" content=\"article\" \/>\n<meta property=\"og:title\" content=\"Dom Cappio recebe pr\u00eamio na Alemanha - O Arcanjo no ar\" \/>\n<meta property=\"og:description\" content=\"Por causa de sua luta em defesa da vida dos povos ribeirinhos e da preserva\u00e7\u00e3o do Rio S\u00e3o Francisco, o bispo de Barra (BA), dom Luiz Cappio, recebe no s\u00e1bado, 9, o Pr\u00eamio Kant de Cidad\u00e3o do Mundo, concedido pela Funda\u00e7\u00e3o Kant. Em 2008, o bispo j\u00e1 havia recebido, aqui no Brasil, o pr\u00eamio Pax [&hellip;]\" \/>\n<meta property=\"og:url\" content=\"https:\/\/www.oarcanjo.net\/site\/dom-cappio-recebe-premio-na-alemanha\/\" \/>\n<meta property=\"og:site_name\" content=\"O Arcanjo no ar\" \/>\n<meta property=\"article:publisher\" content=\"https:\/\/www.facebook.com\/OArcanjoNoAr\/\" \/>\n<meta property=\"article:published_time\" content=\"2009-05-08T02:04:46+00:00\" \/>\n<meta property=\"og:image\" content=\"https:\/\/www.oarcanjo.net\/site\/wp-content\/uploads\/logo-o-arcanjo-no-ar-facebook.png\" \/>\n\t<meta property=\"og:image:width\" content=\"300\" \/>\n\t<meta property=\"og:image:height\" content=\"300\" \/>\n\t<meta property=\"og:image:type\" content=\"image\/png\" \/>\n<meta name=\"author\" content=\"editor\" \/>\n<meta name=\"twitter:card\" content=\"summary_large_image\" \/>\n<meta name=\"twitter:label1\" content=\"Escrito por\" \/>\n\t<meta name=\"twitter:data1\" content=\"editor\" \/>\n\t<meta name=\"twitter:label2\" content=\"Est. tempo de leitura\" \/>\n\t<meta name=\"twitter:data2\" content=\"2 minutos\" \/>\n<script type=\"application\/ld+json\" class=\"yoast-schema-graph\">{\"@context\":\"https:\/\/schema.org\",\"@graph\":[{\"@type\":\"Article\",\"@id\":\"https:\/\/www.oarcanjo.net\/site\/dom-cappio-recebe-premio-na-alemanha\/#article\",\"isPartOf\":{\"@id\":\"https:\/\/www.oarcanjo.net\/site\/dom-cappio-recebe-premio-na-alemanha\/\"},\"author\":{\"name\":\"editor\",\"@id\":\"https:\/\/www.oarcanjo.net\/site\/#\/schema\/person\/f7024d007863202483a31326673a0838\"},\"headline\":\"Dom Cappio recebe pr\u00eamio na Alemanha\",\"datePublished\":\"2009-05-08T02:04:46+00:00\",\"dateModified\":\"2009-05-08T02:04:46+00:00\",\"mainEntityOfPage\":{\"@id\":\"https:\/\/www.oarcanjo.net\/site\/dom-cappio-recebe-premio-na-alemanha\/\"},\"wordCount\":401,\"commentCount\":0,\"publisher\":{\"@id\":\"https:\/\/www.oarcanjo.net\/site\/#organization\"},\"keywords\":[\"direitos humanos\",\"Dom Cappio\",\"Pr\u00eamio Kant de Cidad\u00e3o do Mundo\",\"rio S\u00e3o Francisco\"],\"articleSection\":[\"Not\u00edcias\"],\"inLanguage\":\"pt-BR\",\"potentialAction\":[{\"@type\":\"CommentAction\",\"name\":\"Comment\",\"target\":[\"https:\/\/www.oarcanjo.net\/site\/dom-cappio-recebe-premio-na-alemanha\/#respond\"]}]},{\"@type\":\"WebPage\",\"@id\":\"https:\/\/www.oarcanjo.net\/site\/dom-cappio-recebe-premio-na-alemanha\/\",\"url\":\"https:\/\/www.oarcanjo.net\/site\/dom-cappio-recebe-premio-na-alemanha\/\",\"name\":\"Dom Cappio recebe pr\u00eamio na Alemanha - O Arcanjo no ar\",\"isPartOf\":{\"@id\":\"https:\/\/www.oarcanjo.net\/site\/#website\"},\"datePublished\":\"2009-05-08T02:04:46+00:00\",\"dateModified\":\"2009-05-08T02:04:46+00:00\",\"breadcrumb\":{\"@id\":\"https:\/\/www.oarcanjo.net\/site\/dom-cappio-recebe-premio-na-alemanha\/#breadcrumb\"},\"inLanguage\":\"pt-BR\",\"potentialAction\":[{\"@type\":\"ReadAction\",\"target\":[\"https:\/\/www.oarcanjo.net\/site\/dom-cappio-recebe-premio-na-alemanha\/\"]}]},{\"@type\":\"BreadcrumbList\",\"@id\":\"https:\/\/www.oarcanjo.net\/site\/dom-cappio-recebe-premio-na-alemanha\/#breadcrumb\",\"itemListElement\":[{\"@type\":\"ListItem\",\"position\":1,\"name\":\"In\u00edcio\",\"item\":\"https:\/\/www.oarcanjo.net\/site\/\"},{\"@type\":\"ListItem\",\"position\":2,\"name\":\"Dom Cappio recebe pr\u00eamio na Alemanha\"}]},{\"@type\":\"WebSite\",\"@id\":\"https:\/\/www.oarcanjo.net\/site\/#website\",\"url\":\"https:\/\/www.oarcanjo.net\/site\/\",\"name\":\"O Arcanjo no ar\",\"description\":\"Site da Par\u00f3quia S\u00e3o Miguel Arcanjo (Arquidiocese de SP)\",\"publisher\":{\"@id\":\"https:\/\/www.oarcanjo.net\/site\/#organization\"},\"potentialAction\":[{\"@type\":\"SearchAction\",\"target\":{\"@type\":\"EntryPoint\",\"urlTemplate\":\"https:\/\/www.oarcanjo.net\/site\/?s={search_term_string}\"},\"query-input\":{\"@type\":\"PropertyValueSpecification\",\"valueRequired\":true,\"valueName\":\"search_term_string\"}}],\"inLanguage\":\"pt-BR\"},{\"@type\":\"Organization\",\"@id\":\"https:\/\/www.oarcanjo.net\/site\/#organization\",\"name\":\"Par\u00f3quia S\u00e3o Miguel Arcanjo\",\"url\":\"https:\/\/www.oarcanjo.net\/site\/\",\"logo\":{\"@type\":\"ImageObject\",\"inLanguage\":\"pt-BR\",\"@id\":\"https:\/\/www.oarcanjo.net\/site\/#\/schema\/logo\/image\/\",\"url\":\"https:\/\/www.oarcanjo.net\/site\/wp-content\/uploads\/LogoOArcanjo.png\",\"contentUrl\":\"https:\/\/www.oarcanjo.net\/site\/wp-content\/uploads\/LogoOArcanjo.png\",\"width\":319,\"height\":99,\"caption\":\"Par\u00f3quia S\u00e3o Miguel Arcanjo\"},\"image\":{\"@id\":\"https:\/\/www.oarcanjo.net\/site\/#\/schema\/logo\/image\/\"},\"sameAs\":[\"https:\/\/www.facebook.com\/OArcanjoNoAr\/\"]},{\"@type\":\"Person\",\"@id\":\"https:\/\/www.oarcanjo.net\/site\/#\/schema\/person\/f7024d007863202483a31326673a0838\",\"name\":\"editor\",\"sameAs\":[\"http:\/\/www.oarcanjo.net\"]}]}<\/script>\n<!-- \/ Yoast SEO plugin. -->","yoast_head_json":{"title":"Dom Cappio recebe pr\u00eamio na Alemanha - O Arcanjo no ar","robots":{"index":"index","follow":"follow","max-snippet":"max-snippet:-1","max-image-preview":"max-image-preview:large","max-video-preview":"max-video-preview:-1"},"canonical":"https:\/\/www.oarcanjo.net\/site\/dom-cappio-recebe-premio-na-alemanha\/","og_locale":"pt_BR","og_type":"article","og_title":"Dom Cappio recebe pr\u00eamio na Alemanha - O Arcanjo no ar","og_description":"Por causa de sua luta em defesa da vida dos povos ribeirinhos e da preserva\u00e7\u00e3o do Rio S\u00e3o Francisco, o bispo de Barra (BA), dom Luiz Cappio, recebe no s\u00e1bado, 9, o Pr\u00eamio Kant de Cidad\u00e3o do Mundo, concedido pela Funda\u00e7\u00e3o Kant. Em 2008, o bispo j\u00e1 havia recebido, aqui no Brasil, o pr\u00eamio Pax [&hellip;]","og_url":"https:\/\/www.oarcanjo.net\/site\/dom-cappio-recebe-premio-na-alemanha\/","og_site_name":"O Arcanjo no ar","article_publisher":"https:\/\/www.facebook.com\/OArcanjoNoAr\/","article_published_time":"2009-05-08T02:04:46+00:00","og_image":[{"width":300,"height":300,"url":"https:\/\/www.oarcanjo.net\/site\/wp-content\/uploads\/logo-o-arcanjo-no-ar-facebook.png","type":"image\/png"}],"author":"editor","twitter_card":"summary_large_image","twitter_misc":{"Escrito por":"editor","Est. tempo de leitura":"2 minutos"},"schema":{"@context":"https:\/\/schema.org","@graph":[{"@type":"Article","@id":"https:\/\/www.oarcanjo.net\/site\/dom-cappio-recebe-premio-na-alemanha\/#article","isPartOf":{"@id":"https:\/\/www.oarcanjo.net\/site\/dom-cappio-recebe-premio-na-alemanha\/"},"author":{"name":"editor","@id":"https:\/\/www.oarcanjo.net\/site\/#\/schema\/person\/f7024d007863202483a31326673a0838"},"headline":"Dom Cappio recebe pr\u00eamio na Alemanha","datePublished":"2009-05-08T02:04:46+00:00","dateModified":"2009-05-08T02:04:46+00:00","mainEntityOfPage":{"@id":"https:\/\/www.oarcanjo.net\/site\/dom-cappio-recebe-premio-na-alemanha\/"},"wordCount":401,"commentCount":0,"publisher":{"@id":"https:\/\/www.oarcanjo.net\/site\/#organization"},"keywords":["direitos humanos","Dom Cappio","Pr\u00eamio Kant de Cidad\u00e3o do Mundo","rio S\u00e3o Francisco"],"articleSection":["Not\u00edcias"],"inLanguage":"pt-BR","potentialAction":[{"@type":"CommentAction","name":"Comment","target":["https:\/\/www.oarcanjo.net\/site\/dom-cappio-recebe-premio-na-alemanha\/#respond"]}]},{"@type":"WebPage","@id":"https:\/\/www.oarcanjo.net\/site\/dom-cappio-recebe-premio-na-alemanha\/","url":"https:\/\/www.oarcanjo.net\/site\/dom-cappio-recebe-premio-na-alemanha\/","name":"Dom Cappio recebe pr\u00eamio na Alemanha - O Arcanjo no ar","isPartOf":{"@id":"https:\/\/www.oarcanjo.net\/site\/#website"},"datePublished":"2009-05-08T02:04:46+00:00","dateModified":"2009-05-08T02:04:46+00:00","breadcrumb":{"@id":"https:\/\/www.oarcanjo.net\/site\/dom-cappio-recebe-premio-na-alemanha\/#breadcrumb"},"inLanguage":"pt-BR","potentialAction":[{"@type":"ReadAction","target":["https:\/\/www.oarcanjo.net\/site\/dom-cappio-recebe-premio-na-alemanha\/"]}]},{"@type":"BreadcrumbList","@id":"https:\/\/www.oarcanjo.net\/site\/dom-cappio-recebe-premio-na-alemanha\/#breadcrumb","itemListElement":[{"@type":"ListItem","position":1,"name":"In\u00edcio","item":"https:\/\/www.oarcanjo.net\/site\/"},{"@type":"ListItem","position":2,"name":"Dom Cappio recebe pr\u00eamio na Alemanha"}]},{"@type":"WebSite","@id":"https:\/\/www.oarcanjo.net\/site\/#website","url":"https:\/\/www.oarcanjo.net\/site\/","name":"O Arcanjo no ar","description":"Site da Par\u00f3quia S\u00e3o Miguel Arcanjo (Arquidiocese de SP)","publisher":{"@id":"https:\/\/www.oarcanjo.net\/site\/#organization"},"potentialAction":[{"@type":"SearchAction","target":{"@type":"EntryPoint","urlTemplate":"https:\/\/www.oarcanjo.net\/site\/?s={search_term_string}"},"query-input":{"@type":"PropertyValueSpecification","valueRequired":true,"valueName":"search_term_string"}}],"inLanguage":"pt-BR"},{"@type":"Organization","@id":"https:\/\/www.oarcanjo.net\/site\/#organization","name":"Par\u00f3quia S\u00e3o Miguel Arcanjo","url":"https:\/\/www.oarcanjo.net\/site\/","logo":{"@type":"ImageObject","inLanguage":"pt-BR","@id":"https:\/\/www.oarcanjo.net\/site\/#\/schema\/logo\/image\/","url":"https:\/\/www.oarcanjo.net\/site\/wp-content\/uploads\/LogoOArcanjo.png","contentUrl":"https:\/\/www.oarcanjo.net\/site\/wp-content\/uploads\/LogoOArcanjo.png","width":319,"height":99,"caption":"Par\u00f3quia S\u00e3o Miguel Arcanjo"},"image":{"@id":"https:\/\/www.oarcanjo.net\/site\/#\/schema\/logo\/image\/"},"sameAs":["https:\/\/www.facebook.com\/OArcanjoNoAr\/"]},{"@type":"Person","@id":"https:\/\/www.oarcanjo.net\/site\/#\/schema\/person\/f7024d007863202483a31326673a0838","name":"editor","sameAs":["http:\/\/www.oarcanjo.net"]}]}},"publishpress_future_action":{"enabled":false,"date":"2026-05-08 22:53:08","action":"category","newStatus":"draft","terms":[],"taxonomy":"category"},"publishpress_future_workflow_manual_trigger":{"enabledWorkflows":[]},"_links":{"self":[{"href":"https:\/\/www.oarcanjo.net\/site\/wp-json\/wp\/v2\/posts\/3307"}],"collection":[{"href":"https:\/\/www.oarcanjo.net\/site\/wp-json\/wp\/v2\/posts"}],"about":[{"href":"https:\/\/www.oarcanjo.net\/site\/wp-json\/wp\/v2\/types\/post"}],"author":[{"embeddable":true,"href":"https:\/\/www.oarcanjo.net\/site\/wp-json\/wp\/v2\/users\/5"}],"replies":[{"embeddable":true,"href":"https:\/\/www.oarcanjo.net\/site\/wp-json\/wp\/v2\/comments?post=3307"}],"version-history":[{"count":0,"href":"https:\/\/www.oarcanjo.net\/site\/wp-json\/wp\/v2\/posts\/3307\/revisions"}],"wp:attachment":[{"href":"https:\/\/www.oarcanjo.net\/site\/wp-json\/wp\/v2\/media?parent=3307"}],"wp:term":[{"taxonomy":"category","embeddable":true,"href":"https:\/\/www.oarcanjo.net\/site\/wp-json\/wp\/v2\/categories?post=3307"},{"taxonomy":"post_tag","embeddable":true,"href":"https:\/\/www.oarcanjo.net\/site\/wp-json\/wp\/v2\/tags?post=3307"}],"curies":[{"name":"wp","href":"https:\/\/api.w.org\/{rel}","templated":true}]}}