
{"id":3309,"date":"2009-05-07T23:36:25","date_gmt":"2009-05-08T02:36:25","guid":{"rendered":"http:\/\/www.oarcanjo.net\/site\/?p=3309"},"modified":"2009-05-07T23:36:25","modified_gmt":"2009-05-08T02:36:25","slug":"corajoso-procurador","status":"publish","type":"post","link":"https:\/\/www.oarcanjo.net\/site\/corajoso-procurador\/","title":{"rendered":"Corajoso Procurador"},"content":{"rendered":"<p>Pe. Geovane Saraiva<\/p>\n<p><em>\u201cO verdadeiro cristianismo rejeita a ideia de que uns nascem pobres e outros ricos, e que os pobres devem atribuir a sua pobreza \u00e0 vontade de Deus\u201d<\/em> (Dom Helder C\u00e2mara).<\/p>\n<p>Estive em Bras\u00edlia nos dias 28 e 29 de abril deste ano de 2009, participando, como convidado, do Senado Federal, das homenagens a Dom Helder C\u00e2mara, no seu centen\u00e1rio de nascimento. Para muita gente, ele foi o maior brasileiro de todos os tempos, homem pequeno na estatura, mas grande nos sonhos, nos ideais e na utopia, que t\u00e3o intrepidamente anunciou o Evangelho em sua plenitude e que o Senado Federal, em Sess\u00e3o Solene, reviveu e rendeu gra\u00e7as ao Bom Deus pela vida do artes\u00e3o da paz.<\/p>\n<p>Visitei o Gabinete dos procuradores da Rep\u00fablica Ant\u00f4nio Carneiro Sobrinho, ilustre filho de Vi\u00e7osa, que com grande bondade e hospitalidade me acolheu em sua casa; Paulo Roberto de Alencar Araripe Furtado, que por in\u00fameras vezes afirmou o nosso parentesco e que por alguns anos tive a sorte de ser seu diretor espiritual, quando era P\u00e1roco da Par\u00f3quia de S\u00e3o Francisco de Assis (Dias Macedo) aqui na cidade de Fortaleza e o Luiz Francisco de Souza, homem corajoso e destemido.<\/p>\n<p>Luiz Francisco de Souza, um homem de Deus em profundidade, ex-novi\u00e7o da Companhia de Jesus. Muito me honrou ao presentear-me o livro de sua autoria \u2013 \u201cSocialismo, Uma Utopia Crist\u00e3\u201d, Editora Casa Amarela, S\u00e3o Paulo, 2003. N\u00e3o se trata de um livro qualquer, mas de um livro, em um s\u00f3 volume, que nunca tinha visto, com 1.152 p\u00e1ginas, em que o s\u00e1bio e competente Procurador quer colocar na mente e no cora\u00e7\u00e3o do leitor a realidade do socialismo, que tem sua g\u00eanese na religi\u00e3o e que estamos diante de um grande desafio: Recuperar sua origem e suas ra\u00edzes e para isso urge abra\u00e7ar a Cruz de Nosso Senhor Jesus Cristo, na certeza de que ela \u00e9 redentora e libertadora. \u201cIn cruce salus et vida\u201d (Lema do Cardeal Alo\u00edsio Lorscheider).<\/p>\n<p>O precioso trabalho do corajoso procurador, com certeza, ser\u00e1 uma grande contribui\u00e7\u00e3o para que o mundo hodierno melhor compreenda a mensagem do Filho de Deus e procure coloc\u00e1-la em pr\u00e1tica. S\u00e3o mais de mil e cem p\u00e1ginas colocadas a servi\u00e7o do Reino de Deus. O autor deixa bem claro nos seus agradecimentos os primeiros destinat\u00e1rios de sua obra: Os servidores p\u00fablicos, os que lutam pela reforma agr\u00e1ria, pela aboli\u00e7\u00e3o da d\u00edvida externa, assim como pela auditoria da mesma [&#8230;] e ainda outras medidas contra o capital, o latif\u00fandio e o imperialismo.<\/p>\n<p>Dom Moacir Grechi, Arcebispo de Porto Velho, apresenta a grande e bela obra, dizendo: \u201cNosso valente procurador da Rep\u00fablica Luiz Francisco de Souza realizou um trabalho imenso: reuniu toda sorte de estudos, mostrando as ra\u00edzes religiosas do socialismo. Esse \u00e9  o fruto de uma leitura atenta e bem informada, feita ao longo de muitos anos. [&#8230;] o socialismo era originalmente religioso e que se deve recuperar suas ra\u00edzes para poder frutificar na hist\u00f3ria e ficar gravado de modo definitivo na mente do leitor\u201d.<\/p>\n<p>Para mim foi uma grande gra\u00e7a conhecer pessoalmente esse homem, grande na estatura, mas simples e humilde e, ao mesmo tempo, com os mesmos sonhos, ideais e utopias, \u201coutro cavaleiro andante\u201d, que colocou o dom precioso de sua vida a servi\u00e7o da vida, t\u00e3o bem conhecido do povo brasileiro. Outra gra\u00e7a, sem m\u00e9rito algum de minha parte, foi receber o seu pensamento, sua obra, com uma dedicat\u00f3ria toda especial. Deus seja louvado pelo nosso Corajoso Procurador da Rep\u00fablica e por seu magn\u00edfico livro. Que grande livro e que belo presente! Sua obra est\u00e1 bem dentro da vida do homenageado pelo Senado Federal, Dom Helder C\u00e2mara, que no ano do seu centen\u00e1rio, recordamos sua vida e seus pensamentos: \u201cA maneira de ajudar os outros \u00e9 provar-lhes que eles s\u00e3o capazes de pensar\u201d. <\/p>\n<div id=\"themify_builder_content-3309\" data-postid=\"3309\" class=\"themify_builder_content themify_builder_content-3309 themify_builder themify_builder_front\">\n\t<\/div>\n<!-- \/themify_builder_content -->","protected":false},"excerpt":{"rendered":"<p>Pe. Geovane Saraiva \u201cO verdadeiro cristianismo rejeita a ideia de que uns nascem pobres e outros ricos, e que os pobres devem atribuir a sua pobreza \u00e0 vontade de Deus\u201d (Dom Helder C\u00e2mara). Estive em Bras\u00edlia nos dias 28 e 29 de abril deste ano de 2009, participando, como convidado, do Senado Federal, das homenagens [&hellip;]<\/p>\n","protected":false},"author":5,"featured_media":0,"comment_status":"open","ping_status":"open","sticky":false,"template":"","format":"standard","meta":{"ngg_post_thumbnail":0,"footnotes":""},"categories":[192],"tags":[356,268,368],"yoast_head":"<!-- This site is optimized with the Yoast SEO plugin v23.5 - https:\/\/yoast.com\/wordpress\/plugins\/seo\/ -->\n<title>Corajoso Procurador - O Arcanjo no ar<\/title>\n<meta name=\"robots\" content=\"index, follow, max-snippet:-1, max-image-preview:large, max-video-preview:-1\" \/>\n<link rel=\"canonical\" href=\"https:\/\/www.oarcanjo.net\/site\/corajoso-procurador\/\" \/>\n<meta property=\"og:locale\" content=\"pt_BR\" \/>\n<meta property=\"og:type\" content=\"article\" \/>\n<meta property=\"og:title\" content=\"Corajoso Procurador - O Arcanjo no ar\" \/>\n<meta property=\"og:description\" content=\"Pe. Geovane Saraiva \u201cO verdadeiro cristianismo rejeita a ideia de que uns nascem pobres e outros ricos, e que os pobres devem atribuir a sua pobreza \u00e0 vontade de Deus\u201d (Dom Helder C\u00e2mara). Estive em Bras\u00edlia nos dias 28 e 29 de abril deste ano de 2009, participando, como convidado, do Senado Federal, das homenagens [&hellip;]\" \/>\n<meta property=\"og:url\" content=\"https:\/\/www.oarcanjo.net\/site\/corajoso-procurador\/\" \/>\n<meta property=\"og:site_name\" content=\"O Arcanjo no ar\" \/>\n<meta property=\"article:publisher\" content=\"https:\/\/www.facebook.com\/OArcanjoNoAr\/\" \/>\n<meta property=\"article:published_time\" content=\"2009-05-08T02:36:25+00:00\" \/>\n<meta property=\"og:image\" content=\"https:\/\/www.oarcanjo.net\/site\/wp-content\/uploads\/logo-o-arcanjo-no-ar-facebook.png\" \/>\n\t<meta property=\"og:image:width\" content=\"300\" \/>\n\t<meta property=\"og:image:height\" content=\"300\" \/>\n\t<meta property=\"og:image:type\" content=\"image\/png\" \/>\n<meta name=\"author\" content=\"editor\" \/>\n<meta name=\"twitter:card\" content=\"summary_large_image\" \/>\n<meta name=\"twitter:label1\" content=\"Escrito por\" \/>\n\t<meta name=\"twitter:data1\" content=\"editor\" \/>\n\t<meta name=\"twitter:label2\" content=\"Est. tempo de leitura\" \/>\n\t<meta name=\"twitter:data2\" content=\"3 minutos\" \/>\n<script type=\"application\/ld+json\" class=\"yoast-schema-graph\">{\"@context\":\"https:\/\/schema.org\",\"@graph\":[{\"@type\":\"Article\",\"@id\":\"https:\/\/www.oarcanjo.net\/site\/corajoso-procurador\/#article\",\"isPartOf\":{\"@id\":\"https:\/\/www.oarcanjo.net\/site\/corajoso-procurador\/\"},\"author\":{\"name\":\"editor\",\"@id\":\"https:\/\/www.oarcanjo.net\/site\/#\/schema\/person\/f7024d007863202483a31326673a0838\"},\"headline\":\"Corajoso Procurador\",\"datePublished\":\"2009-05-08T02:36:25+00:00\",\"dateModified\":\"2009-05-08T02:36:25+00:00\",\"mainEntityOfPage\":{\"@id\":\"https:\/\/www.oarcanjo.net\/site\/corajoso-procurador\/\"},\"wordCount\":675,\"commentCount\":0,\"publisher\":{\"@id\":\"https:\/\/www.oarcanjo.net\/site\/#organization\"},\"keywords\":[\"D. Helder Camara\",\"religi\u00e3o\",\"socialismo\"],\"articleSection\":[\"D. Helder C\u00e2mara\"],\"inLanguage\":\"pt-BR\",\"potentialAction\":[{\"@type\":\"CommentAction\",\"name\":\"Comment\",\"target\":[\"https:\/\/www.oarcanjo.net\/site\/corajoso-procurador\/#respond\"]}]},{\"@type\":\"WebPage\",\"@id\":\"https:\/\/www.oarcanjo.net\/site\/corajoso-procurador\/\",\"url\":\"https:\/\/www.oarcanjo.net\/site\/corajoso-procurador\/\",\"name\":\"Corajoso Procurador - O Arcanjo no ar\",\"isPartOf\":{\"@id\":\"https:\/\/www.oarcanjo.net\/site\/#website\"},\"datePublished\":\"2009-05-08T02:36:25+00:00\",\"dateModified\":\"2009-05-08T02:36:25+00:00\",\"breadcrumb\":{\"@id\":\"https:\/\/www.oarcanjo.net\/site\/corajoso-procurador\/#breadcrumb\"},\"inLanguage\":\"pt-BR\",\"potentialAction\":[{\"@type\":\"ReadAction\",\"target\":[\"https:\/\/www.oarcanjo.net\/site\/corajoso-procurador\/\"]}]},{\"@type\":\"BreadcrumbList\",\"@id\":\"https:\/\/www.oarcanjo.net\/site\/corajoso-procurador\/#breadcrumb\",\"itemListElement\":[{\"@type\":\"ListItem\",\"position\":1,\"name\":\"In\u00edcio\",\"item\":\"https:\/\/www.oarcanjo.net\/site\/\"},{\"@type\":\"ListItem\",\"position\":2,\"name\":\"Corajoso Procurador\"}]},{\"@type\":\"WebSite\",\"@id\":\"https:\/\/www.oarcanjo.net\/site\/#website\",\"url\":\"https:\/\/www.oarcanjo.net\/site\/\",\"name\":\"O Arcanjo no ar\",\"description\":\"Site da Par\u00f3quia S\u00e3o Miguel Arcanjo (Arquidiocese de SP)\",\"publisher\":{\"@id\":\"https:\/\/www.oarcanjo.net\/site\/#organization\"},\"potentialAction\":[{\"@type\":\"SearchAction\",\"target\":{\"@type\":\"EntryPoint\",\"urlTemplate\":\"https:\/\/www.oarcanjo.net\/site\/?s={search_term_string}\"},\"query-input\":{\"@type\":\"PropertyValueSpecification\",\"valueRequired\":true,\"valueName\":\"search_term_string\"}}],\"inLanguage\":\"pt-BR\"},{\"@type\":\"Organization\",\"@id\":\"https:\/\/www.oarcanjo.net\/site\/#organization\",\"name\":\"Par\u00f3quia S\u00e3o Miguel Arcanjo\",\"url\":\"https:\/\/www.oarcanjo.net\/site\/\",\"logo\":{\"@type\":\"ImageObject\",\"inLanguage\":\"pt-BR\",\"@id\":\"https:\/\/www.oarcanjo.net\/site\/#\/schema\/logo\/image\/\",\"url\":\"https:\/\/www.oarcanjo.net\/site\/wp-content\/uploads\/LogoOArcanjo.png\",\"contentUrl\":\"https:\/\/www.oarcanjo.net\/site\/wp-content\/uploads\/LogoOArcanjo.png\",\"width\":319,\"height\":99,\"caption\":\"Par\u00f3quia S\u00e3o Miguel Arcanjo\"},\"image\":{\"@id\":\"https:\/\/www.oarcanjo.net\/site\/#\/schema\/logo\/image\/\"},\"sameAs\":[\"https:\/\/www.facebook.com\/OArcanjoNoAr\/\"]},{\"@type\":\"Person\",\"@id\":\"https:\/\/www.oarcanjo.net\/site\/#\/schema\/person\/f7024d007863202483a31326673a0838\",\"name\":\"editor\",\"sameAs\":[\"http:\/\/www.oarcanjo.net\"]}]}<\/script>\n<!-- \/ Yoast SEO plugin. -->","yoast_head_json":{"title":"Corajoso Procurador - O Arcanjo no ar","robots":{"index":"index","follow":"follow","max-snippet":"max-snippet:-1","max-image-preview":"max-image-preview:large","max-video-preview":"max-video-preview:-1"},"canonical":"https:\/\/www.oarcanjo.net\/site\/corajoso-procurador\/","og_locale":"pt_BR","og_type":"article","og_title":"Corajoso Procurador - O Arcanjo no ar","og_description":"Pe. Geovane Saraiva \u201cO verdadeiro cristianismo rejeita a ideia de que uns nascem pobres e outros ricos, e que os pobres devem atribuir a sua pobreza \u00e0 vontade de Deus\u201d (Dom Helder C\u00e2mara). Estive em Bras\u00edlia nos dias 28 e 29 de abril deste ano de 2009, participando, como convidado, do Senado Federal, das homenagens [&hellip;]","og_url":"https:\/\/www.oarcanjo.net\/site\/corajoso-procurador\/","og_site_name":"O Arcanjo no ar","article_publisher":"https:\/\/www.facebook.com\/OArcanjoNoAr\/","article_published_time":"2009-05-08T02:36:25+00:00","og_image":[{"width":300,"height":300,"url":"https:\/\/www.oarcanjo.net\/site\/wp-content\/uploads\/logo-o-arcanjo-no-ar-facebook.png","type":"image\/png"}],"author":"editor","twitter_card":"summary_large_image","twitter_misc":{"Escrito por":"editor","Est. tempo de leitura":"3 minutos"},"schema":{"@context":"https:\/\/schema.org","@graph":[{"@type":"Article","@id":"https:\/\/www.oarcanjo.net\/site\/corajoso-procurador\/#article","isPartOf":{"@id":"https:\/\/www.oarcanjo.net\/site\/corajoso-procurador\/"},"author":{"name":"editor","@id":"https:\/\/www.oarcanjo.net\/site\/#\/schema\/person\/f7024d007863202483a31326673a0838"},"headline":"Corajoso Procurador","datePublished":"2009-05-08T02:36:25+00:00","dateModified":"2009-05-08T02:36:25+00:00","mainEntityOfPage":{"@id":"https:\/\/www.oarcanjo.net\/site\/corajoso-procurador\/"},"wordCount":675,"commentCount":0,"publisher":{"@id":"https:\/\/www.oarcanjo.net\/site\/#organization"},"keywords":["D. Helder Camara","religi\u00e3o","socialismo"],"articleSection":["D. Helder C\u00e2mara"],"inLanguage":"pt-BR","potentialAction":[{"@type":"CommentAction","name":"Comment","target":["https:\/\/www.oarcanjo.net\/site\/corajoso-procurador\/#respond"]}]},{"@type":"WebPage","@id":"https:\/\/www.oarcanjo.net\/site\/corajoso-procurador\/","url":"https:\/\/www.oarcanjo.net\/site\/corajoso-procurador\/","name":"Corajoso Procurador - O Arcanjo no ar","isPartOf":{"@id":"https:\/\/www.oarcanjo.net\/site\/#website"},"datePublished":"2009-05-08T02:36:25+00:00","dateModified":"2009-05-08T02:36:25+00:00","breadcrumb":{"@id":"https:\/\/www.oarcanjo.net\/site\/corajoso-procurador\/#breadcrumb"},"inLanguage":"pt-BR","potentialAction":[{"@type":"ReadAction","target":["https:\/\/www.oarcanjo.net\/site\/corajoso-procurador\/"]}]},{"@type":"BreadcrumbList","@id":"https:\/\/www.oarcanjo.net\/site\/corajoso-procurador\/#breadcrumb","itemListElement":[{"@type":"ListItem","position":1,"name":"In\u00edcio","item":"https:\/\/www.oarcanjo.net\/site\/"},{"@type":"ListItem","position":2,"name":"Corajoso Procurador"}]},{"@type":"WebSite","@id":"https:\/\/www.oarcanjo.net\/site\/#website","url":"https:\/\/www.oarcanjo.net\/site\/","name":"O Arcanjo no ar","description":"Site da Par\u00f3quia S\u00e3o Miguel Arcanjo (Arquidiocese de SP)","publisher":{"@id":"https:\/\/www.oarcanjo.net\/site\/#organization"},"potentialAction":[{"@type":"SearchAction","target":{"@type":"EntryPoint","urlTemplate":"https:\/\/www.oarcanjo.net\/site\/?s={search_term_string}"},"query-input":{"@type":"PropertyValueSpecification","valueRequired":true,"valueName":"search_term_string"}}],"inLanguage":"pt-BR"},{"@type":"Organization","@id":"https:\/\/www.oarcanjo.net\/site\/#organization","name":"Par\u00f3quia S\u00e3o Miguel Arcanjo","url":"https:\/\/www.oarcanjo.net\/site\/","logo":{"@type":"ImageObject","inLanguage":"pt-BR","@id":"https:\/\/www.oarcanjo.net\/site\/#\/schema\/logo\/image\/","url":"https:\/\/www.oarcanjo.net\/site\/wp-content\/uploads\/LogoOArcanjo.png","contentUrl":"https:\/\/www.oarcanjo.net\/site\/wp-content\/uploads\/LogoOArcanjo.png","width":319,"height":99,"caption":"Par\u00f3quia S\u00e3o Miguel Arcanjo"},"image":{"@id":"https:\/\/www.oarcanjo.net\/site\/#\/schema\/logo\/image\/"},"sameAs":["https:\/\/www.facebook.com\/OArcanjoNoAr\/"]},{"@type":"Person","@id":"https:\/\/www.oarcanjo.net\/site\/#\/schema\/person\/f7024d007863202483a31326673a0838","name":"editor","sameAs":["http:\/\/www.oarcanjo.net"]}]}},"publishpress_future_action":{"enabled":false,"date":"2026-05-07 17:03:24","action":"category","newStatus":"draft","terms":[],"taxonomy":"category"},"publishpress_future_workflow_manual_trigger":{"enabledWorkflows":[]},"_links":{"self":[{"href":"https:\/\/www.oarcanjo.net\/site\/wp-json\/wp\/v2\/posts\/3309"}],"collection":[{"href":"https:\/\/www.oarcanjo.net\/site\/wp-json\/wp\/v2\/posts"}],"about":[{"href":"https:\/\/www.oarcanjo.net\/site\/wp-json\/wp\/v2\/types\/post"}],"author":[{"embeddable":true,"href":"https:\/\/www.oarcanjo.net\/site\/wp-json\/wp\/v2\/users\/5"}],"replies":[{"embeddable":true,"href":"https:\/\/www.oarcanjo.net\/site\/wp-json\/wp\/v2\/comments?post=3309"}],"version-history":[{"count":0,"href":"https:\/\/www.oarcanjo.net\/site\/wp-json\/wp\/v2\/posts\/3309\/revisions"}],"wp:attachment":[{"href":"https:\/\/www.oarcanjo.net\/site\/wp-json\/wp\/v2\/media?parent=3309"}],"wp:term":[{"taxonomy":"category","embeddable":true,"href":"https:\/\/www.oarcanjo.net\/site\/wp-json\/wp\/v2\/categories?post=3309"},{"taxonomy":"post_tag","embeddable":true,"href":"https:\/\/www.oarcanjo.net\/site\/wp-json\/wp\/v2\/tags?post=3309"}],"curies":[{"name":"wp","href":"https:\/\/api.w.org\/{rel}","templated":true}]}}