
{"id":331,"date":"2008-10-09T13:48:38","date_gmt":"2008-10-09T16:48:38","guid":{"rendered":"http:\/\/www.oarcanjo.net\/site\/?p=331"},"modified":"2008-10-09T13:53:23","modified_gmt":"2008-10-09T16:53:23","slug":"mes-de-outubro","status":"publish","type":"post","link":"https:\/\/www.oarcanjo.net\/site\/mes-de-outubro\/","title":{"rendered":"M\u00eas de outubro"},"content":{"rendered":"<p>Neste m\u00eas, muitos fatos nos chamam a aten\u00e7\u00e3o.<\/p>\n<p>Outubro \u00e9 o m\u00eas das Miss\u00f5es, somos todos chamados a ser mission\u00e1rios e disc\u00edpulos do Senhor Jesus. <\/p>\n<p>No m\u00eas das Miss\u00f5es e do S\u00ednodo dos bispos para a &#8220;Palavra de Deus&#8221; em Roma, nosso cardeal arcebispo \u00e9 Presidente Delegado do S\u00ednodo, o que para n\u00f3s \u00e9 uma grande alegria.<\/p>\n<p>Este m\u00eas tamb\u00e9m trouxe o resultado das elei\u00e7\u00f5es, vereadores eleitos, suplentes, muitas surpresas que levam a pensar que as comunidades est\u00e3o cada vez mais apol\u00edticas, que os votos s\u00e3o individualistas e que estamos perdendo o senso comunit\u00e1rio de nossas a\u00e7\u00f5es.<\/p>\n<p>Os vereadores eleitos mostram o poder da m\u00eddia, das igrejas evang\u00e9licas que se posicionam politicamente, dos movimentos desencarnados e do recuo e desmobiliza\u00e7\u00e3o dos movimentos sociais.<\/p>\n<p>A cidade n\u00e3o se conhece, n\u00e3o se v\u00ea como um todo; o centro n\u00e3o conhece a periferia e n\u00e3o se compromete com seus problemas e desafios.<\/p>\n<p>O segundo turno est\u00e1 a\u00ed, parece que j\u00e1 decidido, \u00e9 a cara da cidade!<\/p>\n<p>Hoje, mais um morador de rua foi queimado, no lindo e apraz\u00edvel Tatuap\u00e9, que se orgulha de seu progresso e beleza.<\/p>\n<p>Fato doloroso e simb\u00f3lico.<\/p>\n<p>O povo da rua \u00e9 queimado no Tatuap\u00e9, na Mooca, bairros onde o n\u00edvel de rejei\u00e7\u00e3o aos pobres e exclu\u00eddos \u00e9 grande. Gra\u00e7as a Deus, nesses bairros muitos se mobilizam em defesa da Vida e da Paz!<\/p>\n<p>A Miss\u00e3o, a Palavra de Deus e o compromisso de f\u00e9 devem e precisam nos impulsionar para um maior compromisso com a vida dos desprotegidos e exclu\u00eddos.<\/p>\n<p>Seguir Jesus \u00e9 arriscado porque \u00e9 um ato de amor, o amor \u00e9 perigoso porque passa pela cruz, \u00fanico caminho da ressurei\u00e7\u00e3o.<\/p>\n<p><em>Pe. J\u00falio Lancellotti<\/em><\/p>\n<div id=\"themify_builder_content-331\" data-postid=\"331\" class=\"themify_builder_content themify_builder_content-331 themify_builder themify_builder_front\">\n\t<\/div>\n<!-- \/themify_builder_content -->","protected":false},"excerpt":{"rendered":"<p>Neste m\u00eas, muitos fatos nos chamam a aten\u00e7\u00e3o. Outubro \u00e9 o m\u00eas das Miss\u00f5es, somos todos chamados a ser mission\u00e1rios e disc\u00edpulos do Senhor Jesus. No m\u00eas das Miss\u00f5es e do S\u00ednodo dos bispos para a &#8220;Palavra de Deus&#8221; em Roma, nosso cardeal arcebispo \u00e9 Presidente Delegado do S\u00ednodo, o que para n\u00f3s \u00e9 uma [&hellip;]<\/p>\n","protected":false},"author":4,"featured_media":0,"comment_status":"open","ping_status":"open","sticky":false,"template":"","format":"standard","meta":{"ngg_post_thumbnail":0,"footnotes":""},"categories":[4],"tags":[41,40,32],"yoast_head":"<!-- This site is optimized with the Yoast SEO plugin v23.5 - https:\/\/yoast.com\/wordpress\/plugins\/seo\/ -->\n<title>M\u00eas de outubro - O Arcanjo no ar<\/title>\n<meta name=\"robots\" content=\"index, follow, max-snippet:-1, max-image-preview:large, max-video-preview:-1\" \/>\n<link rel=\"canonical\" href=\"https:\/\/www.oarcanjo.net\/site\/mes-de-outubro\/\" \/>\n<meta property=\"og:locale\" content=\"pt_BR\" \/>\n<meta property=\"og:type\" content=\"article\" \/>\n<meta property=\"og:title\" content=\"M\u00eas de outubro - O Arcanjo no ar\" \/>\n<meta property=\"og:description\" content=\"Neste m\u00eas, muitos fatos nos chamam a aten\u00e7\u00e3o. Outubro \u00e9 o m\u00eas das Miss\u00f5es, somos todos chamados a ser mission\u00e1rios e disc\u00edpulos do Senhor Jesus. No m\u00eas das Miss\u00f5es e do S\u00ednodo dos bispos para a &#8220;Palavra de Deus&#8221; em Roma, nosso cardeal arcebispo \u00e9 Presidente Delegado do S\u00ednodo, o que para n\u00f3s \u00e9 uma [&hellip;]\" \/>\n<meta property=\"og:url\" content=\"https:\/\/www.oarcanjo.net\/site\/mes-de-outubro\/\" \/>\n<meta property=\"og:site_name\" content=\"O Arcanjo no ar\" \/>\n<meta property=\"article:publisher\" content=\"https:\/\/www.facebook.com\/OArcanjoNoAr\/\" \/>\n<meta property=\"article:published_time\" content=\"2008-10-09T16:48:38+00:00\" \/>\n<meta property=\"article:modified_time\" content=\"2008-10-09T16:53:23+00:00\" \/>\n<meta property=\"og:image\" content=\"https:\/\/www.oarcanjo.net\/site\/wp-content\/uploads\/logo-o-arcanjo-no-ar-facebook.png\" \/>\n\t<meta property=\"og:image:width\" content=\"300\" \/>\n\t<meta property=\"og:image:height\" content=\"300\" \/>\n\t<meta property=\"og:image:type\" content=\"image\/png\" \/>\n<meta name=\"author\" content=\"julio\" \/>\n<meta name=\"twitter:card\" content=\"summary_large_image\" \/>\n<meta name=\"twitter:label1\" content=\"Escrito por\" \/>\n\t<meta name=\"twitter:data1\" content=\"julio\" \/>\n\t<meta name=\"twitter:label2\" content=\"Est. tempo de leitura\" \/>\n\t<meta name=\"twitter:data2\" content=\"2 minutos\" \/>\n<script type=\"application\/ld+json\" class=\"yoast-schema-graph\">{\"@context\":\"https:\/\/schema.org\",\"@graph\":[{\"@type\":\"Article\",\"@id\":\"https:\/\/www.oarcanjo.net\/site\/mes-de-outubro\/#article\",\"isPartOf\":{\"@id\":\"https:\/\/www.oarcanjo.net\/site\/mes-de-outubro\/\"},\"author\":{\"name\":\"julio\",\"@id\":\"https:\/\/www.oarcanjo.net\/site\/#\/schema\/person\/d78ea01c648c91e29c364b516767079e\"},\"headline\":\"M\u00eas de outubro\",\"datePublished\":\"2008-10-09T16:48:38+00:00\",\"dateModified\":\"2008-10-09T16:53:23+00:00\",\"mainEntityOfPage\":{\"@id\":\"https:\/\/www.oarcanjo.net\/site\/mes-de-outubro\/\"},\"wordCount\":308,\"commentCount\":0,\"publisher\":{\"@id\":\"https:\/\/www.oarcanjo.net\/site\/#organization\"},\"keywords\":[\"elei\u00e7\u00f5es\",\"miss\u00f5es\",\"s\u00ednodo\"],\"articleSection\":[\"Blog\"],\"inLanguage\":\"pt-BR\",\"potentialAction\":[{\"@type\":\"CommentAction\",\"name\":\"Comment\",\"target\":[\"https:\/\/www.oarcanjo.net\/site\/mes-de-outubro\/#respond\"]}]},{\"@type\":\"WebPage\",\"@id\":\"https:\/\/www.oarcanjo.net\/site\/mes-de-outubro\/\",\"url\":\"https:\/\/www.oarcanjo.net\/site\/mes-de-outubro\/\",\"name\":\"M\u00eas de outubro - O Arcanjo no ar\",\"isPartOf\":{\"@id\":\"https:\/\/www.oarcanjo.net\/site\/#website\"},\"datePublished\":\"2008-10-09T16:48:38+00:00\",\"dateModified\":\"2008-10-09T16:53:23+00:00\",\"breadcrumb\":{\"@id\":\"https:\/\/www.oarcanjo.net\/site\/mes-de-outubro\/#breadcrumb\"},\"inLanguage\":\"pt-BR\",\"potentialAction\":[{\"@type\":\"ReadAction\",\"target\":[\"https:\/\/www.oarcanjo.net\/site\/mes-de-outubro\/\"]}]},{\"@type\":\"BreadcrumbList\",\"@id\":\"https:\/\/www.oarcanjo.net\/site\/mes-de-outubro\/#breadcrumb\",\"itemListElement\":[{\"@type\":\"ListItem\",\"position\":1,\"name\":\"In\u00edcio\",\"item\":\"https:\/\/www.oarcanjo.net\/site\/\"},{\"@type\":\"ListItem\",\"position\":2,\"name\":\"M\u00eas de outubro\"}]},{\"@type\":\"WebSite\",\"@id\":\"https:\/\/www.oarcanjo.net\/site\/#website\",\"url\":\"https:\/\/www.oarcanjo.net\/site\/\",\"name\":\"O Arcanjo no ar\",\"description\":\"Site da Par\u00f3quia S\u00e3o Miguel Arcanjo (Arquidiocese de SP)\",\"publisher\":{\"@id\":\"https:\/\/www.oarcanjo.net\/site\/#organization\"},\"potentialAction\":[{\"@type\":\"SearchAction\",\"target\":{\"@type\":\"EntryPoint\",\"urlTemplate\":\"https:\/\/www.oarcanjo.net\/site\/?s={search_term_string}\"},\"query-input\":{\"@type\":\"PropertyValueSpecification\",\"valueRequired\":true,\"valueName\":\"search_term_string\"}}],\"inLanguage\":\"pt-BR\"},{\"@type\":\"Organization\",\"@id\":\"https:\/\/www.oarcanjo.net\/site\/#organization\",\"name\":\"Par\u00f3quia S\u00e3o Miguel Arcanjo\",\"url\":\"https:\/\/www.oarcanjo.net\/site\/\",\"logo\":{\"@type\":\"ImageObject\",\"inLanguage\":\"pt-BR\",\"@id\":\"https:\/\/www.oarcanjo.net\/site\/#\/schema\/logo\/image\/\",\"url\":\"https:\/\/www.oarcanjo.net\/site\/wp-content\/uploads\/LogoOArcanjo.png\",\"contentUrl\":\"https:\/\/www.oarcanjo.net\/site\/wp-content\/uploads\/LogoOArcanjo.png\",\"width\":319,\"height\":99,\"caption\":\"Par\u00f3quia S\u00e3o Miguel Arcanjo\"},\"image\":{\"@id\":\"https:\/\/www.oarcanjo.net\/site\/#\/schema\/logo\/image\/\"},\"sameAs\":[\"https:\/\/www.facebook.com\/OArcanjoNoAr\/\"]},{\"@type\":\"Person\",\"@id\":\"https:\/\/www.oarcanjo.net\/site\/#\/schema\/person\/d78ea01c648c91e29c364b516767079e\",\"name\":\"julio\",\"sameAs\":[\"http:\/\/www.oarcanjo.net\"]}]}<\/script>\n<!-- \/ Yoast SEO plugin. -->","yoast_head_json":{"title":"M\u00eas de outubro - O Arcanjo no ar","robots":{"index":"index","follow":"follow","max-snippet":"max-snippet:-1","max-image-preview":"max-image-preview:large","max-video-preview":"max-video-preview:-1"},"canonical":"https:\/\/www.oarcanjo.net\/site\/mes-de-outubro\/","og_locale":"pt_BR","og_type":"article","og_title":"M\u00eas de outubro - O Arcanjo no ar","og_description":"Neste m\u00eas, muitos fatos nos chamam a aten\u00e7\u00e3o. Outubro \u00e9 o m\u00eas das Miss\u00f5es, somos todos chamados a ser mission\u00e1rios e disc\u00edpulos do Senhor Jesus. No m\u00eas das Miss\u00f5es e do S\u00ednodo dos bispos para a &#8220;Palavra de Deus&#8221; em Roma, nosso cardeal arcebispo \u00e9 Presidente Delegado do S\u00ednodo, o que para n\u00f3s \u00e9 uma [&hellip;]","og_url":"https:\/\/www.oarcanjo.net\/site\/mes-de-outubro\/","og_site_name":"O Arcanjo no ar","article_publisher":"https:\/\/www.facebook.com\/OArcanjoNoAr\/","article_published_time":"2008-10-09T16:48:38+00:00","article_modified_time":"2008-10-09T16:53:23+00:00","og_image":[{"width":300,"height":300,"url":"https:\/\/www.oarcanjo.net\/site\/wp-content\/uploads\/logo-o-arcanjo-no-ar-facebook.png","type":"image\/png"}],"author":"julio","twitter_card":"summary_large_image","twitter_misc":{"Escrito por":"julio","Est. tempo de leitura":"2 minutos"},"schema":{"@context":"https:\/\/schema.org","@graph":[{"@type":"Article","@id":"https:\/\/www.oarcanjo.net\/site\/mes-de-outubro\/#article","isPartOf":{"@id":"https:\/\/www.oarcanjo.net\/site\/mes-de-outubro\/"},"author":{"name":"julio","@id":"https:\/\/www.oarcanjo.net\/site\/#\/schema\/person\/d78ea01c648c91e29c364b516767079e"},"headline":"M\u00eas de outubro","datePublished":"2008-10-09T16:48:38+00:00","dateModified":"2008-10-09T16:53:23+00:00","mainEntityOfPage":{"@id":"https:\/\/www.oarcanjo.net\/site\/mes-de-outubro\/"},"wordCount":308,"commentCount":0,"publisher":{"@id":"https:\/\/www.oarcanjo.net\/site\/#organization"},"keywords":["elei\u00e7\u00f5es","miss\u00f5es","s\u00ednodo"],"articleSection":["Blog"],"inLanguage":"pt-BR","potentialAction":[{"@type":"CommentAction","name":"Comment","target":["https:\/\/www.oarcanjo.net\/site\/mes-de-outubro\/#respond"]}]},{"@type":"WebPage","@id":"https:\/\/www.oarcanjo.net\/site\/mes-de-outubro\/","url":"https:\/\/www.oarcanjo.net\/site\/mes-de-outubro\/","name":"M\u00eas de outubro - O Arcanjo no ar","isPartOf":{"@id":"https:\/\/www.oarcanjo.net\/site\/#website"},"datePublished":"2008-10-09T16:48:38+00:00","dateModified":"2008-10-09T16:53:23+00:00","breadcrumb":{"@id":"https:\/\/www.oarcanjo.net\/site\/mes-de-outubro\/#breadcrumb"},"inLanguage":"pt-BR","potentialAction":[{"@type":"ReadAction","target":["https:\/\/www.oarcanjo.net\/site\/mes-de-outubro\/"]}]},{"@type":"BreadcrumbList","@id":"https:\/\/www.oarcanjo.net\/site\/mes-de-outubro\/#breadcrumb","itemListElement":[{"@type":"ListItem","position":1,"name":"In\u00edcio","item":"https:\/\/www.oarcanjo.net\/site\/"},{"@type":"ListItem","position":2,"name":"M\u00eas de outubro"}]},{"@type":"WebSite","@id":"https:\/\/www.oarcanjo.net\/site\/#website","url":"https:\/\/www.oarcanjo.net\/site\/","name":"O Arcanjo no ar","description":"Site da Par\u00f3quia S\u00e3o Miguel Arcanjo (Arquidiocese de SP)","publisher":{"@id":"https:\/\/www.oarcanjo.net\/site\/#organization"},"potentialAction":[{"@type":"SearchAction","target":{"@type":"EntryPoint","urlTemplate":"https:\/\/www.oarcanjo.net\/site\/?s={search_term_string}"},"query-input":{"@type":"PropertyValueSpecification","valueRequired":true,"valueName":"search_term_string"}}],"inLanguage":"pt-BR"},{"@type":"Organization","@id":"https:\/\/www.oarcanjo.net\/site\/#organization","name":"Par\u00f3quia S\u00e3o Miguel Arcanjo","url":"https:\/\/www.oarcanjo.net\/site\/","logo":{"@type":"ImageObject","inLanguage":"pt-BR","@id":"https:\/\/www.oarcanjo.net\/site\/#\/schema\/logo\/image\/","url":"https:\/\/www.oarcanjo.net\/site\/wp-content\/uploads\/LogoOArcanjo.png","contentUrl":"https:\/\/www.oarcanjo.net\/site\/wp-content\/uploads\/LogoOArcanjo.png","width":319,"height":99,"caption":"Par\u00f3quia S\u00e3o Miguel Arcanjo"},"image":{"@id":"https:\/\/www.oarcanjo.net\/site\/#\/schema\/logo\/image\/"},"sameAs":["https:\/\/www.facebook.com\/OArcanjoNoAr\/"]},{"@type":"Person","@id":"https:\/\/www.oarcanjo.net\/site\/#\/schema\/person\/d78ea01c648c91e29c364b516767079e","name":"julio","sameAs":["http:\/\/www.oarcanjo.net"]}]}},"publishpress_future_action":{"enabled":false,"date":"2026-05-06 07:13:54","action":"category","newStatus":"draft","terms":[],"taxonomy":"category"},"publishpress_future_workflow_manual_trigger":{"enabledWorkflows":[]},"_links":{"self":[{"href":"https:\/\/www.oarcanjo.net\/site\/wp-json\/wp\/v2\/posts\/331"}],"collection":[{"href":"https:\/\/www.oarcanjo.net\/site\/wp-json\/wp\/v2\/posts"}],"about":[{"href":"https:\/\/www.oarcanjo.net\/site\/wp-json\/wp\/v2\/types\/post"}],"author":[{"embeddable":true,"href":"https:\/\/www.oarcanjo.net\/site\/wp-json\/wp\/v2\/users\/4"}],"replies":[{"embeddable":true,"href":"https:\/\/www.oarcanjo.net\/site\/wp-json\/wp\/v2\/comments?post=331"}],"version-history":[{"count":0,"href":"https:\/\/www.oarcanjo.net\/site\/wp-json\/wp\/v2\/posts\/331\/revisions"}],"wp:attachment":[{"href":"https:\/\/www.oarcanjo.net\/site\/wp-json\/wp\/v2\/media?parent=331"}],"wp:term":[{"taxonomy":"category","embeddable":true,"href":"https:\/\/www.oarcanjo.net\/site\/wp-json\/wp\/v2\/categories?post=331"},{"taxonomy":"post_tag","embeddable":true,"href":"https:\/\/www.oarcanjo.net\/site\/wp-json\/wp\/v2\/tags?post=331"}],"curies":[{"name":"wp","href":"https:\/\/api.w.org\/{rel}","templated":true}]}}