
{"id":3313,"date":"2009-05-09T10:04:43","date_gmt":"2009-05-09T13:04:43","guid":{"rendered":"http:\/\/www.oarcanjo.net\/site\/?p=3313"},"modified":"2009-05-09T10:04:43","modified_gmt":"2009-05-09T13:04:43","slug":"nossa-senhora-da-saude","status":"publish","type":"post","link":"https:\/\/www.oarcanjo.net\/site\/nossa-senhora-da-saude\/","title":{"rendered":"Nossa Senhora da Sa\u00fade"},"content":{"rendered":"<p>Gilda Carvalho<\/p>\n<p>A devo\u00e7\u00e3o a Nossa Senhora da Sa\u00fade \u00e9 uma das mais antigas e tradicionais do Catolicismo. Relatos remontam \u00e0 IV Cruzada, em 1202, quando Henrique Dandolo, capit\u00e3o da frota veneziana enviou de Constantinopla para Veneza uma imagem da Virgem que os acompanhara nos campos de batalha e aquela foi colocada na bas\u00edlica de S\u00e3o Marcos. Quando da peste em Veneza, os crist\u00e3os suplicaram \u00e0 Virgem e o flagelo diminuiu.  Ent\u00e3o, foi erguida uma igreja dedicada a Santa Maria da Sa\u00fade.<\/p>\n<p>Outros relatos remetem ao ano de 1568, quando da peste em Portugal.  \u00c0 \u00e9poca, os crist\u00e3os pediram a Nossa Senhora que diminu\u00edsse os horrores da epidemia e, tendo sido atendidos, ergueram uma igreja e fundaram a Confraria de Nossa Senhora da Sa\u00fade. <\/p>\n<p>Uma das invoca\u00e7\u00f5es de Nossa Senhora desde os princ\u00edpios do Cristianismo \u00e9 Sa\u00fade dos Enfermos e muitos doutores da Igreja citam sua s\u00faplica constante a Jesus por aqueles que sofrem.  Um dos fundamentos de tal devo\u00e7\u00e3o est\u00e1 na presen\u00e7a constante de Maria junto a Jesus, tendo presenciado muitas de Suas curas. Maria, durante sua vida, nunca praticou curas ou milagres, mas intercedeu junto a Jesus pelos sofredores e pelos necessitados.<\/p>\n<p><strong>Ora\u00e7\u00e3o a Nossa Senhora da Sa\u00fade<\/strong><br \/>\nVirgem Pur\u00edssima, que sois a Sa\u00fade dos Enfermos,<br \/>\no Ref\u00fagio dos Pecadores, a Consoladora dos Aflitos<br \/>\ne a Despenseira de todas as gra\u00e7as,<br \/>\nna minha fraqueza e no meu des\u00e2nimo,<br \/>\napelo hoje para os tesouros de vossa Divina miseric\u00f3rdia e bondade<br \/>\ne atrevo-me a chamar-vos pelo doce nome de M\u00e3e.<br \/>\nSim, \u00f3 M\u00e3e, atendei-me em minha enfermidade,<br \/>\ndai-me a sa\u00fade do corpo para que possa cumprir os meus deveres<br \/>\ncom \u00e2nimo e alegria, e<br \/>\ncom a mesma disposi\u00e7\u00e3o sirva a vosso Filho Jesus<br \/>\ne agrade\u00e7a a v\u00f3s, Sa\u00fade dos Enfermos.<br \/>\nNossa Senhora da Sa\u00fade rogai por n\u00f3s!<br \/>\nAm\u00e9m!<\/p>\n<div id=\"themify_builder_content-3313\" data-postid=\"3313\" class=\"themify_builder_content themify_builder_content-3313 themify_builder themify_builder_front\">\n\t<\/div>\n<!-- \/themify_builder_content -->","protected":false},"excerpt":{"rendered":"<p>Gilda Carvalho A devo\u00e7\u00e3o a Nossa Senhora da Sa\u00fade \u00e9 uma das mais antigas e tradicionais do Catolicismo. Relatos remontam \u00e0 IV Cruzada, em 1202, quando Henrique Dandolo, capit\u00e3o da frota veneziana enviou de Constantinopla para Veneza uma imagem da Virgem que os acompanhara nos campos de batalha e aquela foi colocada na bas\u00edlica de [&hellip;]<\/p>\n","protected":false},"author":5,"featured_media":0,"comment_status":"open","ping_status":"open","sticky":false,"template":"","format":"standard","meta":{"ngg_post_thumbnail":0,"footnotes":""},"categories":[6],"tags":[349,46,437],"yoast_head":"<!-- This site is optimized with the Yoast SEO plugin v23.5 - https:\/\/yoast.com\/wordpress\/plugins\/seo\/ -->\n<title>Nossa Senhora da Sa\u00fade - O Arcanjo no ar<\/title>\n<meta name=\"robots\" content=\"index, follow, max-snippet:-1, max-image-preview:large, max-video-preview:-1\" \/>\n<link rel=\"canonical\" href=\"https:\/\/www.oarcanjo.net\/site\/nossa-senhora-da-saude\/\" \/>\n<meta property=\"og:locale\" content=\"pt_BR\" \/>\n<meta property=\"og:type\" content=\"article\" \/>\n<meta property=\"og:title\" content=\"Nossa Senhora da Sa\u00fade - O Arcanjo no ar\" \/>\n<meta property=\"og:description\" content=\"Gilda Carvalho A devo\u00e7\u00e3o a Nossa Senhora da Sa\u00fade \u00e9 uma das mais antigas e tradicionais do Catolicismo. Relatos remontam \u00e0 IV Cruzada, em 1202, quando Henrique Dandolo, capit\u00e3o da frota veneziana enviou de Constantinopla para Veneza uma imagem da Virgem que os acompanhara nos campos de batalha e aquela foi colocada na bas\u00edlica de [&hellip;]\" \/>\n<meta property=\"og:url\" content=\"https:\/\/www.oarcanjo.net\/site\/nossa-senhora-da-saude\/\" \/>\n<meta property=\"og:site_name\" content=\"O Arcanjo no ar\" \/>\n<meta property=\"article:publisher\" content=\"https:\/\/www.facebook.com\/OArcanjoNoAr\/\" \/>\n<meta property=\"article:published_time\" content=\"2009-05-09T13:04:43+00:00\" \/>\n<meta property=\"og:image\" content=\"https:\/\/www.oarcanjo.net\/site\/wp-content\/uploads\/logo-o-arcanjo-no-ar-facebook.png\" \/>\n\t<meta property=\"og:image:width\" content=\"300\" \/>\n\t<meta property=\"og:image:height\" content=\"300\" \/>\n\t<meta property=\"og:image:type\" content=\"image\/png\" \/>\n<meta name=\"author\" content=\"editor\" \/>\n<meta name=\"twitter:card\" content=\"summary_large_image\" \/>\n<meta name=\"twitter:label1\" content=\"Escrito por\" \/>\n\t<meta name=\"twitter:data1\" content=\"editor\" \/>\n\t<meta name=\"twitter:label2\" content=\"Est. tempo de leitura\" \/>\n\t<meta name=\"twitter:data2\" content=\"2 minutos\" \/>\n<script type=\"application\/ld+json\" class=\"yoast-schema-graph\">{\"@context\":\"https:\/\/schema.org\",\"@graph\":[{\"@type\":\"Article\",\"@id\":\"https:\/\/www.oarcanjo.net\/site\/nossa-senhora-da-saude\/#article\",\"isPartOf\":{\"@id\":\"https:\/\/www.oarcanjo.net\/site\/nossa-senhora-da-saude\/\"},\"author\":{\"name\":\"editor\",\"@id\":\"https:\/\/www.oarcanjo.net\/site\/#\/schema\/person\/f7024d007863202483a31326673a0838\"},\"headline\":\"Nossa Senhora da Sa\u00fade\",\"datePublished\":\"2009-05-09T13:04:43+00:00\",\"dateModified\":\"2009-05-09T13:04:43+00:00\",\"mainEntityOfPage\":{\"@id\":\"https:\/\/www.oarcanjo.net\/site\/nossa-senhora-da-saude\/\"},\"wordCount\":330,\"commentCount\":18,\"publisher\":{\"@id\":\"https:\/\/www.oarcanjo.net\/site\/#organization\"},\"keywords\":[\"Maria\",\"nossa senhora\",\"sa\u00fade\"],\"articleSection\":[\"Ora\u00e7\u00f5es\"],\"inLanguage\":\"pt-BR\",\"potentialAction\":[{\"@type\":\"CommentAction\",\"name\":\"Comment\",\"target\":[\"https:\/\/www.oarcanjo.net\/site\/nossa-senhora-da-saude\/#respond\"]}]},{\"@type\":\"WebPage\",\"@id\":\"https:\/\/www.oarcanjo.net\/site\/nossa-senhora-da-saude\/\",\"url\":\"https:\/\/www.oarcanjo.net\/site\/nossa-senhora-da-saude\/\",\"name\":\"Nossa Senhora da Sa\u00fade - O Arcanjo no ar\",\"isPartOf\":{\"@id\":\"https:\/\/www.oarcanjo.net\/site\/#website\"},\"datePublished\":\"2009-05-09T13:04:43+00:00\",\"dateModified\":\"2009-05-09T13:04:43+00:00\",\"breadcrumb\":{\"@id\":\"https:\/\/www.oarcanjo.net\/site\/nossa-senhora-da-saude\/#breadcrumb\"},\"inLanguage\":\"pt-BR\",\"potentialAction\":[{\"@type\":\"ReadAction\",\"target\":[\"https:\/\/www.oarcanjo.net\/site\/nossa-senhora-da-saude\/\"]}]},{\"@type\":\"BreadcrumbList\",\"@id\":\"https:\/\/www.oarcanjo.net\/site\/nossa-senhora-da-saude\/#breadcrumb\",\"itemListElement\":[{\"@type\":\"ListItem\",\"position\":1,\"name\":\"In\u00edcio\",\"item\":\"https:\/\/www.oarcanjo.net\/site\/\"},{\"@type\":\"ListItem\",\"position\":2,\"name\":\"Nossa Senhora da Sa\u00fade\"}]},{\"@type\":\"WebSite\",\"@id\":\"https:\/\/www.oarcanjo.net\/site\/#website\",\"url\":\"https:\/\/www.oarcanjo.net\/site\/\",\"name\":\"O Arcanjo no ar\",\"description\":\"Site da Par\u00f3quia S\u00e3o Miguel Arcanjo (Arquidiocese de SP)\",\"publisher\":{\"@id\":\"https:\/\/www.oarcanjo.net\/site\/#organization\"},\"potentialAction\":[{\"@type\":\"SearchAction\",\"target\":{\"@type\":\"EntryPoint\",\"urlTemplate\":\"https:\/\/www.oarcanjo.net\/site\/?s={search_term_string}\"},\"query-input\":{\"@type\":\"PropertyValueSpecification\",\"valueRequired\":true,\"valueName\":\"search_term_string\"}}],\"inLanguage\":\"pt-BR\"},{\"@type\":\"Organization\",\"@id\":\"https:\/\/www.oarcanjo.net\/site\/#organization\",\"name\":\"Par\u00f3quia S\u00e3o Miguel Arcanjo\",\"url\":\"https:\/\/www.oarcanjo.net\/site\/\",\"logo\":{\"@type\":\"ImageObject\",\"inLanguage\":\"pt-BR\",\"@id\":\"https:\/\/www.oarcanjo.net\/site\/#\/schema\/logo\/image\/\",\"url\":\"https:\/\/www.oarcanjo.net\/site\/wp-content\/uploads\/LogoOArcanjo.png\",\"contentUrl\":\"https:\/\/www.oarcanjo.net\/site\/wp-content\/uploads\/LogoOArcanjo.png\",\"width\":319,\"height\":99,\"caption\":\"Par\u00f3quia S\u00e3o Miguel Arcanjo\"},\"image\":{\"@id\":\"https:\/\/www.oarcanjo.net\/site\/#\/schema\/logo\/image\/\"},\"sameAs\":[\"https:\/\/www.facebook.com\/OArcanjoNoAr\/\"]},{\"@type\":\"Person\",\"@id\":\"https:\/\/www.oarcanjo.net\/site\/#\/schema\/person\/f7024d007863202483a31326673a0838\",\"name\":\"editor\",\"sameAs\":[\"http:\/\/www.oarcanjo.net\"]}]}<\/script>\n<!-- \/ Yoast SEO plugin. -->","yoast_head_json":{"title":"Nossa Senhora da Sa\u00fade - O Arcanjo no ar","robots":{"index":"index","follow":"follow","max-snippet":"max-snippet:-1","max-image-preview":"max-image-preview:large","max-video-preview":"max-video-preview:-1"},"canonical":"https:\/\/www.oarcanjo.net\/site\/nossa-senhora-da-saude\/","og_locale":"pt_BR","og_type":"article","og_title":"Nossa Senhora da Sa\u00fade - O Arcanjo no ar","og_description":"Gilda Carvalho A devo\u00e7\u00e3o a Nossa Senhora da Sa\u00fade \u00e9 uma das mais antigas e tradicionais do Catolicismo. Relatos remontam \u00e0 IV Cruzada, em 1202, quando Henrique Dandolo, capit\u00e3o da frota veneziana enviou de Constantinopla para Veneza uma imagem da Virgem que os acompanhara nos campos de batalha e aquela foi colocada na bas\u00edlica de [&hellip;]","og_url":"https:\/\/www.oarcanjo.net\/site\/nossa-senhora-da-saude\/","og_site_name":"O Arcanjo no ar","article_publisher":"https:\/\/www.facebook.com\/OArcanjoNoAr\/","article_published_time":"2009-05-09T13:04:43+00:00","og_image":[{"width":300,"height":300,"url":"https:\/\/www.oarcanjo.net\/site\/wp-content\/uploads\/logo-o-arcanjo-no-ar-facebook.png","type":"image\/png"}],"author":"editor","twitter_card":"summary_large_image","twitter_misc":{"Escrito por":"editor","Est. tempo de leitura":"2 minutos"},"schema":{"@context":"https:\/\/schema.org","@graph":[{"@type":"Article","@id":"https:\/\/www.oarcanjo.net\/site\/nossa-senhora-da-saude\/#article","isPartOf":{"@id":"https:\/\/www.oarcanjo.net\/site\/nossa-senhora-da-saude\/"},"author":{"name":"editor","@id":"https:\/\/www.oarcanjo.net\/site\/#\/schema\/person\/f7024d007863202483a31326673a0838"},"headline":"Nossa Senhora da Sa\u00fade","datePublished":"2009-05-09T13:04:43+00:00","dateModified":"2009-05-09T13:04:43+00:00","mainEntityOfPage":{"@id":"https:\/\/www.oarcanjo.net\/site\/nossa-senhora-da-saude\/"},"wordCount":330,"commentCount":18,"publisher":{"@id":"https:\/\/www.oarcanjo.net\/site\/#organization"},"keywords":["Maria","nossa senhora","sa\u00fade"],"articleSection":["Ora\u00e7\u00f5es"],"inLanguage":"pt-BR","potentialAction":[{"@type":"CommentAction","name":"Comment","target":["https:\/\/www.oarcanjo.net\/site\/nossa-senhora-da-saude\/#respond"]}]},{"@type":"WebPage","@id":"https:\/\/www.oarcanjo.net\/site\/nossa-senhora-da-saude\/","url":"https:\/\/www.oarcanjo.net\/site\/nossa-senhora-da-saude\/","name":"Nossa Senhora da Sa\u00fade - O Arcanjo no ar","isPartOf":{"@id":"https:\/\/www.oarcanjo.net\/site\/#website"},"datePublished":"2009-05-09T13:04:43+00:00","dateModified":"2009-05-09T13:04:43+00:00","breadcrumb":{"@id":"https:\/\/www.oarcanjo.net\/site\/nossa-senhora-da-saude\/#breadcrumb"},"inLanguage":"pt-BR","potentialAction":[{"@type":"ReadAction","target":["https:\/\/www.oarcanjo.net\/site\/nossa-senhora-da-saude\/"]}]},{"@type":"BreadcrumbList","@id":"https:\/\/www.oarcanjo.net\/site\/nossa-senhora-da-saude\/#breadcrumb","itemListElement":[{"@type":"ListItem","position":1,"name":"In\u00edcio","item":"https:\/\/www.oarcanjo.net\/site\/"},{"@type":"ListItem","position":2,"name":"Nossa Senhora da Sa\u00fade"}]},{"@type":"WebSite","@id":"https:\/\/www.oarcanjo.net\/site\/#website","url":"https:\/\/www.oarcanjo.net\/site\/","name":"O Arcanjo no ar","description":"Site da Par\u00f3quia S\u00e3o Miguel Arcanjo (Arquidiocese de SP)","publisher":{"@id":"https:\/\/www.oarcanjo.net\/site\/#organization"},"potentialAction":[{"@type":"SearchAction","target":{"@type":"EntryPoint","urlTemplate":"https:\/\/www.oarcanjo.net\/site\/?s={search_term_string}"},"query-input":{"@type":"PropertyValueSpecification","valueRequired":true,"valueName":"search_term_string"}}],"inLanguage":"pt-BR"},{"@type":"Organization","@id":"https:\/\/www.oarcanjo.net\/site\/#organization","name":"Par\u00f3quia S\u00e3o Miguel Arcanjo","url":"https:\/\/www.oarcanjo.net\/site\/","logo":{"@type":"ImageObject","inLanguage":"pt-BR","@id":"https:\/\/www.oarcanjo.net\/site\/#\/schema\/logo\/image\/","url":"https:\/\/www.oarcanjo.net\/site\/wp-content\/uploads\/LogoOArcanjo.png","contentUrl":"https:\/\/www.oarcanjo.net\/site\/wp-content\/uploads\/LogoOArcanjo.png","width":319,"height":99,"caption":"Par\u00f3quia S\u00e3o Miguel Arcanjo"},"image":{"@id":"https:\/\/www.oarcanjo.net\/site\/#\/schema\/logo\/image\/"},"sameAs":["https:\/\/www.facebook.com\/OArcanjoNoAr\/"]},{"@type":"Person","@id":"https:\/\/www.oarcanjo.net\/site\/#\/schema\/person\/f7024d007863202483a31326673a0838","name":"editor","sameAs":["http:\/\/www.oarcanjo.net"]}]}},"publishpress_future_action":{"enabled":false,"date":"2026-05-07 15:48:45","action":"category","newStatus":"draft","terms":[],"taxonomy":"category"},"publishpress_future_workflow_manual_trigger":{"enabledWorkflows":[]},"_links":{"self":[{"href":"https:\/\/www.oarcanjo.net\/site\/wp-json\/wp\/v2\/posts\/3313"}],"collection":[{"href":"https:\/\/www.oarcanjo.net\/site\/wp-json\/wp\/v2\/posts"}],"about":[{"href":"https:\/\/www.oarcanjo.net\/site\/wp-json\/wp\/v2\/types\/post"}],"author":[{"embeddable":true,"href":"https:\/\/www.oarcanjo.net\/site\/wp-json\/wp\/v2\/users\/5"}],"replies":[{"embeddable":true,"href":"https:\/\/www.oarcanjo.net\/site\/wp-json\/wp\/v2\/comments?post=3313"}],"version-history":[{"count":0,"href":"https:\/\/www.oarcanjo.net\/site\/wp-json\/wp\/v2\/posts\/3313\/revisions"}],"wp:attachment":[{"href":"https:\/\/www.oarcanjo.net\/site\/wp-json\/wp\/v2\/media?parent=3313"}],"wp:term":[{"taxonomy":"category","embeddable":true,"href":"https:\/\/www.oarcanjo.net\/site\/wp-json\/wp\/v2\/categories?post=3313"},{"taxonomy":"post_tag","embeddable":true,"href":"https:\/\/www.oarcanjo.net\/site\/wp-json\/wp\/v2\/tags?post=3313"}],"curies":[{"name":"wp","href":"https:\/\/api.w.org\/{rel}","templated":true}]}}