
{"id":3315,"date":"2009-05-09T16:00:02","date_gmt":"2009-05-09T19:00:02","guid":{"rendered":"http:\/\/www.oarcanjo.net\/site\/?p=3315"},"modified":"2009-05-09T10:29:14","modified_gmt":"2009-05-09T13:29:14","slug":"literatura-e-experiencia-de-deus","status":"publish","type":"post","link":"https:\/\/www.oarcanjo.net\/site\/literatura-e-experiencia-de-deus\/","title":{"rendered":"Literatura e Experi\u00eancia de Deus"},"content":{"rendered":"<p>Frei Betto<\/p>\n<p>Pela literatura, o verbo se faz carne. Embora a m\u00fasica seja, na minha opini\u00e3o, a mais sublime das artes, a literatura \u00e9 a mais sagrada. Deus a escolheu para, atrav\u00e9s dela, se revelar a n\u00f3s. Escolheu uma escrita, a sem\u00edtica, e um g\u00eanero pr\u00f3ximo da fic\u00e7\u00e3o, pois em toda a B\u00edblia n\u00e3o h\u00e1 uma \u00fanica aula de teologia, um ensaio doutrin\u00e1rio, um texto conceitual. \u00c9 toda ela uma narrativa pict\u00f3rica &#8211; v\u00ea-se o que se l\u00ea. <\/p>\n<p>Os livros b\u00edblicos re\u00fanem uma sucess\u00e3o de fatos  hist\u00f3ricos e aleg\u00f3ricos (par\u00e1bolas, met\u00e1foras, aforismos), entremeados de genealogias, axiomas, prov\u00e9rbios, poemas (C\u00e2ntico dos C\u00e2nticos e Salmos) e detalhes t\u00e9cnicos e ornamentais (a constru\u00e7\u00e3o do Templo cf. 2 Cr\u00f4nicas).<\/p>\n<p>Como frisa Herbert Schneidau, a B\u00edblia pode ser considerada &#8220;prosa de fic\u00e7\u00e3o historicizada&#8221;. Historicizada porque se distancia do universo das lendas e dos mitos, embora haja mat\u00e9ria-prima lend\u00e1ria subjacente ao G\u00eanesis no relato sobre Davi, na saga de J\u00f3 e em parte dos Livros dos Reis. <\/p>\n<p>Os autores b\u00edblicos se afastaram, deliberadamente, do g\u00eanero \u00e9pico (Homero e Virg\u00edlio), o que se explica pela rejei\u00e7\u00e3o do polite\u00edsmo. O que impregna a escrita b\u00edblica \u00e9 o senso de historicidade. Ela rompe com a circularidade do mundo mitol\u00f3gico e apresenta-nos um Deus que tem hist\u00f3ria: Jav\u00e9, o Deus de Abra\u00e3o, Isaac e Jac\u00f3. Nela a historicidade se faz presente na descri\u00e7\u00e3o dos cinco primeiros dias da Cria\u00e7\u00e3o, antes do surgimento  daquele que viria a ser considerado o protagonista do processo hist\u00f3rico: o ser humano. H\u00e1 uma evolu\u00e7\u00e3o, simbolizada na sucess\u00e3o dos seis dias.<\/p>\n<p>O que faz de n\u00f3s imagem e semelhan\u00e7a de Deus \u00e9 a capacidade de amar e a linguagem. Animais tamb\u00e9m amam, tanto que certos p\u00e1ssaros, como os pardais, se mant\u00eam fi\u00e9is ap\u00f3s se acasalarem. Mas somente o ser humano possui um n\u00edvel de consci\u00eancia que lhe permite ordenar e expressar sentimentos, emo\u00e7\u00f5es, intui\u00e7\u00f5es e afetos. Isso nos faz semelhan\u00e7a divina. Deus \u00e9 amor e seu afeto por n\u00f3s se manifesta na linguagem contida na narrativa b\u00edblica e na epifania do Verbo que, entre n\u00f3s, se fez carne. <\/p>\n<p>A escrita \u00e9 uma forma de tentar organizar o caos interior. Por isso, todo artista \u00e9 clone de Deus. A escrita \u00e9 terap\u00eautica, libertadora. H\u00e9lio Pellegrino, psicanalista, atribu\u00eda a minha sanidade mental no decorrer de meus anos de pris\u00e3o ao fato de eu ter literalizado a vida de cadeia. O meu mundo \u00e9 recriado quando lan\u00e7o m\u00e3o de voc\u00e1bulos e regras sint\u00e1ticas para dar forma e express\u00e3o ao que penso e sinto. Assim, transubstancio a realidade, projeto-me em algo que, fora de mim, n\u00e3o sou eu e, no entanto, traduz o meu perfil interior de um modo que eu jamais conseguiria pela simples fala.<\/p>\n<p>A escrita constitui uma forma de ora\u00e7\u00e3o, como bem sabia o salmista. A experi\u00eancia de Deus antecede e ultrapassa a escrita. No entanto, o pouco que dela se sabe \u00e9 por meio da escrita; raras vezes por experi\u00eancia pessoal. Grandes m\u00edsticos, como Buda, Jesus e Maom\u00e9, nada escreveram. O que sabemos deles e de seus ensinamentos \u00e9 gra\u00e7as a quem teve o trabalho de redigir.<\/p>\n<p>Ainda que o pr\u00f3prio m\u00edstico possa faz\u00ea-lo, como s\u00e3o exemplos Plotino, Mestre Eckhart e Charles de Foucauld, h\u00e1 um momento em que a experi\u00eancia de Deus ultrapassa os limites da palavra. \u00c9 inef\u00e1vel. Como diz Ad\u00e9lia Prado, &#8220;Se um dia puder, nem escrevo um livro&#8221; (C\u00edrculo). &#8220;N\u00e3o me importa a palavra, esta corriqueira, \/ Quero \u00e9 o espl\u00eandido caos de onde emerge a sintaxe, \/ A palavra \u00e9 disfarce de uma coisa mais grave, surda-muda \/ foi inventada para ser calada. \/ Em momentos de gra\u00e7a, infrequent\u00edssimos, \/ se poder\u00e1 apanh\u00e1-la: um peixe vivo com a m\u00e3o. \/ Puro susto e terror (Antes do nome).<\/p>\n<p>Jo\u00e3o da Cruz, patrono dos poetas espanh\u00f3is, deixou tr\u00eas de seus quatro livros inacabados. Tom\u00e1s de Aquino considerou, ap\u00f3s seu \u00eaxtase em N\u00e1poles, que toda a sua obra n\u00e3o passava de &#8220;palha&#8221;. E n\u00e3o mais escreveu.<\/p>\n<p>H\u00e1 no enfoque adeliano uma empatia com o poema Ash-Wednesday (Quarta-feira de Cinzas), de T. S. Eliot, escrito em 1930, tr\u00eas anos ap\u00f3s a convers\u00e3o do poeta ao cristianismo. Na quinta parte, Eliot canta que &#8220;a palavra perdida se perdeu&#8221;, &#8220;a usada se gastou&#8221;, mas perdura no &#8220;Verbo sem palavra, o Verbo. Nas entranhas do mundo&#8221;.<\/p>\n<p>Toda poesia de qualidade \u00e9 poliss\u00eamica. \u00c9 verso que faz emergir nosso reverso. \u00c9 canto que encanta, desdobra em m\u00faltiplo o nosso ser e nos induz a encontrar aquela pessoa que realmente somos e, no entanto, em n\u00f3s reside como um estranho que provoca temor e fasc\u00ednio.<\/p>\n<p>\u00c9 \u00e0 poesia que o ap\u00f3stolo Paulo recorre quando, no discurso no Are\u00f3pago (Atos dos Ap\u00f3stolos 17, 28), expressa a nossa ontol\u00f3gica e visceral uni\u00e3o com Deus: &#8220;Nele vivemos, nos movemos e existimos, como alguns dos vossos, ali\u00e1s, j\u00e1 disseram: \u2018Porque somos tamb\u00e9m de sua ra\u00e7a\u2019.&#8221;<\/p>\n<p>Trata-se de uma cita\u00e7\u00e3o livre da obra Fen\u00f4menos, de Arato, poeta que viveu na Cil\u00edcia no s\u00e9culo III a.C. O texto origin\u00e1rio \u00e9: &#8220;Comecemos com Zeus, de que n\u00f3s mortais nunca deixamos de lembrar. Porque toda rua, todo mercado est\u00e1 cheio de Zeus. Mesmo o mar e o porto est\u00e3o cheios da divindade. Em todo lugar todo mundo \u00e9 devedor a Zeus. Porque somos, na verdade, seus filhos&#8230; (Phaenomena 1-5).&#8221;<\/p>\n<div id=\"themify_builder_content-3315\" data-postid=\"3315\" class=\"themify_builder_content themify_builder_content-3315 themify_builder themify_builder_front\">\n\t<\/div>\n<!-- \/themify_builder_content -->","protected":false},"excerpt":{"rendered":"<p>Frei Betto Pela literatura, o verbo se faz carne. Embora a m\u00fasica seja, na minha opini\u00e3o, a mais sublime das artes, a literatura \u00e9 a mais sagrada. Deus a escolheu para, atrav\u00e9s dela, se revelar a n\u00f3s. Escolheu uma escrita, a sem\u00edtica, e um g\u00eanero pr\u00f3ximo da fic\u00e7\u00e3o, pois em toda a B\u00edblia n\u00e3o h\u00e1 [&hellip;]<\/p>\n","protected":false},"author":5,"featured_media":0,"comment_status":"open","ping_status":"open","sticky":false,"template":"","format":"standard","meta":{"ngg_post_thumbnail":0,"footnotes":""},"categories":[9],"tags":[93,646,644,645],"yoast_head":"<!-- This site is optimized with the Yoast SEO plugin v23.5 - https:\/\/yoast.com\/wordpress\/plugins\/seo\/ -->\n<title>Literatura e Experi\u00eancia de Deus - O Arcanjo no ar<\/title>\n<meta name=\"robots\" content=\"index, follow, max-snippet:-1, max-image-preview:large, max-video-preview:-1\" \/>\n<link rel=\"canonical\" href=\"https:\/\/www.oarcanjo.net\/site\/literatura-e-experiencia-de-deus\/\" \/>\n<meta property=\"og:locale\" content=\"pt_BR\" \/>\n<meta property=\"og:type\" content=\"article\" \/>\n<meta property=\"og:title\" content=\"Literatura e Experi\u00eancia de Deus - O Arcanjo no ar\" \/>\n<meta property=\"og:description\" content=\"Frei Betto Pela literatura, o verbo se faz carne. Embora a m\u00fasica seja, na minha opini\u00e3o, a mais sublime das artes, a literatura \u00e9 a mais sagrada. Deus a escolheu para, atrav\u00e9s dela, se revelar a n\u00f3s. Escolheu uma escrita, a sem\u00edtica, e um g\u00eanero pr\u00f3ximo da fic\u00e7\u00e3o, pois em toda a B\u00edblia n\u00e3o h\u00e1 [&hellip;]\" \/>\n<meta property=\"og:url\" content=\"https:\/\/www.oarcanjo.net\/site\/literatura-e-experiencia-de-deus\/\" \/>\n<meta property=\"og:site_name\" content=\"O Arcanjo no ar\" \/>\n<meta property=\"article:publisher\" content=\"https:\/\/www.facebook.com\/OArcanjoNoAr\/\" \/>\n<meta property=\"article:published_time\" content=\"2009-05-09T19:00:02+00:00\" \/>\n<meta property=\"article:modified_time\" content=\"2009-05-09T13:29:14+00:00\" \/>\n<meta property=\"og:image\" content=\"https:\/\/www.oarcanjo.net\/site\/wp-content\/uploads\/logo-o-arcanjo-no-ar-facebook.png\" \/>\n\t<meta property=\"og:image:width\" content=\"300\" \/>\n\t<meta property=\"og:image:height\" content=\"300\" \/>\n\t<meta property=\"og:image:type\" content=\"image\/png\" \/>\n<meta name=\"author\" content=\"editor\" \/>\n<meta name=\"twitter:card\" content=\"summary_large_image\" \/>\n<meta name=\"twitter:label1\" content=\"Escrito por\" \/>\n\t<meta name=\"twitter:data1\" content=\"editor\" \/>\n\t<meta name=\"twitter:label2\" content=\"Est. tempo de leitura\" \/>\n\t<meta name=\"twitter:data2\" content=\"5 minutos\" \/>\n<script type=\"application\/ld+json\" class=\"yoast-schema-graph\">{\"@context\":\"https:\/\/schema.org\",\"@graph\":[{\"@type\":\"Article\",\"@id\":\"https:\/\/www.oarcanjo.net\/site\/literatura-e-experiencia-de-deus\/#article\",\"isPartOf\":{\"@id\":\"https:\/\/www.oarcanjo.net\/site\/literatura-e-experiencia-de-deus\/\"},\"author\":{\"name\":\"editor\",\"@id\":\"https:\/\/www.oarcanjo.net\/site\/#\/schema\/person\/f7024d007863202483a31326673a0838\"},\"headline\":\"Literatura e Experi\u00eancia de Deus\",\"datePublished\":\"2009-05-09T19:00:02+00:00\",\"dateModified\":\"2009-05-09T13:29:14+00:00\",\"mainEntityOfPage\":{\"@id\":\"https:\/\/www.oarcanjo.net\/site\/literatura-e-experiencia-de-deus\/\"},\"wordCount\":966,\"commentCount\":0,\"publisher\":{\"@id\":\"https:\/\/www.oarcanjo.net\/site\/#organization\"},\"keywords\":[\"B\u00edblia\",\"escrita\",\"literatura\",\"livros\"],\"articleSection\":[\"Reflex\u00f5es\"],\"inLanguage\":\"pt-BR\",\"potentialAction\":[{\"@type\":\"CommentAction\",\"name\":\"Comment\",\"target\":[\"https:\/\/www.oarcanjo.net\/site\/literatura-e-experiencia-de-deus\/#respond\"]}]},{\"@type\":\"WebPage\",\"@id\":\"https:\/\/www.oarcanjo.net\/site\/literatura-e-experiencia-de-deus\/\",\"url\":\"https:\/\/www.oarcanjo.net\/site\/literatura-e-experiencia-de-deus\/\",\"name\":\"Literatura e Experi\u00eancia de Deus - O Arcanjo no ar\",\"isPartOf\":{\"@id\":\"https:\/\/www.oarcanjo.net\/site\/#website\"},\"datePublished\":\"2009-05-09T19:00:02+00:00\",\"dateModified\":\"2009-05-09T13:29:14+00:00\",\"breadcrumb\":{\"@id\":\"https:\/\/www.oarcanjo.net\/site\/literatura-e-experiencia-de-deus\/#breadcrumb\"},\"inLanguage\":\"pt-BR\",\"potentialAction\":[{\"@type\":\"ReadAction\",\"target\":[\"https:\/\/www.oarcanjo.net\/site\/literatura-e-experiencia-de-deus\/\"]}]},{\"@type\":\"BreadcrumbList\",\"@id\":\"https:\/\/www.oarcanjo.net\/site\/literatura-e-experiencia-de-deus\/#breadcrumb\",\"itemListElement\":[{\"@type\":\"ListItem\",\"position\":1,\"name\":\"In\u00edcio\",\"item\":\"https:\/\/www.oarcanjo.net\/site\/\"},{\"@type\":\"ListItem\",\"position\":2,\"name\":\"Literatura e Experi\u00eancia de Deus\"}]},{\"@type\":\"WebSite\",\"@id\":\"https:\/\/www.oarcanjo.net\/site\/#website\",\"url\":\"https:\/\/www.oarcanjo.net\/site\/\",\"name\":\"O Arcanjo no ar\",\"description\":\"Site da Par\u00f3quia S\u00e3o Miguel Arcanjo (Arquidiocese de SP)\",\"publisher\":{\"@id\":\"https:\/\/www.oarcanjo.net\/site\/#organization\"},\"potentialAction\":[{\"@type\":\"SearchAction\",\"target\":{\"@type\":\"EntryPoint\",\"urlTemplate\":\"https:\/\/www.oarcanjo.net\/site\/?s={search_term_string}\"},\"query-input\":{\"@type\":\"PropertyValueSpecification\",\"valueRequired\":true,\"valueName\":\"search_term_string\"}}],\"inLanguage\":\"pt-BR\"},{\"@type\":\"Organization\",\"@id\":\"https:\/\/www.oarcanjo.net\/site\/#organization\",\"name\":\"Par\u00f3quia S\u00e3o Miguel Arcanjo\",\"url\":\"https:\/\/www.oarcanjo.net\/site\/\",\"logo\":{\"@type\":\"ImageObject\",\"inLanguage\":\"pt-BR\",\"@id\":\"https:\/\/www.oarcanjo.net\/site\/#\/schema\/logo\/image\/\",\"url\":\"https:\/\/www.oarcanjo.net\/site\/wp-content\/uploads\/LogoOArcanjo.png\",\"contentUrl\":\"https:\/\/www.oarcanjo.net\/site\/wp-content\/uploads\/LogoOArcanjo.png\",\"width\":319,\"height\":99,\"caption\":\"Par\u00f3quia S\u00e3o Miguel Arcanjo\"},\"image\":{\"@id\":\"https:\/\/www.oarcanjo.net\/site\/#\/schema\/logo\/image\/\"},\"sameAs\":[\"https:\/\/www.facebook.com\/OArcanjoNoAr\/\"]},{\"@type\":\"Person\",\"@id\":\"https:\/\/www.oarcanjo.net\/site\/#\/schema\/person\/f7024d007863202483a31326673a0838\",\"name\":\"editor\",\"sameAs\":[\"http:\/\/www.oarcanjo.net\"]}]}<\/script>\n<!-- \/ Yoast SEO plugin. -->","yoast_head_json":{"title":"Literatura e Experi\u00eancia de Deus - O Arcanjo no ar","robots":{"index":"index","follow":"follow","max-snippet":"max-snippet:-1","max-image-preview":"max-image-preview:large","max-video-preview":"max-video-preview:-1"},"canonical":"https:\/\/www.oarcanjo.net\/site\/literatura-e-experiencia-de-deus\/","og_locale":"pt_BR","og_type":"article","og_title":"Literatura e Experi\u00eancia de Deus - O Arcanjo no ar","og_description":"Frei Betto Pela literatura, o verbo se faz carne. Embora a m\u00fasica seja, na minha opini\u00e3o, a mais sublime das artes, a literatura \u00e9 a mais sagrada. Deus a escolheu para, atrav\u00e9s dela, se revelar a n\u00f3s. Escolheu uma escrita, a sem\u00edtica, e um g\u00eanero pr\u00f3ximo da fic\u00e7\u00e3o, pois em toda a B\u00edblia n\u00e3o h\u00e1 [&hellip;]","og_url":"https:\/\/www.oarcanjo.net\/site\/literatura-e-experiencia-de-deus\/","og_site_name":"O Arcanjo no ar","article_publisher":"https:\/\/www.facebook.com\/OArcanjoNoAr\/","article_published_time":"2009-05-09T19:00:02+00:00","article_modified_time":"2009-05-09T13:29:14+00:00","og_image":[{"width":300,"height":300,"url":"https:\/\/www.oarcanjo.net\/site\/wp-content\/uploads\/logo-o-arcanjo-no-ar-facebook.png","type":"image\/png"}],"author":"editor","twitter_card":"summary_large_image","twitter_misc":{"Escrito por":"editor","Est. tempo de leitura":"5 minutos"},"schema":{"@context":"https:\/\/schema.org","@graph":[{"@type":"Article","@id":"https:\/\/www.oarcanjo.net\/site\/literatura-e-experiencia-de-deus\/#article","isPartOf":{"@id":"https:\/\/www.oarcanjo.net\/site\/literatura-e-experiencia-de-deus\/"},"author":{"name":"editor","@id":"https:\/\/www.oarcanjo.net\/site\/#\/schema\/person\/f7024d007863202483a31326673a0838"},"headline":"Literatura e Experi\u00eancia de Deus","datePublished":"2009-05-09T19:00:02+00:00","dateModified":"2009-05-09T13:29:14+00:00","mainEntityOfPage":{"@id":"https:\/\/www.oarcanjo.net\/site\/literatura-e-experiencia-de-deus\/"},"wordCount":966,"commentCount":0,"publisher":{"@id":"https:\/\/www.oarcanjo.net\/site\/#organization"},"keywords":["B\u00edblia","escrita","literatura","livros"],"articleSection":["Reflex\u00f5es"],"inLanguage":"pt-BR","potentialAction":[{"@type":"CommentAction","name":"Comment","target":["https:\/\/www.oarcanjo.net\/site\/literatura-e-experiencia-de-deus\/#respond"]}]},{"@type":"WebPage","@id":"https:\/\/www.oarcanjo.net\/site\/literatura-e-experiencia-de-deus\/","url":"https:\/\/www.oarcanjo.net\/site\/literatura-e-experiencia-de-deus\/","name":"Literatura e Experi\u00eancia de Deus - O Arcanjo no ar","isPartOf":{"@id":"https:\/\/www.oarcanjo.net\/site\/#website"},"datePublished":"2009-05-09T19:00:02+00:00","dateModified":"2009-05-09T13:29:14+00:00","breadcrumb":{"@id":"https:\/\/www.oarcanjo.net\/site\/literatura-e-experiencia-de-deus\/#breadcrumb"},"inLanguage":"pt-BR","potentialAction":[{"@type":"ReadAction","target":["https:\/\/www.oarcanjo.net\/site\/literatura-e-experiencia-de-deus\/"]}]},{"@type":"BreadcrumbList","@id":"https:\/\/www.oarcanjo.net\/site\/literatura-e-experiencia-de-deus\/#breadcrumb","itemListElement":[{"@type":"ListItem","position":1,"name":"In\u00edcio","item":"https:\/\/www.oarcanjo.net\/site\/"},{"@type":"ListItem","position":2,"name":"Literatura e Experi\u00eancia de Deus"}]},{"@type":"WebSite","@id":"https:\/\/www.oarcanjo.net\/site\/#website","url":"https:\/\/www.oarcanjo.net\/site\/","name":"O Arcanjo no ar","description":"Site da Par\u00f3quia S\u00e3o Miguel Arcanjo (Arquidiocese de SP)","publisher":{"@id":"https:\/\/www.oarcanjo.net\/site\/#organization"},"potentialAction":[{"@type":"SearchAction","target":{"@type":"EntryPoint","urlTemplate":"https:\/\/www.oarcanjo.net\/site\/?s={search_term_string}"},"query-input":{"@type":"PropertyValueSpecification","valueRequired":true,"valueName":"search_term_string"}}],"inLanguage":"pt-BR"},{"@type":"Organization","@id":"https:\/\/www.oarcanjo.net\/site\/#organization","name":"Par\u00f3quia S\u00e3o Miguel Arcanjo","url":"https:\/\/www.oarcanjo.net\/site\/","logo":{"@type":"ImageObject","inLanguage":"pt-BR","@id":"https:\/\/www.oarcanjo.net\/site\/#\/schema\/logo\/image\/","url":"https:\/\/www.oarcanjo.net\/site\/wp-content\/uploads\/LogoOArcanjo.png","contentUrl":"https:\/\/www.oarcanjo.net\/site\/wp-content\/uploads\/LogoOArcanjo.png","width":319,"height":99,"caption":"Par\u00f3quia S\u00e3o Miguel Arcanjo"},"image":{"@id":"https:\/\/www.oarcanjo.net\/site\/#\/schema\/logo\/image\/"},"sameAs":["https:\/\/www.facebook.com\/OArcanjoNoAr\/"]},{"@type":"Person","@id":"https:\/\/www.oarcanjo.net\/site\/#\/schema\/person\/f7024d007863202483a31326673a0838","name":"editor","sameAs":["http:\/\/www.oarcanjo.net"]}]}},"publishpress_future_action":{"enabled":false,"date":"2026-05-09 05:55:19","action":"category","newStatus":"draft","terms":[],"taxonomy":"category"},"publishpress_future_workflow_manual_trigger":{"enabledWorkflows":[]},"_links":{"self":[{"href":"https:\/\/www.oarcanjo.net\/site\/wp-json\/wp\/v2\/posts\/3315"}],"collection":[{"href":"https:\/\/www.oarcanjo.net\/site\/wp-json\/wp\/v2\/posts"}],"about":[{"href":"https:\/\/www.oarcanjo.net\/site\/wp-json\/wp\/v2\/types\/post"}],"author":[{"embeddable":true,"href":"https:\/\/www.oarcanjo.net\/site\/wp-json\/wp\/v2\/users\/5"}],"replies":[{"embeddable":true,"href":"https:\/\/www.oarcanjo.net\/site\/wp-json\/wp\/v2\/comments?post=3315"}],"version-history":[{"count":0,"href":"https:\/\/www.oarcanjo.net\/site\/wp-json\/wp\/v2\/posts\/3315\/revisions"}],"wp:attachment":[{"href":"https:\/\/www.oarcanjo.net\/site\/wp-json\/wp\/v2\/media?parent=3315"}],"wp:term":[{"taxonomy":"category","embeddable":true,"href":"https:\/\/www.oarcanjo.net\/site\/wp-json\/wp\/v2\/categories?post=3315"},{"taxonomy":"post_tag","embeddable":true,"href":"https:\/\/www.oarcanjo.net\/site\/wp-json\/wp\/v2\/tags?post=3315"}],"curies":[{"name":"wp","href":"https:\/\/api.w.org\/{rel}","templated":true}]}}