
{"id":3317,"date":"2009-05-10T07:00:41","date_gmt":"2009-05-10T10:00:41","guid":{"rendered":"http:\/\/www.oarcanjo.net\/site\/?p=3317"},"modified":"2009-05-09T10:36:34","modified_gmt":"2009-05-09T13:36:34","slug":"nossa-senhora-dos-desamparados","status":"publish","type":"post","link":"https:\/\/www.oarcanjo.net\/site\/nossa-senhora-dos-desamparados\/","title":{"rendered":"Nossa Senhora dos Desamparados"},"content":{"rendered":"<p>Gilda Carvalho<\/p>\n<p>Nossa Senhora dos Desamparados \u00e9 padroeira da cidade de Valencia, na Espanha, e sua devo\u00e7\u00e3o remete ao ano de 1448, a partir de um fato acontecido naquela localidade.  <\/p>\n<p>Conta-se que um padre, de nome Jofre, caminhava por uma rua, quando se deparou com alguns jovens praticando um ato de viol\u00eancia contra um doente mental, que em uma crise de loucura agredia pessoas que passavam pelo local. O padre interveio na a\u00e7\u00e3o dos jovens e, penalizado pela situa\u00e7\u00e3o de exclus\u00e3o daqueles com algum tipo de defici\u00eancia, resolveu criar uma institui\u00e7\u00e3o para auxili\u00e1-los. Assim, com a ajuda de um pequeno grupo de pessoas, construiu um abrigo com uma capela, a qual dedicou a Nossa Senhora, sob o t\u00edtulo de Nossa Senhora dos Desamparados.<\/p>\n<p>Algum tempo depois, precisando de uma imagem para adornar o altar da capela, aceitou a oferta de dois peregrinos que passavam pela cidade. Abrigou-os no local e, em tr\u00eas dias, a imagem estava pronta.  Uma senhora cega e paral\u00edtica, que l\u00e1 vivia, foi a \u00fanica testemunha do trabalho dos peregrinos, que, ao termin\u00e1-lo, sumiram misteriosamente. Ela foi a primeira a ver a imagem e ficou curada de seus problemas. A not\u00edcia do milagre se espalhou pela cidade e logo muitos doentes acorreram ao local, alcan\u00e7ando tamb\u00e9m v\u00e1rias gra\u00e7as por intercess\u00e3o de Nossa Senhora dos Desamparados.<\/p>\n<p>Dois s\u00e9culos depois, em 1667, a imagem foi transferida para uma igreja constru\u00edda em sua honra e at\u00e9 hoje existe a confraria de Nossa Senhora dos Desamparados, obra social de atendimento aos pobres, doentes e necessitados.<\/p>\n<p><strong>Ora\u00e7\u00e3o a Nossa Senhora dos Desamparados<\/strong><\/p>\n<p>\u00d3 M\u00e3e Amabil\u00edssima, v\u00f3s que sois a Sa\u00fade dos Enfermos, Medianeira de todas as Gra\u00e7as, Consoladora dos Aflitos, olhai por todos n\u00f3s, vossos filhos, que a v\u00f3s recorremos.<br \/>\n\u00d3 querida Rainha, Nossa Senhora dos Desamparados, atendei \u00e0s s\u00faplicas dos que clamam por vossa intercess\u00e3o.<br \/>\nFazei com que sejamos acolhidos no Cora\u00e7\u00e3o misericordioso do vosso Filho Jesus. Protegei aqueles que padecem nesta vida, sem trabalho, sem alimento, sem moradia.<\/p>\n<p>M\u00e3e dos desamparados, olhai por aqueles que est\u00e3o afastados do conv\u00edvio social, que sofrem de doen\u00e7as mentais, que vivem em abrigos ou asilos.<\/p>\n<p>Enfim, piedosa Virgem, cobri com vosso manto de prote\u00e7\u00e3o a todos n\u00f3s, vossos filhos desamparados, guiando-nos durante as nossas vidas at\u00e9 ver-nos a salvo no c\u00e9u, bendizendo o vosso nome. Am\u00e9m.<\/p>\n<div id=\"themify_builder_content-3317\" data-postid=\"3317\" class=\"themify_builder_content themify_builder_content-3317 themify_builder themify_builder_front\">\n\t<\/div>\n<!-- \/themify_builder_content -->","protected":false},"excerpt":{"rendered":"<p>Gilda Carvalho Nossa Senhora dos Desamparados \u00e9 padroeira da cidade de Valencia, na Espanha, e sua devo\u00e7\u00e3o remete ao ano de 1448, a partir de um fato acontecido naquela localidade. Conta-se que um padre, de nome Jofre, caminhava por uma rua, quando se deparou com alguns jovens praticando um ato de viol\u00eancia contra um doente [&hellip;]<\/p>\n","protected":false},"author":5,"featured_media":0,"comment_status":"open","ping_status":"open","sticky":false,"template":"","format":"standard","meta":{"ngg_post_thumbnail":0,"footnotes":""},"categories":[6],"tags":[349,647],"yoast_head":"<!-- This site is optimized with the Yoast SEO plugin v23.5 - https:\/\/yoast.com\/wordpress\/plugins\/seo\/ -->\n<title>Nossa Senhora dos Desamparados - O Arcanjo no ar<\/title>\n<meta name=\"robots\" content=\"index, follow, max-snippet:-1, max-image-preview:large, max-video-preview:-1\" \/>\n<link rel=\"canonical\" href=\"https:\/\/www.oarcanjo.net\/site\/nossa-senhora-dos-desamparados\/\" \/>\n<meta property=\"og:locale\" content=\"pt_BR\" \/>\n<meta property=\"og:type\" content=\"article\" \/>\n<meta property=\"og:title\" content=\"Nossa Senhora dos Desamparados - O Arcanjo no ar\" \/>\n<meta property=\"og:description\" content=\"Gilda Carvalho Nossa Senhora dos Desamparados \u00e9 padroeira da cidade de Valencia, na Espanha, e sua devo\u00e7\u00e3o remete ao ano de 1448, a partir de um fato acontecido naquela localidade. Conta-se que um padre, de nome Jofre, caminhava por uma rua, quando se deparou com alguns jovens praticando um ato de viol\u00eancia contra um doente [&hellip;]\" \/>\n<meta property=\"og:url\" content=\"https:\/\/www.oarcanjo.net\/site\/nossa-senhora-dos-desamparados\/\" \/>\n<meta property=\"og:site_name\" content=\"O Arcanjo no ar\" \/>\n<meta property=\"article:publisher\" content=\"https:\/\/www.facebook.com\/OArcanjoNoAr\/\" \/>\n<meta property=\"article:published_time\" content=\"2009-05-10T10:00:41+00:00\" \/>\n<meta property=\"article:modified_time\" content=\"2009-05-09T13:36:34+00:00\" \/>\n<meta property=\"og:image\" content=\"https:\/\/www.oarcanjo.net\/site\/wp-content\/uploads\/logo-o-arcanjo-no-ar-facebook.png\" \/>\n\t<meta property=\"og:image:width\" content=\"300\" \/>\n\t<meta property=\"og:image:height\" content=\"300\" \/>\n\t<meta property=\"og:image:type\" content=\"image\/png\" \/>\n<meta name=\"author\" content=\"editor\" \/>\n<meta name=\"twitter:card\" content=\"summary_large_image\" \/>\n<meta name=\"twitter:label1\" content=\"Escrito por\" \/>\n\t<meta name=\"twitter:data1\" content=\"editor\" \/>\n\t<meta name=\"twitter:label2\" content=\"Est. tempo de leitura\" \/>\n\t<meta name=\"twitter:data2\" content=\"2 minutos\" \/>\n<script type=\"application\/ld+json\" class=\"yoast-schema-graph\">{\"@context\":\"https:\/\/schema.org\",\"@graph\":[{\"@type\":\"Article\",\"@id\":\"https:\/\/www.oarcanjo.net\/site\/nossa-senhora-dos-desamparados\/#article\",\"isPartOf\":{\"@id\":\"https:\/\/www.oarcanjo.net\/site\/nossa-senhora-dos-desamparados\/\"},\"author\":{\"name\":\"editor\",\"@id\":\"https:\/\/www.oarcanjo.net\/site\/#\/schema\/person\/f7024d007863202483a31326673a0838\"},\"headline\":\"Nossa Senhora dos Desamparados\",\"datePublished\":\"2009-05-10T10:00:41+00:00\",\"dateModified\":\"2009-05-09T13:36:34+00:00\",\"mainEntityOfPage\":{\"@id\":\"https:\/\/www.oarcanjo.net\/site\/nossa-senhora-dos-desamparados\/\"},\"wordCount\":420,\"commentCount\":1,\"publisher\":{\"@id\":\"https:\/\/www.oarcanjo.net\/site\/#organization\"},\"keywords\":[\"Maria\",\"Nossa Senhora dos Desamparados\"],\"articleSection\":[\"Ora\u00e7\u00f5es\"],\"inLanguage\":\"pt-BR\",\"potentialAction\":[{\"@type\":\"CommentAction\",\"name\":\"Comment\",\"target\":[\"https:\/\/www.oarcanjo.net\/site\/nossa-senhora-dos-desamparados\/#respond\"]}]},{\"@type\":\"WebPage\",\"@id\":\"https:\/\/www.oarcanjo.net\/site\/nossa-senhora-dos-desamparados\/\",\"url\":\"https:\/\/www.oarcanjo.net\/site\/nossa-senhora-dos-desamparados\/\",\"name\":\"Nossa Senhora dos Desamparados - O Arcanjo no ar\",\"isPartOf\":{\"@id\":\"https:\/\/www.oarcanjo.net\/site\/#website\"},\"datePublished\":\"2009-05-10T10:00:41+00:00\",\"dateModified\":\"2009-05-09T13:36:34+00:00\",\"breadcrumb\":{\"@id\":\"https:\/\/www.oarcanjo.net\/site\/nossa-senhora-dos-desamparados\/#breadcrumb\"},\"inLanguage\":\"pt-BR\",\"potentialAction\":[{\"@type\":\"ReadAction\",\"target\":[\"https:\/\/www.oarcanjo.net\/site\/nossa-senhora-dos-desamparados\/\"]}]},{\"@type\":\"BreadcrumbList\",\"@id\":\"https:\/\/www.oarcanjo.net\/site\/nossa-senhora-dos-desamparados\/#breadcrumb\",\"itemListElement\":[{\"@type\":\"ListItem\",\"position\":1,\"name\":\"In\u00edcio\",\"item\":\"https:\/\/www.oarcanjo.net\/site\/\"},{\"@type\":\"ListItem\",\"position\":2,\"name\":\"Nossa Senhora dos Desamparados\"}]},{\"@type\":\"WebSite\",\"@id\":\"https:\/\/www.oarcanjo.net\/site\/#website\",\"url\":\"https:\/\/www.oarcanjo.net\/site\/\",\"name\":\"O Arcanjo no ar\",\"description\":\"Site da Par\u00f3quia S\u00e3o Miguel Arcanjo (Arquidiocese de SP)\",\"publisher\":{\"@id\":\"https:\/\/www.oarcanjo.net\/site\/#organization\"},\"potentialAction\":[{\"@type\":\"SearchAction\",\"target\":{\"@type\":\"EntryPoint\",\"urlTemplate\":\"https:\/\/www.oarcanjo.net\/site\/?s={search_term_string}\"},\"query-input\":{\"@type\":\"PropertyValueSpecification\",\"valueRequired\":true,\"valueName\":\"search_term_string\"}}],\"inLanguage\":\"pt-BR\"},{\"@type\":\"Organization\",\"@id\":\"https:\/\/www.oarcanjo.net\/site\/#organization\",\"name\":\"Par\u00f3quia S\u00e3o Miguel Arcanjo\",\"url\":\"https:\/\/www.oarcanjo.net\/site\/\",\"logo\":{\"@type\":\"ImageObject\",\"inLanguage\":\"pt-BR\",\"@id\":\"https:\/\/www.oarcanjo.net\/site\/#\/schema\/logo\/image\/\",\"url\":\"https:\/\/www.oarcanjo.net\/site\/wp-content\/uploads\/LogoOArcanjo.png\",\"contentUrl\":\"https:\/\/www.oarcanjo.net\/site\/wp-content\/uploads\/LogoOArcanjo.png\",\"width\":319,\"height\":99,\"caption\":\"Par\u00f3quia S\u00e3o Miguel Arcanjo\"},\"image\":{\"@id\":\"https:\/\/www.oarcanjo.net\/site\/#\/schema\/logo\/image\/\"},\"sameAs\":[\"https:\/\/www.facebook.com\/OArcanjoNoAr\/\"]},{\"@type\":\"Person\",\"@id\":\"https:\/\/www.oarcanjo.net\/site\/#\/schema\/person\/f7024d007863202483a31326673a0838\",\"name\":\"editor\",\"sameAs\":[\"http:\/\/www.oarcanjo.net\"]}]}<\/script>\n<!-- \/ Yoast SEO plugin. -->","yoast_head_json":{"title":"Nossa Senhora dos Desamparados - O Arcanjo no ar","robots":{"index":"index","follow":"follow","max-snippet":"max-snippet:-1","max-image-preview":"max-image-preview:large","max-video-preview":"max-video-preview:-1"},"canonical":"https:\/\/www.oarcanjo.net\/site\/nossa-senhora-dos-desamparados\/","og_locale":"pt_BR","og_type":"article","og_title":"Nossa Senhora dos Desamparados - O Arcanjo no ar","og_description":"Gilda Carvalho Nossa Senhora dos Desamparados \u00e9 padroeira da cidade de Valencia, na Espanha, e sua devo\u00e7\u00e3o remete ao ano de 1448, a partir de um fato acontecido naquela localidade. Conta-se que um padre, de nome Jofre, caminhava por uma rua, quando se deparou com alguns jovens praticando um ato de viol\u00eancia contra um doente [&hellip;]","og_url":"https:\/\/www.oarcanjo.net\/site\/nossa-senhora-dos-desamparados\/","og_site_name":"O Arcanjo no ar","article_publisher":"https:\/\/www.facebook.com\/OArcanjoNoAr\/","article_published_time":"2009-05-10T10:00:41+00:00","article_modified_time":"2009-05-09T13:36:34+00:00","og_image":[{"width":300,"height":300,"url":"https:\/\/www.oarcanjo.net\/site\/wp-content\/uploads\/logo-o-arcanjo-no-ar-facebook.png","type":"image\/png"}],"author":"editor","twitter_card":"summary_large_image","twitter_misc":{"Escrito por":"editor","Est. tempo de leitura":"2 minutos"},"schema":{"@context":"https:\/\/schema.org","@graph":[{"@type":"Article","@id":"https:\/\/www.oarcanjo.net\/site\/nossa-senhora-dos-desamparados\/#article","isPartOf":{"@id":"https:\/\/www.oarcanjo.net\/site\/nossa-senhora-dos-desamparados\/"},"author":{"name":"editor","@id":"https:\/\/www.oarcanjo.net\/site\/#\/schema\/person\/f7024d007863202483a31326673a0838"},"headline":"Nossa Senhora dos Desamparados","datePublished":"2009-05-10T10:00:41+00:00","dateModified":"2009-05-09T13:36:34+00:00","mainEntityOfPage":{"@id":"https:\/\/www.oarcanjo.net\/site\/nossa-senhora-dos-desamparados\/"},"wordCount":420,"commentCount":1,"publisher":{"@id":"https:\/\/www.oarcanjo.net\/site\/#organization"},"keywords":["Maria","Nossa Senhora dos Desamparados"],"articleSection":["Ora\u00e7\u00f5es"],"inLanguage":"pt-BR","potentialAction":[{"@type":"CommentAction","name":"Comment","target":["https:\/\/www.oarcanjo.net\/site\/nossa-senhora-dos-desamparados\/#respond"]}]},{"@type":"WebPage","@id":"https:\/\/www.oarcanjo.net\/site\/nossa-senhora-dos-desamparados\/","url":"https:\/\/www.oarcanjo.net\/site\/nossa-senhora-dos-desamparados\/","name":"Nossa Senhora dos Desamparados - O Arcanjo no ar","isPartOf":{"@id":"https:\/\/www.oarcanjo.net\/site\/#website"},"datePublished":"2009-05-10T10:00:41+00:00","dateModified":"2009-05-09T13:36:34+00:00","breadcrumb":{"@id":"https:\/\/www.oarcanjo.net\/site\/nossa-senhora-dos-desamparados\/#breadcrumb"},"inLanguage":"pt-BR","potentialAction":[{"@type":"ReadAction","target":["https:\/\/www.oarcanjo.net\/site\/nossa-senhora-dos-desamparados\/"]}]},{"@type":"BreadcrumbList","@id":"https:\/\/www.oarcanjo.net\/site\/nossa-senhora-dos-desamparados\/#breadcrumb","itemListElement":[{"@type":"ListItem","position":1,"name":"In\u00edcio","item":"https:\/\/www.oarcanjo.net\/site\/"},{"@type":"ListItem","position":2,"name":"Nossa Senhora dos Desamparados"}]},{"@type":"WebSite","@id":"https:\/\/www.oarcanjo.net\/site\/#website","url":"https:\/\/www.oarcanjo.net\/site\/","name":"O Arcanjo no ar","description":"Site da Par\u00f3quia S\u00e3o Miguel Arcanjo (Arquidiocese de SP)","publisher":{"@id":"https:\/\/www.oarcanjo.net\/site\/#organization"},"potentialAction":[{"@type":"SearchAction","target":{"@type":"EntryPoint","urlTemplate":"https:\/\/www.oarcanjo.net\/site\/?s={search_term_string}"},"query-input":{"@type":"PropertyValueSpecification","valueRequired":true,"valueName":"search_term_string"}}],"inLanguage":"pt-BR"},{"@type":"Organization","@id":"https:\/\/www.oarcanjo.net\/site\/#organization","name":"Par\u00f3quia S\u00e3o Miguel Arcanjo","url":"https:\/\/www.oarcanjo.net\/site\/","logo":{"@type":"ImageObject","inLanguage":"pt-BR","@id":"https:\/\/www.oarcanjo.net\/site\/#\/schema\/logo\/image\/","url":"https:\/\/www.oarcanjo.net\/site\/wp-content\/uploads\/LogoOArcanjo.png","contentUrl":"https:\/\/www.oarcanjo.net\/site\/wp-content\/uploads\/LogoOArcanjo.png","width":319,"height":99,"caption":"Par\u00f3quia S\u00e3o Miguel Arcanjo"},"image":{"@id":"https:\/\/www.oarcanjo.net\/site\/#\/schema\/logo\/image\/"},"sameAs":["https:\/\/www.facebook.com\/OArcanjoNoAr\/"]},{"@type":"Person","@id":"https:\/\/www.oarcanjo.net\/site\/#\/schema\/person\/f7024d007863202483a31326673a0838","name":"editor","sameAs":["http:\/\/www.oarcanjo.net"]}]}},"publishpress_future_action":{"enabled":false,"date":"2026-05-07 15:47:41","action":"category","newStatus":"draft","terms":[],"taxonomy":"category"},"publishpress_future_workflow_manual_trigger":{"enabledWorkflows":[]},"_links":{"self":[{"href":"https:\/\/www.oarcanjo.net\/site\/wp-json\/wp\/v2\/posts\/3317"}],"collection":[{"href":"https:\/\/www.oarcanjo.net\/site\/wp-json\/wp\/v2\/posts"}],"about":[{"href":"https:\/\/www.oarcanjo.net\/site\/wp-json\/wp\/v2\/types\/post"}],"author":[{"embeddable":true,"href":"https:\/\/www.oarcanjo.net\/site\/wp-json\/wp\/v2\/users\/5"}],"replies":[{"embeddable":true,"href":"https:\/\/www.oarcanjo.net\/site\/wp-json\/wp\/v2\/comments?post=3317"}],"version-history":[{"count":0,"href":"https:\/\/www.oarcanjo.net\/site\/wp-json\/wp\/v2\/posts\/3317\/revisions"}],"wp:attachment":[{"href":"https:\/\/www.oarcanjo.net\/site\/wp-json\/wp\/v2\/media?parent=3317"}],"wp:term":[{"taxonomy":"category","embeddable":true,"href":"https:\/\/www.oarcanjo.net\/site\/wp-json\/wp\/v2\/categories?post=3317"},{"taxonomy":"post_tag","embeddable":true,"href":"https:\/\/www.oarcanjo.net\/site\/wp-json\/wp\/v2\/tags?post=3317"}],"curies":[{"name":"wp","href":"https:\/\/api.w.org\/{rel}","templated":true}]}}