
{"id":3319,"date":"2009-05-09T19:04:07","date_gmt":"2009-05-09T22:04:07","guid":{"rendered":"http:\/\/www.oarcanjo.net\/site\/?p=3319"},"modified":"2009-05-31T20:39:30","modified_gmt":"2009-05-31T23:39:30","slug":"os-frutos-do-amor","status":"publish","type":"post","link":"https:\/\/www.oarcanjo.net\/site\/os-frutos-do-amor\/","title":{"rendered":"Os Frutos do Amor!"},"content":{"rendered":"<p>Desde muito jovem o texto da videira causava-me impacto. Nem sempre foi f\u00e1cil de entend\u00ea-lo e a cada nova leitura algo de novo e inquietante surge em minha vida.<\/p>\n<p>A imagem da videira e dos ramos \u00e9 de grande beleza e traz imediatamente a id\u00e9ia do Amor que une e liga entre si os que se amam e amam a videira a que est\u00e3o ligados.<\/p>\n<p>A videira sempre foi s\u00edmbolo do povo de Israel e agora da comunidade crist\u00e3, daqueles que unidos a JESUS  PERMANECEM no seu Amor.<br \/>\nPERMANACER \u00e9 estar unidos amorosamente e para dar frutos como crit\u00e9rio do Amor e da uni\u00e3o.<\/p>\n<p>Quem ama manifesta o seu Amor !<br \/>\nO Amor n\u00e3o \u00e9 est\u00e9ril !<\/p>\n<p>N\u00e3o se pode Amar s\u00f3 de palavras.<br \/>\nO Amor nos transforma para transformar.<br \/>\nO Amor \u00e9 din\u00e2mico e criativo.<br \/>\nO Amor tem consequ\u00eancias.<br \/>\nNingu\u00e9m ama impunemente.<br \/>\nO Amor deixa marcas.<\/p>\n<p>O Amor nos leva por caminhos que n\u00e3o conhecemos, e \u00e0s vez\u00eas at\u00e9 n\u00e3o desejamos.<br \/>\nO caminho do Amor tem seu crit\u00e9rio maior na pessoa de JESUS, mas, sempre me traz \u00e0 mente S\u00e3o Maximiliano Kolbe e Santa Edith Stein.<\/p>\n<p>Maximiliano dizia: O Amor \u00e9 criativo.<br \/>\nEdith por sua vez: Sabemos que o Amor nos conduz, n\u00e3o sabemos para onde, mas nos conduz !<\/p>\n<p>A comunidade crist\u00e3 que PERMANECE em JESUS produz frutos e conta com a gra\u00e7a de DEUS que cuida t\u00e3o bem da videira que a poda.<br \/>\nA poda n\u00e3o \u00e9 sofrimento mas cuidado de quem AMA.<\/p>\n<p>A videira exige muitos cuidados, cuidados que exprimem Amor, cuidado para os frutos sejam produzidos para o bem da vida.<\/p>\n<p>PERMANECER em JESUS \u00e9 comunh\u00e3o,<br \/>\nrejei\u00e7\u00e3o da auto-sufici\u00eancia,<br \/>\nos auto-suficientes n\u00e3o amam, bastam a si mesmos, ou t\u00eam medo do AMOR.<\/p>\n<p>A m\u00edstica deste texto \u00e9 de uma beleza imensa que nos toca profundamente.<br \/>\nO Amor traz sintonia e uni\u00e3o em meios a muitos conflitos e desafios.<br \/>\nO Amor \u00e9 exigente , e nos faz pedir aquilo que nos une, ainda mais, \u00e0 fonte do AMOR !<\/p>\n<p>O texto da videira<br \/>\nnos remete a sermos d\u00edscipulos e mission\u00e1rios.<\/p>\n<p>Senhor,<br \/>\nquero estar unido a TI !<br \/>\nSempre tenho presente tua palavra:<br \/>\nSem MIM nada podeis fazer !<br \/>\nEnsina-me a TE Amar<br \/>\ne estar unido a TI<br \/>\npelos frutos do AMOR !<\/p>\n<hr \/>\n<p>Assista \u00e0 homilia da missa de 10\/05\/2009, sobre a videira:<\/p>\n<p><video style=\"width: 100%; height: auto; aspect-ratio: 480\/334; border: none; overflow: hidden;\" controls>\n                <source src=\"mms:\/\/mms.bizmedia.com.br\/bizmedia\/Homilia20090510-final.wmv\" type=\"video\/x-ms-wmv\">\n                <source src=\"mms:\/\/mms.bizmedia.com.br\/bizmedia\/Homilia20090510-final.wmv\" type=\"video\/wmv\">\n                Your browser does not support the video tag.\n            <\/video><\/p>\n<div id=\"themify_builder_content-3319\" data-postid=\"3319\" class=\"themify_builder_content themify_builder_content-3319 themify_builder themify_builder_front\">\n\t<\/div>\n<!-- \/themify_builder_content -->","protected":false},"excerpt":{"rendered":"<p>Desde muito jovem o texto da videira causava-me impacto. Nem sempre foi f\u00e1cil de entend\u00ea-lo e a cada nova leitura algo de novo e inquietante surge em minha vida. A imagem da videira e dos ramos \u00e9 de grande beleza e traz imediatamente a id\u00e9ia do Amor que une e liga entre si os que [&hellip;]<\/p>\n","protected":false},"author":4,"featured_media":0,"comment_status":"open","ping_status":"open","sticky":false,"template":"","format":"standard","meta":{"ngg_post_thumbnail":0,"footnotes":""},"categories":[4,475],"tags":[107,648],"yoast_head":"<!-- This site is optimized with the Yoast SEO plugin v23.5 - https:\/\/yoast.com\/wordpress\/plugins\/seo\/ -->\n<title>Os Frutos do Amor! - O Arcanjo no ar<\/title>\n<meta name=\"robots\" content=\"index, follow, max-snippet:-1, max-image-preview:large, max-video-preview:-1\" \/>\n<link rel=\"canonical\" href=\"https:\/\/www.oarcanjo.net\/site\/os-frutos-do-amor\/\" \/>\n<meta property=\"og:locale\" content=\"pt_BR\" \/>\n<meta property=\"og:type\" content=\"article\" \/>\n<meta property=\"og:title\" content=\"Os Frutos do Amor! - O Arcanjo no ar\" \/>\n<meta property=\"og:description\" content=\"Desde muito jovem o texto da videira causava-me impacto. Nem sempre foi f\u00e1cil de entend\u00ea-lo e a cada nova leitura algo de novo e inquietante surge em minha vida. A imagem da videira e dos ramos \u00e9 de grande beleza e traz imediatamente a id\u00e9ia do Amor que une e liga entre si os que [&hellip;]\" \/>\n<meta property=\"og:url\" content=\"https:\/\/www.oarcanjo.net\/site\/os-frutos-do-amor\/\" \/>\n<meta property=\"og:site_name\" content=\"O Arcanjo no ar\" \/>\n<meta property=\"article:publisher\" content=\"https:\/\/www.facebook.com\/OArcanjoNoAr\/\" \/>\n<meta property=\"article:published_time\" content=\"2009-05-09T22:04:07+00:00\" \/>\n<meta property=\"article:modified_time\" content=\"2009-05-31T23:39:30+00:00\" \/>\n<meta property=\"og:image\" content=\"https:\/\/www.oarcanjo.net\/site\/wp-content\/uploads\/logo-o-arcanjo-no-ar-facebook.png\" \/>\n\t<meta property=\"og:image:width\" content=\"300\" \/>\n\t<meta property=\"og:image:height\" content=\"300\" \/>\n\t<meta property=\"og:image:type\" content=\"image\/png\" \/>\n<meta name=\"author\" content=\"julio\" \/>\n<meta name=\"twitter:card\" content=\"summary_large_image\" \/>\n<meta name=\"twitter:label1\" content=\"Escrito por\" \/>\n\t<meta name=\"twitter:data1\" content=\"julio\" \/>\n\t<meta name=\"twitter:label2\" content=\"Est. tempo de leitura\" \/>\n\t<meta name=\"twitter:data2\" content=\"2 minutos\" \/>\n<script type=\"application\/ld+json\" class=\"yoast-schema-graph\">{\"@context\":\"https:\/\/schema.org\",\"@graph\":[{\"@type\":\"Article\",\"@id\":\"https:\/\/www.oarcanjo.net\/site\/os-frutos-do-amor\/#article\",\"isPartOf\":{\"@id\":\"https:\/\/www.oarcanjo.net\/site\/os-frutos-do-amor\/\"},\"author\":{\"name\":\"julio\",\"@id\":\"https:\/\/www.oarcanjo.net\/site\/#\/schema\/person\/d78ea01c648c91e29c364b516767079e\"},\"headline\":\"Os Frutos do Amor!\",\"datePublished\":\"2009-05-09T22:04:07+00:00\",\"dateModified\":\"2009-05-31T23:39:30+00:00\",\"mainEntityOfPage\":{\"@id\":\"https:\/\/www.oarcanjo.net\/site\/os-frutos-do-amor\/\"},\"wordCount\":411,\"commentCount\":2,\"publisher\":{\"@id\":\"https:\/\/www.oarcanjo.net\/site\/#organization\"},\"keywords\":[\"amor\",\"videira\"],\"articleSection\":[\"Blog\",\"Homilias\"],\"inLanguage\":\"pt-BR\",\"potentialAction\":[{\"@type\":\"CommentAction\",\"name\":\"Comment\",\"target\":[\"https:\/\/www.oarcanjo.net\/site\/os-frutos-do-amor\/#respond\"]}]},{\"@type\":\"WebPage\",\"@id\":\"https:\/\/www.oarcanjo.net\/site\/os-frutos-do-amor\/\",\"url\":\"https:\/\/www.oarcanjo.net\/site\/os-frutos-do-amor\/\",\"name\":\"Os Frutos do Amor! - O Arcanjo no ar\",\"isPartOf\":{\"@id\":\"https:\/\/www.oarcanjo.net\/site\/#website\"},\"datePublished\":\"2009-05-09T22:04:07+00:00\",\"dateModified\":\"2009-05-31T23:39:30+00:00\",\"breadcrumb\":{\"@id\":\"https:\/\/www.oarcanjo.net\/site\/os-frutos-do-amor\/#breadcrumb\"},\"inLanguage\":\"pt-BR\",\"potentialAction\":[{\"@type\":\"ReadAction\",\"target\":[\"https:\/\/www.oarcanjo.net\/site\/os-frutos-do-amor\/\"]}]},{\"@type\":\"BreadcrumbList\",\"@id\":\"https:\/\/www.oarcanjo.net\/site\/os-frutos-do-amor\/#breadcrumb\",\"itemListElement\":[{\"@type\":\"ListItem\",\"position\":1,\"name\":\"In\u00edcio\",\"item\":\"https:\/\/www.oarcanjo.net\/site\/\"},{\"@type\":\"ListItem\",\"position\":2,\"name\":\"Os Frutos do Amor!\"}]},{\"@type\":\"WebSite\",\"@id\":\"https:\/\/www.oarcanjo.net\/site\/#website\",\"url\":\"https:\/\/www.oarcanjo.net\/site\/\",\"name\":\"O Arcanjo no ar\",\"description\":\"Site da Par\u00f3quia S\u00e3o Miguel Arcanjo (Arquidiocese de SP)\",\"publisher\":{\"@id\":\"https:\/\/www.oarcanjo.net\/site\/#organization\"},\"potentialAction\":[{\"@type\":\"SearchAction\",\"target\":{\"@type\":\"EntryPoint\",\"urlTemplate\":\"https:\/\/www.oarcanjo.net\/site\/?s={search_term_string}\"},\"query-input\":{\"@type\":\"PropertyValueSpecification\",\"valueRequired\":true,\"valueName\":\"search_term_string\"}}],\"inLanguage\":\"pt-BR\"},{\"@type\":\"Organization\",\"@id\":\"https:\/\/www.oarcanjo.net\/site\/#organization\",\"name\":\"Par\u00f3quia S\u00e3o Miguel Arcanjo\",\"url\":\"https:\/\/www.oarcanjo.net\/site\/\",\"logo\":{\"@type\":\"ImageObject\",\"inLanguage\":\"pt-BR\",\"@id\":\"https:\/\/www.oarcanjo.net\/site\/#\/schema\/logo\/image\/\",\"url\":\"https:\/\/www.oarcanjo.net\/site\/wp-content\/uploads\/LogoOArcanjo.png\",\"contentUrl\":\"https:\/\/www.oarcanjo.net\/site\/wp-content\/uploads\/LogoOArcanjo.png\",\"width\":319,\"height\":99,\"caption\":\"Par\u00f3quia S\u00e3o Miguel Arcanjo\"},\"image\":{\"@id\":\"https:\/\/www.oarcanjo.net\/site\/#\/schema\/logo\/image\/\"},\"sameAs\":[\"https:\/\/www.facebook.com\/OArcanjoNoAr\/\"]},{\"@type\":\"Person\",\"@id\":\"https:\/\/www.oarcanjo.net\/site\/#\/schema\/person\/d78ea01c648c91e29c364b516767079e\",\"name\":\"julio\",\"sameAs\":[\"http:\/\/www.oarcanjo.net\"]}]}<\/script>\n<!-- \/ Yoast SEO plugin. -->","yoast_head_json":{"title":"Os Frutos do Amor! - O Arcanjo no ar","robots":{"index":"index","follow":"follow","max-snippet":"max-snippet:-1","max-image-preview":"max-image-preview:large","max-video-preview":"max-video-preview:-1"},"canonical":"https:\/\/www.oarcanjo.net\/site\/os-frutos-do-amor\/","og_locale":"pt_BR","og_type":"article","og_title":"Os Frutos do Amor! - O Arcanjo no ar","og_description":"Desde muito jovem o texto da videira causava-me impacto. Nem sempre foi f\u00e1cil de entend\u00ea-lo e a cada nova leitura algo de novo e inquietante surge em minha vida. A imagem da videira e dos ramos \u00e9 de grande beleza e traz imediatamente a id\u00e9ia do Amor que une e liga entre si os que [&hellip;]","og_url":"https:\/\/www.oarcanjo.net\/site\/os-frutos-do-amor\/","og_site_name":"O Arcanjo no ar","article_publisher":"https:\/\/www.facebook.com\/OArcanjoNoAr\/","article_published_time":"2009-05-09T22:04:07+00:00","article_modified_time":"2009-05-31T23:39:30+00:00","og_image":[{"width":300,"height":300,"url":"https:\/\/www.oarcanjo.net\/site\/wp-content\/uploads\/logo-o-arcanjo-no-ar-facebook.png","type":"image\/png"}],"author":"julio","twitter_card":"summary_large_image","twitter_misc":{"Escrito por":"julio","Est. tempo de leitura":"2 minutos"},"schema":{"@context":"https:\/\/schema.org","@graph":[{"@type":"Article","@id":"https:\/\/www.oarcanjo.net\/site\/os-frutos-do-amor\/#article","isPartOf":{"@id":"https:\/\/www.oarcanjo.net\/site\/os-frutos-do-amor\/"},"author":{"name":"julio","@id":"https:\/\/www.oarcanjo.net\/site\/#\/schema\/person\/d78ea01c648c91e29c364b516767079e"},"headline":"Os Frutos do Amor!","datePublished":"2009-05-09T22:04:07+00:00","dateModified":"2009-05-31T23:39:30+00:00","mainEntityOfPage":{"@id":"https:\/\/www.oarcanjo.net\/site\/os-frutos-do-amor\/"},"wordCount":411,"commentCount":2,"publisher":{"@id":"https:\/\/www.oarcanjo.net\/site\/#organization"},"keywords":["amor","videira"],"articleSection":["Blog","Homilias"],"inLanguage":"pt-BR","potentialAction":[{"@type":"CommentAction","name":"Comment","target":["https:\/\/www.oarcanjo.net\/site\/os-frutos-do-amor\/#respond"]}]},{"@type":"WebPage","@id":"https:\/\/www.oarcanjo.net\/site\/os-frutos-do-amor\/","url":"https:\/\/www.oarcanjo.net\/site\/os-frutos-do-amor\/","name":"Os Frutos do Amor! - O Arcanjo no ar","isPartOf":{"@id":"https:\/\/www.oarcanjo.net\/site\/#website"},"datePublished":"2009-05-09T22:04:07+00:00","dateModified":"2009-05-31T23:39:30+00:00","breadcrumb":{"@id":"https:\/\/www.oarcanjo.net\/site\/os-frutos-do-amor\/#breadcrumb"},"inLanguage":"pt-BR","potentialAction":[{"@type":"ReadAction","target":["https:\/\/www.oarcanjo.net\/site\/os-frutos-do-amor\/"]}]},{"@type":"BreadcrumbList","@id":"https:\/\/www.oarcanjo.net\/site\/os-frutos-do-amor\/#breadcrumb","itemListElement":[{"@type":"ListItem","position":1,"name":"In\u00edcio","item":"https:\/\/www.oarcanjo.net\/site\/"},{"@type":"ListItem","position":2,"name":"Os Frutos do Amor!"}]},{"@type":"WebSite","@id":"https:\/\/www.oarcanjo.net\/site\/#website","url":"https:\/\/www.oarcanjo.net\/site\/","name":"O Arcanjo no ar","description":"Site da Par\u00f3quia S\u00e3o Miguel Arcanjo (Arquidiocese de SP)","publisher":{"@id":"https:\/\/www.oarcanjo.net\/site\/#organization"},"potentialAction":[{"@type":"SearchAction","target":{"@type":"EntryPoint","urlTemplate":"https:\/\/www.oarcanjo.net\/site\/?s={search_term_string}"},"query-input":{"@type":"PropertyValueSpecification","valueRequired":true,"valueName":"search_term_string"}}],"inLanguage":"pt-BR"},{"@type":"Organization","@id":"https:\/\/www.oarcanjo.net\/site\/#organization","name":"Par\u00f3quia S\u00e3o Miguel Arcanjo","url":"https:\/\/www.oarcanjo.net\/site\/","logo":{"@type":"ImageObject","inLanguage":"pt-BR","@id":"https:\/\/www.oarcanjo.net\/site\/#\/schema\/logo\/image\/","url":"https:\/\/www.oarcanjo.net\/site\/wp-content\/uploads\/LogoOArcanjo.png","contentUrl":"https:\/\/www.oarcanjo.net\/site\/wp-content\/uploads\/LogoOArcanjo.png","width":319,"height":99,"caption":"Par\u00f3quia S\u00e3o Miguel Arcanjo"},"image":{"@id":"https:\/\/www.oarcanjo.net\/site\/#\/schema\/logo\/image\/"},"sameAs":["https:\/\/www.facebook.com\/OArcanjoNoAr\/"]},{"@type":"Person","@id":"https:\/\/www.oarcanjo.net\/site\/#\/schema\/person\/d78ea01c648c91e29c364b516767079e","name":"julio","sameAs":["http:\/\/www.oarcanjo.net"]}]}},"publishpress_future_action":{"enabled":false,"date":"2026-05-08 21:43:54","action":"category","newStatus":"draft","terms":[],"taxonomy":"category"},"publishpress_future_workflow_manual_trigger":{"enabledWorkflows":[]},"_links":{"self":[{"href":"https:\/\/www.oarcanjo.net\/site\/wp-json\/wp\/v2\/posts\/3319"}],"collection":[{"href":"https:\/\/www.oarcanjo.net\/site\/wp-json\/wp\/v2\/posts"}],"about":[{"href":"https:\/\/www.oarcanjo.net\/site\/wp-json\/wp\/v2\/types\/post"}],"author":[{"embeddable":true,"href":"https:\/\/www.oarcanjo.net\/site\/wp-json\/wp\/v2\/users\/4"}],"replies":[{"embeddable":true,"href":"https:\/\/www.oarcanjo.net\/site\/wp-json\/wp\/v2\/comments?post=3319"}],"version-history":[{"count":0,"href":"https:\/\/www.oarcanjo.net\/site\/wp-json\/wp\/v2\/posts\/3319\/revisions"}],"wp:attachment":[{"href":"https:\/\/www.oarcanjo.net\/site\/wp-json\/wp\/v2\/media?parent=3319"}],"wp:term":[{"taxonomy":"category","embeddable":true,"href":"https:\/\/www.oarcanjo.net\/site\/wp-json\/wp\/v2\/categories?post=3319"},{"taxonomy":"post_tag","embeddable":true,"href":"https:\/\/www.oarcanjo.net\/site\/wp-json\/wp\/v2\/tags?post=3319"}],"curies":[{"name":"wp","href":"https:\/\/api.w.org\/{rel}","templated":true}]}}