
{"id":3360,"date":"2009-05-11T21:18:51","date_gmt":"2009-05-12T00:18:51","guid":{"rendered":"http:\/\/www.oarcanjo.net\/site\/?p=3360"},"modified":"2009-05-11T21:18:51","modified_gmt":"2009-05-12T00:18:51","slug":"bento-xvi-que-a-religiao-nao-sirva-a-violencia","status":"publish","type":"post","link":"https:\/\/www.oarcanjo.net\/site\/bento-xvi-que-a-religiao-nao-sirva-a-violencia\/","title":{"rendered":"Bento XVI: &#8220;que a religi\u00e3o n\u00e3o sirva \u00e0 viol\u00eancia&#8221;"},"content":{"rendered":"<p>Do penhasco do monte Nebo, Bento XVI voltou o olhar para o Jord\u00e3o, para Jeric\u00f3, para Bel\u00e9m. &#8220;Deixem-me olhar&#8221;, murmurou aos fot\u00f3grafos que o bombardeiam com flashes. Depois, encerrou-se por um momento em medita\u00e7\u00e3o. Porque essa viagem t\u00e3o pol\u00edtico-religiosa tamb\u00e9m \u00e9 uma peregrina\u00e7\u00e3o interior. Desde quando terminou seu primeiro livro sobre Jesus, explodiu em Ratzinger a vontade de voltar \u00e0s terras onde Cristo pregou. Ele mesmo confessou o desejo de &#8220;ver, tocar, saborear&#8221; os lugares da presen\u00e7a f\u00edsica do Salvador, de Nossa Senhora, dos ap\u00f3stolos e dos &#8220;primeiros disc\u00edpulos que o viram ressuscitado dos mortos&#8221;.<\/p>\n<p>Aqui no Nebo, Mois\u00e9s concluiu a sua viagem, e aqui Bento XVI evoca \u2013 e as suas palavras chegam em um segundo em Jerusal\u00e9m \u2013 &#8220;o insepar\u00e1vel v\u00ednculo que une a Igreja ao povo judeu&#8221;. Deve ser superado, acrescenta, todo obst\u00e1culo que se interp\u00f5e \u00e0 reconcilia\u00e7\u00e3o entre crist\u00e3os e judeus.<\/p>\n<p>Duas horas depois, entrando na mesquita Al-Hussein, o pont\u00edfice exorta \u00e0 coopera\u00e7\u00e3o entre crist\u00e3os e mu\u00e7ulmanos. Justamente por causa de uma &#8220;hist\u00f3ria t\u00e3o frequentemente marcada por incompreens\u00e3o&#8221;, explica, os seguidores das duas religi\u00f5es devem se apresentar juntos ao mundo, como adoradores do \u00fanico Deus: misericordiosos e compassivos, testemunhas coerentes do que \u00e9 justo e bom, sempre lembrando-se da dignidade da pessoa humana. Crist\u00e3os e mu\u00e7ulmanos, declara, podem se conhecer e se respeitar mais para construir juntos uma sociedade em harmonia com a ordem divina.<\/p>\n<p>Mas tamb\u00e9m \u00e9 a ocasi\u00e3o para condenar, diante de uma plat\u00e9ia de muftis e \u00edm\u00e3s mu\u00e7ulmanos e muitos representantes diplom\u00e1ticos, a &#8220;manipula\u00e7\u00e3o ideol\u00f3gica&#8221; da religi\u00e3o, que produz divis\u00f5es, tens\u00f5es e viol\u00eancia. Pouco antes, aben\u00e7oando a pedra fundamental da universidade cat\u00f3lica em Madaba (aberta a mu\u00e7ulmanos e judeus), Bento XVI pronunciou com firmeza: &#8220;A religi\u00e3o \u00e9 desfigurada quando \u00e9 obrigada a servir \u00e0 ignor\u00e2ncia e ao preconceito, ao desprezo, \u00e0 viol\u00eancia e ao abuso&#8221;. E continuou: &#8220;A\u00ed, n\u00e3o vemos apenas a pervers\u00e3o da religi\u00e3o, mas tamb\u00e9m a corrup\u00e7\u00e3o da liberdade humana, o obscurecimento da mente&#8221;.<\/p>\n<p>Em Aman pela segunda vez Ratzinger entrou em uma mesquita. E a percorreu com todos os sapatos. Pe. Georg, seu secret\u00e1rio, j\u00e1 tinha prontas em um saquinho duas pantufas especiais, mas os anfitri\u00f5es jordanianos inventaram um percurso de tradicionais tapetes brancos que preservam a santidade da sala de ora\u00e7\u00e3o. O L&#8217;Osservatore Romano publicou, em primeira p\u00e1gina, a foto do papa com os mocassins vermelhos e o pr\u00edncipe Ghazi bin Talal com as sand\u00e1lias, atravessando juntos a mesquita. Foram os jordanianos, indica o \u00f3rg\u00e3o do Vaticano, que n\u00e3o pediram a Bento XVI que retirasse os sapatos. Que ningu\u00e9m diga que o pont\u00edfice n\u00e3o respeitou o templo.<\/p>\n<p>Internacionalmente, Ghazi bin Talal \u00e9 um dos defensores mais comprometidos com o di\u00e1logo entre cristianismo e isl\u00e3. Fala um ingl\u00eas fluente e saudou o pont\u00edfice em latim: &#8220;Pax vobiscum&#8221;. O pr\u00edncipe deu as boas-vindas a Ratzinger como um grande l\u00edder espiritual, l\u00edder global, autor de &#8220;muitos gestos amig\u00e1veis e gentis&#8221; para com os mu\u00e7ulmanos, comprometido com o di\u00e1logo inter-religioso e homem capaz de ir contra a corrente, tamb\u00e9m reintroduzindo a missa em latim.<\/p>\n<p>Mas mandou uma mensagem precisa: n\u00e3o \u00e9 bom ofender o nome do profeta Maom\u00e9. &#8220;Agrade\u00e7o Vossa Santidade \u2013 diz com eleg\u00e2ncia oriental \u2013 por ter expressado arrependimento pela ofensa causada aos mu\u00e7ulmanos pelo discurso de Regensburg. Os mu\u00e7ulmanos apreciaram os esclarecimentos do Vaticano de que o que foi dito n\u00e3o reflete a vossa opini\u00e3o, mas era apenas uma cita\u00e7\u00e3o em uma aula acad\u00eamica&#8221;.<\/p>\n<p>Porque o profeta Maom\u00e9 \u2013 refor\u00e7a o pr\u00edncipe, vestido em sua t\u00fanica branca e o manto bege ornado de ouro, a barba cuidada e o olhar penetrante \u2013 \u00e9 completamente diferente das imagens distorcidas que circulam no Ocidente entre quem n\u00e3o conhece o \u00e1rabe e o Cor\u00e3o. E ent\u00e3o caber\u00e1 aos mu\u00e7ulmanos explicar os exemplos de virtude, caridade, piedade e benevol\u00eancia do Profeta.<\/p>\n<p>H\u00e1 habilidade pol\u00edtica na interven\u00e7\u00e3o de Talal, j\u00e1 que, em Aman, ao longo do dia explodiram novamente as pol\u00eamicas entre os falc\u00f5es integralistas isl\u00e2micos que denunciam as &#8220;desculpas que faltaram do Papa&#8221;, e os pacifistas, satisfeitos com o arquivamento do &#8220;equ\u00edvoco de Regensburg&#8221;. O pr\u00edncipe aponta para o di\u00e1logo: &#8220;Podemos e devemos ser adoradores do \u00fanico Deus que nos criou e cuida de todas as pessoas em todos os cantos do mundo&#8221;.<\/p>\n<p>J\u00e1 \u00e9 noite quando Bento XVI se diz cansado, mas de \u00f3timo humor, na catedral greco-melquita, onde ondas de aplauso o acolhem. O patriarca Laham evoca o direito dos palestinos a uma p\u00e1tria. Atravessando o Jord\u00e3o, Bento XVI \u00e9 chamado a falar.\t<\/p>\n<div id=\"themify_builder_content-3360\" data-postid=\"3360\" class=\"themify_builder_content themify_builder_content-3360 themify_builder themify_builder_front\">\n\t<\/div>\n<!-- \/themify_builder_content -->","protected":false},"excerpt":{"rendered":"<p>Do penhasco do monte Nebo, Bento XVI voltou o olhar para o Jord\u00e3o, para Jeric\u00f3, para Bel\u00e9m. &#8220;Deixem-me olhar&#8221;, murmurou aos fot\u00f3grafos que o bombardeiam com flashes. Depois, encerrou-se por um momento em medita\u00e7\u00e3o. Porque essa viagem t\u00e3o pol\u00edtico-religiosa tamb\u00e9m \u00e9 uma peregrina\u00e7\u00e3o interior. Desde quando terminou seu primeiro livro sobre Jesus, explodiu em Ratzinger [&hellip;]<\/p>\n","protected":false},"author":5,"featured_media":0,"comment_status":"open","ping_status":"open","sticky":false,"template":"","format":"standard","meta":{"ngg_post_thumbnail":0,"footnotes":""},"categories":[8],"tags":[652,206,654,425,653,157,655],"yoast_head":"<!-- This site is optimized with the Yoast SEO plugin v23.5 - https:\/\/yoast.com\/wordpress\/plugins\/seo\/ -->\n<title>Bento XVI: &quot;que a religi\u00e3o n\u00e3o sirva \u00e0 viol\u00eancia&quot; - O Arcanjo no ar<\/title>\n<meta name=\"robots\" content=\"index, follow, max-snippet:-1, max-image-preview:large, max-video-preview:-1\" \/>\n<link rel=\"canonical\" href=\"https:\/\/www.oarcanjo.net\/site\/bento-xvi-que-a-religiao-nao-sirva-a-violencia\/\" \/>\n<meta property=\"og:locale\" content=\"pt_BR\" \/>\n<meta property=\"og:type\" content=\"article\" \/>\n<meta property=\"og:title\" content=\"Bento XVI: &quot;que a religi\u00e3o n\u00e3o sirva \u00e0 viol\u00eancia&quot; - O Arcanjo no ar\" \/>\n<meta property=\"og:description\" content=\"Do penhasco do monte Nebo, Bento XVI voltou o olhar para o Jord\u00e3o, para Jeric\u00f3, para Bel\u00e9m. &#8220;Deixem-me olhar&#8221;, murmurou aos fot\u00f3grafos que o bombardeiam com flashes. Depois, encerrou-se por um momento em medita\u00e7\u00e3o. Porque essa viagem t\u00e3o pol\u00edtico-religiosa tamb\u00e9m \u00e9 uma peregrina\u00e7\u00e3o interior. Desde quando terminou seu primeiro livro sobre Jesus, explodiu em Ratzinger [&hellip;]\" \/>\n<meta property=\"og:url\" content=\"https:\/\/www.oarcanjo.net\/site\/bento-xvi-que-a-religiao-nao-sirva-a-violencia\/\" \/>\n<meta property=\"og:site_name\" content=\"O Arcanjo no ar\" \/>\n<meta property=\"article:publisher\" content=\"https:\/\/www.facebook.com\/OArcanjoNoAr\/\" \/>\n<meta property=\"article:published_time\" content=\"2009-05-12T00:18:51+00:00\" \/>\n<meta property=\"og:image\" content=\"https:\/\/www.oarcanjo.net\/site\/wp-content\/uploads\/logo-o-arcanjo-no-ar-facebook.png\" \/>\n\t<meta property=\"og:image:width\" content=\"300\" \/>\n\t<meta property=\"og:image:height\" content=\"300\" \/>\n\t<meta property=\"og:image:type\" content=\"image\/png\" \/>\n<meta name=\"author\" content=\"editor\" \/>\n<meta name=\"twitter:card\" content=\"summary_large_image\" \/>\n<meta name=\"twitter:label1\" content=\"Escrito por\" \/>\n\t<meta name=\"twitter:data1\" content=\"editor\" \/>\n\t<meta name=\"twitter:label2\" content=\"Est. tempo de leitura\" \/>\n\t<meta name=\"twitter:data2\" content=\"4 minutos\" \/>\n<script type=\"application\/ld+json\" class=\"yoast-schema-graph\">{\"@context\":\"https:\/\/schema.org\",\"@graph\":[{\"@type\":\"Article\",\"@id\":\"https:\/\/www.oarcanjo.net\/site\/bento-xvi-que-a-religiao-nao-sirva-a-violencia\/#article\",\"isPartOf\":{\"@id\":\"https:\/\/www.oarcanjo.net\/site\/bento-xvi-que-a-religiao-nao-sirva-a-violencia\/\"},\"author\":{\"name\":\"editor\",\"@id\":\"https:\/\/www.oarcanjo.net\/site\/#\/schema\/person\/f7024d007863202483a31326673a0838\"},\"headline\":\"Bento XVI: &#8220;que a religi\u00e3o n\u00e3o sirva \u00e0 viol\u00eancia&#8221;\",\"datePublished\":\"2009-05-12T00:18:51+00:00\",\"dateModified\":\"2009-05-12T00:18:51+00:00\",\"mainEntityOfPage\":{\"@id\":\"https:\/\/www.oarcanjo.net\/site\/bento-xvi-que-a-religiao-nao-sirva-a-violencia\/\"},\"wordCount\":833,\"commentCount\":0,\"publisher\":{\"@id\":\"https:\/\/www.oarcanjo.net\/site\/#organization\"},\"keywords\":[\"Bel\u00e9m\",\"Bento XVI\",\"Jeric\u00f3\",\"Jerusal\u00e9m\",\"Jord\u00e3o\",\"papa\",\"Ratzinger\"],\"articleSection\":[\"Not\u00edcias\"],\"inLanguage\":\"pt-BR\",\"potentialAction\":[{\"@type\":\"CommentAction\",\"name\":\"Comment\",\"target\":[\"https:\/\/www.oarcanjo.net\/site\/bento-xvi-que-a-religiao-nao-sirva-a-violencia\/#respond\"]}]},{\"@type\":\"WebPage\",\"@id\":\"https:\/\/www.oarcanjo.net\/site\/bento-xvi-que-a-religiao-nao-sirva-a-violencia\/\",\"url\":\"https:\/\/www.oarcanjo.net\/site\/bento-xvi-que-a-religiao-nao-sirva-a-violencia\/\",\"name\":\"Bento XVI: \\\"que a religi\u00e3o n\u00e3o sirva \u00e0 viol\u00eancia\\\" - O Arcanjo no ar\",\"isPartOf\":{\"@id\":\"https:\/\/www.oarcanjo.net\/site\/#website\"},\"datePublished\":\"2009-05-12T00:18:51+00:00\",\"dateModified\":\"2009-05-12T00:18:51+00:00\",\"breadcrumb\":{\"@id\":\"https:\/\/www.oarcanjo.net\/site\/bento-xvi-que-a-religiao-nao-sirva-a-violencia\/#breadcrumb\"},\"inLanguage\":\"pt-BR\",\"potentialAction\":[{\"@type\":\"ReadAction\",\"target\":[\"https:\/\/www.oarcanjo.net\/site\/bento-xvi-que-a-religiao-nao-sirva-a-violencia\/\"]}]},{\"@type\":\"BreadcrumbList\",\"@id\":\"https:\/\/www.oarcanjo.net\/site\/bento-xvi-que-a-religiao-nao-sirva-a-violencia\/#breadcrumb\",\"itemListElement\":[{\"@type\":\"ListItem\",\"position\":1,\"name\":\"In\u00edcio\",\"item\":\"https:\/\/www.oarcanjo.net\/site\/\"},{\"@type\":\"ListItem\",\"position\":2,\"name\":\"Bento XVI: &#8220;que a religi\u00e3o n\u00e3o sirva \u00e0 viol\u00eancia&#8221;\"}]},{\"@type\":\"WebSite\",\"@id\":\"https:\/\/www.oarcanjo.net\/site\/#website\",\"url\":\"https:\/\/www.oarcanjo.net\/site\/\",\"name\":\"O Arcanjo no ar\",\"description\":\"Site da Par\u00f3quia S\u00e3o Miguel Arcanjo (Arquidiocese de SP)\",\"publisher\":{\"@id\":\"https:\/\/www.oarcanjo.net\/site\/#organization\"},\"potentialAction\":[{\"@type\":\"SearchAction\",\"target\":{\"@type\":\"EntryPoint\",\"urlTemplate\":\"https:\/\/www.oarcanjo.net\/site\/?s={search_term_string}\"},\"query-input\":{\"@type\":\"PropertyValueSpecification\",\"valueRequired\":true,\"valueName\":\"search_term_string\"}}],\"inLanguage\":\"pt-BR\"},{\"@type\":\"Organization\",\"@id\":\"https:\/\/www.oarcanjo.net\/site\/#organization\",\"name\":\"Par\u00f3quia S\u00e3o Miguel Arcanjo\",\"url\":\"https:\/\/www.oarcanjo.net\/site\/\",\"logo\":{\"@type\":\"ImageObject\",\"inLanguage\":\"pt-BR\",\"@id\":\"https:\/\/www.oarcanjo.net\/site\/#\/schema\/logo\/image\/\",\"url\":\"https:\/\/www.oarcanjo.net\/site\/wp-content\/uploads\/LogoOArcanjo.png\",\"contentUrl\":\"https:\/\/www.oarcanjo.net\/site\/wp-content\/uploads\/LogoOArcanjo.png\",\"width\":319,\"height\":99,\"caption\":\"Par\u00f3quia S\u00e3o Miguel Arcanjo\"},\"image\":{\"@id\":\"https:\/\/www.oarcanjo.net\/site\/#\/schema\/logo\/image\/\"},\"sameAs\":[\"https:\/\/www.facebook.com\/OArcanjoNoAr\/\"]},{\"@type\":\"Person\",\"@id\":\"https:\/\/www.oarcanjo.net\/site\/#\/schema\/person\/f7024d007863202483a31326673a0838\",\"name\":\"editor\",\"sameAs\":[\"http:\/\/www.oarcanjo.net\"]}]}<\/script>\n<!-- \/ Yoast SEO plugin. -->","yoast_head_json":{"title":"Bento XVI: \"que a religi\u00e3o n\u00e3o sirva \u00e0 viol\u00eancia\" - O Arcanjo no ar","robots":{"index":"index","follow":"follow","max-snippet":"max-snippet:-1","max-image-preview":"max-image-preview:large","max-video-preview":"max-video-preview:-1"},"canonical":"https:\/\/www.oarcanjo.net\/site\/bento-xvi-que-a-religiao-nao-sirva-a-violencia\/","og_locale":"pt_BR","og_type":"article","og_title":"Bento XVI: \"que a religi\u00e3o n\u00e3o sirva \u00e0 viol\u00eancia\" - O Arcanjo no ar","og_description":"Do penhasco do monte Nebo, Bento XVI voltou o olhar para o Jord\u00e3o, para Jeric\u00f3, para Bel\u00e9m. &#8220;Deixem-me olhar&#8221;, murmurou aos fot\u00f3grafos que o bombardeiam com flashes. Depois, encerrou-se por um momento em medita\u00e7\u00e3o. Porque essa viagem t\u00e3o pol\u00edtico-religiosa tamb\u00e9m \u00e9 uma peregrina\u00e7\u00e3o interior. Desde quando terminou seu primeiro livro sobre Jesus, explodiu em Ratzinger [&hellip;]","og_url":"https:\/\/www.oarcanjo.net\/site\/bento-xvi-que-a-religiao-nao-sirva-a-violencia\/","og_site_name":"O Arcanjo no ar","article_publisher":"https:\/\/www.facebook.com\/OArcanjoNoAr\/","article_published_time":"2009-05-12T00:18:51+00:00","og_image":[{"width":300,"height":300,"url":"https:\/\/www.oarcanjo.net\/site\/wp-content\/uploads\/logo-o-arcanjo-no-ar-facebook.png","type":"image\/png"}],"author":"editor","twitter_card":"summary_large_image","twitter_misc":{"Escrito por":"editor","Est. tempo de leitura":"4 minutos"},"schema":{"@context":"https:\/\/schema.org","@graph":[{"@type":"Article","@id":"https:\/\/www.oarcanjo.net\/site\/bento-xvi-que-a-religiao-nao-sirva-a-violencia\/#article","isPartOf":{"@id":"https:\/\/www.oarcanjo.net\/site\/bento-xvi-que-a-religiao-nao-sirva-a-violencia\/"},"author":{"name":"editor","@id":"https:\/\/www.oarcanjo.net\/site\/#\/schema\/person\/f7024d007863202483a31326673a0838"},"headline":"Bento XVI: &#8220;que a religi\u00e3o n\u00e3o sirva \u00e0 viol\u00eancia&#8221;","datePublished":"2009-05-12T00:18:51+00:00","dateModified":"2009-05-12T00:18:51+00:00","mainEntityOfPage":{"@id":"https:\/\/www.oarcanjo.net\/site\/bento-xvi-que-a-religiao-nao-sirva-a-violencia\/"},"wordCount":833,"commentCount":0,"publisher":{"@id":"https:\/\/www.oarcanjo.net\/site\/#organization"},"keywords":["Bel\u00e9m","Bento XVI","Jeric\u00f3","Jerusal\u00e9m","Jord\u00e3o","papa","Ratzinger"],"articleSection":["Not\u00edcias"],"inLanguage":"pt-BR","potentialAction":[{"@type":"CommentAction","name":"Comment","target":["https:\/\/www.oarcanjo.net\/site\/bento-xvi-que-a-religiao-nao-sirva-a-violencia\/#respond"]}]},{"@type":"WebPage","@id":"https:\/\/www.oarcanjo.net\/site\/bento-xvi-que-a-religiao-nao-sirva-a-violencia\/","url":"https:\/\/www.oarcanjo.net\/site\/bento-xvi-que-a-religiao-nao-sirva-a-violencia\/","name":"Bento XVI: \"que a religi\u00e3o n\u00e3o sirva \u00e0 viol\u00eancia\" - O Arcanjo no ar","isPartOf":{"@id":"https:\/\/www.oarcanjo.net\/site\/#website"},"datePublished":"2009-05-12T00:18:51+00:00","dateModified":"2009-05-12T00:18:51+00:00","breadcrumb":{"@id":"https:\/\/www.oarcanjo.net\/site\/bento-xvi-que-a-religiao-nao-sirva-a-violencia\/#breadcrumb"},"inLanguage":"pt-BR","potentialAction":[{"@type":"ReadAction","target":["https:\/\/www.oarcanjo.net\/site\/bento-xvi-que-a-religiao-nao-sirva-a-violencia\/"]}]},{"@type":"BreadcrumbList","@id":"https:\/\/www.oarcanjo.net\/site\/bento-xvi-que-a-religiao-nao-sirva-a-violencia\/#breadcrumb","itemListElement":[{"@type":"ListItem","position":1,"name":"In\u00edcio","item":"https:\/\/www.oarcanjo.net\/site\/"},{"@type":"ListItem","position":2,"name":"Bento XVI: &#8220;que a religi\u00e3o n\u00e3o sirva \u00e0 viol\u00eancia&#8221;"}]},{"@type":"WebSite","@id":"https:\/\/www.oarcanjo.net\/site\/#website","url":"https:\/\/www.oarcanjo.net\/site\/","name":"O Arcanjo no ar","description":"Site da Par\u00f3quia S\u00e3o Miguel Arcanjo (Arquidiocese de SP)","publisher":{"@id":"https:\/\/www.oarcanjo.net\/site\/#organization"},"potentialAction":[{"@type":"SearchAction","target":{"@type":"EntryPoint","urlTemplate":"https:\/\/www.oarcanjo.net\/site\/?s={search_term_string}"},"query-input":{"@type":"PropertyValueSpecification","valueRequired":true,"valueName":"search_term_string"}}],"inLanguage":"pt-BR"},{"@type":"Organization","@id":"https:\/\/www.oarcanjo.net\/site\/#organization","name":"Par\u00f3quia S\u00e3o Miguel Arcanjo","url":"https:\/\/www.oarcanjo.net\/site\/","logo":{"@type":"ImageObject","inLanguage":"pt-BR","@id":"https:\/\/www.oarcanjo.net\/site\/#\/schema\/logo\/image\/","url":"https:\/\/www.oarcanjo.net\/site\/wp-content\/uploads\/LogoOArcanjo.png","contentUrl":"https:\/\/www.oarcanjo.net\/site\/wp-content\/uploads\/LogoOArcanjo.png","width":319,"height":99,"caption":"Par\u00f3quia S\u00e3o Miguel Arcanjo"},"image":{"@id":"https:\/\/www.oarcanjo.net\/site\/#\/schema\/logo\/image\/"},"sameAs":["https:\/\/www.facebook.com\/OArcanjoNoAr\/"]},{"@type":"Person","@id":"https:\/\/www.oarcanjo.net\/site\/#\/schema\/person\/f7024d007863202483a31326673a0838","name":"editor","sameAs":["http:\/\/www.oarcanjo.net"]}]}},"publishpress_future_action":{"enabled":false,"date":"2026-05-09 00:05:00","action":"category","newStatus":"draft","terms":[],"taxonomy":"category"},"publishpress_future_workflow_manual_trigger":{"enabledWorkflows":[]},"_links":{"self":[{"href":"https:\/\/www.oarcanjo.net\/site\/wp-json\/wp\/v2\/posts\/3360"}],"collection":[{"href":"https:\/\/www.oarcanjo.net\/site\/wp-json\/wp\/v2\/posts"}],"about":[{"href":"https:\/\/www.oarcanjo.net\/site\/wp-json\/wp\/v2\/types\/post"}],"author":[{"embeddable":true,"href":"https:\/\/www.oarcanjo.net\/site\/wp-json\/wp\/v2\/users\/5"}],"replies":[{"embeddable":true,"href":"https:\/\/www.oarcanjo.net\/site\/wp-json\/wp\/v2\/comments?post=3360"}],"version-history":[{"count":0,"href":"https:\/\/www.oarcanjo.net\/site\/wp-json\/wp\/v2\/posts\/3360\/revisions"}],"wp:attachment":[{"href":"https:\/\/www.oarcanjo.net\/site\/wp-json\/wp\/v2\/media?parent=3360"}],"wp:term":[{"taxonomy":"category","embeddable":true,"href":"https:\/\/www.oarcanjo.net\/site\/wp-json\/wp\/v2\/categories?post=3360"},{"taxonomy":"post_tag","embeddable":true,"href":"https:\/\/www.oarcanjo.net\/site\/wp-json\/wp\/v2\/tags?post=3360"}],"curies":[{"name":"wp","href":"https:\/\/api.w.org\/{rel}","templated":true}]}}