
{"id":3366,"date":"2009-05-12T09:24:56","date_gmt":"2009-05-12T12:24:56","guid":{"rendered":"http:\/\/www.oarcanjo.net\/site\/?p=3366"},"modified":"2009-05-17T23:07:48","modified_gmt":"2009-05-18T02:07:48","slug":"padre-emile-edde-e-nossa-senhora-do-libano-no-terco-dos-homens","status":"publish","type":"post","link":"https:\/\/www.oarcanjo.net\/site\/padre-emile-edde-e-nossa-senhora-do-libano-no-terco-dos-homens\/","title":{"rendered":"Padre Emile Edd\u00e9 e Nossa Senhora do L\u00edbano no Ter\u00e7o dos Homens"},"content":{"rendered":"<p>Na \u00faltima sexta-feira, dia 8 de maio, o Padre Emile Edd\u00e9, Mestre em Pastoral e Doutor em Teologia, participou do Ter\u00e7o dos Homens, falou de Nossa Senhora do L\u00edbano, orou com o grupo em \u00e1rabe\/aramaico e contou a caminhada dos irm\u00e3os maronitas.<\/p>\n<p>Foi momento de ora\u00e7\u00e3o, informa\u00e7\u00e3o e reflex\u00e3o.<\/p>\n<p>\u00c9 o Ter\u00e7o dos Homens participando do m\u00eas de Nossa Senhora!<\/p>\n<p>Veja as fotos abaixo:<\/p>ngg_shortcode_0_placeholder<p><em>Imagens de Carlos Beatriz<\/em><\/p>\n<p><strong>Festa de Nossa Senhora do L\u00edbano<\/strong><\/p>\n<p>No pr\u00f3ximo final de semana, dias 16 e 17 de maio, acontece a Festa de Nossa Senhora do L\u00edbano, com comidas t\u00edpicas libanesas, missa e shows de m\u00fasica e dan\u00e7a. Entrada franca.<\/p>\n<p>Clique <a href=\"http:\/\/www.oarcanjo.net\/site\/wp-content\/uploads\/festa-nossa-senhora-libano.jpg\" target=\"_blank\" title=\"Festa de Nossa Senhora do L\u00edibano\">aqui<\/a> ou na imagem abaixo para mais informa\u00e7\u00f5es.<\/p>\n<p><a href=\"http:\/\/www.oarcanjo.net\/site\/wp-content\/uploads\/festa-nossa-senhora-libano.jpg\" target=\"_blank\"><img loading=\"lazy\" decoding=\"async\" src=\"http:\/\/www.oarcanjo.net\/site\/wp-content\/uploads\/festa-nossa-senhora-libano_tb.jpg\" alt=\"Festa de Nossa Senhora do L\u00edibano\" title=\"Festa de Nossa Senhora do L\u00edbano\" width=\"200\" height=\"98\" \/><\/a><\/p>\n<div id=\"themify_builder_content-3366\" data-postid=\"3366\" class=\"themify_builder_content themify_builder_content-3366 themify_builder themify_builder_front\">\n\t<\/div>\n<!-- \/themify_builder_content -->","protected":false},"excerpt":{"rendered":"<p>Na \u00faltima sexta-feira, dia 8 de maio, o Padre Emile Edd\u00e9, Mestre em Pastoral e Doutor em Teologia, participou do Ter\u00e7o dos Homens, falou de Nossa Senhora do L\u00edbano, orou com o grupo em \u00e1rabe\/aramaico e contou a caminhada dos irm\u00e3os maronitas. Foi momento de ora\u00e7\u00e3o, informa\u00e7\u00e3o e reflex\u00e3o. \u00c9 o Ter\u00e7o dos Homens participando [&hellip;]<\/p>\n","protected":false},"author":5,"featured_media":0,"comment_status":"open","ping_status":"open","sticky":false,"template":"","format":"standard","meta":{"ngg_post_thumbnail":0,"footnotes":""},"categories":[8],"tags":[659,660,297],"yoast_head":"<!-- This site is optimized with the Yoast SEO plugin v23.5 - https:\/\/yoast.com\/wordpress\/plugins\/seo\/ -->\n<title>Padre Emile Edd\u00e9 e Nossa Senhora do L\u00edbano no Ter\u00e7o dos Homens - O Arcanjo no ar<\/title>\n<meta name=\"robots\" content=\"index, follow, max-snippet:-1, max-image-preview:large, max-video-preview:-1\" \/>\n<link rel=\"canonical\" href=\"https:\/\/www.oarcanjo.net\/site\/padre-emile-edde-e-nossa-senhora-do-libano-no-terco-dos-homens\/\" \/>\n<meta property=\"og:locale\" content=\"pt_BR\" \/>\n<meta property=\"og:type\" content=\"article\" \/>\n<meta property=\"og:title\" content=\"Padre Emile Edd\u00e9 e Nossa Senhora do L\u00edbano no Ter\u00e7o dos Homens - O Arcanjo no ar\" \/>\n<meta property=\"og:description\" content=\"Na \u00faltima sexta-feira, dia 8 de maio, o Padre Emile Edd\u00e9, Mestre em Pastoral e Doutor em Teologia, participou do Ter\u00e7o dos Homens, falou de Nossa Senhora do L\u00edbano, orou com o grupo em \u00e1rabe\/aramaico e contou a caminhada dos irm\u00e3os maronitas. Foi momento de ora\u00e7\u00e3o, informa\u00e7\u00e3o e reflex\u00e3o. \u00c9 o Ter\u00e7o dos Homens participando [&hellip;]\" \/>\n<meta property=\"og:url\" content=\"https:\/\/www.oarcanjo.net\/site\/padre-emile-edde-e-nossa-senhora-do-libano-no-terco-dos-homens\/\" \/>\n<meta property=\"og:site_name\" content=\"O Arcanjo no ar\" \/>\n<meta property=\"article:publisher\" content=\"https:\/\/www.facebook.com\/OArcanjoNoAr\/\" \/>\n<meta property=\"article:published_time\" content=\"2009-05-12T12:24:56+00:00\" \/>\n<meta property=\"article:modified_time\" content=\"2009-05-18T02:07:48+00:00\" \/>\n<meta property=\"og:image\" content=\"http:\/\/www.oarcanjo.net\/site\/wp-content\/uploads\/festa-nossa-senhora-libano_tb.jpg\" \/>\n<meta name=\"author\" content=\"editor\" \/>\n<meta name=\"twitter:card\" content=\"summary_large_image\" \/>\n<meta name=\"twitter:label1\" content=\"Escrito por\" \/>\n\t<meta name=\"twitter:data1\" content=\"editor\" \/>\n\t<meta name=\"twitter:label2\" content=\"Est. tempo de leitura\" \/>\n\t<meta name=\"twitter:data2\" content=\"1 minuto\" \/>\n<script type=\"application\/ld+json\" class=\"yoast-schema-graph\">{\"@context\":\"https:\/\/schema.org\",\"@graph\":[{\"@type\":\"Article\",\"@id\":\"https:\/\/www.oarcanjo.net\/site\/padre-emile-edde-e-nossa-senhora-do-libano-no-terco-dos-homens\/#article\",\"isPartOf\":{\"@id\":\"https:\/\/www.oarcanjo.net\/site\/padre-emile-edde-e-nossa-senhora-do-libano-no-terco-dos-homens\/\"},\"author\":{\"name\":\"editor\",\"@id\":\"https:\/\/www.oarcanjo.net\/site\/#\/schema\/person\/f7024d007863202483a31326673a0838\"},\"headline\":\"Padre Emile Edd\u00e9 e Nossa Senhora do L\u00edbano no Ter\u00e7o dos Homens\",\"datePublished\":\"2009-05-12T12:24:56+00:00\",\"dateModified\":\"2009-05-18T02:07:48+00:00\",\"mainEntityOfPage\":{\"@id\":\"https:\/\/www.oarcanjo.net\/site\/padre-emile-edde-e-nossa-senhora-do-libano-no-terco-dos-homens\/\"},\"wordCount\":142,\"commentCount\":0,\"publisher\":{\"@id\":\"https:\/\/www.oarcanjo.net\/site\/#organization\"},\"image\":{\"@id\":\"https:\/\/www.oarcanjo.net\/site\/padre-emile-edde-e-nossa-senhora-do-libano-no-terco-dos-homens\/#primaryimage\"},\"thumbnailUrl\":\"http:\/\/www.oarcanjo.net\/site\/wp-content\/uploads\/festa-nossa-senhora-libano_tb.jpg\",\"keywords\":[\"Nossa Senhora do L\u00edbano\",\"Padre Emile Edd\u00e9\",\"ter\u00e7o dos homens\"],\"articleSection\":[\"Not\u00edcias\"],\"inLanguage\":\"pt-BR\",\"potentialAction\":[{\"@type\":\"CommentAction\",\"name\":\"Comment\",\"target\":[\"https:\/\/www.oarcanjo.net\/site\/padre-emile-edde-e-nossa-senhora-do-libano-no-terco-dos-homens\/#respond\"]}]},{\"@type\":\"WebPage\",\"@id\":\"https:\/\/www.oarcanjo.net\/site\/padre-emile-edde-e-nossa-senhora-do-libano-no-terco-dos-homens\/\",\"url\":\"https:\/\/www.oarcanjo.net\/site\/padre-emile-edde-e-nossa-senhora-do-libano-no-terco-dos-homens\/\",\"name\":\"Padre Emile Edd\u00e9 e Nossa Senhora do L\u00edbano no Ter\u00e7o dos Homens - O Arcanjo no ar\",\"isPartOf\":{\"@id\":\"https:\/\/www.oarcanjo.net\/site\/#website\"},\"primaryImageOfPage\":{\"@id\":\"https:\/\/www.oarcanjo.net\/site\/padre-emile-edde-e-nossa-senhora-do-libano-no-terco-dos-homens\/#primaryimage\"},\"image\":{\"@id\":\"https:\/\/www.oarcanjo.net\/site\/padre-emile-edde-e-nossa-senhora-do-libano-no-terco-dos-homens\/#primaryimage\"},\"thumbnailUrl\":\"http:\/\/www.oarcanjo.net\/site\/wp-content\/uploads\/festa-nossa-senhora-libano_tb.jpg\",\"datePublished\":\"2009-05-12T12:24:56+00:00\",\"dateModified\":\"2009-05-18T02:07:48+00:00\",\"breadcrumb\":{\"@id\":\"https:\/\/www.oarcanjo.net\/site\/padre-emile-edde-e-nossa-senhora-do-libano-no-terco-dos-homens\/#breadcrumb\"},\"inLanguage\":\"pt-BR\",\"potentialAction\":[{\"@type\":\"ReadAction\",\"target\":[\"https:\/\/www.oarcanjo.net\/site\/padre-emile-edde-e-nossa-senhora-do-libano-no-terco-dos-homens\/\"]}]},{\"@type\":\"ImageObject\",\"inLanguage\":\"pt-BR\",\"@id\":\"https:\/\/www.oarcanjo.net\/site\/padre-emile-edde-e-nossa-senhora-do-libano-no-terco-dos-homens\/#primaryimage\",\"url\":\"http:\/\/www.oarcanjo.net\/site\/wp-content\/uploads\/festa-nossa-senhora-libano_tb.jpg\",\"contentUrl\":\"http:\/\/www.oarcanjo.net\/site\/wp-content\/uploads\/festa-nossa-senhora-libano_tb.jpg\"},{\"@type\":\"BreadcrumbList\",\"@id\":\"https:\/\/www.oarcanjo.net\/site\/padre-emile-edde-e-nossa-senhora-do-libano-no-terco-dos-homens\/#breadcrumb\",\"itemListElement\":[{\"@type\":\"ListItem\",\"position\":1,\"name\":\"In\u00edcio\",\"item\":\"https:\/\/www.oarcanjo.net\/site\/\"},{\"@type\":\"ListItem\",\"position\":2,\"name\":\"Padre Emile Edd\u00e9 e Nossa Senhora do L\u00edbano no Ter\u00e7o dos Homens\"}]},{\"@type\":\"WebSite\",\"@id\":\"https:\/\/www.oarcanjo.net\/site\/#website\",\"url\":\"https:\/\/www.oarcanjo.net\/site\/\",\"name\":\"O Arcanjo no ar\",\"description\":\"Site da Par\u00f3quia S\u00e3o Miguel Arcanjo (Arquidiocese de SP)\",\"publisher\":{\"@id\":\"https:\/\/www.oarcanjo.net\/site\/#organization\"},\"potentialAction\":[{\"@type\":\"SearchAction\",\"target\":{\"@type\":\"EntryPoint\",\"urlTemplate\":\"https:\/\/www.oarcanjo.net\/site\/?s={search_term_string}\"},\"query-input\":{\"@type\":\"PropertyValueSpecification\",\"valueRequired\":true,\"valueName\":\"search_term_string\"}}],\"inLanguage\":\"pt-BR\"},{\"@type\":\"Organization\",\"@id\":\"https:\/\/www.oarcanjo.net\/site\/#organization\",\"name\":\"Par\u00f3quia S\u00e3o Miguel Arcanjo\",\"url\":\"https:\/\/www.oarcanjo.net\/site\/\",\"logo\":{\"@type\":\"ImageObject\",\"inLanguage\":\"pt-BR\",\"@id\":\"https:\/\/www.oarcanjo.net\/site\/#\/schema\/logo\/image\/\",\"url\":\"https:\/\/www.oarcanjo.net\/site\/wp-content\/uploads\/LogoOArcanjo.png\",\"contentUrl\":\"https:\/\/www.oarcanjo.net\/site\/wp-content\/uploads\/LogoOArcanjo.png\",\"width\":319,\"height\":99,\"caption\":\"Par\u00f3quia S\u00e3o Miguel Arcanjo\"},\"image\":{\"@id\":\"https:\/\/www.oarcanjo.net\/site\/#\/schema\/logo\/image\/\"},\"sameAs\":[\"https:\/\/www.facebook.com\/OArcanjoNoAr\/\"]},{\"@type\":\"Person\",\"@id\":\"https:\/\/www.oarcanjo.net\/site\/#\/schema\/person\/f7024d007863202483a31326673a0838\",\"name\":\"editor\",\"sameAs\":[\"http:\/\/www.oarcanjo.net\"]}]}<\/script>\n<!-- \/ Yoast SEO plugin. -->","yoast_head_json":{"title":"Padre Emile Edd\u00e9 e Nossa Senhora do L\u00edbano no Ter\u00e7o dos Homens - O Arcanjo no ar","robots":{"index":"index","follow":"follow","max-snippet":"max-snippet:-1","max-image-preview":"max-image-preview:large","max-video-preview":"max-video-preview:-1"},"canonical":"https:\/\/www.oarcanjo.net\/site\/padre-emile-edde-e-nossa-senhora-do-libano-no-terco-dos-homens\/","og_locale":"pt_BR","og_type":"article","og_title":"Padre Emile Edd\u00e9 e Nossa Senhora do L\u00edbano no Ter\u00e7o dos Homens - O Arcanjo no ar","og_description":"Na \u00faltima sexta-feira, dia 8 de maio, o Padre Emile Edd\u00e9, Mestre em Pastoral e Doutor em Teologia, participou do Ter\u00e7o dos Homens, falou de Nossa Senhora do L\u00edbano, orou com o grupo em \u00e1rabe\/aramaico e contou a caminhada dos irm\u00e3os maronitas. Foi momento de ora\u00e7\u00e3o, informa\u00e7\u00e3o e reflex\u00e3o. \u00c9 o Ter\u00e7o dos Homens participando [&hellip;]","og_url":"https:\/\/www.oarcanjo.net\/site\/padre-emile-edde-e-nossa-senhora-do-libano-no-terco-dos-homens\/","og_site_name":"O Arcanjo no ar","article_publisher":"https:\/\/www.facebook.com\/OArcanjoNoAr\/","article_published_time":"2009-05-12T12:24:56+00:00","article_modified_time":"2009-05-18T02:07:48+00:00","og_image":[{"url":"http:\/\/www.oarcanjo.net\/site\/wp-content\/uploads\/festa-nossa-senhora-libano_tb.jpg"}],"author":"editor","twitter_card":"summary_large_image","twitter_misc":{"Escrito por":"editor","Est. tempo de leitura":"1 minuto"},"schema":{"@context":"https:\/\/schema.org","@graph":[{"@type":"Article","@id":"https:\/\/www.oarcanjo.net\/site\/padre-emile-edde-e-nossa-senhora-do-libano-no-terco-dos-homens\/#article","isPartOf":{"@id":"https:\/\/www.oarcanjo.net\/site\/padre-emile-edde-e-nossa-senhora-do-libano-no-terco-dos-homens\/"},"author":{"name":"editor","@id":"https:\/\/www.oarcanjo.net\/site\/#\/schema\/person\/f7024d007863202483a31326673a0838"},"headline":"Padre Emile Edd\u00e9 e Nossa Senhora do L\u00edbano no Ter\u00e7o dos Homens","datePublished":"2009-05-12T12:24:56+00:00","dateModified":"2009-05-18T02:07:48+00:00","mainEntityOfPage":{"@id":"https:\/\/www.oarcanjo.net\/site\/padre-emile-edde-e-nossa-senhora-do-libano-no-terco-dos-homens\/"},"wordCount":142,"commentCount":0,"publisher":{"@id":"https:\/\/www.oarcanjo.net\/site\/#organization"},"image":{"@id":"https:\/\/www.oarcanjo.net\/site\/padre-emile-edde-e-nossa-senhora-do-libano-no-terco-dos-homens\/#primaryimage"},"thumbnailUrl":"http:\/\/www.oarcanjo.net\/site\/wp-content\/uploads\/festa-nossa-senhora-libano_tb.jpg","keywords":["Nossa Senhora do L\u00edbano","Padre Emile Edd\u00e9","ter\u00e7o dos homens"],"articleSection":["Not\u00edcias"],"inLanguage":"pt-BR","potentialAction":[{"@type":"CommentAction","name":"Comment","target":["https:\/\/www.oarcanjo.net\/site\/padre-emile-edde-e-nossa-senhora-do-libano-no-terco-dos-homens\/#respond"]}]},{"@type":"WebPage","@id":"https:\/\/www.oarcanjo.net\/site\/padre-emile-edde-e-nossa-senhora-do-libano-no-terco-dos-homens\/","url":"https:\/\/www.oarcanjo.net\/site\/padre-emile-edde-e-nossa-senhora-do-libano-no-terco-dos-homens\/","name":"Padre Emile Edd\u00e9 e Nossa Senhora do L\u00edbano no Ter\u00e7o dos Homens - O Arcanjo no ar","isPartOf":{"@id":"https:\/\/www.oarcanjo.net\/site\/#website"},"primaryImageOfPage":{"@id":"https:\/\/www.oarcanjo.net\/site\/padre-emile-edde-e-nossa-senhora-do-libano-no-terco-dos-homens\/#primaryimage"},"image":{"@id":"https:\/\/www.oarcanjo.net\/site\/padre-emile-edde-e-nossa-senhora-do-libano-no-terco-dos-homens\/#primaryimage"},"thumbnailUrl":"http:\/\/www.oarcanjo.net\/site\/wp-content\/uploads\/festa-nossa-senhora-libano_tb.jpg","datePublished":"2009-05-12T12:24:56+00:00","dateModified":"2009-05-18T02:07:48+00:00","breadcrumb":{"@id":"https:\/\/www.oarcanjo.net\/site\/padre-emile-edde-e-nossa-senhora-do-libano-no-terco-dos-homens\/#breadcrumb"},"inLanguage":"pt-BR","potentialAction":[{"@type":"ReadAction","target":["https:\/\/www.oarcanjo.net\/site\/padre-emile-edde-e-nossa-senhora-do-libano-no-terco-dos-homens\/"]}]},{"@type":"ImageObject","inLanguage":"pt-BR","@id":"https:\/\/www.oarcanjo.net\/site\/padre-emile-edde-e-nossa-senhora-do-libano-no-terco-dos-homens\/#primaryimage","url":"http:\/\/www.oarcanjo.net\/site\/wp-content\/uploads\/festa-nossa-senhora-libano_tb.jpg","contentUrl":"http:\/\/www.oarcanjo.net\/site\/wp-content\/uploads\/festa-nossa-senhora-libano_tb.jpg"},{"@type":"BreadcrumbList","@id":"https:\/\/www.oarcanjo.net\/site\/padre-emile-edde-e-nossa-senhora-do-libano-no-terco-dos-homens\/#breadcrumb","itemListElement":[{"@type":"ListItem","position":1,"name":"In\u00edcio","item":"https:\/\/www.oarcanjo.net\/site\/"},{"@type":"ListItem","position":2,"name":"Padre Emile Edd\u00e9 e Nossa Senhora do L\u00edbano no Ter\u00e7o dos Homens"}]},{"@type":"WebSite","@id":"https:\/\/www.oarcanjo.net\/site\/#website","url":"https:\/\/www.oarcanjo.net\/site\/","name":"O Arcanjo no ar","description":"Site da Par\u00f3quia S\u00e3o Miguel Arcanjo (Arquidiocese de SP)","publisher":{"@id":"https:\/\/www.oarcanjo.net\/site\/#organization"},"potentialAction":[{"@type":"SearchAction","target":{"@type":"EntryPoint","urlTemplate":"https:\/\/www.oarcanjo.net\/site\/?s={search_term_string}"},"query-input":{"@type":"PropertyValueSpecification","valueRequired":true,"valueName":"search_term_string"}}],"inLanguage":"pt-BR"},{"@type":"Organization","@id":"https:\/\/www.oarcanjo.net\/site\/#organization","name":"Par\u00f3quia S\u00e3o Miguel Arcanjo","url":"https:\/\/www.oarcanjo.net\/site\/","logo":{"@type":"ImageObject","inLanguage":"pt-BR","@id":"https:\/\/www.oarcanjo.net\/site\/#\/schema\/logo\/image\/","url":"https:\/\/www.oarcanjo.net\/site\/wp-content\/uploads\/LogoOArcanjo.png","contentUrl":"https:\/\/www.oarcanjo.net\/site\/wp-content\/uploads\/LogoOArcanjo.png","width":319,"height":99,"caption":"Par\u00f3quia S\u00e3o Miguel Arcanjo"},"image":{"@id":"https:\/\/www.oarcanjo.net\/site\/#\/schema\/logo\/image\/"},"sameAs":["https:\/\/www.facebook.com\/OArcanjoNoAr\/"]},{"@type":"Person","@id":"https:\/\/www.oarcanjo.net\/site\/#\/schema\/person\/f7024d007863202483a31326673a0838","name":"editor","sameAs":["http:\/\/www.oarcanjo.net"]}]}},"publishpress_future_action":{"enabled":false,"date":"2026-05-09 00:05:06","action":"category","newStatus":"draft","terms":[],"taxonomy":"category"},"publishpress_future_workflow_manual_trigger":{"enabledWorkflows":[]},"_links":{"self":[{"href":"https:\/\/www.oarcanjo.net\/site\/wp-json\/wp\/v2\/posts\/3366"}],"collection":[{"href":"https:\/\/www.oarcanjo.net\/site\/wp-json\/wp\/v2\/posts"}],"about":[{"href":"https:\/\/www.oarcanjo.net\/site\/wp-json\/wp\/v2\/types\/post"}],"author":[{"embeddable":true,"href":"https:\/\/www.oarcanjo.net\/site\/wp-json\/wp\/v2\/users\/5"}],"replies":[{"embeddable":true,"href":"https:\/\/www.oarcanjo.net\/site\/wp-json\/wp\/v2\/comments?post=3366"}],"version-history":[{"count":0,"href":"https:\/\/www.oarcanjo.net\/site\/wp-json\/wp\/v2\/posts\/3366\/revisions"}],"wp:attachment":[{"href":"https:\/\/www.oarcanjo.net\/site\/wp-json\/wp\/v2\/media?parent=3366"}],"wp:term":[{"taxonomy":"category","embeddable":true,"href":"https:\/\/www.oarcanjo.net\/site\/wp-json\/wp\/v2\/categories?post=3366"},{"taxonomy":"post_tag","embeddable":true,"href":"https:\/\/www.oarcanjo.net\/site\/wp-json\/wp\/v2\/tags?post=3366"}],"curies":[{"name":"wp","href":"https:\/\/api.w.org\/{rel}","templated":true}]}}