
{"id":3378,"date":"2009-05-11T22:02:13","date_gmt":"2009-05-12T01:02:13","guid":{"rendered":"http:\/\/www.oarcanjo.net\/site\/?p=3378"},"modified":"2009-05-12T22:04:28","modified_gmt":"2009-05-13T01:04:28","slug":"nao-nos-desviar-de-jesus","status":"publish","type":"post","link":"https:\/\/www.oarcanjo.net\/site\/nao-nos-desviar-de-jesus\/","title":{"rendered":"N\u00e3o nos desviar de Jesus"},"content":{"rendered":"<p>Jose Antonio Pagola<\/p>\n<p>A imagem \u00e9 simples e de grande for\u00e7a expressiva. Jesus \u00e9 \u201ca videira verdadeira\u201d, cheia de vida; os disc\u00edpulos s\u00e3o \u201cramos\u201d que vivem da seiva que lhes vem de Jesus; o Pai \u00e9 o \u201cagricultor\u201d que toma conta pessoalmente da videira para ela dar fruto abundante. A \u00fanica coisa importante \u00e9 que se torne realidade o seu projeto de um mundo mais humano e mais feliz para todos.<\/p>\n<p>A imagem p\u00f5e de relevo onde \u00e9 que o problema se encontra. H\u00e1 ramos secos onde a seiva de Jesus n\u00e3o circula. Disc\u00edpulos que n\u00e3o d\u00e3o frutos porque o Esp\u00edrito do Ressuscitado n\u00e3o corre pelas suas veias. Comunidades crist\u00e3s que definham desligadas da pessoa do Cristo. <\/p>\n<p>Por isso \u00e9 feita uma afirma\u00e7\u00e3o carregada de intensidade: \u201co ramo n\u00e3o pode produzir fruto de si mesmo, se n\u00e3o permanecer na videira\u201d: a vida dos disc\u00edpulos \u00e9 est\u00e9ril \u201cse n\u00e3o permanecerem\u201d em Jesus. Suas palavras s\u00e3o categ\u00f3ricas: \u201cSem mim n\u00e3o podeis fazer nada\u201d. N\u00e3o est\u00e1 se nos revelando a verdadeira raiz da crise de nosso Cristianismo, o fator interno que est\u00e1  rachando as suas bases mais do que qualquer outro?<\/p>\n<p>A maneira como \u00e9 vivida a religi\u00e3o por muitos crist\u00e3os, sem uma uni\u00e3o vital com Jesuscristo, n\u00e3o vai subsistir por muito tempo: ser\u00e1 reduzida ao \u201cfolclore\u201d anacr\u00f4nico que n\u00e3o levar\u00e1 para ningu\u00e9m a Boa Not\u00edcia do Evangelho. A Igreja estar\u00e1 impedida de realizar sua miss\u00e3o no mundo contempor\u00e2neo, se aqueles que nos dizemos  \u201ccrist\u00e3os\u201d n\u00e3o nos convertemos em disc\u00edpulos de Jesus, animados pelo seu Esp\u00edrito e pela sua paix\u00e3o por um mundo mais humano. <\/p>\n<p>Ser crist\u00e3o hoje exige uma experi\u00eancia vital de Jesus Cristo, um conhecimento interior da sua pessoa e uma paix\u00e3o pelo seu projeto, que n\u00e3o eram precisos para ser praticante numa sociedade de cristandade. Se n\u00f3s n\u00e3o aprendermos a viver de um contato mais imediato e apaixonado com Jesus, a decad\u00eancia do nosso cristianismo pode virar uma doen\u00e7a mortal. <\/p>\n<p>Na atualidade, os crist\u00e3os vivem preocupados e distra\u00eddos com muitas quest\u00f5es. N\u00e3o pode ser de  outro jeito. Mas n\u00f3s n\u00e3o podemos esquecer o essencial. Todos somos \u201cramos\u201d. S\u00f3 Jesus \u00e9 \u201ca verdadeira videira\u201d. A coisa decisiva neste momento \u00e9 \u201cpermanecer nele\u201d: dedicar toda a nossa aten\u00e7\u00e3o ao Evangelho; alimentar em nossos grupos, redes, comunidades e par\u00f3quias o contato vivo com Ele; n\u00e3o nos desviar do seu projeto. <\/p>\n<div id=\"themify_builder_content-3378\" data-postid=\"3378\" class=\"themify_builder_content themify_builder_content-3378 themify_builder themify_builder_front\">\n\t<\/div>\n<!-- \/themify_builder_content -->","protected":false},"excerpt":{"rendered":"<p>Jose Antonio Pagola A imagem \u00e9 simples e de grande for\u00e7a expressiva. Jesus \u00e9 \u201ca videira verdadeira\u201d, cheia de vida; os disc\u00edpulos s\u00e3o \u201cramos\u201d que vivem da seiva que lhes vem de Jesus; o Pai \u00e9 o \u201cagricultor\u201d que toma conta pessoalmente da videira para ela dar fruto abundante. A \u00fanica coisa importante \u00e9 que [&hellip;]<\/p>\n","protected":false},"author":5,"featured_media":0,"comment_status":"open","ping_status":"open","sticky":false,"template":"","format":"standard","meta":{"ngg_post_thumbnail":0,"footnotes":""},"categories":[9],"tags":[440,648],"yoast_head":"<!-- This site is optimized with the Yoast SEO plugin v23.5 - https:\/\/yoast.com\/wordpress\/plugins\/seo\/ -->\n<title>N\u00e3o nos desviar de Jesus - O Arcanjo no ar<\/title>\n<meta name=\"robots\" content=\"index, follow, max-snippet:-1, max-image-preview:large, max-video-preview:-1\" \/>\n<link rel=\"canonical\" href=\"https:\/\/www.oarcanjo.net\/site\/nao-nos-desviar-de-jesus\/\" \/>\n<meta property=\"og:locale\" content=\"pt_BR\" \/>\n<meta property=\"og:type\" content=\"article\" \/>\n<meta property=\"og:title\" content=\"N\u00e3o nos desviar de Jesus - O Arcanjo no ar\" \/>\n<meta property=\"og:description\" content=\"Jose Antonio Pagola A imagem \u00e9 simples e de grande for\u00e7a expressiva. Jesus \u00e9 \u201ca videira verdadeira\u201d, cheia de vida; os disc\u00edpulos s\u00e3o \u201cramos\u201d que vivem da seiva que lhes vem de Jesus; o Pai \u00e9 o \u201cagricultor\u201d que toma conta pessoalmente da videira para ela dar fruto abundante. A \u00fanica coisa importante \u00e9 que [&hellip;]\" \/>\n<meta property=\"og:url\" content=\"https:\/\/www.oarcanjo.net\/site\/nao-nos-desviar-de-jesus\/\" \/>\n<meta property=\"og:site_name\" content=\"O Arcanjo no ar\" \/>\n<meta property=\"article:publisher\" content=\"https:\/\/www.facebook.com\/OArcanjoNoAr\/\" \/>\n<meta property=\"article:published_time\" content=\"2009-05-12T01:02:13+00:00\" \/>\n<meta property=\"article:modified_time\" content=\"2009-05-13T01:04:28+00:00\" \/>\n<meta property=\"og:image\" content=\"https:\/\/www.oarcanjo.net\/site\/wp-content\/uploads\/logo-o-arcanjo-no-ar-facebook.png\" \/>\n\t<meta property=\"og:image:width\" content=\"300\" \/>\n\t<meta property=\"og:image:height\" content=\"300\" \/>\n\t<meta property=\"og:image:type\" content=\"image\/png\" \/>\n<meta name=\"author\" content=\"editor\" \/>\n<meta name=\"twitter:card\" content=\"summary_large_image\" \/>\n<meta name=\"twitter:label1\" content=\"Escrito por\" \/>\n\t<meta name=\"twitter:data1\" content=\"editor\" \/>\n\t<meta name=\"twitter:label2\" content=\"Est. tempo de leitura\" \/>\n\t<meta name=\"twitter:data2\" content=\"2 minutos\" \/>\n<script type=\"application\/ld+json\" class=\"yoast-schema-graph\">{\"@context\":\"https:\/\/schema.org\",\"@graph\":[{\"@type\":\"Article\",\"@id\":\"https:\/\/www.oarcanjo.net\/site\/nao-nos-desviar-de-jesus\/#article\",\"isPartOf\":{\"@id\":\"https:\/\/www.oarcanjo.net\/site\/nao-nos-desviar-de-jesus\/\"},\"author\":{\"name\":\"editor\",\"@id\":\"https:\/\/www.oarcanjo.net\/site\/#\/schema\/person\/f7024d007863202483a31326673a0838\"},\"headline\":\"N\u00e3o nos desviar de Jesus\",\"datePublished\":\"2009-05-12T01:02:13+00:00\",\"dateModified\":\"2009-05-13T01:04:28+00:00\",\"mainEntityOfPage\":{\"@id\":\"https:\/\/www.oarcanjo.net\/site\/nao-nos-desviar-de-jesus\/\"},\"wordCount\":436,\"commentCount\":0,\"publisher\":{\"@id\":\"https:\/\/www.oarcanjo.net\/site\/#organization\"},\"keywords\":[\"Jesus Cristo\",\"videira\"],\"articleSection\":[\"Reflex\u00f5es\"],\"inLanguage\":\"pt-BR\",\"potentialAction\":[{\"@type\":\"CommentAction\",\"name\":\"Comment\",\"target\":[\"https:\/\/www.oarcanjo.net\/site\/nao-nos-desviar-de-jesus\/#respond\"]}]},{\"@type\":\"WebPage\",\"@id\":\"https:\/\/www.oarcanjo.net\/site\/nao-nos-desviar-de-jesus\/\",\"url\":\"https:\/\/www.oarcanjo.net\/site\/nao-nos-desviar-de-jesus\/\",\"name\":\"N\u00e3o nos desviar de Jesus - O Arcanjo no ar\",\"isPartOf\":{\"@id\":\"https:\/\/www.oarcanjo.net\/site\/#website\"},\"datePublished\":\"2009-05-12T01:02:13+00:00\",\"dateModified\":\"2009-05-13T01:04:28+00:00\",\"breadcrumb\":{\"@id\":\"https:\/\/www.oarcanjo.net\/site\/nao-nos-desviar-de-jesus\/#breadcrumb\"},\"inLanguage\":\"pt-BR\",\"potentialAction\":[{\"@type\":\"ReadAction\",\"target\":[\"https:\/\/www.oarcanjo.net\/site\/nao-nos-desviar-de-jesus\/\"]}]},{\"@type\":\"BreadcrumbList\",\"@id\":\"https:\/\/www.oarcanjo.net\/site\/nao-nos-desviar-de-jesus\/#breadcrumb\",\"itemListElement\":[{\"@type\":\"ListItem\",\"position\":1,\"name\":\"In\u00edcio\",\"item\":\"https:\/\/www.oarcanjo.net\/site\/\"},{\"@type\":\"ListItem\",\"position\":2,\"name\":\"N\u00e3o nos desviar de Jesus\"}]},{\"@type\":\"WebSite\",\"@id\":\"https:\/\/www.oarcanjo.net\/site\/#website\",\"url\":\"https:\/\/www.oarcanjo.net\/site\/\",\"name\":\"O Arcanjo no ar\",\"description\":\"Site da Par\u00f3quia S\u00e3o Miguel Arcanjo (Arquidiocese de SP)\",\"publisher\":{\"@id\":\"https:\/\/www.oarcanjo.net\/site\/#organization\"},\"potentialAction\":[{\"@type\":\"SearchAction\",\"target\":{\"@type\":\"EntryPoint\",\"urlTemplate\":\"https:\/\/www.oarcanjo.net\/site\/?s={search_term_string}\"},\"query-input\":{\"@type\":\"PropertyValueSpecification\",\"valueRequired\":true,\"valueName\":\"search_term_string\"}}],\"inLanguage\":\"pt-BR\"},{\"@type\":\"Organization\",\"@id\":\"https:\/\/www.oarcanjo.net\/site\/#organization\",\"name\":\"Par\u00f3quia S\u00e3o Miguel Arcanjo\",\"url\":\"https:\/\/www.oarcanjo.net\/site\/\",\"logo\":{\"@type\":\"ImageObject\",\"inLanguage\":\"pt-BR\",\"@id\":\"https:\/\/www.oarcanjo.net\/site\/#\/schema\/logo\/image\/\",\"url\":\"https:\/\/www.oarcanjo.net\/site\/wp-content\/uploads\/LogoOArcanjo.png\",\"contentUrl\":\"https:\/\/www.oarcanjo.net\/site\/wp-content\/uploads\/LogoOArcanjo.png\",\"width\":319,\"height\":99,\"caption\":\"Par\u00f3quia S\u00e3o Miguel Arcanjo\"},\"image\":{\"@id\":\"https:\/\/www.oarcanjo.net\/site\/#\/schema\/logo\/image\/\"},\"sameAs\":[\"https:\/\/www.facebook.com\/OArcanjoNoAr\/\"]},{\"@type\":\"Person\",\"@id\":\"https:\/\/www.oarcanjo.net\/site\/#\/schema\/person\/f7024d007863202483a31326673a0838\",\"name\":\"editor\",\"sameAs\":[\"http:\/\/www.oarcanjo.net\"]}]}<\/script>\n<!-- \/ Yoast SEO plugin. -->","yoast_head_json":{"title":"N\u00e3o nos desviar de Jesus - O Arcanjo no ar","robots":{"index":"index","follow":"follow","max-snippet":"max-snippet:-1","max-image-preview":"max-image-preview:large","max-video-preview":"max-video-preview:-1"},"canonical":"https:\/\/www.oarcanjo.net\/site\/nao-nos-desviar-de-jesus\/","og_locale":"pt_BR","og_type":"article","og_title":"N\u00e3o nos desviar de Jesus - O Arcanjo no ar","og_description":"Jose Antonio Pagola A imagem \u00e9 simples e de grande for\u00e7a expressiva. Jesus \u00e9 \u201ca videira verdadeira\u201d, cheia de vida; os disc\u00edpulos s\u00e3o \u201cramos\u201d que vivem da seiva que lhes vem de Jesus; o Pai \u00e9 o \u201cagricultor\u201d que toma conta pessoalmente da videira para ela dar fruto abundante. A \u00fanica coisa importante \u00e9 que [&hellip;]","og_url":"https:\/\/www.oarcanjo.net\/site\/nao-nos-desviar-de-jesus\/","og_site_name":"O Arcanjo no ar","article_publisher":"https:\/\/www.facebook.com\/OArcanjoNoAr\/","article_published_time":"2009-05-12T01:02:13+00:00","article_modified_time":"2009-05-13T01:04:28+00:00","og_image":[{"width":300,"height":300,"url":"https:\/\/www.oarcanjo.net\/site\/wp-content\/uploads\/logo-o-arcanjo-no-ar-facebook.png","type":"image\/png"}],"author":"editor","twitter_card":"summary_large_image","twitter_misc":{"Escrito por":"editor","Est. tempo de leitura":"2 minutos"},"schema":{"@context":"https:\/\/schema.org","@graph":[{"@type":"Article","@id":"https:\/\/www.oarcanjo.net\/site\/nao-nos-desviar-de-jesus\/#article","isPartOf":{"@id":"https:\/\/www.oarcanjo.net\/site\/nao-nos-desviar-de-jesus\/"},"author":{"name":"editor","@id":"https:\/\/www.oarcanjo.net\/site\/#\/schema\/person\/f7024d007863202483a31326673a0838"},"headline":"N\u00e3o nos desviar de Jesus","datePublished":"2009-05-12T01:02:13+00:00","dateModified":"2009-05-13T01:04:28+00:00","mainEntityOfPage":{"@id":"https:\/\/www.oarcanjo.net\/site\/nao-nos-desviar-de-jesus\/"},"wordCount":436,"commentCount":0,"publisher":{"@id":"https:\/\/www.oarcanjo.net\/site\/#organization"},"keywords":["Jesus Cristo","videira"],"articleSection":["Reflex\u00f5es"],"inLanguage":"pt-BR","potentialAction":[{"@type":"CommentAction","name":"Comment","target":["https:\/\/www.oarcanjo.net\/site\/nao-nos-desviar-de-jesus\/#respond"]}]},{"@type":"WebPage","@id":"https:\/\/www.oarcanjo.net\/site\/nao-nos-desviar-de-jesus\/","url":"https:\/\/www.oarcanjo.net\/site\/nao-nos-desviar-de-jesus\/","name":"N\u00e3o nos desviar de Jesus - O Arcanjo no ar","isPartOf":{"@id":"https:\/\/www.oarcanjo.net\/site\/#website"},"datePublished":"2009-05-12T01:02:13+00:00","dateModified":"2009-05-13T01:04:28+00:00","breadcrumb":{"@id":"https:\/\/www.oarcanjo.net\/site\/nao-nos-desviar-de-jesus\/#breadcrumb"},"inLanguage":"pt-BR","potentialAction":[{"@type":"ReadAction","target":["https:\/\/www.oarcanjo.net\/site\/nao-nos-desviar-de-jesus\/"]}]},{"@type":"BreadcrumbList","@id":"https:\/\/www.oarcanjo.net\/site\/nao-nos-desviar-de-jesus\/#breadcrumb","itemListElement":[{"@type":"ListItem","position":1,"name":"In\u00edcio","item":"https:\/\/www.oarcanjo.net\/site\/"},{"@type":"ListItem","position":2,"name":"N\u00e3o nos desviar de Jesus"}]},{"@type":"WebSite","@id":"https:\/\/www.oarcanjo.net\/site\/#website","url":"https:\/\/www.oarcanjo.net\/site\/","name":"O Arcanjo no ar","description":"Site da Par\u00f3quia S\u00e3o Miguel Arcanjo (Arquidiocese de SP)","publisher":{"@id":"https:\/\/www.oarcanjo.net\/site\/#organization"},"potentialAction":[{"@type":"SearchAction","target":{"@type":"EntryPoint","urlTemplate":"https:\/\/www.oarcanjo.net\/site\/?s={search_term_string}"},"query-input":{"@type":"PropertyValueSpecification","valueRequired":true,"valueName":"search_term_string"}}],"inLanguage":"pt-BR"},{"@type":"Organization","@id":"https:\/\/www.oarcanjo.net\/site\/#organization","name":"Par\u00f3quia S\u00e3o Miguel Arcanjo","url":"https:\/\/www.oarcanjo.net\/site\/","logo":{"@type":"ImageObject","inLanguage":"pt-BR","@id":"https:\/\/www.oarcanjo.net\/site\/#\/schema\/logo\/image\/","url":"https:\/\/www.oarcanjo.net\/site\/wp-content\/uploads\/LogoOArcanjo.png","contentUrl":"https:\/\/www.oarcanjo.net\/site\/wp-content\/uploads\/LogoOArcanjo.png","width":319,"height":99,"caption":"Par\u00f3quia S\u00e3o Miguel Arcanjo"},"image":{"@id":"https:\/\/www.oarcanjo.net\/site\/#\/schema\/logo\/image\/"},"sameAs":["https:\/\/www.facebook.com\/OArcanjoNoAr\/"]},{"@type":"Person","@id":"https:\/\/www.oarcanjo.net\/site\/#\/schema\/person\/f7024d007863202483a31326673a0838","name":"editor","sameAs":["http:\/\/www.oarcanjo.net"]}]}},"publishpress_future_action":{"enabled":false,"date":"2026-05-09 06:40:40","action":"category","newStatus":"draft","terms":[],"taxonomy":"category"},"publishpress_future_workflow_manual_trigger":{"enabledWorkflows":[]},"_links":{"self":[{"href":"https:\/\/www.oarcanjo.net\/site\/wp-json\/wp\/v2\/posts\/3378"}],"collection":[{"href":"https:\/\/www.oarcanjo.net\/site\/wp-json\/wp\/v2\/posts"}],"about":[{"href":"https:\/\/www.oarcanjo.net\/site\/wp-json\/wp\/v2\/types\/post"}],"author":[{"embeddable":true,"href":"https:\/\/www.oarcanjo.net\/site\/wp-json\/wp\/v2\/users\/5"}],"replies":[{"embeddable":true,"href":"https:\/\/www.oarcanjo.net\/site\/wp-json\/wp\/v2\/comments?post=3378"}],"version-history":[{"count":0,"href":"https:\/\/www.oarcanjo.net\/site\/wp-json\/wp\/v2\/posts\/3378\/revisions"}],"wp:attachment":[{"href":"https:\/\/www.oarcanjo.net\/site\/wp-json\/wp\/v2\/media?parent=3378"}],"wp:term":[{"taxonomy":"category","embeddable":true,"href":"https:\/\/www.oarcanjo.net\/site\/wp-json\/wp\/v2\/categories?post=3378"},{"taxonomy":"post_tag","embeddable":true,"href":"https:\/\/www.oarcanjo.net\/site\/wp-json\/wp\/v2\/tags?post=3378"}],"curies":[{"name":"wp","href":"https:\/\/api.w.org\/{rel}","templated":true}]}}