
{"id":3380,"date":"2009-05-12T22:10:41","date_gmt":"2009-05-13T01:10:41","guid":{"rendered":"http:\/\/www.oarcanjo.net\/site\/?p=3380"},"modified":"2009-05-12T22:10:41","modified_gmt":"2009-05-13T01:10:41","slug":"caritas-arrecada-doacoes-para-vitimas-das-chuvas","status":"publish","type":"post","link":"https:\/\/www.oarcanjo.net\/site\/caritas-arrecada-doacoes-para-vitimas-das-chuvas\/","title":{"rendered":"C\u00e1ritas arrecada doa\u00e7\u00f5es para v\u00edtimas das chuvas"},"content":{"rendered":"<p>Nos \u00faltimos meses, as regi\u00f5es Norte e Nordeste sofreram os efeitos das fortes chuvas. Milhares de pessoas ficaram desabrigadas por causa das enchentes. Para tentar amenizar os transtornos sofridos, as C\u00e1ritas Arquidiocesanas e Diocesanas, em parceria com as igrejas locais, est\u00e3o promovendo campanhas de doa\u00e7\u00e3o de alimentos, roupas, cobertores e \u00e1gua pot\u00e1vel (filtros).<\/p>\n<p>Cada estado est\u00e1 se articulando para atender a popula\u00e7\u00e3o atingida. No Maranh\u00e3o, mais de 137 mil pessoas foram afetadas pelas enchentes nos 41 munic\u00edpios, sendo que 29 est\u00e3o em situa\u00e7\u00e3o de emerg\u00eancia. Dia 9 de maio, s\u00e1bado, a C\u00e1ritas Regional e o Clube do Choro lan\u00e7aram uma campanha de solidariedade durante um sarau de m\u00fasica. Ap\u00f3s o evento, foi contabilizado o saldo de 525 kg de alimentos n\u00e3o-perec\u00edveis, 80 pe\u00e7as de roupas e R$ 605,00. Todo dinheiro arrecadado ser\u00e1 revertido em favor das v\u00edtimas. As doa\u00e7\u00f5es tamb\u00e9m podem ser feitas na sede da C\u00e1ritas em S\u00e3o Lu\u00eds.<\/p>\n<p>De acordo com Ricarte Almeida, coordenador da C\u00e1ritas Brasileira Regional do Maranh\u00e3o, as campanhas de apoio \u00e0s vitimas das enchentes est\u00e3o sendo muitas, mas ainda \u00e9 preciso mais.<\/p>\n<p>&#8220;As pessoas est\u00e3o muito tocadas com o que est\u00e1 acontecendo e os atos de solidariedade est\u00e3o sendo muitos. Moradores de outros estados e pa\u00edses nos procuram para oferecer ajuda, no entanto, precisamos fazer mais. O Maranh\u00e3o tem atualmente cerca de 170 mil atingidos. Precisamos discutir com o Estado pol\u00edticas p\u00fablicas permanentes para evitar que a chuva n\u00e3o submeta tantas pessoas a essa situa\u00e7\u00e3o de calamidade. O quadro \u00e9 complicado e s\u00f3 tende a se agravar a cada ano&#8221;.<\/p>\n<p>No Piau\u00ed, a quantidade de v\u00edtimas das chuvas ultrapassa o n\u00famero de 36 mil. A cidade mais atingida no estado foi Esperantina, onde 4 mil pessoas encontram-se desabrigadas. As doa\u00e7\u00f5es podem ser feitas em todas as par\u00f3quias da Arquidiocese de Teresina.  Al\u00e9m da doa\u00e7\u00e3o dos itens de primeira necessidade, tamb\u00e9m est\u00e3o sendo arrecadados brinquedos para tentar amenizar o sofrimento das crian\u00e7as que est\u00e3o nos abrigos. Quem puder disponibilizar seu tempo tamb\u00e9m ser\u00e1 bem vindo. As par\u00f3quias est\u00e3o necessitando da ajuda volunt\u00e1ria para receber e separar os produtos. <\/p>\n<p>Em outros Estados a situa\u00e7\u00e3o n\u00e3o \u00e9 diferente. No Cear\u00e1, de acordo com dados da Defesa Civil, 69 munic\u00edpios foram atingidos pelas \u00e1guas, 12 pessoas morreram, 140 est\u00e3o feridas, 16.311 perderam tudo e est\u00e3o desabrigadas. J\u00e1 o Par\u00e1 (na regi\u00e3o Norte) est\u00e1 enfrentando a maior enchente de sua hist\u00f3ria. E no Amazonas, o governo decretou situa\u00e7\u00e3o de emerg\u00eancia em todo o Estado. <\/p>\n<p>Com a intensifica\u00e7\u00e3o das chuvas, a C\u00e1ritas Nacional em conjunto com a Confer\u00eancia Nacional dos Bispos do Brasil (CNBB) pretende lan\u00e7ar uma campanha nacional de mobiliza\u00e7\u00e3o para ajudar os desabrigados pela chuva. Quem puder fazer doa\u00e7\u00f5es em dinheiro para socorro imediato \u00e0s v\u00edtimas, reconstru\u00e7\u00e3o de casas e recupera\u00e7\u00e3o dos meios produtivos poder\u00e1 fazer o dep\u00f3sito nas contas disponibilizadas pela C\u00e1ritas.<\/p>\n<p>Servi\u00e7o:<br \/>\n<strong>C\u00e1ritas Brasileira Brasileira &#8211; SOS NORTE E NORDESTE<\/strong><br \/>\n\u2022 Banco do Brasil: Ag\u00eancia 3475-4, c\/c: 23091-X<br \/>\n\u2022 Banco Bradesco: Ag\u00eancia 606, c\/c: 68000-1<br \/>\n\u2022 Caixa Econ\u00f4mica Federal: Ag\u00eancia 1041, opera\u00e7\u00e3o 003, c\/c: 935-1<\/p>\n<div id=\"themify_builder_content-3380\" data-postid=\"3380\" class=\"themify_builder_content themify_builder_content-3380 themify_builder themify_builder_front\">\n\t<\/div>\n<!-- \/themify_builder_content -->","protected":false},"excerpt":{"rendered":"<p>Nos \u00faltimos meses, as regi\u00f5es Norte e Nordeste sofreram os efeitos das fortes chuvas. Milhares de pessoas ficaram desabrigadas por causa das enchentes. Para tentar amenizar os transtornos sofridos, as C\u00e1ritas Arquidiocesanas e Diocesanas, em parceria com as igrejas locais, est\u00e3o promovendo campanhas de doa\u00e7\u00e3o de alimentos, roupas, cobertores e \u00e1gua pot\u00e1vel (filtros). Cada estado [&hellip;]<\/p>\n","protected":false},"author":5,"featured_media":0,"comment_status":"open","ping_status":"open","sticky":false,"template":"","format":"standard","meta":{"ngg_post_thumbnail":0,"footnotes":""},"categories":[8],"tags":[669,667,664,665,663,668,666,88],"yoast_head":"<!-- This site is optimized with the Yoast SEO plugin v23.5 - https:\/\/yoast.com\/wordpress\/plugins\/seo\/ -->\n<title>C\u00e1ritas arrecada doa\u00e7\u00f5es para v\u00edtimas das chuvas - O Arcanjo no ar<\/title>\n<meta name=\"robots\" content=\"index, follow, max-snippet:-1, max-image-preview:large, max-video-preview:-1\" \/>\n<link rel=\"canonical\" href=\"https:\/\/www.oarcanjo.net\/site\/caritas-arrecada-doacoes-para-vitimas-das-chuvas\/\" \/>\n<meta property=\"og:locale\" content=\"pt_BR\" \/>\n<meta property=\"og:type\" content=\"article\" \/>\n<meta property=\"og:title\" content=\"C\u00e1ritas arrecada doa\u00e7\u00f5es para v\u00edtimas das chuvas - O Arcanjo no ar\" \/>\n<meta property=\"og:description\" content=\"Nos \u00faltimos meses, as regi\u00f5es Norte e Nordeste sofreram os efeitos das fortes chuvas. Milhares de pessoas ficaram desabrigadas por causa das enchentes. Para tentar amenizar os transtornos sofridos, as C\u00e1ritas Arquidiocesanas e Diocesanas, em parceria com as igrejas locais, est\u00e3o promovendo campanhas de doa\u00e7\u00e3o de alimentos, roupas, cobertores e \u00e1gua pot\u00e1vel (filtros). Cada estado [&hellip;]\" \/>\n<meta property=\"og:url\" content=\"https:\/\/www.oarcanjo.net\/site\/caritas-arrecada-doacoes-para-vitimas-das-chuvas\/\" \/>\n<meta property=\"og:site_name\" content=\"O Arcanjo no ar\" \/>\n<meta property=\"article:publisher\" content=\"https:\/\/www.facebook.com\/OArcanjoNoAr\/\" \/>\n<meta property=\"article:published_time\" content=\"2009-05-13T01:10:41+00:00\" \/>\n<meta property=\"og:image\" content=\"https:\/\/www.oarcanjo.net\/site\/wp-content\/uploads\/logo-o-arcanjo-no-ar-facebook.png\" \/>\n\t<meta property=\"og:image:width\" content=\"300\" \/>\n\t<meta property=\"og:image:height\" content=\"300\" \/>\n\t<meta property=\"og:image:type\" content=\"image\/png\" \/>\n<meta name=\"author\" content=\"editor\" \/>\n<meta name=\"twitter:card\" content=\"summary_large_image\" \/>\n<meta name=\"twitter:label1\" content=\"Escrito por\" \/>\n\t<meta name=\"twitter:data1\" content=\"editor\" \/>\n\t<meta name=\"twitter:label2\" content=\"Est. tempo de leitura\" \/>\n\t<meta name=\"twitter:data2\" content=\"3 minutos\" \/>\n<script type=\"application\/ld+json\" class=\"yoast-schema-graph\">{\"@context\":\"https:\/\/schema.org\",\"@graph\":[{\"@type\":\"Article\",\"@id\":\"https:\/\/www.oarcanjo.net\/site\/caritas-arrecada-doacoes-para-vitimas-das-chuvas\/#article\",\"isPartOf\":{\"@id\":\"https:\/\/www.oarcanjo.net\/site\/caritas-arrecada-doacoes-para-vitimas-das-chuvas\/\"},\"author\":{\"name\":\"editor\",\"@id\":\"https:\/\/www.oarcanjo.net\/site\/#\/schema\/person\/f7024d007863202483a31326673a0838\"},\"headline\":\"C\u00e1ritas arrecada doa\u00e7\u00f5es para v\u00edtimas das chuvas\",\"datePublished\":\"2009-05-13T01:10:41+00:00\",\"dateModified\":\"2009-05-13T01:10:41+00:00\",\"mainEntityOfPage\":{\"@id\":\"https:\/\/www.oarcanjo.net\/site\/caritas-arrecada-doacoes-para-vitimas-das-chuvas\/\"},\"wordCount\":566,\"commentCount\":1,\"publisher\":{\"@id\":\"https:\/\/www.oarcanjo.net\/site\/#organization\"},\"keywords\":[\"Amazonas\",\"Cear\u00e1\",\"chuvas\",\"Maranh\u00e3o\",\"nordeste\",\"Par\u00e1\",\"Piau\u00ed\",\"solidariedade\"],\"articleSection\":[\"Not\u00edcias\"],\"inLanguage\":\"pt-BR\",\"potentialAction\":[{\"@type\":\"CommentAction\",\"name\":\"Comment\",\"target\":[\"https:\/\/www.oarcanjo.net\/site\/caritas-arrecada-doacoes-para-vitimas-das-chuvas\/#respond\"]}]},{\"@type\":\"WebPage\",\"@id\":\"https:\/\/www.oarcanjo.net\/site\/caritas-arrecada-doacoes-para-vitimas-das-chuvas\/\",\"url\":\"https:\/\/www.oarcanjo.net\/site\/caritas-arrecada-doacoes-para-vitimas-das-chuvas\/\",\"name\":\"C\u00e1ritas arrecada doa\u00e7\u00f5es para v\u00edtimas das chuvas - O Arcanjo no ar\",\"isPartOf\":{\"@id\":\"https:\/\/www.oarcanjo.net\/site\/#website\"},\"datePublished\":\"2009-05-13T01:10:41+00:00\",\"dateModified\":\"2009-05-13T01:10:41+00:00\",\"breadcrumb\":{\"@id\":\"https:\/\/www.oarcanjo.net\/site\/caritas-arrecada-doacoes-para-vitimas-das-chuvas\/#breadcrumb\"},\"inLanguage\":\"pt-BR\",\"potentialAction\":[{\"@type\":\"ReadAction\",\"target\":[\"https:\/\/www.oarcanjo.net\/site\/caritas-arrecada-doacoes-para-vitimas-das-chuvas\/\"]}]},{\"@type\":\"BreadcrumbList\",\"@id\":\"https:\/\/www.oarcanjo.net\/site\/caritas-arrecada-doacoes-para-vitimas-das-chuvas\/#breadcrumb\",\"itemListElement\":[{\"@type\":\"ListItem\",\"position\":1,\"name\":\"In\u00edcio\",\"item\":\"https:\/\/www.oarcanjo.net\/site\/\"},{\"@type\":\"ListItem\",\"position\":2,\"name\":\"C\u00e1ritas arrecada doa\u00e7\u00f5es para v\u00edtimas das chuvas\"}]},{\"@type\":\"WebSite\",\"@id\":\"https:\/\/www.oarcanjo.net\/site\/#website\",\"url\":\"https:\/\/www.oarcanjo.net\/site\/\",\"name\":\"O Arcanjo no ar\",\"description\":\"Site da Par\u00f3quia S\u00e3o Miguel Arcanjo (Arquidiocese de SP)\",\"publisher\":{\"@id\":\"https:\/\/www.oarcanjo.net\/site\/#organization\"},\"potentialAction\":[{\"@type\":\"SearchAction\",\"target\":{\"@type\":\"EntryPoint\",\"urlTemplate\":\"https:\/\/www.oarcanjo.net\/site\/?s={search_term_string}\"},\"query-input\":{\"@type\":\"PropertyValueSpecification\",\"valueRequired\":true,\"valueName\":\"search_term_string\"}}],\"inLanguage\":\"pt-BR\"},{\"@type\":\"Organization\",\"@id\":\"https:\/\/www.oarcanjo.net\/site\/#organization\",\"name\":\"Par\u00f3quia S\u00e3o Miguel Arcanjo\",\"url\":\"https:\/\/www.oarcanjo.net\/site\/\",\"logo\":{\"@type\":\"ImageObject\",\"inLanguage\":\"pt-BR\",\"@id\":\"https:\/\/www.oarcanjo.net\/site\/#\/schema\/logo\/image\/\",\"url\":\"https:\/\/www.oarcanjo.net\/site\/wp-content\/uploads\/LogoOArcanjo.png\",\"contentUrl\":\"https:\/\/www.oarcanjo.net\/site\/wp-content\/uploads\/LogoOArcanjo.png\",\"width\":319,\"height\":99,\"caption\":\"Par\u00f3quia S\u00e3o Miguel Arcanjo\"},\"image\":{\"@id\":\"https:\/\/www.oarcanjo.net\/site\/#\/schema\/logo\/image\/\"},\"sameAs\":[\"https:\/\/www.facebook.com\/OArcanjoNoAr\/\"]},{\"@type\":\"Person\",\"@id\":\"https:\/\/www.oarcanjo.net\/site\/#\/schema\/person\/f7024d007863202483a31326673a0838\",\"name\":\"editor\",\"sameAs\":[\"http:\/\/www.oarcanjo.net\"]}]}<\/script>\n<!-- \/ Yoast SEO plugin. -->","yoast_head_json":{"title":"C\u00e1ritas arrecada doa\u00e7\u00f5es para v\u00edtimas das chuvas - O Arcanjo no ar","robots":{"index":"index","follow":"follow","max-snippet":"max-snippet:-1","max-image-preview":"max-image-preview:large","max-video-preview":"max-video-preview:-1"},"canonical":"https:\/\/www.oarcanjo.net\/site\/caritas-arrecada-doacoes-para-vitimas-das-chuvas\/","og_locale":"pt_BR","og_type":"article","og_title":"C\u00e1ritas arrecada doa\u00e7\u00f5es para v\u00edtimas das chuvas - O Arcanjo no ar","og_description":"Nos \u00faltimos meses, as regi\u00f5es Norte e Nordeste sofreram os efeitos das fortes chuvas. Milhares de pessoas ficaram desabrigadas por causa das enchentes. Para tentar amenizar os transtornos sofridos, as C\u00e1ritas Arquidiocesanas e Diocesanas, em parceria com as igrejas locais, est\u00e3o promovendo campanhas de doa\u00e7\u00e3o de alimentos, roupas, cobertores e \u00e1gua pot\u00e1vel (filtros). Cada estado [&hellip;]","og_url":"https:\/\/www.oarcanjo.net\/site\/caritas-arrecada-doacoes-para-vitimas-das-chuvas\/","og_site_name":"O Arcanjo no ar","article_publisher":"https:\/\/www.facebook.com\/OArcanjoNoAr\/","article_published_time":"2009-05-13T01:10:41+00:00","og_image":[{"width":300,"height":300,"url":"https:\/\/www.oarcanjo.net\/site\/wp-content\/uploads\/logo-o-arcanjo-no-ar-facebook.png","type":"image\/png"}],"author":"editor","twitter_card":"summary_large_image","twitter_misc":{"Escrito por":"editor","Est. tempo de leitura":"3 minutos"},"schema":{"@context":"https:\/\/schema.org","@graph":[{"@type":"Article","@id":"https:\/\/www.oarcanjo.net\/site\/caritas-arrecada-doacoes-para-vitimas-das-chuvas\/#article","isPartOf":{"@id":"https:\/\/www.oarcanjo.net\/site\/caritas-arrecada-doacoes-para-vitimas-das-chuvas\/"},"author":{"name":"editor","@id":"https:\/\/www.oarcanjo.net\/site\/#\/schema\/person\/f7024d007863202483a31326673a0838"},"headline":"C\u00e1ritas arrecada doa\u00e7\u00f5es para v\u00edtimas das chuvas","datePublished":"2009-05-13T01:10:41+00:00","dateModified":"2009-05-13T01:10:41+00:00","mainEntityOfPage":{"@id":"https:\/\/www.oarcanjo.net\/site\/caritas-arrecada-doacoes-para-vitimas-das-chuvas\/"},"wordCount":566,"commentCount":1,"publisher":{"@id":"https:\/\/www.oarcanjo.net\/site\/#organization"},"keywords":["Amazonas","Cear\u00e1","chuvas","Maranh\u00e3o","nordeste","Par\u00e1","Piau\u00ed","solidariedade"],"articleSection":["Not\u00edcias"],"inLanguage":"pt-BR","potentialAction":[{"@type":"CommentAction","name":"Comment","target":["https:\/\/www.oarcanjo.net\/site\/caritas-arrecada-doacoes-para-vitimas-das-chuvas\/#respond"]}]},{"@type":"WebPage","@id":"https:\/\/www.oarcanjo.net\/site\/caritas-arrecada-doacoes-para-vitimas-das-chuvas\/","url":"https:\/\/www.oarcanjo.net\/site\/caritas-arrecada-doacoes-para-vitimas-das-chuvas\/","name":"C\u00e1ritas arrecada doa\u00e7\u00f5es para v\u00edtimas das chuvas - O Arcanjo no ar","isPartOf":{"@id":"https:\/\/www.oarcanjo.net\/site\/#website"},"datePublished":"2009-05-13T01:10:41+00:00","dateModified":"2009-05-13T01:10:41+00:00","breadcrumb":{"@id":"https:\/\/www.oarcanjo.net\/site\/caritas-arrecada-doacoes-para-vitimas-das-chuvas\/#breadcrumb"},"inLanguage":"pt-BR","potentialAction":[{"@type":"ReadAction","target":["https:\/\/www.oarcanjo.net\/site\/caritas-arrecada-doacoes-para-vitimas-das-chuvas\/"]}]},{"@type":"BreadcrumbList","@id":"https:\/\/www.oarcanjo.net\/site\/caritas-arrecada-doacoes-para-vitimas-das-chuvas\/#breadcrumb","itemListElement":[{"@type":"ListItem","position":1,"name":"In\u00edcio","item":"https:\/\/www.oarcanjo.net\/site\/"},{"@type":"ListItem","position":2,"name":"C\u00e1ritas arrecada doa\u00e7\u00f5es para v\u00edtimas das chuvas"}]},{"@type":"WebSite","@id":"https:\/\/www.oarcanjo.net\/site\/#website","url":"https:\/\/www.oarcanjo.net\/site\/","name":"O Arcanjo no ar","description":"Site da Par\u00f3quia S\u00e3o Miguel Arcanjo (Arquidiocese de SP)","publisher":{"@id":"https:\/\/www.oarcanjo.net\/site\/#organization"},"potentialAction":[{"@type":"SearchAction","target":{"@type":"EntryPoint","urlTemplate":"https:\/\/www.oarcanjo.net\/site\/?s={search_term_string}"},"query-input":{"@type":"PropertyValueSpecification","valueRequired":true,"valueName":"search_term_string"}}],"inLanguage":"pt-BR"},{"@type":"Organization","@id":"https:\/\/www.oarcanjo.net\/site\/#organization","name":"Par\u00f3quia S\u00e3o Miguel Arcanjo","url":"https:\/\/www.oarcanjo.net\/site\/","logo":{"@type":"ImageObject","inLanguage":"pt-BR","@id":"https:\/\/www.oarcanjo.net\/site\/#\/schema\/logo\/image\/","url":"https:\/\/www.oarcanjo.net\/site\/wp-content\/uploads\/LogoOArcanjo.png","contentUrl":"https:\/\/www.oarcanjo.net\/site\/wp-content\/uploads\/LogoOArcanjo.png","width":319,"height":99,"caption":"Par\u00f3quia S\u00e3o Miguel Arcanjo"},"image":{"@id":"https:\/\/www.oarcanjo.net\/site\/#\/schema\/logo\/image\/"},"sameAs":["https:\/\/www.facebook.com\/OArcanjoNoAr\/"]},{"@type":"Person","@id":"https:\/\/www.oarcanjo.net\/site\/#\/schema\/person\/f7024d007863202483a31326673a0838","name":"editor","sameAs":["http:\/\/www.oarcanjo.net"]}]}},"publishpress_future_action":{"enabled":false,"date":"2026-05-09 00:04:59","action":"category","newStatus":"draft","terms":[],"taxonomy":"category"},"publishpress_future_workflow_manual_trigger":{"enabledWorkflows":[]},"_links":{"self":[{"href":"https:\/\/www.oarcanjo.net\/site\/wp-json\/wp\/v2\/posts\/3380"}],"collection":[{"href":"https:\/\/www.oarcanjo.net\/site\/wp-json\/wp\/v2\/posts"}],"about":[{"href":"https:\/\/www.oarcanjo.net\/site\/wp-json\/wp\/v2\/types\/post"}],"author":[{"embeddable":true,"href":"https:\/\/www.oarcanjo.net\/site\/wp-json\/wp\/v2\/users\/5"}],"replies":[{"embeddable":true,"href":"https:\/\/www.oarcanjo.net\/site\/wp-json\/wp\/v2\/comments?post=3380"}],"version-history":[{"count":0,"href":"https:\/\/www.oarcanjo.net\/site\/wp-json\/wp\/v2\/posts\/3380\/revisions"}],"wp:attachment":[{"href":"https:\/\/www.oarcanjo.net\/site\/wp-json\/wp\/v2\/media?parent=3380"}],"wp:term":[{"taxonomy":"category","embeddable":true,"href":"https:\/\/www.oarcanjo.net\/site\/wp-json\/wp\/v2\/categories?post=3380"},{"taxonomy":"post_tag","embeddable":true,"href":"https:\/\/www.oarcanjo.net\/site\/wp-json\/wp\/v2\/tags?post=3380"}],"curies":[{"name":"wp","href":"https:\/\/api.w.org\/{rel}","templated":true}]}}