
{"id":3384,"date":"2009-05-13T22:23:19","date_gmt":"2009-05-14T01:23:19","guid":{"rendered":"http:\/\/www.oarcanjo.net\/site\/?p=3384"},"modified":"2009-05-12T22:26:49","modified_gmt":"2009-05-13T01:26:49","slug":"essa-sociedade-merece-sobreviver","status":"publish","type":"post","link":"https:\/\/www.oarcanjo.net\/site\/essa-sociedade-merece-sobreviver\/","title":{"rendered":"Essa sociedade merece sobreviver?"},"content":{"rendered":"<p>Leonardo Boff<\/p>\n<p>O atual Presidente da Assembleia Geral da ONU, Miguel d\u2019Escoto Brockmann, ex-chanceler da Nicar\u00e1gua sandinista, est\u00e1 conferindo rosto novo \u00e0 entidade. Tem criado grupos de estudo sobre os mais variados temas que interessam especialmente \u00e0 humanidade sofredora como a quest\u00e3o da \u00e1gua doce, a rela\u00e7\u00e3o entre energias alternativas e a seguridade alimentar, a quest\u00e3o mundial dos ind\u00edgenas e outros. O grupo talvez mais significativo, envolvendo grandes nomes da economia, como o pr\u00e9mio Nobel Joseph Stiglitz \u00e9 aquele que busca sa\u00eddas coletivas para a crise econ\u00f4mico-financeira. Todos est\u00e3o conscientes de que os G-20, por mais importantes que sejam, n\u00e3o conseguem representar os demais 172 pa\u00edses onde vivem as principais v\u00edtimas das turbul\u00eancias atuais. D\u2019Escoto pretende nos dias 1, 2 e 3 de junho do corrente ano reunir na Assembl\u00e9ia da ONU todos os chefes de estado dos 192 pa\u00edses membros para juntos buscarem caminhos sustent\u00e1veis que atendam \u00e0 toda a humanidade e n\u00e3o apenas aos poderosos. <\/p>\n<p>O mais importante, entretanto,  reside na atmosfera que criou de di\u00e1logo aberto, de sentido de coopera\u00e7\u00e3o e de ren\u00fancia a toda a viol\u00eancia na solu\u00e7\u00e3o dos problemas mundiais. Sua sala de trabalho est\u00e1 coberta com os \u00edcones que inspiram sua vida e sua pr\u00e1tica: Jesus Cristo, Tolstoi, Gandhi, Sandino, Chico Mendes entre outros. Todos o chamam de Padre, pois continua padre cat\u00f3lico, com profunda inspira\u00e7\u00e3o evang\u00e9lica. Ele \u00e9 homem de grande bondade que lhe vem de dentro e que a todos contagia.<br \/>\n Foi sob sua influ\u00eancia que o Presidente da Bol\u00edvia Evo Morales p\u00f4de propor \u00e0 Assembleia Geral que se votasse a resolu\u00e7\u00e3o de instaurar o dia 22 de Abril como o Dia Internacional da M\u00e3e Terra, o que foi aceito unanimemente. Foi honroso para mim poder expor aos representantes dos povos os argumentos cient\u00edficos, \u00e9ticos e human\u00edsticos desta concep\u00e7\u00e3o da Terra como M\u00e3e.<\/p>\n<p>Tudo isso parece natural e \u00f3bvio e de um humanismo palmar. Entretanto &#8211; vejam a ironia &#8211; representantes de pa\u00edses ricos acham o comportamento do Padre muito esquisito. Apareceu h\u00e1 pouco tempo um artigo no Washington Post fazendo eco a esta qualidade. Dizia o articulista que Miguel d\u2019Escoto fala de coisas estranh\u00edssimas que nunca se ouvem na ONU tais como solidariedade, coopera\u00e7\u00e3o e amor. Em seus discursos sa\u00fada a todos como irm\u00e3os e irm\u00e3s (Brothers and Sisters all). Mais estranho ainda, diz o articulista, \u00e9 o fato de que muitos representantes e at\u00e9 chefes de estado como Sarkosy est\u00e3o assumindo a mesma linguagem estranha.<\/p>\n<p>Meu Deus, em que n\u00edvel do inferno de Dante nos encontramos? Como pode uma sociedade construir-se sem solidariedade, coopera\u00e7\u00e3o e amor, privada do sentimento profundo expresso na Carta dos Direitos Humanos da ONU de que somos todos iguais e por isso irm\u00e3os e irm\u00e3s?<\/p>\n<p>Para um tipo de sociedade que optou transformar tudo em mercadoria: a Terra, a natureza, a \u00e1gua e a pr\u00f3pria vida e que coloca como ideal supremo ganhar dinheiro e consumir, acima de qualquer outro valor, acima dos direitos humanos, da democracia e do respeito ao ambiente, as atitudes do Presidente da Assembleia da ONU parecem realmente estranh\u00edssimas. Elas est\u00e3o ausentes no dicion\u00e1rio capitalista.<br \/>\nDevemos nos perguntar pela qualidade humana e \u00e9tica deste tipo de sociedade. Ela representa simplesmente um insulto a tudo o que a humanidade pregou e tentou viver ao longo de todos os s\u00e9culos. N\u00e3o sem raz\u00e3o est\u00e1 em crise que mais que econ\u00f4mica e financeira \u00e9 crise de humanidade. Ela representa o pior que est\u00e1 em n\u00f3s, nosso lado demens.  At\u00e9 financeiramente ela se mostrou insustent\u00e1vel, exatamente no ponto que para ela \u00e9 central.<\/p>\n<p>Esse tipo de civiliza\u00e7\u00e3o n\u00e3o merece ter futuro nenhum. Oxal\u00e1 Gaia se apiede de n\u00f3s e n\u00e3o exer\u00e7a sua compreens\u00edvel vingan\u00e7a. Mas se por causa de dez justos, consoante a B\u00edblia, Deus poupou Sodoma e Gomorra, esperamos tamb\u00e9m ser salvos pelos muitos justos que ainda florescem sobre a face da Terra.<\/p>\n<div id=\"themify_builder_content-3384\" data-postid=\"3384\" class=\"themify_builder_content themify_builder_content-3384 themify_builder themify_builder_front\">\n\t<\/div>\n<!-- \/themify_builder_content -->","protected":false},"excerpt":{"rendered":"<p>Leonardo Boff O atual Presidente da Assembleia Geral da ONU, Miguel d\u2019Escoto Brockmann, ex-chanceler da Nicar\u00e1gua sandinista, est\u00e1 conferindo rosto novo \u00e0 entidade. Tem criado grupos de estudo sobre os mais variados temas que interessam especialmente \u00e0 humanidade sofredora como a quest\u00e3o da \u00e1gua doce, a rela\u00e7\u00e3o entre energias alternativas e a seguridade alimentar, a [&hellip;]<\/p>\n","protected":false},"author":5,"featured_media":0,"comment_status":"open","ping_status":"open","sticky":false,"template":"","format":"standard","meta":{"ngg_post_thumbnail":0,"footnotes":""},"categories":[9],"tags":[107,43,673,511,88],"yoast_head":"<!-- This site is optimized with the Yoast SEO plugin v23.5 - https:\/\/yoast.com\/wordpress\/plugins\/seo\/ -->\n<title>Essa sociedade merece sobreviver? - O Arcanjo no ar<\/title>\n<meta name=\"robots\" content=\"index, follow, max-snippet:-1, max-image-preview:large, max-video-preview:-1\" \/>\n<link rel=\"canonical\" href=\"https:\/\/www.oarcanjo.net\/site\/essa-sociedade-merece-sobreviver\/\" \/>\n<meta property=\"og:locale\" content=\"pt_BR\" \/>\n<meta property=\"og:type\" content=\"article\" \/>\n<meta property=\"og:title\" content=\"Essa sociedade merece sobreviver? - O Arcanjo no ar\" \/>\n<meta property=\"og:description\" content=\"Leonardo Boff O atual Presidente da Assembleia Geral da ONU, Miguel d\u2019Escoto Brockmann, ex-chanceler da Nicar\u00e1gua sandinista, est\u00e1 conferindo rosto novo \u00e0 entidade. Tem criado grupos de estudo sobre os mais variados temas que interessam especialmente \u00e0 humanidade sofredora como a quest\u00e3o da \u00e1gua doce, a rela\u00e7\u00e3o entre energias alternativas e a seguridade alimentar, a [&hellip;]\" \/>\n<meta property=\"og:url\" content=\"https:\/\/www.oarcanjo.net\/site\/essa-sociedade-merece-sobreviver\/\" \/>\n<meta property=\"og:site_name\" content=\"O Arcanjo no ar\" \/>\n<meta property=\"article:publisher\" content=\"https:\/\/www.facebook.com\/OArcanjoNoAr\/\" \/>\n<meta property=\"article:published_time\" content=\"2009-05-14T01:23:19+00:00\" \/>\n<meta property=\"article:modified_time\" content=\"2009-05-13T01:26:49+00:00\" \/>\n<meta property=\"og:image\" content=\"https:\/\/www.oarcanjo.net\/site\/wp-content\/uploads\/logo-o-arcanjo-no-ar-facebook.png\" \/>\n\t<meta property=\"og:image:width\" content=\"300\" \/>\n\t<meta property=\"og:image:height\" content=\"300\" \/>\n\t<meta property=\"og:image:type\" content=\"image\/png\" \/>\n<meta name=\"author\" content=\"editor\" \/>\n<meta name=\"twitter:card\" content=\"summary_large_image\" \/>\n<meta name=\"twitter:label1\" content=\"Escrito por\" \/>\n\t<meta name=\"twitter:data1\" content=\"editor\" \/>\n\t<meta name=\"twitter:label2\" content=\"Est. tempo de leitura\" \/>\n\t<meta name=\"twitter:data2\" content=\"3 minutos\" \/>\n<script type=\"application\/ld+json\" class=\"yoast-schema-graph\">{\"@context\":\"https:\/\/schema.org\",\"@graph\":[{\"@type\":\"Article\",\"@id\":\"https:\/\/www.oarcanjo.net\/site\/essa-sociedade-merece-sobreviver\/#article\",\"isPartOf\":{\"@id\":\"https:\/\/www.oarcanjo.net\/site\/essa-sociedade-merece-sobreviver\/\"},\"author\":{\"name\":\"editor\",\"@id\":\"https:\/\/www.oarcanjo.net\/site\/#\/schema\/person\/f7024d007863202483a31326673a0838\"},\"headline\":\"Essa sociedade merece sobreviver?\",\"datePublished\":\"2009-05-14T01:23:19+00:00\",\"dateModified\":\"2009-05-13T01:26:49+00:00\",\"mainEntityOfPage\":{\"@id\":\"https:\/\/www.oarcanjo.net\/site\/essa-sociedade-merece-sobreviver\/\"},\"wordCount\":695,\"commentCount\":0,\"publisher\":{\"@id\":\"https:\/\/www.oarcanjo.net\/site\/#organization\"},\"keywords\":[\"amor\",\"direitos humanos\",\"Na\u00e7\u00f5es Unidas\",\"ONU\",\"solidariedade\"],\"articleSection\":[\"Reflex\u00f5es\"],\"inLanguage\":\"pt-BR\",\"potentialAction\":[{\"@type\":\"CommentAction\",\"name\":\"Comment\",\"target\":[\"https:\/\/www.oarcanjo.net\/site\/essa-sociedade-merece-sobreviver\/#respond\"]}]},{\"@type\":\"WebPage\",\"@id\":\"https:\/\/www.oarcanjo.net\/site\/essa-sociedade-merece-sobreviver\/\",\"url\":\"https:\/\/www.oarcanjo.net\/site\/essa-sociedade-merece-sobreviver\/\",\"name\":\"Essa sociedade merece sobreviver? - O Arcanjo no ar\",\"isPartOf\":{\"@id\":\"https:\/\/www.oarcanjo.net\/site\/#website\"},\"datePublished\":\"2009-05-14T01:23:19+00:00\",\"dateModified\":\"2009-05-13T01:26:49+00:00\",\"breadcrumb\":{\"@id\":\"https:\/\/www.oarcanjo.net\/site\/essa-sociedade-merece-sobreviver\/#breadcrumb\"},\"inLanguage\":\"pt-BR\",\"potentialAction\":[{\"@type\":\"ReadAction\",\"target\":[\"https:\/\/www.oarcanjo.net\/site\/essa-sociedade-merece-sobreviver\/\"]}]},{\"@type\":\"BreadcrumbList\",\"@id\":\"https:\/\/www.oarcanjo.net\/site\/essa-sociedade-merece-sobreviver\/#breadcrumb\",\"itemListElement\":[{\"@type\":\"ListItem\",\"position\":1,\"name\":\"In\u00edcio\",\"item\":\"https:\/\/www.oarcanjo.net\/site\/\"},{\"@type\":\"ListItem\",\"position\":2,\"name\":\"Essa sociedade merece sobreviver?\"}]},{\"@type\":\"WebSite\",\"@id\":\"https:\/\/www.oarcanjo.net\/site\/#website\",\"url\":\"https:\/\/www.oarcanjo.net\/site\/\",\"name\":\"O Arcanjo no ar\",\"description\":\"Site da Par\u00f3quia S\u00e3o Miguel Arcanjo (Arquidiocese de SP)\",\"publisher\":{\"@id\":\"https:\/\/www.oarcanjo.net\/site\/#organization\"},\"potentialAction\":[{\"@type\":\"SearchAction\",\"target\":{\"@type\":\"EntryPoint\",\"urlTemplate\":\"https:\/\/www.oarcanjo.net\/site\/?s={search_term_string}\"},\"query-input\":{\"@type\":\"PropertyValueSpecification\",\"valueRequired\":true,\"valueName\":\"search_term_string\"}}],\"inLanguage\":\"pt-BR\"},{\"@type\":\"Organization\",\"@id\":\"https:\/\/www.oarcanjo.net\/site\/#organization\",\"name\":\"Par\u00f3quia S\u00e3o Miguel Arcanjo\",\"url\":\"https:\/\/www.oarcanjo.net\/site\/\",\"logo\":{\"@type\":\"ImageObject\",\"inLanguage\":\"pt-BR\",\"@id\":\"https:\/\/www.oarcanjo.net\/site\/#\/schema\/logo\/image\/\",\"url\":\"https:\/\/www.oarcanjo.net\/site\/wp-content\/uploads\/LogoOArcanjo.png\",\"contentUrl\":\"https:\/\/www.oarcanjo.net\/site\/wp-content\/uploads\/LogoOArcanjo.png\",\"width\":319,\"height\":99,\"caption\":\"Par\u00f3quia S\u00e3o Miguel Arcanjo\"},\"image\":{\"@id\":\"https:\/\/www.oarcanjo.net\/site\/#\/schema\/logo\/image\/\"},\"sameAs\":[\"https:\/\/www.facebook.com\/OArcanjoNoAr\/\"]},{\"@type\":\"Person\",\"@id\":\"https:\/\/www.oarcanjo.net\/site\/#\/schema\/person\/f7024d007863202483a31326673a0838\",\"name\":\"editor\",\"sameAs\":[\"http:\/\/www.oarcanjo.net\"]}]}<\/script>\n<!-- \/ Yoast SEO plugin. -->","yoast_head_json":{"title":"Essa sociedade merece sobreviver? - O Arcanjo no ar","robots":{"index":"index","follow":"follow","max-snippet":"max-snippet:-1","max-image-preview":"max-image-preview:large","max-video-preview":"max-video-preview:-1"},"canonical":"https:\/\/www.oarcanjo.net\/site\/essa-sociedade-merece-sobreviver\/","og_locale":"pt_BR","og_type":"article","og_title":"Essa sociedade merece sobreviver? - O Arcanjo no ar","og_description":"Leonardo Boff O atual Presidente da Assembleia Geral da ONU, Miguel d\u2019Escoto Brockmann, ex-chanceler da Nicar\u00e1gua sandinista, est\u00e1 conferindo rosto novo \u00e0 entidade. Tem criado grupos de estudo sobre os mais variados temas que interessam especialmente \u00e0 humanidade sofredora como a quest\u00e3o da \u00e1gua doce, a rela\u00e7\u00e3o entre energias alternativas e a seguridade alimentar, a [&hellip;]","og_url":"https:\/\/www.oarcanjo.net\/site\/essa-sociedade-merece-sobreviver\/","og_site_name":"O Arcanjo no ar","article_publisher":"https:\/\/www.facebook.com\/OArcanjoNoAr\/","article_published_time":"2009-05-14T01:23:19+00:00","article_modified_time":"2009-05-13T01:26:49+00:00","og_image":[{"width":300,"height":300,"url":"https:\/\/www.oarcanjo.net\/site\/wp-content\/uploads\/logo-o-arcanjo-no-ar-facebook.png","type":"image\/png"}],"author":"editor","twitter_card":"summary_large_image","twitter_misc":{"Escrito por":"editor","Est. tempo de leitura":"3 minutos"},"schema":{"@context":"https:\/\/schema.org","@graph":[{"@type":"Article","@id":"https:\/\/www.oarcanjo.net\/site\/essa-sociedade-merece-sobreviver\/#article","isPartOf":{"@id":"https:\/\/www.oarcanjo.net\/site\/essa-sociedade-merece-sobreviver\/"},"author":{"name":"editor","@id":"https:\/\/www.oarcanjo.net\/site\/#\/schema\/person\/f7024d007863202483a31326673a0838"},"headline":"Essa sociedade merece sobreviver?","datePublished":"2009-05-14T01:23:19+00:00","dateModified":"2009-05-13T01:26:49+00:00","mainEntityOfPage":{"@id":"https:\/\/www.oarcanjo.net\/site\/essa-sociedade-merece-sobreviver\/"},"wordCount":695,"commentCount":0,"publisher":{"@id":"https:\/\/www.oarcanjo.net\/site\/#organization"},"keywords":["amor","direitos humanos","Na\u00e7\u00f5es Unidas","ONU","solidariedade"],"articleSection":["Reflex\u00f5es"],"inLanguage":"pt-BR","potentialAction":[{"@type":"CommentAction","name":"Comment","target":["https:\/\/www.oarcanjo.net\/site\/essa-sociedade-merece-sobreviver\/#respond"]}]},{"@type":"WebPage","@id":"https:\/\/www.oarcanjo.net\/site\/essa-sociedade-merece-sobreviver\/","url":"https:\/\/www.oarcanjo.net\/site\/essa-sociedade-merece-sobreviver\/","name":"Essa sociedade merece sobreviver? - O Arcanjo no ar","isPartOf":{"@id":"https:\/\/www.oarcanjo.net\/site\/#website"},"datePublished":"2009-05-14T01:23:19+00:00","dateModified":"2009-05-13T01:26:49+00:00","breadcrumb":{"@id":"https:\/\/www.oarcanjo.net\/site\/essa-sociedade-merece-sobreviver\/#breadcrumb"},"inLanguage":"pt-BR","potentialAction":[{"@type":"ReadAction","target":["https:\/\/www.oarcanjo.net\/site\/essa-sociedade-merece-sobreviver\/"]}]},{"@type":"BreadcrumbList","@id":"https:\/\/www.oarcanjo.net\/site\/essa-sociedade-merece-sobreviver\/#breadcrumb","itemListElement":[{"@type":"ListItem","position":1,"name":"In\u00edcio","item":"https:\/\/www.oarcanjo.net\/site\/"},{"@type":"ListItem","position":2,"name":"Essa sociedade merece sobreviver?"}]},{"@type":"WebSite","@id":"https:\/\/www.oarcanjo.net\/site\/#website","url":"https:\/\/www.oarcanjo.net\/site\/","name":"O Arcanjo no ar","description":"Site da Par\u00f3quia S\u00e3o Miguel Arcanjo (Arquidiocese de SP)","publisher":{"@id":"https:\/\/www.oarcanjo.net\/site\/#organization"},"potentialAction":[{"@type":"SearchAction","target":{"@type":"EntryPoint","urlTemplate":"https:\/\/www.oarcanjo.net\/site\/?s={search_term_string}"},"query-input":{"@type":"PropertyValueSpecification","valueRequired":true,"valueName":"search_term_string"}}],"inLanguage":"pt-BR"},{"@type":"Organization","@id":"https:\/\/www.oarcanjo.net\/site\/#organization","name":"Par\u00f3quia S\u00e3o Miguel Arcanjo","url":"https:\/\/www.oarcanjo.net\/site\/","logo":{"@type":"ImageObject","inLanguage":"pt-BR","@id":"https:\/\/www.oarcanjo.net\/site\/#\/schema\/logo\/image\/","url":"https:\/\/www.oarcanjo.net\/site\/wp-content\/uploads\/LogoOArcanjo.png","contentUrl":"https:\/\/www.oarcanjo.net\/site\/wp-content\/uploads\/LogoOArcanjo.png","width":319,"height":99,"caption":"Par\u00f3quia S\u00e3o Miguel Arcanjo"},"image":{"@id":"https:\/\/www.oarcanjo.net\/site\/#\/schema\/logo\/image\/"},"sameAs":["https:\/\/www.facebook.com\/OArcanjoNoAr\/"]},{"@type":"Person","@id":"https:\/\/www.oarcanjo.net\/site\/#\/schema\/person\/f7024d007863202483a31326673a0838","name":"editor","sameAs":["http:\/\/www.oarcanjo.net"]}]}},"publishpress_future_action":{"enabled":false,"date":"2026-05-09 05:54:50","action":"category","newStatus":"draft","terms":[],"taxonomy":"category"},"publishpress_future_workflow_manual_trigger":{"enabledWorkflows":[]},"_links":{"self":[{"href":"https:\/\/www.oarcanjo.net\/site\/wp-json\/wp\/v2\/posts\/3384"}],"collection":[{"href":"https:\/\/www.oarcanjo.net\/site\/wp-json\/wp\/v2\/posts"}],"about":[{"href":"https:\/\/www.oarcanjo.net\/site\/wp-json\/wp\/v2\/types\/post"}],"author":[{"embeddable":true,"href":"https:\/\/www.oarcanjo.net\/site\/wp-json\/wp\/v2\/users\/5"}],"replies":[{"embeddable":true,"href":"https:\/\/www.oarcanjo.net\/site\/wp-json\/wp\/v2\/comments?post=3384"}],"version-history":[{"count":0,"href":"https:\/\/www.oarcanjo.net\/site\/wp-json\/wp\/v2\/posts\/3384\/revisions"}],"wp:attachment":[{"href":"https:\/\/www.oarcanjo.net\/site\/wp-json\/wp\/v2\/media?parent=3384"}],"wp:term":[{"taxonomy":"category","embeddable":true,"href":"https:\/\/www.oarcanjo.net\/site\/wp-json\/wp\/v2\/categories?post=3384"},{"taxonomy":"post_tag","embeddable":true,"href":"https:\/\/www.oarcanjo.net\/site\/wp-json\/wp\/v2\/tags?post=3384"}],"curies":[{"name":"wp","href":"https:\/\/api.w.org\/{rel}","templated":true}]}}