
{"id":3386,"date":"2009-05-14T06:30:15","date_gmt":"2009-05-14T09:30:15","guid":{"rendered":"http:\/\/www.oarcanjo.net\/site\/?p=3386"},"modified":"2009-05-12T22:56:30","modified_gmt":"2009-05-13T01:56:30","slug":"quando-e-preciso-desobedecer","status":"publish","type":"post","link":"https:\/\/www.oarcanjo.net\/site\/quando-e-preciso-desobedecer\/","title":{"rendered":"Quando \u00e9 preciso desobedecer"},"content":{"rendered":"<p>Marcelo Barros<\/p>\n<p>Em Israel, jovens recrutados ao servi\u00e7o militar obrigat\u00f3rio se negam a combater palestinos. Nos Estados Unidos, jovens negros e \u00edndios se negam a ir fazer guerra no Iraque e em outros pa\u00edses do mundo. Os meios de comunica\u00e7\u00e3o n\u00e3o mostram e os governos n\u00e3o divulgam, mas todos invocam um direito individual, assegurado pela ONU: o direito de obje\u00e7\u00e3o de consci\u00eancia. Em v\u00e1rios pa\u00edses, a obje\u00e7\u00e3o de consci\u00eancia \u00e9 direito civil, reconhecido por lei. No Brasil, a Constitui\u00e7\u00e3o garante aos jovens brasileiros o direito de fazer um servi\u00e7o civil no lugar da presta\u00e7\u00e3o ao servi\u00e7o militar obrigat\u00f3rio. Entretanto, as leis complementares n\u00e3o foram sancionadas. Por isso, este direito ainda n\u00e3o se pode exercer e poucos brasileiros t\u00eam consci\u00eancia disso. A ONU prop\u00f5e que se consagre o dia 15 de maio e toda esta semana para aprofundar este direito e divulgar esta atitude pacifista. S\u00f3 se reconhece a dignidade humana onde a consci\u00eancia individual e a f\u00e9 de cada grupo for respeitada. <\/p>\n<p>Na educa\u00e7\u00e3o tradicional, geralmente aprendemos que a obedi\u00eancia \u00e9 a virtude das pessoas disciplinadas. Ao contr\u00e1rio, a espiritualidade ecum\u00eanica compreende a obedi\u00eancia como abertura pessoal e livre que leva as pessoas a escutar interiormente e acolher positivamente a palavra e as propostas de outro. Esta obedi\u00eancia adulta e respons\u00e1vel, baseada na liberdade do cora\u00e7\u00e3o e realizada atrav\u00e9s do di\u00e1logo franco e aberto, conduz a pessoa a superar seus limites interiores e a aventurar-se nos caminhos do amor. Esta obedi\u00eancia cr\u00edtica e amorosa prop\u00f5e a colabora\u00e7\u00e3o m\u00fatua no lugar da competi\u00e7\u00e3o e cont\u00e9m um elemento subversivo \u00e0 mesquinhez do mundo.<\/p>\n<p>A ci\u00eancia e a arte de viver t\u00eam progredido mais por conta das pessoas que ousam desafiar as leis e inovar os costumes do que pela a\u00e7\u00e3o das que simplesmente seguem caminhos convencionais. A obje\u00e7\u00e3o de consci\u00eancia \u00e9 a atitude de quem, por convic\u00e7\u00e3o religiosa, social ou pol\u00edtica, se nega a pegar em armas e a participar de guerras ou atos violentos.<\/p>\n<p>Homens e mulheres, admirados no mundo inteiro, alguns at\u00e9 premiados com o Nobel da Paz, foram ou ainda s\u00e3o, em seus pa\u00edses, considerados como rebeldes e desobedientes. Para os budistas tibetanos, Sua Santidade, o Dalai Lama, \u00e9 a 14a reencarna\u00e7\u00e3o do Buda da Compaix\u00e3o, mas, para o governo chin\u00eas, \u00e9 um dissidente, desobediente \u00e0s leis. O pr\u00eamio Nobel da Paz foi dado a dois latino-americanos ilustres: a Rigoberta Menchu que viveu anos sem poder voltar \u00e0 Guatemala para n\u00e3o ser morta e a Adolfo Perez Esquivel que, durante anos, era constantemente amea\u00e7ado de pris\u00e3o na Argentina. No Brasil da ditadura militar, Dom H\u00e9lder C\u00e2mara, era escutado no mundo inteiro, enquanto, em nosso pa\u00eds, os meios de comunica\u00e7\u00e3o n\u00e3o podiam divulgar nada que falasse em seu nome. No passado, Gandhi e Martin Luther King foram presos e condenados como desobedientes \u00e0s leis vigentes. Para os cat\u00f3licos, muitos m\u00e1rtires s\u00e3o testemunhas da f\u00e9. Muitos foram condenados \u00e0 morte por se negar a reconhecer o imperador como divino; Outros, por obje\u00e7\u00e3o de consci\u00eancia ao servi\u00e7o militar. Do ponto de vista da f\u00e9, s\u00e3o her\u00f3is, mas a sociedade da \u00e9poca os condenou como desrespeitadores das leis e at\u00e9 criminosos.<\/p>\n<p>Objetar \u00e9 mais do que estar em desacordo. \u00c9 opor-se determinadamente a cumprir uma lei que fere a consci\u00eancia. A viol\u00eancia, mesmo se esta \u00e9 institucional, ou seja, perpetrada pelo Estado, nunca ser\u00e1 capaz de construir um mundo de paz e justi\u00e7a.<\/p>\n<p>H\u00e1 tamb\u00e9m obje\u00e7\u00e3o de consci\u00eancia quando a pessoa se nega a cumprir ordens anti-\u00e9ticas, ou que firam a vida. Em alguns pa\u00edses, cidad\u00e3os adquiriram o direito de saber a destina\u00e7\u00e3o exata do dinheiro que resulta do pagamento de seus impostos. Se a obje\u00e7\u00e3o de consci\u00eancia \u00e9 direito de toda pessoa diante do poder social e pol\u00edtico, com maior raz\u00e3o ainda, as religi\u00f5es e Igrejas deveriam reconhecer um direito \u00e0 dissid\u00eancia e \u00e0 obje\u00e7\u00e3o de consci\u00eancia diante de um poder religioso autorit\u00e1rio ou, por qualquer raz\u00e3o, injusto.<\/p>\n<p>Conforme a B\u00edblia, quando as autoridades de Jerusal\u00e9m proibiram os ap\u00f3stolos a falar no nome de Jesus, estes responderam: &#8220;Entre obedecer a Deus e aos homens, \u00e9 melhor obedecer a Deus&#8221;(At 5, 29).<\/p>\n<p>A nega\u00e7\u00e3o deste direito abre a porta ao fundamentalismo religioso, hoje, respons\u00e1vel por tantos atos de intoler\u00e2ncia e mesmo de viol\u00eancia. O que, na B\u00edblia, caracteriza a f\u00e9 crist\u00e3 \u00e9 o aprendizado da liberdade interior e social. Paulo escreveu aos cor\u00edntios: &#8220;Onde estiver o Esp\u00edrito do Senhor, a\u00ed haver\u00e1 liberdade&#8221; (2 Cor 3, 17). E aos g\u00e1latas: &#8220;Foi para que sejamos livres que Cristo nos libertou. Voc\u00eas n\u00e3o devem aceitar, por nenhum pretexto, voltar \u00e0 situa\u00e7\u00e3o de n\u00e3o liberdade&#8221; (Gl 5, 1. 13).<\/p>\n<div id=\"themify_builder_content-3386\" data-postid=\"3386\" class=\"themify_builder_content themify_builder_content-3386 themify_builder themify_builder_front\">\n\t<\/div>\n<!-- \/themify_builder_content -->","protected":false},"excerpt":{"rendered":"<p>Marcelo Barros Em Israel, jovens recrutados ao servi\u00e7o militar obrigat\u00f3rio se negam a combater palestinos. Nos Estados Unidos, jovens negros e \u00edndios se negam a ir fazer guerra no Iraque e em outros pa\u00edses do mundo. Os meios de comunica\u00e7\u00e3o n\u00e3o mostram e os governos n\u00e3o divulgam, mas todos invocam um direito individual, assegurado pela [&hellip;]<\/p>\n","protected":false},"author":5,"featured_media":0,"comment_status":"open","ping_status":"open","sticky":false,"template":"","format":"standard","meta":{"ngg_post_thumbnail":0,"footnotes":""},"categories":[9],"tags":[674,673,675,511],"yoast_head":"<!-- This site is optimized with the Yoast SEO plugin v23.5 - https:\/\/yoast.com\/wordpress\/plugins\/seo\/ -->\n<title>Quando \u00e9 preciso desobedecer - O Arcanjo no ar<\/title>\n<meta name=\"robots\" content=\"index, follow, max-snippet:-1, max-image-preview:large, max-video-preview:-1\" \/>\n<link rel=\"canonical\" href=\"https:\/\/www.oarcanjo.net\/site\/quando-e-preciso-desobedecer\/\" \/>\n<meta property=\"og:locale\" content=\"pt_BR\" \/>\n<meta property=\"og:type\" content=\"article\" \/>\n<meta property=\"og:title\" content=\"Quando \u00e9 preciso desobedecer - O Arcanjo no ar\" \/>\n<meta property=\"og:description\" content=\"Marcelo Barros Em Israel, jovens recrutados ao servi\u00e7o militar obrigat\u00f3rio se negam a combater palestinos. Nos Estados Unidos, jovens negros e \u00edndios se negam a ir fazer guerra no Iraque e em outros pa\u00edses do mundo. Os meios de comunica\u00e7\u00e3o n\u00e3o mostram e os governos n\u00e3o divulgam, mas todos invocam um direito individual, assegurado pela [&hellip;]\" \/>\n<meta property=\"og:url\" content=\"https:\/\/www.oarcanjo.net\/site\/quando-e-preciso-desobedecer\/\" \/>\n<meta property=\"og:site_name\" content=\"O Arcanjo no ar\" \/>\n<meta property=\"article:publisher\" content=\"https:\/\/www.facebook.com\/OArcanjoNoAr\/\" \/>\n<meta property=\"article:published_time\" content=\"2009-05-14T09:30:15+00:00\" \/>\n<meta property=\"article:modified_time\" content=\"2009-05-13T01:56:30+00:00\" \/>\n<meta property=\"og:image\" content=\"https:\/\/www.oarcanjo.net\/site\/wp-content\/uploads\/logo-o-arcanjo-no-ar-facebook.png\" \/>\n\t<meta property=\"og:image:width\" content=\"300\" \/>\n\t<meta property=\"og:image:height\" content=\"300\" \/>\n\t<meta property=\"og:image:type\" content=\"image\/png\" \/>\n<meta name=\"author\" content=\"editor\" \/>\n<meta name=\"twitter:card\" content=\"summary_large_image\" \/>\n<meta name=\"twitter:label1\" content=\"Escrito por\" \/>\n\t<meta name=\"twitter:data1\" content=\"editor\" \/>\n\t<meta name=\"twitter:label2\" content=\"Est. tempo de leitura\" \/>\n\t<meta name=\"twitter:data2\" content=\"4 minutos\" \/>\n<script type=\"application\/ld+json\" class=\"yoast-schema-graph\">{\"@context\":\"https:\/\/schema.org\",\"@graph\":[{\"@type\":\"Article\",\"@id\":\"https:\/\/www.oarcanjo.net\/site\/quando-e-preciso-desobedecer\/#article\",\"isPartOf\":{\"@id\":\"https:\/\/www.oarcanjo.net\/site\/quando-e-preciso-desobedecer\/\"},\"author\":{\"name\":\"editor\",\"@id\":\"https:\/\/www.oarcanjo.net\/site\/#\/schema\/person\/f7024d007863202483a31326673a0838\"},\"headline\":\"Quando \u00e9 preciso desobedecer\",\"datePublished\":\"2009-05-14T09:30:15+00:00\",\"dateModified\":\"2009-05-13T01:56:30+00:00\",\"mainEntityOfPage\":{\"@id\":\"https:\/\/www.oarcanjo.net\/site\/quando-e-preciso-desobedecer\/\"},\"wordCount\":844,\"commentCount\":0,\"publisher\":{\"@id\":\"https:\/\/www.oarcanjo.net\/site\/#organization\"},\"keywords\":[\"direito de obje\u00e7\u00e3o de consci\u00eancia\",\"Na\u00e7\u00f5es Unidas\",\"obedi\u00eancia\",\"ONU\"],\"articleSection\":[\"Reflex\u00f5es\"],\"inLanguage\":\"pt-BR\",\"potentialAction\":[{\"@type\":\"CommentAction\",\"name\":\"Comment\",\"target\":[\"https:\/\/www.oarcanjo.net\/site\/quando-e-preciso-desobedecer\/#respond\"]}]},{\"@type\":\"WebPage\",\"@id\":\"https:\/\/www.oarcanjo.net\/site\/quando-e-preciso-desobedecer\/\",\"url\":\"https:\/\/www.oarcanjo.net\/site\/quando-e-preciso-desobedecer\/\",\"name\":\"Quando \u00e9 preciso desobedecer - O Arcanjo no ar\",\"isPartOf\":{\"@id\":\"https:\/\/www.oarcanjo.net\/site\/#website\"},\"datePublished\":\"2009-05-14T09:30:15+00:00\",\"dateModified\":\"2009-05-13T01:56:30+00:00\",\"breadcrumb\":{\"@id\":\"https:\/\/www.oarcanjo.net\/site\/quando-e-preciso-desobedecer\/#breadcrumb\"},\"inLanguage\":\"pt-BR\",\"potentialAction\":[{\"@type\":\"ReadAction\",\"target\":[\"https:\/\/www.oarcanjo.net\/site\/quando-e-preciso-desobedecer\/\"]}]},{\"@type\":\"BreadcrumbList\",\"@id\":\"https:\/\/www.oarcanjo.net\/site\/quando-e-preciso-desobedecer\/#breadcrumb\",\"itemListElement\":[{\"@type\":\"ListItem\",\"position\":1,\"name\":\"In\u00edcio\",\"item\":\"https:\/\/www.oarcanjo.net\/site\/\"},{\"@type\":\"ListItem\",\"position\":2,\"name\":\"Quando \u00e9 preciso desobedecer\"}]},{\"@type\":\"WebSite\",\"@id\":\"https:\/\/www.oarcanjo.net\/site\/#website\",\"url\":\"https:\/\/www.oarcanjo.net\/site\/\",\"name\":\"O Arcanjo no ar\",\"description\":\"Site da Par\u00f3quia S\u00e3o Miguel Arcanjo (Arquidiocese de SP)\",\"publisher\":{\"@id\":\"https:\/\/www.oarcanjo.net\/site\/#organization\"},\"potentialAction\":[{\"@type\":\"SearchAction\",\"target\":{\"@type\":\"EntryPoint\",\"urlTemplate\":\"https:\/\/www.oarcanjo.net\/site\/?s={search_term_string}\"},\"query-input\":{\"@type\":\"PropertyValueSpecification\",\"valueRequired\":true,\"valueName\":\"search_term_string\"}}],\"inLanguage\":\"pt-BR\"},{\"@type\":\"Organization\",\"@id\":\"https:\/\/www.oarcanjo.net\/site\/#organization\",\"name\":\"Par\u00f3quia S\u00e3o Miguel Arcanjo\",\"url\":\"https:\/\/www.oarcanjo.net\/site\/\",\"logo\":{\"@type\":\"ImageObject\",\"inLanguage\":\"pt-BR\",\"@id\":\"https:\/\/www.oarcanjo.net\/site\/#\/schema\/logo\/image\/\",\"url\":\"https:\/\/www.oarcanjo.net\/site\/wp-content\/uploads\/LogoOArcanjo.png\",\"contentUrl\":\"https:\/\/www.oarcanjo.net\/site\/wp-content\/uploads\/LogoOArcanjo.png\",\"width\":319,\"height\":99,\"caption\":\"Par\u00f3quia S\u00e3o Miguel Arcanjo\"},\"image\":{\"@id\":\"https:\/\/www.oarcanjo.net\/site\/#\/schema\/logo\/image\/\"},\"sameAs\":[\"https:\/\/www.facebook.com\/OArcanjoNoAr\/\"]},{\"@type\":\"Person\",\"@id\":\"https:\/\/www.oarcanjo.net\/site\/#\/schema\/person\/f7024d007863202483a31326673a0838\",\"name\":\"editor\",\"sameAs\":[\"http:\/\/www.oarcanjo.net\"]}]}<\/script>\n<!-- \/ Yoast SEO plugin. -->","yoast_head_json":{"title":"Quando \u00e9 preciso desobedecer - O Arcanjo no ar","robots":{"index":"index","follow":"follow","max-snippet":"max-snippet:-1","max-image-preview":"max-image-preview:large","max-video-preview":"max-video-preview:-1"},"canonical":"https:\/\/www.oarcanjo.net\/site\/quando-e-preciso-desobedecer\/","og_locale":"pt_BR","og_type":"article","og_title":"Quando \u00e9 preciso desobedecer - O Arcanjo no ar","og_description":"Marcelo Barros Em Israel, jovens recrutados ao servi\u00e7o militar obrigat\u00f3rio se negam a combater palestinos. Nos Estados Unidos, jovens negros e \u00edndios se negam a ir fazer guerra no Iraque e em outros pa\u00edses do mundo. Os meios de comunica\u00e7\u00e3o n\u00e3o mostram e os governos n\u00e3o divulgam, mas todos invocam um direito individual, assegurado pela [&hellip;]","og_url":"https:\/\/www.oarcanjo.net\/site\/quando-e-preciso-desobedecer\/","og_site_name":"O Arcanjo no ar","article_publisher":"https:\/\/www.facebook.com\/OArcanjoNoAr\/","article_published_time":"2009-05-14T09:30:15+00:00","article_modified_time":"2009-05-13T01:56:30+00:00","og_image":[{"width":300,"height":300,"url":"https:\/\/www.oarcanjo.net\/site\/wp-content\/uploads\/logo-o-arcanjo-no-ar-facebook.png","type":"image\/png"}],"author":"editor","twitter_card":"summary_large_image","twitter_misc":{"Escrito por":"editor","Est. tempo de leitura":"4 minutos"},"schema":{"@context":"https:\/\/schema.org","@graph":[{"@type":"Article","@id":"https:\/\/www.oarcanjo.net\/site\/quando-e-preciso-desobedecer\/#article","isPartOf":{"@id":"https:\/\/www.oarcanjo.net\/site\/quando-e-preciso-desobedecer\/"},"author":{"name":"editor","@id":"https:\/\/www.oarcanjo.net\/site\/#\/schema\/person\/f7024d007863202483a31326673a0838"},"headline":"Quando \u00e9 preciso desobedecer","datePublished":"2009-05-14T09:30:15+00:00","dateModified":"2009-05-13T01:56:30+00:00","mainEntityOfPage":{"@id":"https:\/\/www.oarcanjo.net\/site\/quando-e-preciso-desobedecer\/"},"wordCount":844,"commentCount":0,"publisher":{"@id":"https:\/\/www.oarcanjo.net\/site\/#organization"},"keywords":["direito de obje\u00e7\u00e3o de consci\u00eancia","Na\u00e7\u00f5es Unidas","obedi\u00eancia","ONU"],"articleSection":["Reflex\u00f5es"],"inLanguage":"pt-BR","potentialAction":[{"@type":"CommentAction","name":"Comment","target":["https:\/\/www.oarcanjo.net\/site\/quando-e-preciso-desobedecer\/#respond"]}]},{"@type":"WebPage","@id":"https:\/\/www.oarcanjo.net\/site\/quando-e-preciso-desobedecer\/","url":"https:\/\/www.oarcanjo.net\/site\/quando-e-preciso-desobedecer\/","name":"Quando \u00e9 preciso desobedecer - O Arcanjo no ar","isPartOf":{"@id":"https:\/\/www.oarcanjo.net\/site\/#website"},"datePublished":"2009-05-14T09:30:15+00:00","dateModified":"2009-05-13T01:56:30+00:00","breadcrumb":{"@id":"https:\/\/www.oarcanjo.net\/site\/quando-e-preciso-desobedecer\/#breadcrumb"},"inLanguage":"pt-BR","potentialAction":[{"@type":"ReadAction","target":["https:\/\/www.oarcanjo.net\/site\/quando-e-preciso-desobedecer\/"]}]},{"@type":"BreadcrumbList","@id":"https:\/\/www.oarcanjo.net\/site\/quando-e-preciso-desobedecer\/#breadcrumb","itemListElement":[{"@type":"ListItem","position":1,"name":"In\u00edcio","item":"https:\/\/www.oarcanjo.net\/site\/"},{"@type":"ListItem","position":2,"name":"Quando \u00e9 preciso desobedecer"}]},{"@type":"WebSite","@id":"https:\/\/www.oarcanjo.net\/site\/#website","url":"https:\/\/www.oarcanjo.net\/site\/","name":"O Arcanjo no ar","description":"Site da Par\u00f3quia S\u00e3o Miguel Arcanjo (Arquidiocese de SP)","publisher":{"@id":"https:\/\/www.oarcanjo.net\/site\/#organization"},"potentialAction":[{"@type":"SearchAction","target":{"@type":"EntryPoint","urlTemplate":"https:\/\/www.oarcanjo.net\/site\/?s={search_term_string}"},"query-input":{"@type":"PropertyValueSpecification","valueRequired":true,"valueName":"search_term_string"}}],"inLanguage":"pt-BR"},{"@type":"Organization","@id":"https:\/\/www.oarcanjo.net\/site\/#organization","name":"Par\u00f3quia S\u00e3o Miguel Arcanjo","url":"https:\/\/www.oarcanjo.net\/site\/","logo":{"@type":"ImageObject","inLanguage":"pt-BR","@id":"https:\/\/www.oarcanjo.net\/site\/#\/schema\/logo\/image\/","url":"https:\/\/www.oarcanjo.net\/site\/wp-content\/uploads\/LogoOArcanjo.png","contentUrl":"https:\/\/www.oarcanjo.net\/site\/wp-content\/uploads\/LogoOArcanjo.png","width":319,"height":99,"caption":"Par\u00f3quia S\u00e3o Miguel Arcanjo"},"image":{"@id":"https:\/\/www.oarcanjo.net\/site\/#\/schema\/logo\/image\/"},"sameAs":["https:\/\/www.facebook.com\/OArcanjoNoAr\/"]},{"@type":"Person","@id":"https:\/\/www.oarcanjo.net\/site\/#\/schema\/person\/f7024d007863202483a31326673a0838","name":"editor","sameAs":["http:\/\/www.oarcanjo.net"]}]}},"publishpress_future_action":{"enabled":false,"date":"2026-05-09 05:55:00","action":"category","newStatus":"draft","terms":[],"taxonomy":"category"},"publishpress_future_workflow_manual_trigger":{"enabledWorkflows":[]},"_links":{"self":[{"href":"https:\/\/www.oarcanjo.net\/site\/wp-json\/wp\/v2\/posts\/3386"}],"collection":[{"href":"https:\/\/www.oarcanjo.net\/site\/wp-json\/wp\/v2\/posts"}],"about":[{"href":"https:\/\/www.oarcanjo.net\/site\/wp-json\/wp\/v2\/types\/post"}],"author":[{"embeddable":true,"href":"https:\/\/www.oarcanjo.net\/site\/wp-json\/wp\/v2\/users\/5"}],"replies":[{"embeddable":true,"href":"https:\/\/www.oarcanjo.net\/site\/wp-json\/wp\/v2\/comments?post=3386"}],"version-history":[{"count":0,"href":"https:\/\/www.oarcanjo.net\/site\/wp-json\/wp\/v2\/posts\/3386\/revisions"}],"wp:attachment":[{"href":"https:\/\/www.oarcanjo.net\/site\/wp-json\/wp\/v2\/media?parent=3386"}],"wp:term":[{"taxonomy":"category","embeddable":true,"href":"https:\/\/www.oarcanjo.net\/site\/wp-json\/wp\/v2\/categories?post=3386"},{"taxonomy":"post_tag","embeddable":true,"href":"https:\/\/www.oarcanjo.net\/site\/wp-json\/wp\/v2\/tags?post=3386"}],"curies":[{"name":"wp","href":"https:\/\/api.w.org\/{rel}","templated":true}]}}