
{"id":3412,"date":"2009-05-14T09:14:26","date_gmt":"2009-05-14T12:14:26","guid":{"rendered":"http:\/\/www.oarcanjo.net\/site\/?p=3412"},"modified":"2009-05-14T09:18:49","modified_gmt":"2009-05-14T12:18:49","slug":"educandario-sao-jose-do-belem-celebra-100-anos","status":"publish","type":"post","link":"https:\/\/www.oarcanjo.net\/site\/educandario-sao-jose-do-belem-celebra-100-anos\/","title":{"rendered":"Educand\u00e1rio S\u00e3o Jos\u00e9 do Bel\u00e9m celebra 100 anos"},"content":{"rendered":"<p><em>Fonte: O S\u00e3o Paulo<\/em><\/p>\n<p>Quando o pequeno J\u00falio Lancellotti, ent\u00e3o com 6 anos, recebeu a primeira Eucaristia, no p\u00e1tio do Educand\u00e1rio S\u00e3o Jos\u00e9 do Bel\u00e9m, n\u00e3o imaginava que quase 50 anos depois celebraria, como padre, o centen\u00e1rio da funda\u00e7\u00e3o daquele centro educacional mantido pelas irm\u00e3s do Sagrado Cora\u00e7\u00e3o de Maria. A celebra\u00e7\u00e3o, presidida pelo cardeal arcebispo de S\u00e3o Paulo, dom Odilo Scherer, na sexta-feira, dia 7, reuniu muitos ex-alunos que hoje tem filhos, netos ou sobrinhos estudando no Educand\u00e1rio.<\/p>\n<p>A hist\u00f3ria da obra social come\u00e7ou no dia 22 de mar\u00e7o de 1909, quando as irm\u00e3s Rita do Cora\u00e7\u00e3o de Maria, Prisca do Sant\u00edssimo Sacramento e Laurentina do Precioso Sangue instalaram-se no bairro oper\u00e1rio do Belenzinho. \u00c0 \u00e9poca, elas contaram com o apoio de dom Duarte Leopoldo e Silva, pastor da ent\u00e3o recente criada Arquidiocese de S\u00e3o Paulo.<\/p>\n<p>Tudo come\u00e7ou com o Asilo S\u00e3o Jos\u00e9, cuja manuten\u00e7\u00e3o ficava a cargo de benfeitores amigos das religiosas da congrega\u00e7\u00e3o fundada por B\u00e1rbara Maix. Com o tempo, o espa\u00e7o foi abrigando internato, semi-internato e externato e, por volta de 1940, firmara-se como escola prim\u00e1ria. Por insist\u00eancia dos pais, o Educand\u00e1rio expandiu suas atividades de ensino at\u00e9 a oitava s\u00e9rie.<\/p>\n<p>Foi por este per\u00edodo que padre J\u00falio Lancellotti estudou no Educand\u00e1rio. A m\u00e3e do sacerdote tamb\u00e9m foi aluna das irm\u00e3s, com uma bolsa conseguida pelos servi\u00e7os prestados pelo av\u00f4 &#8211; mec\u00e2nico que consertava as m\u00e1quinas de lavar roupa da institui\u00e7\u00e3o.<\/p>\n<p>A missa foi animada com m\u00fasicas interpretadas pelas crian\u00e7as que estudam no Educand\u00e1rio. Em homilia, dom Odilo ressaltou a import\u00e2ncia do trabalho de educa\u00e7\u00e3o que a Igreja promove junto a comunidades carentes. Para o acerbispo, o Educand\u00e1rio S\u00e3o Jos\u00e9 cumpre o papel de ser prensen\u00e7a de Deus no meio das fam\u00edlias beneficiadas ali no bairro do Belenzinho.<\/p>\n<p>Aproveitando a leitura em que Jesus pede para que as crian\u00e7as sejam trazidas a ele, dom Odilo mostrou a import\u00e2ncia de fazer com que os jovens cres\u00e7am cercados pelas experi\u00eancias religiosas. &#8220;Quem levava as crian\u00e7as a Jesus Cristo?&#8221;, perguntou. &#8220;Eram as m\u00e3es!&#8221;, ele mesmo respondeu, emendando que &#8220;hoje tamb\u00e9m cabem a voc\u00eas, m\u00e3es, pais, av\u00f3s, conduzir seus filhos at\u00e9 Jesus Cristo. Ensinar-lhes a fazer o sinal da cruz, a rezar as primeiras ora\u00e7\u00f5es&#8221;.<\/p>\n<p>Al\u00e9m do centen\u00e1rio do Educand\u00e1rio, as irm\u00e3s do Sagrado Cora\u00e7\u00e3o de Maria celebraram na mesma data os 160 anos de funda\u00e7\u00e3o da congrega\u00e7\u00e3o. Irm\u00e3 Eurides Alves de Oliveira, representante da diretora geral, irm\u00e3 Marlise Hendges, falou sobre o desejo das religiosas em oferecer vida mais digna \u00e0s v\u00e1rias crian\u00e7as que passaram e passam pela institui\u00e7\u00e3o. A coordenadora provincial, irm\u00e3 Ernilda Souza Nascimento, chamou a aten\u00e7\u00e3o para o fato de que quem faz o Educand\u00e1rio acontecer \u00e9 a pr\u00f3pria comunidade.<\/p>\n<div id=\"themify_builder_content-3412\" data-postid=\"3412\" class=\"themify_builder_content themify_builder_content-3412 themify_builder themify_builder_front\">\n\t<\/div>\n<!-- \/themify_builder_content -->","protected":false},"excerpt":{"rendered":"<p>Fonte: O S\u00e3o Paulo Quando o pequeno J\u00falio Lancellotti, ent\u00e3o com 6 anos, recebeu a primeira Eucaristia, no p\u00e1tio do Educand\u00e1rio S\u00e3o Jos\u00e9 do Bel\u00e9m, n\u00e3o imaginava que quase 50 anos depois celebraria, como padre, o centen\u00e1rio da funda\u00e7\u00e3o daquele centro educacional mantido pelas irm\u00e3s do Sagrado Cora\u00e7\u00e3o de Maria. A celebra\u00e7\u00e3o, presidida pelo cardeal [&hellip;]<\/p>\n","protected":false},"author":5,"featured_media":0,"comment_status":"open","ping_status":"open","sticky":false,"template":"","format":"standard","meta":{"ngg_post_thumbnail":0,"footnotes":""},"categories":[8],"tags":[687,688],"yoast_head":"<!-- This site is optimized with the Yoast SEO plugin v23.5 - https:\/\/yoast.com\/wordpress\/plugins\/seo\/ -->\n<title>Educand\u00e1rio S\u00e3o Jos\u00e9 do Bel\u00e9m celebra 100 anos - O Arcanjo no ar<\/title>\n<meta name=\"robots\" content=\"index, follow, max-snippet:-1, max-image-preview:large, max-video-preview:-1\" \/>\n<link rel=\"canonical\" href=\"https:\/\/www.oarcanjo.net\/site\/educandario-sao-jose-do-belem-celebra-100-anos\/\" \/>\n<meta property=\"og:locale\" content=\"pt_BR\" \/>\n<meta property=\"og:type\" content=\"article\" \/>\n<meta property=\"og:title\" content=\"Educand\u00e1rio S\u00e3o Jos\u00e9 do Bel\u00e9m celebra 100 anos - O Arcanjo no ar\" \/>\n<meta property=\"og:description\" content=\"Fonte: O S\u00e3o Paulo Quando o pequeno J\u00falio Lancellotti, ent\u00e3o com 6 anos, recebeu a primeira Eucaristia, no p\u00e1tio do Educand\u00e1rio S\u00e3o Jos\u00e9 do Bel\u00e9m, n\u00e3o imaginava que quase 50 anos depois celebraria, como padre, o centen\u00e1rio da funda\u00e7\u00e3o daquele centro educacional mantido pelas irm\u00e3s do Sagrado Cora\u00e7\u00e3o de Maria. A celebra\u00e7\u00e3o, presidida pelo cardeal [&hellip;]\" \/>\n<meta property=\"og:url\" content=\"https:\/\/www.oarcanjo.net\/site\/educandario-sao-jose-do-belem-celebra-100-anos\/\" \/>\n<meta property=\"og:site_name\" content=\"O Arcanjo no ar\" \/>\n<meta property=\"article:publisher\" content=\"https:\/\/www.facebook.com\/OArcanjoNoAr\/\" \/>\n<meta property=\"article:published_time\" content=\"2009-05-14T12:14:26+00:00\" \/>\n<meta property=\"article:modified_time\" content=\"2009-05-14T12:18:49+00:00\" \/>\n<meta property=\"og:image\" content=\"https:\/\/www.oarcanjo.net\/site\/wp-content\/uploads\/logo-o-arcanjo-no-ar-facebook.png\" \/>\n\t<meta property=\"og:image:width\" content=\"300\" \/>\n\t<meta property=\"og:image:height\" content=\"300\" \/>\n\t<meta property=\"og:image:type\" content=\"image\/png\" \/>\n<meta name=\"author\" content=\"editor\" \/>\n<meta name=\"twitter:card\" content=\"summary_large_image\" \/>\n<meta name=\"twitter:label1\" content=\"Escrito por\" \/>\n\t<meta name=\"twitter:data1\" content=\"editor\" \/>\n\t<meta name=\"twitter:label2\" content=\"Est. tempo de leitura\" \/>\n\t<meta name=\"twitter:data2\" content=\"3 minutos\" \/>\n<script type=\"application\/ld+json\" class=\"yoast-schema-graph\">{\"@context\":\"https:\/\/schema.org\",\"@graph\":[{\"@type\":\"Article\",\"@id\":\"https:\/\/www.oarcanjo.net\/site\/educandario-sao-jose-do-belem-celebra-100-anos\/#article\",\"isPartOf\":{\"@id\":\"https:\/\/www.oarcanjo.net\/site\/educandario-sao-jose-do-belem-celebra-100-anos\/\"},\"author\":{\"name\":\"editor\",\"@id\":\"https:\/\/www.oarcanjo.net\/site\/#\/schema\/person\/f7024d007863202483a31326673a0838\"},\"headline\":\"Educand\u00e1rio S\u00e3o Jos\u00e9 do Bel\u00e9m celebra 100 anos\",\"datePublished\":\"2009-05-14T12:14:26+00:00\",\"dateModified\":\"2009-05-14T12:18:49+00:00\",\"mainEntityOfPage\":{\"@id\":\"https:\/\/www.oarcanjo.net\/site\/educandario-sao-jose-do-belem-celebra-100-anos\/\"},\"wordCount\":522,\"commentCount\":2,\"publisher\":{\"@id\":\"https:\/\/www.oarcanjo.net\/site\/#organization\"},\"keywords\":[\"Educand\u00e1rio S\u00e3o Jos\u00e9 do Bel\u00e9m\",\"Pe. J\u00falio\"],\"articleSection\":[\"Not\u00edcias\"],\"inLanguage\":\"pt-BR\",\"potentialAction\":[{\"@type\":\"CommentAction\",\"name\":\"Comment\",\"target\":[\"https:\/\/www.oarcanjo.net\/site\/educandario-sao-jose-do-belem-celebra-100-anos\/#respond\"]}]},{\"@type\":\"WebPage\",\"@id\":\"https:\/\/www.oarcanjo.net\/site\/educandario-sao-jose-do-belem-celebra-100-anos\/\",\"url\":\"https:\/\/www.oarcanjo.net\/site\/educandario-sao-jose-do-belem-celebra-100-anos\/\",\"name\":\"Educand\u00e1rio S\u00e3o Jos\u00e9 do Bel\u00e9m celebra 100 anos - O Arcanjo no ar\",\"isPartOf\":{\"@id\":\"https:\/\/www.oarcanjo.net\/site\/#website\"},\"datePublished\":\"2009-05-14T12:14:26+00:00\",\"dateModified\":\"2009-05-14T12:18:49+00:00\",\"breadcrumb\":{\"@id\":\"https:\/\/www.oarcanjo.net\/site\/educandario-sao-jose-do-belem-celebra-100-anos\/#breadcrumb\"},\"inLanguage\":\"pt-BR\",\"potentialAction\":[{\"@type\":\"ReadAction\",\"target\":[\"https:\/\/www.oarcanjo.net\/site\/educandario-sao-jose-do-belem-celebra-100-anos\/\"]}]},{\"@type\":\"BreadcrumbList\",\"@id\":\"https:\/\/www.oarcanjo.net\/site\/educandario-sao-jose-do-belem-celebra-100-anos\/#breadcrumb\",\"itemListElement\":[{\"@type\":\"ListItem\",\"position\":1,\"name\":\"In\u00edcio\",\"item\":\"https:\/\/www.oarcanjo.net\/site\/\"},{\"@type\":\"ListItem\",\"position\":2,\"name\":\"Educand\u00e1rio S\u00e3o Jos\u00e9 do Bel\u00e9m celebra 100 anos\"}]},{\"@type\":\"WebSite\",\"@id\":\"https:\/\/www.oarcanjo.net\/site\/#website\",\"url\":\"https:\/\/www.oarcanjo.net\/site\/\",\"name\":\"O Arcanjo no ar\",\"description\":\"Site da Par\u00f3quia S\u00e3o Miguel Arcanjo (Arquidiocese de SP)\",\"publisher\":{\"@id\":\"https:\/\/www.oarcanjo.net\/site\/#organization\"},\"potentialAction\":[{\"@type\":\"SearchAction\",\"target\":{\"@type\":\"EntryPoint\",\"urlTemplate\":\"https:\/\/www.oarcanjo.net\/site\/?s={search_term_string}\"},\"query-input\":{\"@type\":\"PropertyValueSpecification\",\"valueRequired\":true,\"valueName\":\"search_term_string\"}}],\"inLanguage\":\"pt-BR\"},{\"@type\":\"Organization\",\"@id\":\"https:\/\/www.oarcanjo.net\/site\/#organization\",\"name\":\"Par\u00f3quia S\u00e3o Miguel Arcanjo\",\"url\":\"https:\/\/www.oarcanjo.net\/site\/\",\"logo\":{\"@type\":\"ImageObject\",\"inLanguage\":\"pt-BR\",\"@id\":\"https:\/\/www.oarcanjo.net\/site\/#\/schema\/logo\/image\/\",\"url\":\"https:\/\/www.oarcanjo.net\/site\/wp-content\/uploads\/LogoOArcanjo.png\",\"contentUrl\":\"https:\/\/www.oarcanjo.net\/site\/wp-content\/uploads\/LogoOArcanjo.png\",\"width\":319,\"height\":99,\"caption\":\"Par\u00f3quia S\u00e3o Miguel Arcanjo\"},\"image\":{\"@id\":\"https:\/\/www.oarcanjo.net\/site\/#\/schema\/logo\/image\/\"},\"sameAs\":[\"https:\/\/www.facebook.com\/OArcanjoNoAr\/\"]},{\"@type\":\"Person\",\"@id\":\"https:\/\/www.oarcanjo.net\/site\/#\/schema\/person\/f7024d007863202483a31326673a0838\",\"name\":\"editor\",\"sameAs\":[\"http:\/\/www.oarcanjo.net\"]}]}<\/script>\n<!-- \/ Yoast SEO plugin. -->","yoast_head_json":{"title":"Educand\u00e1rio S\u00e3o Jos\u00e9 do Bel\u00e9m celebra 100 anos - O Arcanjo no ar","robots":{"index":"index","follow":"follow","max-snippet":"max-snippet:-1","max-image-preview":"max-image-preview:large","max-video-preview":"max-video-preview:-1"},"canonical":"https:\/\/www.oarcanjo.net\/site\/educandario-sao-jose-do-belem-celebra-100-anos\/","og_locale":"pt_BR","og_type":"article","og_title":"Educand\u00e1rio S\u00e3o Jos\u00e9 do Bel\u00e9m celebra 100 anos - O Arcanjo no ar","og_description":"Fonte: O S\u00e3o Paulo Quando o pequeno J\u00falio Lancellotti, ent\u00e3o com 6 anos, recebeu a primeira Eucaristia, no p\u00e1tio do Educand\u00e1rio S\u00e3o Jos\u00e9 do Bel\u00e9m, n\u00e3o imaginava que quase 50 anos depois celebraria, como padre, o centen\u00e1rio da funda\u00e7\u00e3o daquele centro educacional mantido pelas irm\u00e3s do Sagrado Cora\u00e7\u00e3o de Maria. A celebra\u00e7\u00e3o, presidida pelo cardeal [&hellip;]","og_url":"https:\/\/www.oarcanjo.net\/site\/educandario-sao-jose-do-belem-celebra-100-anos\/","og_site_name":"O Arcanjo no ar","article_publisher":"https:\/\/www.facebook.com\/OArcanjoNoAr\/","article_published_time":"2009-05-14T12:14:26+00:00","article_modified_time":"2009-05-14T12:18:49+00:00","og_image":[{"width":300,"height":300,"url":"https:\/\/www.oarcanjo.net\/site\/wp-content\/uploads\/logo-o-arcanjo-no-ar-facebook.png","type":"image\/png"}],"author":"editor","twitter_card":"summary_large_image","twitter_misc":{"Escrito por":"editor","Est. tempo de leitura":"3 minutos"},"schema":{"@context":"https:\/\/schema.org","@graph":[{"@type":"Article","@id":"https:\/\/www.oarcanjo.net\/site\/educandario-sao-jose-do-belem-celebra-100-anos\/#article","isPartOf":{"@id":"https:\/\/www.oarcanjo.net\/site\/educandario-sao-jose-do-belem-celebra-100-anos\/"},"author":{"name":"editor","@id":"https:\/\/www.oarcanjo.net\/site\/#\/schema\/person\/f7024d007863202483a31326673a0838"},"headline":"Educand\u00e1rio S\u00e3o Jos\u00e9 do Bel\u00e9m celebra 100 anos","datePublished":"2009-05-14T12:14:26+00:00","dateModified":"2009-05-14T12:18:49+00:00","mainEntityOfPage":{"@id":"https:\/\/www.oarcanjo.net\/site\/educandario-sao-jose-do-belem-celebra-100-anos\/"},"wordCount":522,"commentCount":2,"publisher":{"@id":"https:\/\/www.oarcanjo.net\/site\/#organization"},"keywords":["Educand\u00e1rio S\u00e3o Jos\u00e9 do Bel\u00e9m","Pe. J\u00falio"],"articleSection":["Not\u00edcias"],"inLanguage":"pt-BR","potentialAction":[{"@type":"CommentAction","name":"Comment","target":["https:\/\/www.oarcanjo.net\/site\/educandario-sao-jose-do-belem-celebra-100-anos\/#respond"]}]},{"@type":"WebPage","@id":"https:\/\/www.oarcanjo.net\/site\/educandario-sao-jose-do-belem-celebra-100-anos\/","url":"https:\/\/www.oarcanjo.net\/site\/educandario-sao-jose-do-belem-celebra-100-anos\/","name":"Educand\u00e1rio S\u00e3o Jos\u00e9 do Bel\u00e9m celebra 100 anos - O Arcanjo no ar","isPartOf":{"@id":"https:\/\/www.oarcanjo.net\/site\/#website"},"datePublished":"2009-05-14T12:14:26+00:00","dateModified":"2009-05-14T12:18:49+00:00","breadcrumb":{"@id":"https:\/\/www.oarcanjo.net\/site\/educandario-sao-jose-do-belem-celebra-100-anos\/#breadcrumb"},"inLanguage":"pt-BR","potentialAction":[{"@type":"ReadAction","target":["https:\/\/www.oarcanjo.net\/site\/educandario-sao-jose-do-belem-celebra-100-anos\/"]}]},{"@type":"BreadcrumbList","@id":"https:\/\/www.oarcanjo.net\/site\/educandario-sao-jose-do-belem-celebra-100-anos\/#breadcrumb","itemListElement":[{"@type":"ListItem","position":1,"name":"In\u00edcio","item":"https:\/\/www.oarcanjo.net\/site\/"},{"@type":"ListItem","position":2,"name":"Educand\u00e1rio S\u00e3o Jos\u00e9 do Bel\u00e9m celebra 100 anos"}]},{"@type":"WebSite","@id":"https:\/\/www.oarcanjo.net\/site\/#website","url":"https:\/\/www.oarcanjo.net\/site\/","name":"O Arcanjo no ar","description":"Site da Par\u00f3quia S\u00e3o Miguel Arcanjo (Arquidiocese de SP)","publisher":{"@id":"https:\/\/www.oarcanjo.net\/site\/#organization"},"potentialAction":[{"@type":"SearchAction","target":{"@type":"EntryPoint","urlTemplate":"https:\/\/www.oarcanjo.net\/site\/?s={search_term_string}"},"query-input":{"@type":"PropertyValueSpecification","valueRequired":true,"valueName":"search_term_string"}}],"inLanguage":"pt-BR"},{"@type":"Organization","@id":"https:\/\/www.oarcanjo.net\/site\/#organization","name":"Par\u00f3quia S\u00e3o Miguel Arcanjo","url":"https:\/\/www.oarcanjo.net\/site\/","logo":{"@type":"ImageObject","inLanguage":"pt-BR","@id":"https:\/\/www.oarcanjo.net\/site\/#\/schema\/logo\/image\/","url":"https:\/\/www.oarcanjo.net\/site\/wp-content\/uploads\/LogoOArcanjo.png","contentUrl":"https:\/\/www.oarcanjo.net\/site\/wp-content\/uploads\/LogoOArcanjo.png","width":319,"height":99,"caption":"Par\u00f3quia S\u00e3o Miguel Arcanjo"},"image":{"@id":"https:\/\/www.oarcanjo.net\/site\/#\/schema\/logo\/image\/"},"sameAs":["https:\/\/www.facebook.com\/OArcanjoNoAr\/"]},{"@type":"Person","@id":"https:\/\/www.oarcanjo.net\/site\/#\/schema\/person\/f7024d007863202483a31326673a0838","name":"editor","sameAs":["http:\/\/www.oarcanjo.net"]}]}},"publishpress_future_action":{"enabled":false,"date":"2026-05-09 00:05:30","action":"category","newStatus":"draft","terms":[],"taxonomy":"category"},"publishpress_future_workflow_manual_trigger":{"enabledWorkflows":[]},"_links":{"self":[{"href":"https:\/\/www.oarcanjo.net\/site\/wp-json\/wp\/v2\/posts\/3412"}],"collection":[{"href":"https:\/\/www.oarcanjo.net\/site\/wp-json\/wp\/v2\/posts"}],"about":[{"href":"https:\/\/www.oarcanjo.net\/site\/wp-json\/wp\/v2\/types\/post"}],"author":[{"embeddable":true,"href":"https:\/\/www.oarcanjo.net\/site\/wp-json\/wp\/v2\/users\/5"}],"replies":[{"embeddable":true,"href":"https:\/\/www.oarcanjo.net\/site\/wp-json\/wp\/v2\/comments?post=3412"}],"version-history":[{"count":0,"href":"https:\/\/www.oarcanjo.net\/site\/wp-json\/wp\/v2\/posts\/3412\/revisions"}],"wp:attachment":[{"href":"https:\/\/www.oarcanjo.net\/site\/wp-json\/wp\/v2\/media?parent=3412"}],"wp:term":[{"taxonomy":"category","embeddable":true,"href":"https:\/\/www.oarcanjo.net\/site\/wp-json\/wp\/v2\/categories?post=3412"},{"taxonomy":"post_tag","embeddable":true,"href":"https:\/\/www.oarcanjo.net\/site\/wp-json\/wp\/v2\/tags?post=3412"}],"curies":[{"name":"wp","href":"https:\/\/api.w.org\/{rel}","templated":true}]}}