
{"id":3415,"date":"2009-05-14T08:10:26","date_gmt":"2009-05-14T11:10:26","guid":{"rendered":"http:\/\/www.oarcanjo.net\/site\/?p=3415"},"modified":"2009-05-14T09:11:58","modified_gmt":"2009-05-14T12:11:58","slug":"bento-xvi-abraca-a-atormentada-gaza-em-visita-a-belem","status":"publish","type":"post","link":"https:\/\/www.oarcanjo.net\/site\/bento-xvi-abraca-a-atormentada-gaza-em-visita-a-belem\/","title":{"rendered":"Bento XVI abra\u00e7a a atormentada Gaza em visita a Bel\u00e9m"},"content":{"rendered":"<p>Mirko Testa<\/p>\n<p>BEL\u00c9M, quarta-feira, 13 de maio de 2009 (ZENIT.org) &#8211; No dia dedicado aos Territ\u00f3rios Palestinos em peregrina\u00e7\u00e3o \u00e0 Terra Santa, Bento XVI manifestou nesta quarta-feira sua proximidade \u00e0 cidade de Gaza, empoeirada pelas ru\u00ednas do recente conflito que terminou no dia 18 de janeiro com um balan\u00e7o de mais de 1.300 mortos.<\/p>\n<p>As palavras de solidariedade ressoaram particularmente durante a Missa celebrada em Bel\u00e9m, na Pra\u00e7a do Pres\u00e9pio, junto \u00e0 Bas\u00edlica da Natividade, coberta pelo rio humano conformado por cerca de 10 mil pessoas, que transbordou nas ruas laterais.<\/p>\n<p>&#8220;De uma forma especial, meu cora\u00e7\u00e3o se dirige aos peregrinos da martirizada Gaza&#8221;, disse o Papa, dirigindo-se ao grupo de cat\u00f3licos procedentes da faixa controlada desde 2007 pelos extremistas isl\u00e2micos do Hamas.<\/p>\n<p>Dos 93 cat\u00f3licos de Gaza que haviam enviado \u00e0s autoridades palestinas a peti\u00e7\u00e3o para receber a autoriza\u00e7\u00e3o para ir a Bel\u00e9m, s\u00f3 48, ap\u00f3s meses de espera, incertezas e protestos, conseguiram chegar \u00e0 cidade cisjordaniana. Os demais tiveram de parar no posto de controle de Eretz, e de l\u00e1 foram obrigados a voltar.<\/p>\n<p>&#8220;Pe\u00e7o-lhes que levem para suas fam\u00edlias e comunidades meu abra\u00e7o fraterno e minha tristeza pelas perdas, pela dificuldade e pelo sofrimento que voc\u00eas tiveram de suportar&#8221;, disse, dirigindo-se ao 1,5 milh\u00e3o e meio de pessoas que moram na Faixa de Gaza, onde a comunidade local conta com cerca de 300 fi\u00e9is.<\/p>\n<p>&#8220;Estejam certos de minha solidariedade para com voc\u00eas no imenso trabalho de reconstru\u00e7\u00e3o que agora levam adiante, e minhas ora\u00e7\u00f5es para que o embargo seja logo suspenso&#8221;, acrescentou, referindo-se ao bloqueio imposto a Gaza por Israel desde que o Hamas tomou o poder na Faixa, eliminando os opositores de Al Fatah, ligado ao presidente Mahmud Abas.<\/p>\n<p>Antes, na cerim\u00f4nia de boas-vindas aos Territ\u00f3rios Palestinos, realizada na pra\u00e7a do pal\u00e1cio presidencial de Bel\u00e9m, o Papa denunciou &#8220;os graves problemas que afetam a seguran\u00e7a em Israel e nos Territ\u00f3rios Palestinos&#8221;, exigindo que sejam &#8220;logo suficientemente mitigados para permitir uma maior liberdade de movimento, especialmente com rela\u00e7\u00e3o aos contatos entre familiares e ao acesso aos lugares santos&#8221;.<\/p>\n<p>Al\u00e9m disso, Bento XVI fez um convite \u00e0 comunidade internacional para que se empreendam rapidamente as obras de reconstru\u00e7\u00e3o.<\/p>\n<div id=\"themify_builder_content-3415\" data-postid=\"3415\" class=\"themify_builder_content themify_builder_content-3415 themify_builder themify_builder_front\">\n\t<\/div>\n<!-- \/themify_builder_content -->","protected":false},"excerpt":{"rendered":"<p>Mirko Testa BEL\u00c9M, quarta-feira, 13 de maio de 2009 (ZENIT.org) &#8211; No dia dedicado aos Territ\u00f3rios Palestinos em peregrina\u00e7\u00e3o \u00e0 Terra Santa, Bento XVI manifestou nesta quarta-feira sua proximidade \u00e0 cidade de Gaza, empoeirada pelas ru\u00ednas do recente conflito que terminou no dia 18 de janeiro com um balan\u00e7o de mais de 1.300 mortos. As [&hellip;]<\/p>\n","protected":false},"author":5,"featured_media":0,"comment_status":"open","ping_status":"open","sticky":false,"template":"","format":"standard","meta":{"ngg_post_thumbnail":0,"footnotes":""},"categories":[8],"tags":[206,689,181,178,180,167,20],"yoast_head":"<!-- This site is optimized with the Yoast SEO plugin v23.5 - https:\/\/yoast.com\/wordpress\/plugins\/seo\/ -->\n<title>Bento XVI abra\u00e7a a atormentada Gaza em visita a Bel\u00e9m - O Arcanjo no ar<\/title>\n<meta name=\"robots\" content=\"index, follow, max-snippet:-1, max-image-preview:large, max-video-preview:-1\" \/>\n<link rel=\"canonical\" href=\"https:\/\/www.oarcanjo.net\/site\/bento-xvi-abraca-a-atormentada-gaza-em-visita-a-belem\/\" \/>\n<meta property=\"og:locale\" content=\"pt_BR\" \/>\n<meta property=\"og:type\" content=\"article\" \/>\n<meta property=\"og:title\" content=\"Bento XVI abra\u00e7a a atormentada Gaza em visita a Bel\u00e9m - O Arcanjo no ar\" \/>\n<meta property=\"og:description\" content=\"Mirko Testa BEL\u00c9M, quarta-feira, 13 de maio de 2009 (ZENIT.org) &#8211; No dia dedicado aos Territ\u00f3rios Palestinos em peregrina\u00e7\u00e3o \u00e0 Terra Santa, Bento XVI manifestou nesta quarta-feira sua proximidade \u00e0 cidade de Gaza, empoeirada pelas ru\u00ednas do recente conflito que terminou no dia 18 de janeiro com um balan\u00e7o de mais de 1.300 mortos. As [&hellip;]\" \/>\n<meta property=\"og:url\" content=\"https:\/\/www.oarcanjo.net\/site\/bento-xvi-abraca-a-atormentada-gaza-em-visita-a-belem\/\" \/>\n<meta property=\"og:site_name\" content=\"O Arcanjo no ar\" \/>\n<meta property=\"article:publisher\" content=\"https:\/\/www.facebook.com\/OArcanjoNoAr\/\" \/>\n<meta property=\"article:published_time\" content=\"2009-05-14T11:10:26+00:00\" \/>\n<meta property=\"article:modified_time\" content=\"2009-05-14T12:11:58+00:00\" \/>\n<meta property=\"og:image\" content=\"https:\/\/www.oarcanjo.net\/site\/wp-content\/uploads\/logo-o-arcanjo-no-ar-facebook.png\" \/>\n\t<meta property=\"og:image:width\" content=\"300\" \/>\n\t<meta property=\"og:image:height\" content=\"300\" \/>\n\t<meta property=\"og:image:type\" content=\"image\/png\" \/>\n<meta name=\"author\" content=\"editor\" \/>\n<meta name=\"twitter:card\" content=\"summary_large_image\" \/>\n<meta name=\"twitter:label1\" content=\"Escrito por\" \/>\n\t<meta name=\"twitter:data1\" content=\"editor\" \/>\n\t<meta name=\"twitter:label2\" content=\"Est. tempo de leitura\" \/>\n\t<meta name=\"twitter:data2\" content=\"2 minutos\" \/>\n<script type=\"application\/ld+json\" class=\"yoast-schema-graph\">{\"@context\":\"https:\/\/schema.org\",\"@graph\":[{\"@type\":\"Article\",\"@id\":\"https:\/\/www.oarcanjo.net\/site\/bento-xvi-abraca-a-atormentada-gaza-em-visita-a-belem\/#article\",\"isPartOf\":{\"@id\":\"https:\/\/www.oarcanjo.net\/site\/bento-xvi-abraca-a-atormentada-gaza-em-visita-a-belem\/\"},\"author\":{\"name\":\"editor\",\"@id\":\"https:\/\/www.oarcanjo.net\/site\/#\/schema\/person\/f7024d007863202483a31326673a0838\"},\"headline\":\"Bento XVI abra\u00e7a a atormentada Gaza em visita a Bel\u00e9m\",\"datePublished\":\"2009-05-14T11:10:26+00:00\",\"dateModified\":\"2009-05-14T12:11:58+00:00\",\"mainEntityOfPage\":{\"@id\":\"https:\/\/www.oarcanjo.net\/site\/bento-xvi-abraca-a-atormentada-gaza-em-visita-a-belem\/\"},\"wordCount\":394,\"commentCount\":0,\"publisher\":{\"@id\":\"https:\/\/www.oarcanjo.net\/site\/#organization\"},\"keywords\":[\"Bento XVI\",\"conflitos\",\"Gaza\",\"oriente m\u00e9dio\",\"palestina\",\"paz\",\"viol\u00eancia\"],\"articleSection\":[\"Not\u00edcias\"],\"inLanguage\":\"pt-BR\",\"potentialAction\":[{\"@type\":\"CommentAction\",\"name\":\"Comment\",\"target\":[\"https:\/\/www.oarcanjo.net\/site\/bento-xvi-abraca-a-atormentada-gaza-em-visita-a-belem\/#respond\"]}]},{\"@type\":\"WebPage\",\"@id\":\"https:\/\/www.oarcanjo.net\/site\/bento-xvi-abraca-a-atormentada-gaza-em-visita-a-belem\/\",\"url\":\"https:\/\/www.oarcanjo.net\/site\/bento-xvi-abraca-a-atormentada-gaza-em-visita-a-belem\/\",\"name\":\"Bento XVI abra\u00e7a a atormentada Gaza em visita a Bel\u00e9m - O Arcanjo no ar\",\"isPartOf\":{\"@id\":\"https:\/\/www.oarcanjo.net\/site\/#website\"},\"datePublished\":\"2009-05-14T11:10:26+00:00\",\"dateModified\":\"2009-05-14T12:11:58+00:00\",\"breadcrumb\":{\"@id\":\"https:\/\/www.oarcanjo.net\/site\/bento-xvi-abraca-a-atormentada-gaza-em-visita-a-belem\/#breadcrumb\"},\"inLanguage\":\"pt-BR\",\"potentialAction\":[{\"@type\":\"ReadAction\",\"target\":[\"https:\/\/www.oarcanjo.net\/site\/bento-xvi-abraca-a-atormentada-gaza-em-visita-a-belem\/\"]}]},{\"@type\":\"BreadcrumbList\",\"@id\":\"https:\/\/www.oarcanjo.net\/site\/bento-xvi-abraca-a-atormentada-gaza-em-visita-a-belem\/#breadcrumb\",\"itemListElement\":[{\"@type\":\"ListItem\",\"position\":1,\"name\":\"In\u00edcio\",\"item\":\"https:\/\/www.oarcanjo.net\/site\/\"},{\"@type\":\"ListItem\",\"position\":2,\"name\":\"Bento XVI abra\u00e7a a atormentada Gaza em visita a Bel\u00e9m\"}]},{\"@type\":\"WebSite\",\"@id\":\"https:\/\/www.oarcanjo.net\/site\/#website\",\"url\":\"https:\/\/www.oarcanjo.net\/site\/\",\"name\":\"O Arcanjo no ar\",\"description\":\"Site da Par\u00f3quia S\u00e3o Miguel Arcanjo (Arquidiocese de SP)\",\"publisher\":{\"@id\":\"https:\/\/www.oarcanjo.net\/site\/#organization\"},\"potentialAction\":[{\"@type\":\"SearchAction\",\"target\":{\"@type\":\"EntryPoint\",\"urlTemplate\":\"https:\/\/www.oarcanjo.net\/site\/?s={search_term_string}\"},\"query-input\":{\"@type\":\"PropertyValueSpecification\",\"valueRequired\":true,\"valueName\":\"search_term_string\"}}],\"inLanguage\":\"pt-BR\"},{\"@type\":\"Organization\",\"@id\":\"https:\/\/www.oarcanjo.net\/site\/#organization\",\"name\":\"Par\u00f3quia S\u00e3o Miguel Arcanjo\",\"url\":\"https:\/\/www.oarcanjo.net\/site\/\",\"logo\":{\"@type\":\"ImageObject\",\"inLanguage\":\"pt-BR\",\"@id\":\"https:\/\/www.oarcanjo.net\/site\/#\/schema\/logo\/image\/\",\"url\":\"https:\/\/www.oarcanjo.net\/site\/wp-content\/uploads\/LogoOArcanjo.png\",\"contentUrl\":\"https:\/\/www.oarcanjo.net\/site\/wp-content\/uploads\/LogoOArcanjo.png\",\"width\":319,\"height\":99,\"caption\":\"Par\u00f3quia S\u00e3o Miguel Arcanjo\"},\"image\":{\"@id\":\"https:\/\/www.oarcanjo.net\/site\/#\/schema\/logo\/image\/\"},\"sameAs\":[\"https:\/\/www.facebook.com\/OArcanjoNoAr\/\"]},{\"@type\":\"Person\",\"@id\":\"https:\/\/www.oarcanjo.net\/site\/#\/schema\/person\/f7024d007863202483a31326673a0838\",\"name\":\"editor\",\"sameAs\":[\"http:\/\/www.oarcanjo.net\"]}]}<\/script>\n<!-- \/ Yoast SEO plugin. -->","yoast_head_json":{"title":"Bento XVI abra\u00e7a a atormentada Gaza em visita a Bel\u00e9m - O Arcanjo no ar","robots":{"index":"index","follow":"follow","max-snippet":"max-snippet:-1","max-image-preview":"max-image-preview:large","max-video-preview":"max-video-preview:-1"},"canonical":"https:\/\/www.oarcanjo.net\/site\/bento-xvi-abraca-a-atormentada-gaza-em-visita-a-belem\/","og_locale":"pt_BR","og_type":"article","og_title":"Bento XVI abra\u00e7a a atormentada Gaza em visita a Bel\u00e9m - O Arcanjo no ar","og_description":"Mirko Testa BEL\u00c9M, quarta-feira, 13 de maio de 2009 (ZENIT.org) &#8211; No dia dedicado aos Territ\u00f3rios Palestinos em peregrina\u00e7\u00e3o \u00e0 Terra Santa, Bento XVI manifestou nesta quarta-feira sua proximidade \u00e0 cidade de Gaza, empoeirada pelas ru\u00ednas do recente conflito que terminou no dia 18 de janeiro com um balan\u00e7o de mais de 1.300 mortos. As [&hellip;]","og_url":"https:\/\/www.oarcanjo.net\/site\/bento-xvi-abraca-a-atormentada-gaza-em-visita-a-belem\/","og_site_name":"O Arcanjo no ar","article_publisher":"https:\/\/www.facebook.com\/OArcanjoNoAr\/","article_published_time":"2009-05-14T11:10:26+00:00","article_modified_time":"2009-05-14T12:11:58+00:00","og_image":[{"width":300,"height":300,"url":"https:\/\/www.oarcanjo.net\/site\/wp-content\/uploads\/logo-o-arcanjo-no-ar-facebook.png","type":"image\/png"}],"author":"editor","twitter_card":"summary_large_image","twitter_misc":{"Escrito por":"editor","Est. tempo de leitura":"2 minutos"},"schema":{"@context":"https:\/\/schema.org","@graph":[{"@type":"Article","@id":"https:\/\/www.oarcanjo.net\/site\/bento-xvi-abraca-a-atormentada-gaza-em-visita-a-belem\/#article","isPartOf":{"@id":"https:\/\/www.oarcanjo.net\/site\/bento-xvi-abraca-a-atormentada-gaza-em-visita-a-belem\/"},"author":{"name":"editor","@id":"https:\/\/www.oarcanjo.net\/site\/#\/schema\/person\/f7024d007863202483a31326673a0838"},"headline":"Bento XVI abra\u00e7a a atormentada Gaza em visita a Bel\u00e9m","datePublished":"2009-05-14T11:10:26+00:00","dateModified":"2009-05-14T12:11:58+00:00","mainEntityOfPage":{"@id":"https:\/\/www.oarcanjo.net\/site\/bento-xvi-abraca-a-atormentada-gaza-em-visita-a-belem\/"},"wordCount":394,"commentCount":0,"publisher":{"@id":"https:\/\/www.oarcanjo.net\/site\/#organization"},"keywords":["Bento XVI","conflitos","Gaza","oriente m\u00e9dio","palestina","paz","viol\u00eancia"],"articleSection":["Not\u00edcias"],"inLanguage":"pt-BR","potentialAction":[{"@type":"CommentAction","name":"Comment","target":["https:\/\/www.oarcanjo.net\/site\/bento-xvi-abraca-a-atormentada-gaza-em-visita-a-belem\/#respond"]}]},{"@type":"WebPage","@id":"https:\/\/www.oarcanjo.net\/site\/bento-xvi-abraca-a-atormentada-gaza-em-visita-a-belem\/","url":"https:\/\/www.oarcanjo.net\/site\/bento-xvi-abraca-a-atormentada-gaza-em-visita-a-belem\/","name":"Bento XVI abra\u00e7a a atormentada Gaza em visita a Bel\u00e9m - O Arcanjo no ar","isPartOf":{"@id":"https:\/\/www.oarcanjo.net\/site\/#website"},"datePublished":"2009-05-14T11:10:26+00:00","dateModified":"2009-05-14T12:11:58+00:00","breadcrumb":{"@id":"https:\/\/www.oarcanjo.net\/site\/bento-xvi-abraca-a-atormentada-gaza-em-visita-a-belem\/#breadcrumb"},"inLanguage":"pt-BR","potentialAction":[{"@type":"ReadAction","target":["https:\/\/www.oarcanjo.net\/site\/bento-xvi-abraca-a-atormentada-gaza-em-visita-a-belem\/"]}]},{"@type":"BreadcrumbList","@id":"https:\/\/www.oarcanjo.net\/site\/bento-xvi-abraca-a-atormentada-gaza-em-visita-a-belem\/#breadcrumb","itemListElement":[{"@type":"ListItem","position":1,"name":"In\u00edcio","item":"https:\/\/www.oarcanjo.net\/site\/"},{"@type":"ListItem","position":2,"name":"Bento XVI abra\u00e7a a atormentada Gaza em visita a Bel\u00e9m"}]},{"@type":"WebSite","@id":"https:\/\/www.oarcanjo.net\/site\/#website","url":"https:\/\/www.oarcanjo.net\/site\/","name":"O Arcanjo no ar","description":"Site da Par\u00f3quia S\u00e3o Miguel Arcanjo (Arquidiocese de SP)","publisher":{"@id":"https:\/\/www.oarcanjo.net\/site\/#organization"},"potentialAction":[{"@type":"SearchAction","target":{"@type":"EntryPoint","urlTemplate":"https:\/\/www.oarcanjo.net\/site\/?s={search_term_string}"},"query-input":{"@type":"PropertyValueSpecification","valueRequired":true,"valueName":"search_term_string"}}],"inLanguage":"pt-BR"},{"@type":"Organization","@id":"https:\/\/www.oarcanjo.net\/site\/#organization","name":"Par\u00f3quia S\u00e3o Miguel Arcanjo","url":"https:\/\/www.oarcanjo.net\/site\/","logo":{"@type":"ImageObject","inLanguage":"pt-BR","@id":"https:\/\/www.oarcanjo.net\/site\/#\/schema\/logo\/image\/","url":"https:\/\/www.oarcanjo.net\/site\/wp-content\/uploads\/LogoOArcanjo.png","contentUrl":"https:\/\/www.oarcanjo.net\/site\/wp-content\/uploads\/LogoOArcanjo.png","width":319,"height":99,"caption":"Par\u00f3quia S\u00e3o Miguel Arcanjo"},"image":{"@id":"https:\/\/www.oarcanjo.net\/site\/#\/schema\/logo\/image\/"},"sameAs":["https:\/\/www.facebook.com\/OArcanjoNoAr\/"]},{"@type":"Person","@id":"https:\/\/www.oarcanjo.net\/site\/#\/schema\/person\/f7024d007863202483a31326673a0838","name":"editor","sameAs":["http:\/\/www.oarcanjo.net"]}]}},"publishpress_future_action":{"enabled":false,"date":"2026-05-08 23:56:53","action":"category","newStatus":"draft","terms":[],"taxonomy":"category"},"publishpress_future_workflow_manual_trigger":{"enabledWorkflows":[]},"_links":{"self":[{"href":"https:\/\/www.oarcanjo.net\/site\/wp-json\/wp\/v2\/posts\/3415"}],"collection":[{"href":"https:\/\/www.oarcanjo.net\/site\/wp-json\/wp\/v2\/posts"}],"about":[{"href":"https:\/\/www.oarcanjo.net\/site\/wp-json\/wp\/v2\/types\/post"}],"author":[{"embeddable":true,"href":"https:\/\/www.oarcanjo.net\/site\/wp-json\/wp\/v2\/users\/5"}],"replies":[{"embeddable":true,"href":"https:\/\/www.oarcanjo.net\/site\/wp-json\/wp\/v2\/comments?post=3415"}],"version-history":[{"count":0,"href":"https:\/\/www.oarcanjo.net\/site\/wp-json\/wp\/v2\/posts\/3415\/revisions"}],"wp:attachment":[{"href":"https:\/\/www.oarcanjo.net\/site\/wp-json\/wp\/v2\/media?parent=3415"}],"wp:term":[{"taxonomy":"category","embeddable":true,"href":"https:\/\/www.oarcanjo.net\/site\/wp-json\/wp\/v2\/categories?post=3415"},{"taxonomy":"post_tag","embeddable":true,"href":"https:\/\/www.oarcanjo.net\/site\/wp-json\/wp\/v2\/tags?post=3415"}],"curies":[{"name":"wp","href":"https:\/\/api.w.org\/{rel}","templated":true}]}}