
{"id":3419,"date":"2009-05-14T20:00:02","date_gmt":"2009-05-14T23:00:02","guid":{"rendered":"http:\/\/www.oarcanjo.net\/site\/?p=3419"},"modified":"2009-05-14T09:17:46","modified_gmt":"2009-05-14T12:17:46","slug":"campanha-%e2%80%98escravidao-nao%e2%80%99-coleta-assinaturas-para-pec-do-trabalho-escravo","status":"publish","type":"post","link":"https:\/\/www.oarcanjo.net\/site\/campanha-%e2%80%98escravidao-nao%e2%80%99-coleta-assinaturas-para-pec-do-trabalho-escravo\/","title":{"rendered":"Campanha \u2018Escravid\u00e3o N\u00e3o\u2019 coleta assinaturas para PEC do trabalho Escravo"},"content":{"rendered":"<p>Adital &#8211; A campanha &#8220;Escravid\u00e3o N\u00e3o&#8221; foi lan\u00e7ada no \u00faltimo dia 9, em S\u00e3o Paulo, para alertar os jovens paulistanos sobre as quest\u00f5es que envolvem o trabalho escravo, que ainda hoje &#8211; mais de cem anos ap\u00f3s a Aboli\u00e7\u00e3o da Escravatura, celebrado neste 13 de maio &#8211; s\u00e3o registrados no Brasil.<\/p>\n<p>O objetivo \u00e9 levar o debate sobre o trabalho escravo para a sociedade e fazer com que as pessoas disseminem a informa\u00e7\u00e3o, ampliando a repercuss\u00e3o do tema e o n\u00famero de assinaturas para a PEC (Proposta de Emenda Constitucional) do Trabalho Escravo (438\/2001), cuja proposta \u00e9 aumentar o rigor e a puni\u00e7\u00e3o para os exploradores e tamb\u00e9m, a expropria\u00e7\u00e3o de suas terras, usadas para fins de explora\u00e7\u00e3o da m\u00e3o-de-obra humana.<\/p>\n<p>A ideia da campanha surgiu com a observa\u00e7\u00e3o de registros deste tipo de explora\u00e7\u00e3o, principalmente no Nordeste Brasileiro. A Organiza\u00e7\u00e3o Internacional do Trabalho (OIT) \u00e9 uma das parceiras desta iniciativa e colaborou fornecendo dados e conte\u00fados para a causa.<\/p>\n<p>Segundo informa Guilherme Stella, s\u00f3cio-diretor da Sagarana Comunica\u00e7\u00e3o, ag\u00eancia que pensou e desenvolveu o projeto, em estados como Maranh\u00e3o e Tocantins \u00e9 comum encontrar a explora\u00e7\u00e3o da m\u00e3o-de-obra em planta\u00e7\u00f5es de cana-de-a\u00e7\u00facar e nas carvoarias. Mas pouco tem sido feito por parte do governo para combater esta pr\u00e1tica. &#8220;Desde 2004 a PEC do Trabalho Escravo est\u00e1 parada&#8221;, diz.<\/p>\n<p>Inicialmente a campanha est\u00e1 sendo veiculada apenas no estado de S\u00e3o Paulo, mas o intuito \u00e9 primeiro observar a rea\u00e7\u00e3o da sociedade para depois ampli\u00e1-la. &#8220;N\u00f3s pretendemos continuar sim, queremos chegar at\u00e9 Bras\u00edlia&#8221;, esclarece Guilherme.<\/p>\n<p>Mas tudo indica que a campanha veio mesmo para ficar. De acordo com o s\u00f3cio-diretor da Sagarana, as assinaturas da PEC aumentaram em oito vezes ap\u00f3s seu in\u00edcio. Al\u00e9m disso, ve\u00edculos de comunica\u00e7\u00e3o os procuram todos os dias para saber do &#8220;Escravid\u00e3o N\u00e3o&#8221;. &#8220;A resposta est\u00e1 sendo positiva&#8221;, declara.<\/p>\n<p>Para divulgar a a\u00e7\u00e3o e buscar ades\u00e3o da popula\u00e7\u00e3o um cart\u00e3o postal foi desenvolvido e espalhado pela cidade. Como o foco \u00e9 explora\u00e7\u00e3o nas carvoarias, o cart\u00e3o da campanha cont\u00e9m carv\u00e3o vegetal para que as pessoas fiquem com as m\u00e3os sujas propositalmente. No verso, a mensagem: &#8220;N\u00e3o lave as m\u00e3os para este problema. Acesse o site e colabore&#8221;.<\/p>\n<p>Mais informa\u00e7\u00f5es atrav\u00e9s do site: <a href=\"http:\/\/www.escravidaonao.com.br\" target=\"_blank\">http:\/\/www.escravidaonao.com.br<\/a>, ou pelo telefone: (11) 3807-5641.<\/p>\n<div id=\"themify_builder_content-3419\" data-postid=\"3419\" class=\"themify_builder_content themify_builder_content-3419 themify_builder themify_builder_front\">\n\t<\/div>\n<!-- \/themify_builder_content -->","protected":false},"excerpt":{"rendered":"<p>Adital &#8211; A campanha &#8220;Escravid\u00e3o N\u00e3o&#8221; foi lan\u00e7ada no \u00faltimo dia 9, em S\u00e3o Paulo, para alertar os jovens paulistanos sobre as quest\u00f5es que envolvem o trabalho escravo, que ainda hoje &#8211; mais de cem anos ap\u00f3s a Aboli\u00e7\u00e3o da Escravatura, celebrado neste 13 de maio &#8211; s\u00e3o registrados no Brasil. O objetivo \u00e9 levar [&hellip;]<\/p>\n","protected":false},"author":5,"featured_media":0,"comment_status":"open","ping_status":"open","sticky":false,"template":"","format":"standard","meta":{"ngg_post_thumbnail":0,"footnotes":""},"categories":[8],"tags":[690,691],"yoast_head":"<!-- This site is optimized with the Yoast SEO plugin v23.5 - https:\/\/yoast.com\/wordpress\/plugins\/seo\/ -->\n<title>Campanha \u2018Escravid\u00e3o N\u00e3o\u2019 coleta assinaturas para PEC do trabalho Escravo - O Arcanjo no ar<\/title>\n<meta name=\"robots\" content=\"index, follow, max-snippet:-1, max-image-preview:large, max-video-preview:-1\" \/>\n<link rel=\"canonical\" href=\"https:\/\/www.oarcanjo.net\/site\/campanha-\u2018escravidao-nao\u2019-coleta-assinaturas-para-pec-do-trabalho-escravo\/\" \/>\n<meta property=\"og:locale\" content=\"pt_BR\" \/>\n<meta property=\"og:type\" content=\"article\" \/>\n<meta property=\"og:title\" content=\"Campanha \u2018Escravid\u00e3o N\u00e3o\u2019 coleta assinaturas para PEC do trabalho Escravo - O Arcanjo no ar\" \/>\n<meta property=\"og:description\" content=\"Adital &#8211; A campanha &#8220;Escravid\u00e3o N\u00e3o&#8221; foi lan\u00e7ada no \u00faltimo dia 9, em S\u00e3o Paulo, para alertar os jovens paulistanos sobre as quest\u00f5es que envolvem o trabalho escravo, que ainda hoje &#8211; mais de cem anos ap\u00f3s a Aboli\u00e7\u00e3o da Escravatura, celebrado neste 13 de maio &#8211; s\u00e3o registrados no Brasil. O objetivo \u00e9 levar [&hellip;]\" \/>\n<meta property=\"og:url\" content=\"https:\/\/www.oarcanjo.net\/site\/campanha-\u2018escravidao-nao\u2019-coleta-assinaturas-para-pec-do-trabalho-escravo\/\" \/>\n<meta property=\"og:site_name\" content=\"O Arcanjo no ar\" \/>\n<meta property=\"article:publisher\" content=\"https:\/\/www.facebook.com\/OArcanjoNoAr\/\" \/>\n<meta property=\"article:published_time\" content=\"2009-05-14T23:00:02+00:00\" \/>\n<meta property=\"article:modified_time\" content=\"2009-05-14T12:17:46+00:00\" \/>\n<meta property=\"og:image\" content=\"https:\/\/www.oarcanjo.net\/site\/wp-content\/uploads\/logo-o-arcanjo-no-ar-facebook.png\" \/>\n\t<meta property=\"og:image:width\" content=\"300\" \/>\n\t<meta property=\"og:image:height\" content=\"300\" \/>\n\t<meta property=\"og:image:type\" content=\"image\/png\" \/>\n<meta name=\"author\" content=\"editor\" \/>\n<meta name=\"twitter:card\" content=\"summary_large_image\" \/>\n<meta name=\"twitter:label1\" content=\"Escrito por\" \/>\n\t<meta name=\"twitter:data1\" content=\"editor\" \/>\n\t<meta name=\"twitter:label2\" content=\"Est. tempo de leitura\" \/>\n\t<meta name=\"twitter:data2\" content=\"2 minutos\" \/>\n<script type=\"application\/ld+json\" class=\"yoast-schema-graph\">{\"@context\":\"https:\/\/schema.org\",\"@graph\":[{\"@type\":\"Article\",\"@id\":\"https:\/\/www.oarcanjo.net\/site\/campanha-%e2%80%98escravidao-nao%e2%80%99-coleta-assinaturas-para-pec-do-trabalho-escravo\/#article\",\"isPartOf\":{\"@id\":\"https:\/\/www.oarcanjo.net\/site\/campanha-%e2%80%98escravidao-nao%e2%80%99-coleta-assinaturas-para-pec-do-trabalho-escravo\/\"},\"author\":{\"name\":\"editor\",\"@id\":\"https:\/\/www.oarcanjo.net\/site\/#\/schema\/person\/f7024d007863202483a31326673a0838\"},\"headline\":\"Campanha \u2018Escravid\u00e3o N\u00e3o\u2019 coleta assinaturas para PEC do trabalho Escravo\",\"datePublished\":\"2009-05-14T23:00:02+00:00\",\"dateModified\":\"2009-05-14T12:17:46+00:00\",\"mainEntityOfPage\":{\"@id\":\"https:\/\/www.oarcanjo.net\/site\/campanha-%e2%80%98escravidao-nao%e2%80%99-coleta-assinaturas-para-pec-do-trabalho-escravo\/\"},\"wordCount\":431,\"commentCount\":0,\"publisher\":{\"@id\":\"https:\/\/www.oarcanjo.net\/site\/#organization\"},\"keywords\":[\"campanha contra a escravid\u00e3o\",\"trabalho escravo\"],\"articleSection\":[\"Not\u00edcias\"],\"inLanguage\":\"pt-BR\",\"potentialAction\":[{\"@type\":\"CommentAction\",\"name\":\"Comment\",\"target\":[\"https:\/\/www.oarcanjo.net\/site\/campanha-%e2%80%98escravidao-nao%e2%80%99-coleta-assinaturas-para-pec-do-trabalho-escravo\/#respond\"]}]},{\"@type\":\"WebPage\",\"@id\":\"https:\/\/www.oarcanjo.net\/site\/campanha-%e2%80%98escravidao-nao%e2%80%99-coleta-assinaturas-para-pec-do-trabalho-escravo\/\",\"url\":\"https:\/\/www.oarcanjo.net\/site\/campanha-%e2%80%98escravidao-nao%e2%80%99-coleta-assinaturas-para-pec-do-trabalho-escravo\/\",\"name\":\"Campanha \u2018Escravid\u00e3o N\u00e3o\u2019 coleta assinaturas para PEC do trabalho Escravo - O Arcanjo no ar\",\"isPartOf\":{\"@id\":\"https:\/\/www.oarcanjo.net\/site\/#website\"},\"datePublished\":\"2009-05-14T23:00:02+00:00\",\"dateModified\":\"2009-05-14T12:17:46+00:00\",\"breadcrumb\":{\"@id\":\"https:\/\/www.oarcanjo.net\/site\/campanha-%e2%80%98escravidao-nao%e2%80%99-coleta-assinaturas-para-pec-do-trabalho-escravo\/#breadcrumb\"},\"inLanguage\":\"pt-BR\",\"potentialAction\":[{\"@type\":\"ReadAction\",\"target\":[\"https:\/\/www.oarcanjo.net\/site\/campanha-%e2%80%98escravidao-nao%e2%80%99-coleta-assinaturas-para-pec-do-trabalho-escravo\/\"]}]},{\"@type\":\"BreadcrumbList\",\"@id\":\"https:\/\/www.oarcanjo.net\/site\/campanha-%e2%80%98escravidao-nao%e2%80%99-coleta-assinaturas-para-pec-do-trabalho-escravo\/#breadcrumb\",\"itemListElement\":[{\"@type\":\"ListItem\",\"position\":1,\"name\":\"In\u00edcio\",\"item\":\"https:\/\/www.oarcanjo.net\/site\/\"},{\"@type\":\"ListItem\",\"position\":2,\"name\":\"Campanha \u2018Escravid\u00e3o N\u00e3o\u2019 coleta assinaturas para PEC do trabalho Escravo\"}]},{\"@type\":\"WebSite\",\"@id\":\"https:\/\/www.oarcanjo.net\/site\/#website\",\"url\":\"https:\/\/www.oarcanjo.net\/site\/\",\"name\":\"O Arcanjo no ar\",\"description\":\"Site da Par\u00f3quia S\u00e3o Miguel Arcanjo (Arquidiocese de SP)\",\"publisher\":{\"@id\":\"https:\/\/www.oarcanjo.net\/site\/#organization\"},\"potentialAction\":[{\"@type\":\"SearchAction\",\"target\":{\"@type\":\"EntryPoint\",\"urlTemplate\":\"https:\/\/www.oarcanjo.net\/site\/?s={search_term_string}\"},\"query-input\":{\"@type\":\"PropertyValueSpecification\",\"valueRequired\":true,\"valueName\":\"search_term_string\"}}],\"inLanguage\":\"pt-BR\"},{\"@type\":\"Organization\",\"@id\":\"https:\/\/www.oarcanjo.net\/site\/#organization\",\"name\":\"Par\u00f3quia S\u00e3o Miguel Arcanjo\",\"url\":\"https:\/\/www.oarcanjo.net\/site\/\",\"logo\":{\"@type\":\"ImageObject\",\"inLanguage\":\"pt-BR\",\"@id\":\"https:\/\/www.oarcanjo.net\/site\/#\/schema\/logo\/image\/\",\"url\":\"https:\/\/www.oarcanjo.net\/site\/wp-content\/uploads\/LogoOArcanjo.png\",\"contentUrl\":\"https:\/\/www.oarcanjo.net\/site\/wp-content\/uploads\/LogoOArcanjo.png\",\"width\":319,\"height\":99,\"caption\":\"Par\u00f3quia S\u00e3o Miguel Arcanjo\"},\"image\":{\"@id\":\"https:\/\/www.oarcanjo.net\/site\/#\/schema\/logo\/image\/\"},\"sameAs\":[\"https:\/\/www.facebook.com\/OArcanjoNoAr\/\"]},{\"@type\":\"Person\",\"@id\":\"https:\/\/www.oarcanjo.net\/site\/#\/schema\/person\/f7024d007863202483a31326673a0838\",\"name\":\"editor\",\"sameAs\":[\"http:\/\/www.oarcanjo.net\"]}]}<\/script>\n<!-- \/ Yoast SEO plugin. -->","yoast_head_json":{"title":"Campanha \u2018Escravid\u00e3o N\u00e3o\u2019 coleta assinaturas para PEC do trabalho Escravo - O Arcanjo no ar","robots":{"index":"index","follow":"follow","max-snippet":"max-snippet:-1","max-image-preview":"max-image-preview:large","max-video-preview":"max-video-preview:-1"},"canonical":"https:\/\/www.oarcanjo.net\/site\/campanha-\u2018escravidao-nao\u2019-coleta-assinaturas-para-pec-do-trabalho-escravo\/","og_locale":"pt_BR","og_type":"article","og_title":"Campanha \u2018Escravid\u00e3o N\u00e3o\u2019 coleta assinaturas para PEC do trabalho Escravo - O Arcanjo no ar","og_description":"Adital &#8211; A campanha &#8220;Escravid\u00e3o N\u00e3o&#8221; foi lan\u00e7ada no \u00faltimo dia 9, em S\u00e3o Paulo, para alertar os jovens paulistanos sobre as quest\u00f5es que envolvem o trabalho escravo, que ainda hoje &#8211; mais de cem anos ap\u00f3s a Aboli\u00e7\u00e3o da Escravatura, celebrado neste 13 de maio &#8211; s\u00e3o registrados no Brasil. O objetivo \u00e9 levar [&hellip;]","og_url":"https:\/\/www.oarcanjo.net\/site\/campanha-\u2018escravidao-nao\u2019-coleta-assinaturas-para-pec-do-trabalho-escravo\/","og_site_name":"O Arcanjo no ar","article_publisher":"https:\/\/www.facebook.com\/OArcanjoNoAr\/","article_published_time":"2009-05-14T23:00:02+00:00","article_modified_time":"2009-05-14T12:17:46+00:00","og_image":[{"width":300,"height":300,"url":"https:\/\/www.oarcanjo.net\/site\/wp-content\/uploads\/logo-o-arcanjo-no-ar-facebook.png","type":"image\/png"}],"author":"editor","twitter_card":"summary_large_image","twitter_misc":{"Escrito por":"editor","Est. tempo de leitura":"2 minutos"},"schema":{"@context":"https:\/\/schema.org","@graph":[{"@type":"Article","@id":"https:\/\/www.oarcanjo.net\/site\/campanha-%e2%80%98escravidao-nao%e2%80%99-coleta-assinaturas-para-pec-do-trabalho-escravo\/#article","isPartOf":{"@id":"https:\/\/www.oarcanjo.net\/site\/campanha-%e2%80%98escravidao-nao%e2%80%99-coleta-assinaturas-para-pec-do-trabalho-escravo\/"},"author":{"name":"editor","@id":"https:\/\/www.oarcanjo.net\/site\/#\/schema\/person\/f7024d007863202483a31326673a0838"},"headline":"Campanha \u2018Escravid\u00e3o N\u00e3o\u2019 coleta assinaturas para PEC do trabalho Escravo","datePublished":"2009-05-14T23:00:02+00:00","dateModified":"2009-05-14T12:17:46+00:00","mainEntityOfPage":{"@id":"https:\/\/www.oarcanjo.net\/site\/campanha-%e2%80%98escravidao-nao%e2%80%99-coleta-assinaturas-para-pec-do-trabalho-escravo\/"},"wordCount":431,"commentCount":0,"publisher":{"@id":"https:\/\/www.oarcanjo.net\/site\/#organization"},"keywords":["campanha contra a escravid\u00e3o","trabalho escravo"],"articleSection":["Not\u00edcias"],"inLanguage":"pt-BR","potentialAction":[{"@type":"CommentAction","name":"Comment","target":["https:\/\/www.oarcanjo.net\/site\/campanha-%e2%80%98escravidao-nao%e2%80%99-coleta-assinaturas-para-pec-do-trabalho-escravo\/#respond"]}]},{"@type":"WebPage","@id":"https:\/\/www.oarcanjo.net\/site\/campanha-%e2%80%98escravidao-nao%e2%80%99-coleta-assinaturas-para-pec-do-trabalho-escravo\/","url":"https:\/\/www.oarcanjo.net\/site\/campanha-%e2%80%98escravidao-nao%e2%80%99-coleta-assinaturas-para-pec-do-trabalho-escravo\/","name":"Campanha \u2018Escravid\u00e3o N\u00e3o\u2019 coleta assinaturas para PEC do trabalho Escravo - O Arcanjo no ar","isPartOf":{"@id":"https:\/\/www.oarcanjo.net\/site\/#website"},"datePublished":"2009-05-14T23:00:02+00:00","dateModified":"2009-05-14T12:17:46+00:00","breadcrumb":{"@id":"https:\/\/www.oarcanjo.net\/site\/campanha-%e2%80%98escravidao-nao%e2%80%99-coleta-assinaturas-para-pec-do-trabalho-escravo\/#breadcrumb"},"inLanguage":"pt-BR","potentialAction":[{"@type":"ReadAction","target":["https:\/\/www.oarcanjo.net\/site\/campanha-%e2%80%98escravidao-nao%e2%80%99-coleta-assinaturas-para-pec-do-trabalho-escravo\/"]}]},{"@type":"BreadcrumbList","@id":"https:\/\/www.oarcanjo.net\/site\/campanha-%e2%80%98escravidao-nao%e2%80%99-coleta-assinaturas-para-pec-do-trabalho-escravo\/#breadcrumb","itemListElement":[{"@type":"ListItem","position":1,"name":"In\u00edcio","item":"https:\/\/www.oarcanjo.net\/site\/"},{"@type":"ListItem","position":2,"name":"Campanha \u2018Escravid\u00e3o N\u00e3o\u2019 coleta assinaturas para PEC do trabalho Escravo"}]},{"@type":"WebSite","@id":"https:\/\/www.oarcanjo.net\/site\/#website","url":"https:\/\/www.oarcanjo.net\/site\/","name":"O Arcanjo no ar","description":"Site da Par\u00f3quia S\u00e3o Miguel Arcanjo (Arquidiocese de SP)","publisher":{"@id":"https:\/\/www.oarcanjo.net\/site\/#organization"},"potentialAction":[{"@type":"SearchAction","target":{"@type":"EntryPoint","urlTemplate":"https:\/\/www.oarcanjo.net\/site\/?s={search_term_string}"},"query-input":{"@type":"PropertyValueSpecification","valueRequired":true,"valueName":"search_term_string"}}],"inLanguage":"pt-BR"},{"@type":"Organization","@id":"https:\/\/www.oarcanjo.net\/site\/#organization","name":"Par\u00f3quia S\u00e3o Miguel Arcanjo","url":"https:\/\/www.oarcanjo.net\/site\/","logo":{"@type":"ImageObject","inLanguage":"pt-BR","@id":"https:\/\/www.oarcanjo.net\/site\/#\/schema\/logo\/image\/","url":"https:\/\/www.oarcanjo.net\/site\/wp-content\/uploads\/LogoOArcanjo.png","contentUrl":"https:\/\/www.oarcanjo.net\/site\/wp-content\/uploads\/LogoOArcanjo.png","width":319,"height":99,"caption":"Par\u00f3quia S\u00e3o Miguel Arcanjo"},"image":{"@id":"https:\/\/www.oarcanjo.net\/site\/#\/schema\/logo\/image\/"},"sameAs":["https:\/\/www.facebook.com\/OArcanjoNoAr\/"]},{"@type":"Person","@id":"https:\/\/www.oarcanjo.net\/site\/#\/schema\/person\/f7024d007863202483a31326673a0838","name":"editor","sameAs":["http:\/\/www.oarcanjo.net"]}]}},"publishpress_future_action":{"enabled":false,"date":"2026-05-09 01:12:28","action":"category","newStatus":"draft","terms":[],"taxonomy":"category"},"publishpress_future_workflow_manual_trigger":{"enabledWorkflows":[]},"_links":{"self":[{"href":"https:\/\/www.oarcanjo.net\/site\/wp-json\/wp\/v2\/posts\/3419"}],"collection":[{"href":"https:\/\/www.oarcanjo.net\/site\/wp-json\/wp\/v2\/posts"}],"about":[{"href":"https:\/\/www.oarcanjo.net\/site\/wp-json\/wp\/v2\/types\/post"}],"author":[{"embeddable":true,"href":"https:\/\/www.oarcanjo.net\/site\/wp-json\/wp\/v2\/users\/5"}],"replies":[{"embeddable":true,"href":"https:\/\/www.oarcanjo.net\/site\/wp-json\/wp\/v2\/comments?post=3419"}],"version-history":[{"count":0,"href":"https:\/\/www.oarcanjo.net\/site\/wp-json\/wp\/v2\/posts\/3419\/revisions"}],"wp:attachment":[{"href":"https:\/\/www.oarcanjo.net\/site\/wp-json\/wp\/v2\/media?parent=3419"}],"wp:term":[{"taxonomy":"category","embeddable":true,"href":"https:\/\/www.oarcanjo.net\/site\/wp-json\/wp\/v2\/categories?post=3419"},{"taxonomy":"post_tag","embeddable":true,"href":"https:\/\/www.oarcanjo.net\/site\/wp-json\/wp\/v2\/tags?post=3419"}],"curies":[{"name":"wp","href":"https:\/\/api.w.org\/{rel}","templated":true}]}}