
{"id":3422,"date":"2009-05-15T12:44:51","date_gmt":"2009-05-15T15:44:51","guid":{"rendered":"http:\/\/www.oarcanjo.net\/site\/?p=3422"},"modified":"2009-05-14T22:46:41","modified_gmt":"2009-05-15T01:46:41","slug":"carta-aos-movimentos-sociais-redes-nao-governamentais-e-aos-intelectuais","status":"publish","type":"post","link":"https:\/\/www.oarcanjo.net\/site\/carta-aos-movimentos-sociais-redes-nao-governamentais-e-aos-intelectuais\/","title":{"rendered":"Carta aos movimentos sociais, redes n\u00e3o governamentais e aos intelectuais"},"content":{"rendered":"<p>Tradu\u00e7\u00e3o: <a href=\"http:\/\/www.adital.com.br\" target=\"_blank\">Ag\u00eancia Adital<\/a><\/p>\n<p>Carta do sacerdote e te\u00f3logo belga aos movimentos sociais, denunciando a pervers\u00e3o do sistema capitalista mundial, principalmente dos pa\u00edses integrantes do G-20.<\/p>\n<p>Nova York, 09.04.2009<\/p>\n<p>Atrav\u00e9s dessas linhas, enviamos-lhes um chamado. Diante da situa\u00e7\u00e3o de crise sist\u00eamica e global, sem consultar a maioria dos pa\u00edses, o G-20 apresentou uma serie de medidas. Por outro lado, n\u00e3o abordou de maneira aprofundada os problemas criados pelo conjunto das crises: alimentar, energ\u00e9tica, clim\u00e1tica e social e sua aplica\u00e7\u00e3o tem sido confiada aos mesmos organismos que tem figurado entre os principais artes\u00e3os do impasse atual. No entanto, a situa\u00e7\u00e3o continua agravando-se e todos os pa\u00edses s\u00e3o concernidos.<\/p>\n<p>Por essa raz\u00e3o, o presidente da Assembleia Geral das Na\u00e7\u00f5es Unidas, Miguel D\u2019Escoto, convocou, nos dias 1\u00ba, 2 e 3 de junho pr\u00f3ximo uma Confer\u00eancia de 192 chefes de Estado e de Governo. No entanto, fortes press\u00f5es s\u00e3o exercidas, especialmente por certos pa\u00edses do G-20, para que estes \u00faltimos fa\u00e7am-se representar simplesmente por ministros ou embaixadores. Temos que exercer press\u00e3o em cada pa\u00eds para que a participa\u00e7\u00e3o se realize no mais alto n\u00edvel. O que est\u00e1 em risco \u00e9 o futuro da humanidade e do planeta.<\/p>\n<p>Trata-se de desencadear um processo a longo prazo; por\u00e9m, sem tardar, de maneira que permita ultrapassar as regula\u00e7\u00f5es, para desembocar em alternativas. Isso exige um compromisso de todas as for\u00e7as sociais, morais e intelectuais de cada pa\u00eds, come\u00e7ando por uma press\u00e3o sobre os dirigentes do planeta, para que participem da Confer\u00eancia de junho. \u00c9 somente um primeiro passo de um processo; por\u00e9m, \u00e9 importante.<\/p>\n<p>Voc\u00eas poderiam alertar a opini\u00e3o p\u00fablica, atrav\u00e9s de atos p\u00fablicos, declara\u00e7\u00f5es, entrevistas e artigos nos meios de informa\u00e7\u00e3o e enviar cartas coletivas e pessoais \u00e0s autoridades de seus respectivos pa\u00edses, a fim de que a Confer\u00eancia dos 192 seja considerada? Sua participa\u00e7\u00e3o \u00e9 muito importante.<\/p>\n<p>Atenciosamente,<\/p>\n<p>Fran\u00e7ois Houtart<br \/>\nPresidente do Conselho Administrativo do Centro Tricontinental (Lovaina a Nova). Secret\u00e1rio Executivo do F\u00f3rum Mundial de Alternativas. Representante do Presidente da Assembleia Geral da ONU pela Reforma do Sistema Financeiro e Monet\u00e1rio.<\/p>\n<div id=\"themify_builder_content-3422\" data-postid=\"3422\" class=\"themify_builder_content themify_builder_content-3422 themify_builder themify_builder_front\">\n\t<\/div>\n<!-- \/themify_builder_content -->","protected":false},"excerpt":{"rendered":"<p>Tradu\u00e7\u00e3o: Ag\u00eancia Adital Carta do sacerdote e te\u00f3logo belga aos movimentos sociais, denunciando a pervers\u00e3o do sistema capitalista mundial, principalmente dos pa\u00edses integrantes do G-20. Nova York, 09.04.2009 Atrav\u00e9s dessas linhas, enviamos-lhes um chamado. Diante da situa\u00e7\u00e3o de crise sist\u00eamica e global, sem consultar a maioria dos pa\u00edses, o G-20 apresentou uma serie de medidas. [&hellip;]<\/p>\n","protected":false},"author":5,"featured_media":0,"comment_status":"open","ping_status":"open","sticky":false,"template":"","format":"standard","meta":{"ngg_post_thumbnail":0,"footnotes":""},"categories":[8],"tags":[36,693,692],"yoast_head":"<!-- This site is optimized with the Yoast SEO plugin v23.5 - https:\/\/yoast.com\/wordpress\/plugins\/seo\/ -->\n<title>Carta aos movimentos sociais, redes n\u00e3o governamentais e aos intelectuais - O Arcanjo no ar<\/title>\n<meta name=\"robots\" content=\"index, follow, max-snippet:-1, max-image-preview:large, max-video-preview:-1\" \/>\n<link rel=\"canonical\" href=\"https:\/\/www.oarcanjo.net\/site\/carta-aos-movimentos-sociais-redes-nao-governamentais-e-aos-intelectuais\/\" \/>\n<meta property=\"og:locale\" content=\"pt_BR\" \/>\n<meta property=\"og:type\" content=\"article\" \/>\n<meta property=\"og:title\" content=\"Carta aos movimentos sociais, redes n\u00e3o governamentais e aos intelectuais - O Arcanjo no ar\" \/>\n<meta property=\"og:description\" content=\"Tradu\u00e7\u00e3o: Ag\u00eancia Adital Carta do sacerdote e te\u00f3logo belga aos movimentos sociais, denunciando a pervers\u00e3o do sistema capitalista mundial, principalmente dos pa\u00edses integrantes do G-20. Nova York, 09.04.2009 Atrav\u00e9s dessas linhas, enviamos-lhes um chamado. Diante da situa\u00e7\u00e3o de crise sist\u00eamica e global, sem consultar a maioria dos pa\u00edses, o G-20 apresentou uma serie de medidas. [&hellip;]\" \/>\n<meta property=\"og:url\" content=\"https:\/\/www.oarcanjo.net\/site\/carta-aos-movimentos-sociais-redes-nao-governamentais-e-aos-intelectuais\/\" \/>\n<meta property=\"og:site_name\" content=\"O Arcanjo no ar\" \/>\n<meta property=\"article:publisher\" content=\"https:\/\/www.facebook.com\/OArcanjoNoAr\/\" \/>\n<meta property=\"article:published_time\" content=\"2009-05-15T15:44:51+00:00\" \/>\n<meta property=\"article:modified_time\" content=\"2009-05-15T01:46:41+00:00\" \/>\n<meta property=\"og:image\" content=\"https:\/\/www.oarcanjo.net\/site\/wp-content\/uploads\/logo-o-arcanjo-no-ar-facebook.png\" \/>\n\t<meta property=\"og:image:width\" content=\"300\" \/>\n\t<meta property=\"og:image:height\" content=\"300\" \/>\n\t<meta property=\"og:image:type\" content=\"image\/png\" \/>\n<meta name=\"author\" content=\"editor\" \/>\n<meta name=\"twitter:card\" content=\"summary_large_image\" \/>\n<meta name=\"twitter:label1\" content=\"Escrito por\" \/>\n\t<meta name=\"twitter:data1\" content=\"editor\" \/>\n\t<meta name=\"twitter:label2\" content=\"Est. tempo de leitura\" \/>\n\t<meta name=\"twitter:data2\" content=\"2 minutos\" \/>\n<script type=\"application\/ld+json\" class=\"yoast-schema-graph\">{\"@context\":\"https:\/\/schema.org\",\"@graph\":[{\"@type\":\"Article\",\"@id\":\"https:\/\/www.oarcanjo.net\/site\/carta-aos-movimentos-sociais-redes-nao-governamentais-e-aos-intelectuais\/#article\",\"isPartOf\":{\"@id\":\"https:\/\/www.oarcanjo.net\/site\/carta-aos-movimentos-sociais-redes-nao-governamentais-e-aos-intelectuais\/\"},\"author\":{\"name\":\"editor\",\"@id\":\"https:\/\/www.oarcanjo.net\/site\/#\/schema\/person\/f7024d007863202483a31326673a0838\"},\"headline\":\"Carta aos movimentos sociais, redes n\u00e3o governamentais e aos intelectuais\",\"datePublished\":\"2009-05-15T15:44:51+00:00\",\"dateModified\":\"2009-05-15T01:46:41+00:00\",\"mainEntityOfPage\":{\"@id\":\"https:\/\/www.oarcanjo.net\/site\/carta-aos-movimentos-sociais-redes-nao-governamentais-e-aos-intelectuais\/\"},\"wordCount\":389,\"commentCount\":0,\"publisher\":{\"@id\":\"https:\/\/www.oarcanjo.net\/site\/#organization\"},\"keywords\":[\"crise\",\"G20\",\"nova ordem mundial\"],\"articleSection\":[\"Not\u00edcias\"],\"inLanguage\":\"pt-BR\",\"potentialAction\":[{\"@type\":\"CommentAction\",\"name\":\"Comment\",\"target\":[\"https:\/\/www.oarcanjo.net\/site\/carta-aos-movimentos-sociais-redes-nao-governamentais-e-aos-intelectuais\/#respond\"]}]},{\"@type\":\"WebPage\",\"@id\":\"https:\/\/www.oarcanjo.net\/site\/carta-aos-movimentos-sociais-redes-nao-governamentais-e-aos-intelectuais\/\",\"url\":\"https:\/\/www.oarcanjo.net\/site\/carta-aos-movimentos-sociais-redes-nao-governamentais-e-aos-intelectuais\/\",\"name\":\"Carta aos movimentos sociais, redes n\u00e3o governamentais e aos intelectuais - O Arcanjo no ar\",\"isPartOf\":{\"@id\":\"https:\/\/www.oarcanjo.net\/site\/#website\"},\"datePublished\":\"2009-05-15T15:44:51+00:00\",\"dateModified\":\"2009-05-15T01:46:41+00:00\",\"breadcrumb\":{\"@id\":\"https:\/\/www.oarcanjo.net\/site\/carta-aos-movimentos-sociais-redes-nao-governamentais-e-aos-intelectuais\/#breadcrumb\"},\"inLanguage\":\"pt-BR\",\"potentialAction\":[{\"@type\":\"ReadAction\",\"target\":[\"https:\/\/www.oarcanjo.net\/site\/carta-aos-movimentos-sociais-redes-nao-governamentais-e-aos-intelectuais\/\"]}]},{\"@type\":\"BreadcrumbList\",\"@id\":\"https:\/\/www.oarcanjo.net\/site\/carta-aos-movimentos-sociais-redes-nao-governamentais-e-aos-intelectuais\/#breadcrumb\",\"itemListElement\":[{\"@type\":\"ListItem\",\"position\":1,\"name\":\"In\u00edcio\",\"item\":\"https:\/\/www.oarcanjo.net\/site\/\"},{\"@type\":\"ListItem\",\"position\":2,\"name\":\"Carta aos movimentos sociais, redes n\u00e3o governamentais e aos intelectuais\"}]},{\"@type\":\"WebSite\",\"@id\":\"https:\/\/www.oarcanjo.net\/site\/#website\",\"url\":\"https:\/\/www.oarcanjo.net\/site\/\",\"name\":\"O Arcanjo no ar\",\"description\":\"Site da Par\u00f3quia S\u00e3o Miguel Arcanjo (Arquidiocese de SP)\",\"publisher\":{\"@id\":\"https:\/\/www.oarcanjo.net\/site\/#organization\"},\"potentialAction\":[{\"@type\":\"SearchAction\",\"target\":{\"@type\":\"EntryPoint\",\"urlTemplate\":\"https:\/\/www.oarcanjo.net\/site\/?s={search_term_string}\"},\"query-input\":{\"@type\":\"PropertyValueSpecification\",\"valueRequired\":true,\"valueName\":\"search_term_string\"}}],\"inLanguage\":\"pt-BR\"},{\"@type\":\"Organization\",\"@id\":\"https:\/\/www.oarcanjo.net\/site\/#organization\",\"name\":\"Par\u00f3quia S\u00e3o Miguel Arcanjo\",\"url\":\"https:\/\/www.oarcanjo.net\/site\/\",\"logo\":{\"@type\":\"ImageObject\",\"inLanguage\":\"pt-BR\",\"@id\":\"https:\/\/www.oarcanjo.net\/site\/#\/schema\/logo\/image\/\",\"url\":\"https:\/\/www.oarcanjo.net\/site\/wp-content\/uploads\/LogoOArcanjo.png\",\"contentUrl\":\"https:\/\/www.oarcanjo.net\/site\/wp-content\/uploads\/LogoOArcanjo.png\",\"width\":319,\"height\":99,\"caption\":\"Par\u00f3quia S\u00e3o Miguel Arcanjo\"},\"image\":{\"@id\":\"https:\/\/www.oarcanjo.net\/site\/#\/schema\/logo\/image\/\"},\"sameAs\":[\"https:\/\/www.facebook.com\/OArcanjoNoAr\/\"]},{\"@type\":\"Person\",\"@id\":\"https:\/\/www.oarcanjo.net\/site\/#\/schema\/person\/f7024d007863202483a31326673a0838\",\"name\":\"editor\",\"sameAs\":[\"http:\/\/www.oarcanjo.net\"]}]}<\/script>\n<!-- \/ Yoast SEO plugin. -->","yoast_head_json":{"title":"Carta aos movimentos sociais, redes n\u00e3o governamentais e aos intelectuais - O Arcanjo no ar","robots":{"index":"index","follow":"follow","max-snippet":"max-snippet:-1","max-image-preview":"max-image-preview:large","max-video-preview":"max-video-preview:-1"},"canonical":"https:\/\/www.oarcanjo.net\/site\/carta-aos-movimentos-sociais-redes-nao-governamentais-e-aos-intelectuais\/","og_locale":"pt_BR","og_type":"article","og_title":"Carta aos movimentos sociais, redes n\u00e3o governamentais e aos intelectuais - O Arcanjo no ar","og_description":"Tradu\u00e7\u00e3o: Ag\u00eancia Adital Carta do sacerdote e te\u00f3logo belga aos movimentos sociais, denunciando a pervers\u00e3o do sistema capitalista mundial, principalmente dos pa\u00edses integrantes do G-20. Nova York, 09.04.2009 Atrav\u00e9s dessas linhas, enviamos-lhes um chamado. Diante da situa\u00e7\u00e3o de crise sist\u00eamica e global, sem consultar a maioria dos pa\u00edses, o G-20 apresentou uma serie de medidas. [&hellip;]","og_url":"https:\/\/www.oarcanjo.net\/site\/carta-aos-movimentos-sociais-redes-nao-governamentais-e-aos-intelectuais\/","og_site_name":"O Arcanjo no ar","article_publisher":"https:\/\/www.facebook.com\/OArcanjoNoAr\/","article_published_time":"2009-05-15T15:44:51+00:00","article_modified_time":"2009-05-15T01:46:41+00:00","og_image":[{"width":300,"height":300,"url":"https:\/\/www.oarcanjo.net\/site\/wp-content\/uploads\/logo-o-arcanjo-no-ar-facebook.png","type":"image\/png"}],"author":"editor","twitter_card":"summary_large_image","twitter_misc":{"Escrito por":"editor","Est. tempo de leitura":"2 minutos"},"schema":{"@context":"https:\/\/schema.org","@graph":[{"@type":"Article","@id":"https:\/\/www.oarcanjo.net\/site\/carta-aos-movimentos-sociais-redes-nao-governamentais-e-aos-intelectuais\/#article","isPartOf":{"@id":"https:\/\/www.oarcanjo.net\/site\/carta-aos-movimentos-sociais-redes-nao-governamentais-e-aos-intelectuais\/"},"author":{"name":"editor","@id":"https:\/\/www.oarcanjo.net\/site\/#\/schema\/person\/f7024d007863202483a31326673a0838"},"headline":"Carta aos movimentos sociais, redes n\u00e3o governamentais e aos intelectuais","datePublished":"2009-05-15T15:44:51+00:00","dateModified":"2009-05-15T01:46:41+00:00","mainEntityOfPage":{"@id":"https:\/\/www.oarcanjo.net\/site\/carta-aos-movimentos-sociais-redes-nao-governamentais-e-aos-intelectuais\/"},"wordCount":389,"commentCount":0,"publisher":{"@id":"https:\/\/www.oarcanjo.net\/site\/#organization"},"keywords":["crise","G20","nova ordem mundial"],"articleSection":["Not\u00edcias"],"inLanguage":"pt-BR","potentialAction":[{"@type":"CommentAction","name":"Comment","target":["https:\/\/www.oarcanjo.net\/site\/carta-aos-movimentos-sociais-redes-nao-governamentais-e-aos-intelectuais\/#respond"]}]},{"@type":"WebPage","@id":"https:\/\/www.oarcanjo.net\/site\/carta-aos-movimentos-sociais-redes-nao-governamentais-e-aos-intelectuais\/","url":"https:\/\/www.oarcanjo.net\/site\/carta-aos-movimentos-sociais-redes-nao-governamentais-e-aos-intelectuais\/","name":"Carta aos movimentos sociais, redes n\u00e3o governamentais e aos intelectuais - O Arcanjo no ar","isPartOf":{"@id":"https:\/\/www.oarcanjo.net\/site\/#website"},"datePublished":"2009-05-15T15:44:51+00:00","dateModified":"2009-05-15T01:46:41+00:00","breadcrumb":{"@id":"https:\/\/www.oarcanjo.net\/site\/carta-aos-movimentos-sociais-redes-nao-governamentais-e-aos-intelectuais\/#breadcrumb"},"inLanguage":"pt-BR","potentialAction":[{"@type":"ReadAction","target":["https:\/\/www.oarcanjo.net\/site\/carta-aos-movimentos-sociais-redes-nao-governamentais-e-aos-intelectuais\/"]}]},{"@type":"BreadcrumbList","@id":"https:\/\/www.oarcanjo.net\/site\/carta-aos-movimentos-sociais-redes-nao-governamentais-e-aos-intelectuais\/#breadcrumb","itemListElement":[{"@type":"ListItem","position":1,"name":"In\u00edcio","item":"https:\/\/www.oarcanjo.net\/site\/"},{"@type":"ListItem","position":2,"name":"Carta aos movimentos sociais, redes n\u00e3o governamentais e aos intelectuais"}]},{"@type":"WebSite","@id":"https:\/\/www.oarcanjo.net\/site\/#website","url":"https:\/\/www.oarcanjo.net\/site\/","name":"O Arcanjo no ar","description":"Site da Par\u00f3quia S\u00e3o Miguel Arcanjo (Arquidiocese de SP)","publisher":{"@id":"https:\/\/www.oarcanjo.net\/site\/#organization"},"potentialAction":[{"@type":"SearchAction","target":{"@type":"EntryPoint","urlTemplate":"https:\/\/www.oarcanjo.net\/site\/?s={search_term_string}"},"query-input":{"@type":"PropertyValueSpecification","valueRequired":true,"valueName":"search_term_string"}}],"inLanguage":"pt-BR"},{"@type":"Organization","@id":"https:\/\/www.oarcanjo.net\/site\/#organization","name":"Par\u00f3quia S\u00e3o Miguel Arcanjo","url":"https:\/\/www.oarcanjo.net\/site\/","logo":{"@type":"ImageObject","inLanguage":"pt-BR","@id":"https:\/\/www.oarcanjo.net\/site\/#\/schema\/logo\/image\/","url":"https:\/\/www.oarcanjo.net\/site\/wp-content\/uploads\/LogoOArcanjo.png","contentUrl":"https:\/\/www.oarcanjo.net\/site\/wp-content\/uploads\/LogoOArcanjo.png","width":319,"height":99,"caption":"Par\u00f3quia S\u00e3o Miguel Arcanjo"},"image":{"@id":"https:\/\/www.oarcanjo.net\/site\/#\/schema\/logo\/image\/"},"sameAs":["https:\/\/www.facebook.com\/OArcanjoNoAr\/"]},{"@type":"Person","@id":"https:\/\/www.oarcanjo.net\/site\/#\/schema\/person\/f7024d007863202483a31326673a0838","name":"editor","sameAs":["http:\/\/www.oarcanjo.net"]}]}},"publishpress_future_action":{"enabled":false,"date":"2026-05-09 01:13:09","action":"category","newStatus":"draft","terms":[],"taxonomy":"category"},"publishpress_future_workflow_manual_trigger":{"enabledWorkflows":[]},"_links":{"self":[{"href":"https:\/\/www.oarcanjo.net\/site\/wp-json\/wp\/v2\/posts\/3422"}],"collection":[{"href":"https:\/\/www.oarcanjo.net\/site\/wp-json\/wp\/v2\/posts"}],"about":[{"href":"https:\/\/www.oarcanjo.net\/site\/wp-json\/wp\/v2\/types\/post"}],"author":[{"embeddable":true,"href":"https:\/\/www.oarcanjo.net\/site\/wp-json\/wp\/v2\/users\/5"}],"replies":[{"embeddable":true,"href":"https:\/\/www.oarcanjo.net\/site\/wp-json\/wp\/v2\/comments?post=3422"}],"version-history":[{"count":0,"href":"https:\/\/www.oarcanjo.net\/site\/wp-json\/wp\/v2\/posts\/3422\/revisions"}],"wp:attachment":[{"href":"https:\/\/www.oarcanjo.net\/site\/wp-json\/wp\/v2\/media?parent=3422"}],"wp:term":[{"taxonomy":"category","embeddable":true,"href":"https:\/\/www.oarcanjo.net\/site\/wp-json\/wp\/v2\/categories?post=3422"},{"taxonomy":"post_tag","embeddable":true,"href":"https:\/\/www.oarcanjo.net\/site\/wp-json\/wp\/v2\/tags?post=3422"}],"curies":[{"name":"wp","href":"https:\/\/api.w.org\/{rel}","templated":true}]}}