
{"id":3424,"date":"2009-05-14T22:51:46","date_gmt":"2009-05-15T01:51:46","guid":{"rendered":"http:\/\/www.oarcanjo.net\/site\/?p=3424"},"modified":"2009-05-14T22:51:46","modified_gmt":"2009-05-15T01:51:46","slug":"a-defesa-da-vida-a-morte-do-fundamentalista-e-a-paz-economica","status":"publish","type":"post","link":"https:\/\/www.oarcanjo.net\/site\/a-defesa-da-vida-a-morte-do-fundamentalista-e-a-paz-economica\/","title":{"rendered":"A defesa da vida, a morte do fundamentalista e a paz econ\u00f4mica"},"content":{"rendered":"<p>Jung Mo Sung<\/p>\n<p>Em sua recente viagem ao Egito, o primeiro-ministro de Israel Binyamin Netanyahu disse que &#8220;a luta na regi\u00e3o n\u00e3o \u00e9 entre povos e religi\u00f5es, mas entre aqueles que buscam a vida e os que buscam a morte e a viol\u00eancia&#8221;; e que isso significa lutar &#8220;contra fundamentalistas e terroristas que amea\u00e7am a paz&#8221;.<\/p>\n<p>Lido fora do contexto hist\u00f3rico, a primeira parte da afirma\u00e7\u00e3o, &#8220;a luta na regi\u00e3o n\u00e3o \u00e9 entre povos e religi\u00f5es, mas entre aqueles que buscam a vida e os que buscam a morte e a viol\u00eancia&#8221;, parece bastante sensata e correta. Afinal, a grande maioria das pessoas e grupos que luta por um mundo mais humano se engaja nas lutas em nome da defesa da vida, contra as for\u00e7as da morte e viol\u00eancia, e prega a conviv\u00eancia pac\u00edfica entre povos e religi\u00f5es diferentes.<\/p>\n<p>Isso mostra que o discurso da toler\u00e2ncia ou conviv\u00eancia pac\u00edfica entre povos e religi\u00f5es e a defesa da vida se tornou um discurso &#8220;padr\u00e3o&#8221;, politicamente correto, e j\u00e1 n\u00e3o serve mais para diferenciar, como diriam as crian\u00e7as, os &#8220;de bem&#8221; e os &#8220;de mal&#8221;. Ningu\u00e9m, com m\u00ednimo de conhecimento de propaganda, defenderia a morte e a intoler\u00e2ncia contra outros povos e contra outras religi\u00f5es, pelo simples fato de serem outros povos e outras religi\u00f5es. \u00c9 sempre em nome da defesa da vida e da paz que as guerras contras povos e religi\u00f5es s\u00e3o realizadas. Matam-se em nome da defesa da vida!<\/p>\n<p>Hoje, a principal justificativa para a\u00e7\u00f5es militares ou repress\u00f5es pol\u00edticas n\u00e3o \u00e9 mais a superioridade de um povo ou de uma religi\u00e3o sobre a outra, mas a diferen\u00e7a &#8220;entre os que buscam a vida e os que buscam a morte e a viol\u00eancia&#8221;. O problema \u00e9 que para defender a vida em situa\u00e7\u00f5es conflitivas, muitas vezes \u00e9 preciso fazer o uso da for\u00e7a; at\u00e9 matar em nome da defesa da vida. <\/p>\n<p>Como ent\u00e3o defender o uso da viol\u00eancia e assassinato para defender a vida contra os violentos e assassinos? Qual \u00e9 a diferen\u00e7a entre esses dois lados?<\/p>\n<p>O argumento de Netanyahu, como de muitos outros, \u00e9 que os que lutam contra n\u00f3s, mesmo que fa\u00e7am em nome da vida e da paz, s\u00e3o &#8220;fundamentalistas e terroristas&#8221;. E, por defini\u00e7\u00e3o, os fundamentalistas e terroristas s\u00e3o contra a paz. Criou-se um r\u00f3tulo para justificar a repress\u00e3o e assassinatos: &#8220;fundamentalistas&#8221; religiosos que, por serem fundamentalistas, se tornariam quase que automaticamente terroristas. E contra terroristas tudo \u00e9 permitido.<\/p>\n<p>Assim sendo, qualquer pessoa que seja taxado de fundamentalista, mesmo que seja apenas uma crian\u00e7a ou adolescente, \u00e9 visto como sendo um atual ou potencial terrorista que precisa ser vigiado, reprimido e se necess\u00e1rio morto. Tudo em nome da paz e da vida!<\/p>\n<p>Dessa forma, se estabelece um estado de exce\u00e7\u00e3o permanente em todas as partes do mundo. Basta que uma pessoa seja taxada de fundamentalista \/ terrorista para que as leis do Estado de Direito sejam suspensas &#8211; Estado de Exce\u00e7\u00e3o &#8211; em rela\u00e7\u00e3o a ela e ao seu grupo. Como esse procedimento pode ser feito a qualquer hora, o Estado de Exce\u00e7\u00e3o se torna permanente, isto \u00e9, \u00e9 uma possibilidade permanente. Com isso, o atual sistema de domina\u00e7\u00e3o imperial n\u00e3o busca mais a no\u00e7\u00e3o de estado de direito ou a paz pol\u00edtica como um valor fundamental. O que se busca \u00e9, como prop\u00f4s e prometeu o atual primeiro-ministro israelense, a &#8220;paz econ\u00f4mica&#8221;.<\/p>\n<p>Talvez seja por isso que os principais l\u00edderes do mundo est\u00e3o trabalhando arduamente para devolver a paz e desenvolvimento \u00e0 economia, enquanto que as guerras, repress\u00f5es e mortes de milhares de inocentes na Palestina, Darfur, Sri Lanka, Tail\u00e2ndia, Tibete e em outros lugares n\u00e3o ocupam lugares importantes na agenda.<\/p>\n<p>Dessas reflex\u00f5es r\u00e1pidas, eu quero propor alguns pontos de reflex\u00e3o.<\/p>\n<p>1) N\u00e3o basta &#8220;gritarmos&#8221; que defendemos o di\u00e1logo entre povos e religi\u00f5es e que defendemos a vida contra a morte. Hoje quase todos dizem a mesma coisa. \u00c9 preciso dar um passo avante e desvelar a l\u00f3gica sacrificial por detr\u00e1s desse discurso &#8220;politicamente correto&#8221;.<\/p>\n<p>2) \u00c9 preciso criticar e combater a legitima\u00e7\u00e3o do estado de exce\u00e7\u00e3o permanente que est\u00e1 vigorando na ideologia hegem\u00f4nica. Para isso, precisamos reconhecer que nem todas as cr\u00edticas constru\u00eddas nos \u00faltimos 20-30 anos s\u00e3o apropriadas para o atual momento.<\/p>\n<p>3) \u00c9 preciso superar o preconceito de setores &#8220;ilustrados&#8221;, &#8220;modernos&#8221; ou &#8220;progressistas&#8221; contra os chamados fundamentalistas religiosos e desvincular a no\u00e7\u00e3o de fundamentalista religioso da de terrorista, conservador pol\u00edtico ou de reacion\u00e1rio. H\u00e1 setores religiosos identificados como fundamentalistas (seja no mundo crist\u00e3o, isl\u00e2mico ou judeu) que s\u00e3o ou podem ser reais aliados na luta contra a domina\u00e7\u00e3o imperial e na constru\u00e7\u00e3o de um mundo mais humano.<\/p>\n<div id=\"themify_builder_content-3424\" data-postid=\"3424\" class=\"themify_builder_content themify_builder_content-3424 themify_builder themify_builder_front\">\n\t<\/div>\n<!-- \/themify_builder_content -->","protected":false},"excerpt":{"rendered":"<p>Jung Mo Sung Em sua recente viagem ao Egito, o primeiro-ministro de Israel Binyamin Netanyahu disse que &#8220;a luta na regi\u00e3o n\u00e3o \u00e9 entre povos e religi\u00f5es, mas entre aqueles que buscam a vida e os que buscam a morte e a viol\u00eancia&#8221;; e que isso significa lutar &#8220;contra fundamentalistas e terroristas que amea\u00e7am a [&hellip;]<\/p>\n","protected":false},"author":5,"featured_media":0,"comment_status":"open","ping_status":"open","sticky":false,"template":"","format":"standard","meta":{"ngg_post_thumbnail":0,"footnotes":""},"categories":[9],"tags":[438,694,268,696,695],"yoast_head":"<!-- This site is optimized with the Yoast SEO plugin v23.5 - https:\/\/yoast.com\/wordpress\/plugins\/seo\/ -->\n<title>A defesa da vida, a morte do fundamentalista e a paz econ\u00f4mica - O Arcanjo no ar<\/title>\n<meta name=\"robots\" content=\"index, follow, max-snippet:-1, max-image-preview:large, max-video-preview:-1\" \/>\n<link rel=\"canonical\" href=\"https:\/\/www.oarcanjo.net\/site\/a-defesa-da-vida-a-morte-do-fundamentalista-e-a-paz-economica\/\" \/>\n<meta property=\"og:locale\" content=\"pt_BR\" \/>\n<meta property=\"og:type\" content=\"article\" \/>\n<meta property=\"og:title\" content=\"A defesa da vida, a morte do fundamentalista e a paz econ\u00f4mica - O Arcanjo no ar\" \/>\n<meta property=\"og:description\" content=\"Jung Mo Sung Em sua recente viagem ao Egito, o primeiro-ministro de Israel Binyamin Netanyahu disse que &#8220;a luta na regi\u00e3o n\u00e3o \u00e9 entre povos e religi\u00f5es, mas entre aqueles que buscam a vida e os que buscam a morte e a viol\u00eancia&#8221;; e que isso significa lutar &#8220;contra fundamentalistas e terroristas que amea\u00e7am a [&hellip;]\" \/>\n<meta property=\"og:url\" content=\"https:\/\/www.oarcanjo.net\/site\/a-defesa-da-vida-a-morte-do-fundamentalista-e-a-paz-economica\/\" \/>\n<meta property=\"og:site_name\" content=\"O Arcanjo no ar\" \/>\n<meta property=\"article:publisher\" content=\"https:\/\/www.facebook.com\/OArcanjoNoAr\/\" \/>\n<meta property=\"article:published_time\" content=\"2009-05-15T01:51:46+00:00\" \/>\n<meta property=\"og:image\" content=\"https:\/\/www.oarcanjo.net\/site\/wp-content\/uploads\/logo-o-arcanjo-no-ar-facebook.png\" \/>\n\t<meta property=\"og:image:width\" content=\"300\" \/>\n\t<meta property=\"og:image:height\" content=\"300\" \/>\n\t<meta property=\"og:image:type\" content=\"image\/png\" \/>\n<meta name=\"author\" content=\"editor\" \/>\n<meta name=\"twitter:card\" content=\"summary_large_image\" \/>\n<meta name=\"twitter:label1\" content=\"Escrito por\" \/>\n\t<meta name=\"twitter:data1\" content=\"editor\" \/>\n\t<meta name=\"twitter:label2\" content=\"Est. tempo de leitura\" \/>\n\t<meta name=\"twitter:data2\" content=\"4 minutos\" \/>\n<script type=\"application\/ld+json\" class=\"yoast-schema-graph\">{\"@context\":\"https:\/\/schema.org\",\"@graph\":[{\"@type\":\"Article\",\"@id\":\"https:\/\/www.oarcanjo.net\/site\/a-defesa-da-vida-a-morte-do-fundamentalista-e-a-paz-economica\/#article\",\"isPartOf\":{\"@id\":\"https:\/\/www.oarcanjo.net\/site\/a-defesa-da-vida-a-morte-do-fundamentalista-e-a-paz-economica\/\"},\"author\":{\"name\":\"editor\",\"@id\":\"https:\/\/www.oarcanjo.net\/site\/#\/schema\/person\/f7024d007863202483a31326673a0838\"},\"headline\":\"A defesa da vida, a morte do fundamentalista e a paz econ\u00f4mica\",\"datePublished\":\"2009-05-15T01:51:46+00:00\",\"dateModified\":\"2009-05-15T01:51:46+00:00\",\"mainEntityOfPage\":{\"@id\":\"https:\/\/www.oarcanjo.net\/site\/a-defesa-da-vida-a-morte-do-fundamentalista-e-a-paz-economica\/\"},\"wordCount\":846,\"commentCount\":0,\"publisher\":{\"@id\":\"https:\/\/www.oarcanjo.net\/site\/#organization\"},\"keywords\":[\"di\u00e1logo\",\"fundamentalismo\",\"religi\u00e3o\",\"terrorismo\",\"toler\u00e2ncia\"],\"articleSection\":[\"Reflex\u00f5es\"],\"inLanguage\":\"pt-BR\",\"potentialAction\":[{\"@type\":\"CommentAction\",\"name\":\"Comment\",\"target\":[\"https:\/\/www.oarcanjo.net\/site\/a-defesa-da-vida-a-morte-do-fundamentalista-e-a-paz-economica\/#respond\"]}]},{\"@type\":\"WebPage\",\"@id\":\"https:\/\/www.oarcanjo.net\/site\/a-defesa-da-vida-a-morte-do-fundamentalista-e-a-paz-economica\/\",\"url\":\"https:\/\/www.oarcanjo.net\/site\/a-defesa-da-vida-a-morte-do-fundamentalista-e-a-paz-economica\/\",\"name\":\"A defesa da vida, a morte do fundamentalista e a paz econ\u00f4mica - O Arcanjo no ar\",\"isPartOf\":{\"@id\":\"https:\/\/www.oarcanjo.net\/site\/#website\"},\"datePublished\":\"2009-05-15T01:51:46+00:00\",\"dateModified\":\"2009-05-15T01:51:46+00:00\",\"breadcrumb\":{\"@id\":\"https:\/\/www.oarcanjo.net\/site\/a-defesa-da-vida-a-morte-do-fundamentalista-e-a-paz-economica\/#breadcrumb\"},\"inLanguage\":\"pt-BR\",\"potentialAction\":[{\"@type\":\"ReadAction\",\"target\":[\"https:\/\/www.oarcanjo.net\/site\/a-defesa-da-vida-a-morte-do-fundamentalista-e-a-paz-economica\/\"]}]},{\"@type\":\"BreadcrumbList\",\"@id\":\"https:\/\/www.oarcanjo.net\/site\/a-defesa-da-vida-a-morte-do-fundamentalista-e-a-paz-economica\/#breadcrumb\",\"itemListElement\":[{\"@type\":\"ListItem\",\"position\":1,\"name\":\"In\u00edcio\",\"item\":\"https:\/\/www.oarcanjo.net\/site\/\"},{\"@type\":\"ListItem\",\"position\":2,\"name\":\"A defesa da vida, a morte do fundamentalista e a paz econ\u00f4mica\"}]},{\"@type\":\"WebSite\",\"@id\":\"https:\/\/www.oarcanjo.net\/site\/#website\",\"url\":\"https:\/\/www.oarcanjo.net\/site\/\",\"name\":\"O Arcanjo no ar\",\"description\":\"Site da Par\u00f3quia S\u00e3o Miguel Arcanjo (Arquidiocese de SP)\",\"publisher\":{\"@id\":\"https:\/\/www.oarcanjo.net\/site\/#organization\"},\"potentialAction\":[{\"@type\":\"SearchAction\",\"target\":{\"@type\":\"EntryPoint\",\"urlTemplate\":\"https:\/\/www.oarcanjo.net\/site\/?s={search_term_string}\"},\"query-input\":{\"@type\":\"PropertyValueSpecification\",\"valueRequired\":true,\"valueName\":\"search_term_string\"}}],\"inLanguage\":\"pt-BR\"},{\"@type\":\"Organization\",\"@id\":\"https:\/\/www.oarcanjo.net\/site\/#organization\",\"name\":\"Par\u00f3quia S\u00e3o Miguel Arcanjo\",\"url\":\"https:\/\/www.oarcanjo.net\/site\/\",\"logo\":{\"@type\":\"ImageObject\",\"inLanguage\":\"pt-BR\",\"@id\":\"https:\/\/www.oarcanjo.net\/site\/#\/schema\/logo\/image\/\",\"url\":\"https:\/\/www.oarcanjo.net\/site\/wp-content\/uploads\/LogoOArcanjo.png\",\"contentUrl\":\"https:\/\/www.oarcanjo.net\/site\/wp-content\/uploads\/LogoOArcanjo.png\",\"width\":319,\"height\":99,\"caption\":\"Par\u00f3quia S\u00e3o Miguel Arcanjo\"},\"image\":{\"@id\":\"https:\/\/www.oarcanjo.net\/site\/#\/schema\/logo\/image\/\"},\"sameAs\":[\"https:\/\/www.facebook.com\/OArcanjoNoAr\/\"]},{\"@type\":\"Person\",\"@id\":\"https:\/\/www.oarcanjo.net\/site\/#\/schema\/person\/f7024d007863202483a31326673a0838\",\"name\":\"editor\",\"sameAs\":[\"http:\/\/www.oarcanjo.net\"]}]}<\/script>\n<!-- \/ Yoast SEO plugin. -->","yoast_head_json":{"title":"A defesa da vida, a morte do fundamentalista e a paz econ\u00f4mica - O Arcanjo no ar","robots":{"index":"index","follow":"follow","max-snippet":"max-snippet:-1","max-image-preview":"max-image-preview:large","max-video-preview":"max-video-preview:-1"},"canonical":"https:\/\/www.oarcanjo.net\/site\/a-defesa-da-vida-a-morte-do-fundamentalista-e-a-paz-economica\/","og_locale":"pt_BR","og_type":"article","og_title":"A defesa da vida, a morte do fundamentalista e a paz econ\u00f4mica - O Arcanjo no ar","og_description":"Jung Mo Sung Em sua recente viagem ao Egito, o primeiro-ministro de Israel Binyamin Netanyahu disse que &#8220;a luta na regi\u00e3o n\u00e3o \u00e9 entre povos e religi\u00f5es, mas entre aqueles que buscam a vida e os que buscam a morte e a viol\u00eancia&#8221;; e que isso significa lutar &#8220;contra fundamentalistas e terroristas que amea\u00e7am a [&hellip;]","og_url":"https:\/\/www.oarcanjo.net\/site\/a-defesa-da-vida-a-morte-do-fundamentalista-e-a-paz-economica\/","og_site_name":"O Arcanjo no ar","article_publisher":"https:\/\/www.facebook.com\/OArcanjoNoAr\/","article_published_time":"2009-05-15T01:51:46+00:00","og_image":[{"width":300,"height":300,"url":"https:\/\/www.oarcanjo.net\/site\/wp-content\/uploads\/logo-o-arcanjo-no-ar-facebook.png","type":"image\/png"}],"author":"editor","twitter_card":"summary_large_image","twitter_misc":{"Escrito por":"editor","Est. tempo de leitura":"4 minutos"},"schema":{"@context":"https:\/\/schema.org","@graph":[{"@type":"Article","@id":"https:\/\/www.oarcanjo.net\/site\/a-defesa-da-vida-a-morte-do-fundamentalista-e-a-paz-economica\/#article","isPartOf":{"@id":"https:\/\/www.oarcanjo.net\/site\/a-defesa-da-vida-a-morte-do-fundamentalista-e-a-paz-economica\/"},"author":{"name":"editor","@id":"https:\/\/www.oarcanjo.net\/site\/#\/schema\/person\/f7024d007863202483a31326673a0838"},"headline":"A defesa da vida, a morte do fundamentalista e a paz econ\u00f4mica","datePublished":"2009-05-15T01:51:46+00:00","dateModified":"2009-05-15T01:51:46+00:00","mainEntityOfPage":{"@id":"https:\/\/www.oarcanjo.net\/site\/a-defesa-da-vida-a-morte-do-fundamentalista-e-a-paz-economica\/"},"wordCount":846,"commentCount":0,"publisher":{"@id":"https:\/\/www.oarcanjo.net\/site\/#organization"},"keywords":["di\u00e1logo","fundamentalismo","religi\u00e3o","terrorismo","toler\u00e2ncia"],"articleSection":["Reflex\u00f5es"],"inLanguage":"pt-BR","potentialAction":[{"@type":"CommentAction","name":"Comment","target":["https:\/\/www.oarcanjo.net\/site\/a-defesa-da-vida-a-morte-do-fundamentalista-e-a-paz-economica\/#respond"]}]},{"@type":"WebPage","@id":"https:\/\/www.oarcanjo.net\/site\/a-defesa-da-vida-a-morte-do-fundamentalista-e-a-paz-economica\/","url":"https:\/\/www.oarcanjo.net\/site\/a-defesa-da-vida-a-morte-do-fundamentalista-e-a-paz-economica\/","name":"A defesa da vida, a morte do fundamentalista e a paz econ\u00f4mica - O Arcanjo no ar","isPartOf":{"@id":"https:\/\/www.oarcanjo.net\/site\/#website"},"datePublished":"2009-05-15T01:51:46+00:00","dateModified":"2009-05-15T01:51:46+00:00","breadcrumb":{"@id":"https:\/\/www.oarcanjo.net\/site\/a-defesa-da-vida-a-morte-do-fundamentalista-e-a-paz-economica\/#breadcrumb"},"inLanguage":"pt-BR","potentialAction":[{"@type":"ReadAction","target":["https:\/\/www.oarcanjo.net\/site\/a-defesa-da-vida-a-morte-do-fundamentalista-e-a-paz-economica\/"]}]},{"@type":"BreadcrumbList","@id":"https:\/\/www.oarcanjo.net\/site\/a-defesa-da-vida-a-morte-do-fundamentalista-e-a-paz-economica\/#breadcrumb","itemListElement":[{"@type":"ListItem","position":1,"name":"In\u00edcio","item":"https:\/\/www.oarcanjo.net\/site\/"},{"@type":"ListItem","position":2,"name":"A defesa da vida, a morte do fundamentalista e a paz econ\u00f4mica"}]},{"@type":"WebSite","@id":"https:\/\/www.oarcanjo.net\/site\/#website","url":"https:\/\/www.oarcanjo.net\/site\/","name":"O Arcanjo no ar","description":"Site da Par\u00f3quia S\u00e3o Miguel Arcanjo (Arquidiocese de SP)","publisher":{"@id":"https:\/\/www.oarcanjo.net\/site\/#organization"},"potentialAction":[{"@type":"SearchAction","target":{"@type":"EntryPoint","urlTemplate":"https:\/\/www.oarcanjo.net\/site\/?s={search_term_string}"},"query-input":{"@type":"PropertyValueSpecification","valueRequired":true,"valueName":"search_term_string"}}],"inLanguage":"pt-BR"},{"@type":"Organization","@id":"https:\/\/www.oarcanjo.net\/site\/#organization","name":"Par\u00f3quia S\u00e3o Miguel Arcanjo","url":"https:\/\/www.oarcanjo.net\/site\/","logo":{"@type":"ImageObject","inLanguage":"pt-BR","@id":"https:\/\/www.oarcanjo.net\/site\/#\/schema\/logo\/image\/","url":"https:\/\/www.oarcanjo.net\/site\/wp-content\/uploads\/LogoOArcanjo.png","contentUrl":"https:\/\/www.oarcanjo.net\/site\/wp-content\/uploads\/LogoOArcanjo.png","width":319,"height":99,"caption":"Par\u00f3quia S\u00e3o Miguel Arcanjo"},"image":{"@id":"https:\/\/www.oarcanjo.net\/site\/#\/schema\/logo\/image\/"},"sameAs":["https:\/\/www.facebook.com\/OArcanjoNoAr\/"]},{"@type":"Person","@id":"https:\/\/www.oarcanjo.net\/site\/#\/schema\/person\/f7024d007863202483a31326673a0838","name":"editor","sameAs":["http:\/\/www.oarcanjo.net"]}]}},"publishpress_future_action":{"enabled":false,"date":"2026-05-09 06:18:53","action":"category","newStatus":"draft","terms":[],"taxonomy":"category"},"publishpress_future_workflow_manual_trigger":{"enabledWorkflows":[]},"_links":{"self":[{"href":"https:\/\/www.oarcanjo.net\/site\/wp-json\/wp\/v2\/posts\/3424"}],"collection":[{"href":"https:\/\/www.oarcanjo.net\/site\/wp-json\/wp\/v2\/posts"}],"about":[{"href":"https:\/\/www.oarcanjo.net\/site\/wp-json\/wp\/v2\/types\/post"}],"author":[{"embeddable":true,"href":"https:\/\/www.oarcanjo.net\/site\/wp-json\/wp\/v2\/users\/5"}],"replies":[{"embeddable":true,"href":"https:\/\/www.oarcanjo.net\/site\/wp-json\/wp\/v2\/comments?post=3424"}],"version-history":[{"count":0,"href":"https:\/\/www.oarcanjo.net\/site\/wp-json\/wp\/v2\/posts\/3424\/revisions"}],"wp:attachment":[{"href":"https:\/\/www.oarcanjo.net\/site\/wp-json\/wp\/v2\/media?parent=3424"}],"wp:term":[{"taxonomy":"category","embeddable":true,"href":"https:\/\/www.oarcanjo.net\/site\/wp-json\/wp\/v2\/categories?post=3424"},{"taxonomy":"post_tag","embeddable":true,"href":"https:\/\/www.oarcanjo.net\/site\/wp-json\/wp\/v2\/tags?post=3424"}],"curies":[{"name":"wp","href":"https:\/\/api.w.org\/{rel}","templated":true}]}}