
{"id":3442,"date":"2009-05-17T01:00:48","date_gmt":"2009-05-17T04:00:48","guid":{"rendered":"http:\/\/www.oarcanjo.net\/site\/?p=3442"},"modified":"2009-05-17T02:11:24","modified_gmt":"2009-05-17T05:11:24","slug":"inscritos-no-livro-da-vida","status":"publish","type":"post","link":"https:\/\/www.oarcanjo.net\/site\/inscritos-no-livro-da-vida\/","title":{"rendered":"Inscritos no livro da vida"},"content":{"rendered":"<p>Maria Clara Lucchetti Bingemer<\/p>\n<p>O mundo acompanha com aten\u00e7\u00e3o e respeito a visita do Papa Bento XVI ao conturbado e sofrido Oriente M\u00e9dio, com o claro objetivo de ajudar a construir a paz na regi\u00e3o e unir as tr\u00eas religi\u00f5es abra\u00e2micas: Juda\u00edsmo, Cristianismo e Islamismo. No entanto, seu in\u00edcio foi cercado de ang\u00fastia e tens\u00e3o.<\/p>\n<p>Por parte de alguns, havia medo de que o Papa n\u00e3o fosse bem acolhido em territ\u00f3rio mu\u00e7ulmano, ap\u00f3s suas declara\u00e7\u00f5es de 2006 a prop\u00f3sito da conex\u00e3o entre Isl\u00e3 e viol\u00eancia. De outro, o temor de que sua condi\u00e7\u00e3o de alem\u00e3o e sua biografia que aponta uma perten\u00e7a &#8211; involunt\u00e1ria &#8211; quando crian\u00e7a na Juventude Hitlerista, provocasse rejei\u00e7\u00e3o \u00e0 sua presen\u00e7a.<\/p>\n<p>At\u00e9 agora, Bento XVI foi bem recebido na Jord\u00e2nia, onde visitou chefes pol\u00edticos e grupos e autoridades religiosas. Em todo momento, declarou a disposi\u00e7\u00e3o da comunidade cat\u00f3lica de contribuir para a paz. E conclamou tamb\u00e9m os cat\u00f3licos a adotarem essa attitude.<\/p>\n<p>A entrada em Israel foi marcada por uma visita solene e da maior import\u00e2ncia: ao memorial Yad VaShem. A tradu\u00e7\u00e3o literal do nome hebraico \u00e9 &#8220;Autoridade de recorda\u00e7\u00e3o dos m\u00e1rtires e her\u00f3is do holocausto&#8221;. Trata-se do memorial oficial de Israel para homenagear as v\u00edtimas judaicas do holocausto nazista. O monumento data de 1953 e encontra sua origem em um vers\u00edculo da b\u00edblia hebraica, can\u00f4nico tamb\u00e9m para os crist\u00e3os: &#8220;E a eles darei a minha casa e dentro dos meus muros um memorial e um nome (Yad Vashem) que n\u00e3o ser\u00e1 arrancado.&#8221; Isa\u00edas, cap\u00edtulo 56, vers\u00edculo 5.<\/p>\n<p>O Papa recolheu-se em sil\u00eancio no monumento e pronunciou um emocionante discurso. Resgatou a profundidade contida no nome Yad Vashem &#8211; mem\u00f3ria, recorda\u00e7\u00e3o, n\u00e3o esquecimento de todo o sofrimento e o horror que o holocausto representou. Trata-se de um momento carregado de for\u00e7a simb\u00f3lica, em que o Papa alem\u00e3o se recolhe no memorial e declara sua total e compassiva solidariedade, assim como a de toda a comunidade cat\u00f3lica, \u00e0s v\u00edtimas do genoc\u00eddio perpetrado contra os judeus.<\/p>\n<p>Para expressar sua cordialidade com os judeus ali presentes, fez apelo a algo muito caro \u00e0 religi\u00e3o de Israel: a import\u00e2ncia do nome, que Deus inscreve no livro da Vida. Sempre que o juda\u00edsmo fala a respeito da vida, pensa em um livro. Assim como outras tradi\u00e7\u00f5es encontram a santidade e o mist\u00e9rio divino em pessoas, locais e\/ou objetos, a santidade judaica existe, acima de tudo, na palavra e na linguagem. Pois a f\u00e9 de Israel proclama que Deus criou o mundo pela palavra. Com palavras revelou sua Lei ao povo no Sinai. Atrav\u00e9s de palavras, Deus e o povo judeu se comunicam e relacionam em grande pacto amoroso e Salvador.<\/p>\n<p>A maior b\u00ean\u00e7\u00e3o para um israelita \u00e9 ser inscrito no livro da vida, e a maior desgra\u00e7a ser dele exclu\u00eddo. Diante do monumento que leva inscritos os nomes dos judeus assassinados durante a Segunda Guerra Mundial, Bento XVI falou aos judeus de hoje com suas pr\u00f3prias categorias e a partir de sua pr\u00f3pria f\u00e9. Recordou aos presentes que aqueles milh\u00f5es de judeus podiam estar mortos, mas n\u00e3o para Deus e para os seus seres amados. Seus nomes est\u00e3o indelevelmente inscritos nos cora\u00e7\u00f5es de seus familiares, de seus companheiros de tortura e sofrimento, dos justos que hoje combatem para impedir que tal trag\u00e9dia se repita na hist\u00f3ria. E de modo especial e mais forte, na mem\u00f3ria de Deus Onipotente.<\/p>\n<p>A f\u00e9 provada dos judeus mortos no holocausto foi a linguagem que o Papa usou para exortar os crentes e todos os homens de boa vontade a lutar para que a mem\u00f3ria das v\u00edtimas jamais se apague, que o \u00f3dio nunca mais reine nos cora\u00e7\u00f5es humanos. Pois s\u00f3 essa atitude nos faz dignos de ser inscritos no Livro da Vida. Embora n\u00e3o isenta de tens\u00f5es e opini\u00f5es divergentes, certamente a visita do papa alem\u00e3o ao monumento do Holocausto \u00e9 um marco na hist\u00f3ria das rela\u00e7\u00f5es cat\u00f3lico-judaicas.<\/p>\n<div id=\"themify_builder_content-3442\" data-postid=\"3442\" class=\"themify_builder_content themify_builder_content-3442 themify_builder themify_builder_front\">\n\t<\/div>\n<!-- \/themify_builder_content -->","protected":false},"excerpt":{"rendered":"<p>Maria Clara Lucchetti Bingemer O mundo acompanha com aten\u00e7\u00e3o e respeito a visita do Papa Bento XVI ao conturbado e sofrido Oriente M\u00e9dio, com o claro objetivo de ajudar a construir a paz na regi\u00e3o e unir as tr\u00eas religi\u00f5es abra\u00e2micas: Juda\u00edsmo, Cristianismo e Islamismo. No entanto, seu in\u00edcio foi cercado de ang\u00fastia e tens\u00e3o. [&hellip;]<\/p>\n","protected":false},"author":5,"featured_media":0,"comment_status":"open","ping_status":"open","sticky":false,"template":"","format":"standard","meta":{"ngg_post_thumbnail":0,"footnotes":""},"categories":[9],"tags":[206,701,700,702,178,157,167],"yoast_head":"<!-- This site is optimized with the Yoast SEO plugin v23.5 - https:\/\/yoast.com\/wordpress\/plugins\/seo\/ -->\n<title>Inscritos no livro da vida - O Arcanjo no ar<\/title>\n<meta name=\"robots\" content=\"index, follow, max-snippet:-1, max-image-preview:large, max-video-preview:-1\" \/>\n<link rel=\"canonical\" href=\"https:\/\/www.oarcanjo.net\/site\/inscritos-no-livro-da-vida\/\" \/>\n<meta property=\"og:locale\" content=\"pt_BR\" \/>\n<meta property=\"og:type\" content=\"article\" \/>\n<meta property=\"og:title\" content=\"Inscritos no livro da vida - O Arcanjo no ar\" \/>\n<meta property=\"og:description\" content=\"Maria Clara Lucchetti Bingemer O mundo acompanha com aten\u00e7\u00e3o e respeito a visita do Papa Bento XVI ao conturbado e sofrido Oriente M\u00e9dio, com o claro objetivo de ajudar a construir a paz na regi\u00e3o e unir as tr\u00eas religi\u00f5es abra\u00e2micas: Juda\u00edsmo, Cristianismo e Islamismo. No entanto, seu in\u00edcio foi cercado de ang\u00fastia e tens\u00e3o. [&hellip;]\" \/>\n<meta property=\"og:url\" content=\"https:\/\/www.oarcanjo.net\/site\/inscritos-no-livro-da-vida\/\" \/>\n<meta property=\"og:site_name\" content=\"O Arcanjo no ar\" \/>\n<meta property=\"article:publisher\" content=\"https:\/\/www.facebook.com\/OArcanjoNoAr\/\" \/>\n<meta property=\"article:published_time\" content=\"2009-05-17T04:00:48+00:00\" \/>\n<meta property=\"article:modified_time\" content=\"2009-05-17T05:11:24+00:00\" \/>\n<meta property=\"og:image\" content=\"https:\/\/www.oarcanjo.net\/site\/wp-content\/uploads\/logo-o-arcanjo-no-ar-facebook.png\" \/>\n\t<meta property=\"og:image:width\" content=\"300\" \/>\n\t<meta property=\"og:image:height\" content=\"300\" \/>\n\t<meta property=\"og:image:type\" content=\"image\/png\" \/>\n<meta name=\"author\" content=\"editor\" \/>\n<meta name=\"twitter:card\" content=\"summary_large_image\" \/>\n<meta name=\"twitter:label1\" content=\"Escrito por\" \/>\n\t<meta name=\"twitter:data1\" content=\"editor\" \/>\n\t<meta name=\"twitter:label2\" content=\"Est. tempo de leitura\" \/>\n\t<meta name=\"twitter:data2\" content=\"4 minutos\" \/>\n<script type=\"application\/ld+json\" class=\"yoast-schema-graph\">{\"@context\":\"https:\/\/schema.org\",\"@graph\":[{\"@type\":\"Article\",\"@id\":\"https:\/\/www.oarcanjo.net\/site\/inscritos-no-livro-da-vida\/#article\",\"isPartOf\":{\"@id\":\"https:\/\/www.oarcanjo.net\/site\/inscritos-no-livro-da-vida\/\"},\"author\":{\"name\":\"editor\",\"@id\":\"https:\/\/www.oarcanjo.net\/site\/#\/schema\/person\/f7024d007863202483a31326673a0838\"},\"headline\":\"Inscritos no livro da vida\",\"datePublished\":\"2009-05-17T04:00:48+00:00\",\"dateModified\":\"2009-05-17T05:11:24+00:00\",\"mainEntityOfPage\":{\"@id\":\"https:\/\/www.oarcanjo.net\/site\/inscritos-no-livro-da-vida\/\"},\"wordCount\":725,\"commentCount\":0,\"publisher\":{\"@id\":\"https:\/\/www.oarcanjo.net\/site\/#organization\"},\"keywords\":[\"Bento XVI\",\"holocausto\",\"Jord\u00e2nia\",\"livro da vida\",\"oriente m\u00e9dio\",\"papa\",\"paz\"],\"articleSection\":[\"Reflex\u00f5es\"],\"inLanguage\":\"pt-BR\",\"potentialAction\":[{\"@type\":\"CommentAction\",\"name\":\"Comment\",\"target\":[\"https:\/\/www.oarcanjo.net\/site\/inscritos-no-livro-da-vida\/#respond\"]}]},{\"@type\":\"WebPage\",\"@id\":\"https:\/\/www.oarcanjo.net\/site\/inscritos-no-livro-da-vida\/\",\"url\":\"https:\/\/www.oarcanjo.net\/site\/inscritos-no-livro-da-vida\/\",\"name\":\"Inscritos no livro da vida - O Arcanjo no ar\",\"isPartOf\":{\"@id\":\"https:\/\/www.oarcanjo.net\/site\/#website\"},\"datePublished\":\"2009-05-17T04:00:48+00:00\",\"dateModified\":\"2009-05-17T05:11:24+00:00\",\"breadcrumb\":{\"@id\":\"https:\/\/www.oarcanjo.net\/site\/inscritos-no-livro-da-vida\/#breadcrumb\"},\"inLanguage\":\"pt-BR\",\"potentialAction\":[{\"@type\":\"ReadAction\",\"target\":[\"https:\/\/www.oarcanjo.net\/site\/inscritos-no-livro-da-vida\/\"]}]},{\"@type\":\"BreadcrumbList\",\"@id\":\"https:\/\/www.oarcanjo.net\/site\/inscritos-no-livro-da-vida\/#breadcrumb\",\"itemListElement\":[{\"@type\":\"ListItem\",\"position\":1,\"name\":\"In\u00edcio\",\"item\":\"https:\/\/www.oarcanjo.net\/site\/\"},{\"@type\":\"ListItem\",\"position\":2,\"name\":\"Inscritos no livro da vida\"}]},{\"@type\":\"WebSite\",\"@id\":\"https:\/\/www.oarcanjo.net\/site\/#website\",\"url\":\"https:\/\/www.oarcanjo.net\/site\/\",\"name\":\"O Arcanjo no ar\",\"description\":\"Site da Par\u00f3quia S\u00e3o Miguel Arcanjo (Arquidiocese de SP)\",\"publisher\":{\"@id\":\"https:\/\/www.oarcanjo.net\/site\/#organization\"},\"potentialAction\":[{\"@type\":\"SearchAction\",\"target\":{\"@type\":\"EntryPoint\",\"urlTemplate\":\"https:\/\/www.oarcanjo.net\/site\/?s={search_term_string}\"},\"query-input\":{\"@type\":\"PropertyValueSpecification\",\"valueRequired\":true,\"valueName\":\"search_term_string\"}}],\"inLanguage\":\"pt-BR\"},{\"@type\":\"Organization\",\"@id\":\"https:\/\/www.oarcanjo.net\/site\/#organization\",\"name\":\"Par\u00f3quia S\u00e3o Miguel Arcanjo\",\"url\":\"https:\/\/www.oarcanjo.net\/site\/\",\"logo\":{\"@type\":\"ImageObject\",\"inLanguage\":\"pt-BR\",\"@id\":\"https:\/\/www.oarcanjo.net\/site\/#\/schema\/logo\/image\/\",\"url\":\"https:\/\/www.oarcanjo.net\/site\/wp-content\/uploads\/LogoOArcanjo.png\",\"contentUrl\":\"https:\/\/www.oarcanjo.net\/site\/wp-content\/uploads\/LogoOArcanjo.png\",\"width\":319,\"height\":99,\"caption\":\"Par\u00f3quia S\u00e3o Miguel Arcanjo\"},\"image\":{\"@id\":\"https:\/\/www.oarcanjo.net\/site\/#\/schema\/logo\/image\/\"},\"sameAs\":[\"https:\/\/www.facebook.com\/OArcanjoNoAr\/\"]},{\"@type\":\"Person\",\"@id\":\"https:\/\/www.oarcanjo.net\/site\/#\/schema\/person\/f7024d007863202483a31326673a0838\",\"name\":\"editor\",\"sameAs\":[\"http:\/\/www.oarcanjo.net\"]}]}<\/script>\n<!-- \/ Yoast SEO plugin. -->","yoast_head_json":{"title":"Inscritos no livro da vida - O Arcanjo no ar","robots":{"index":"index","follow":"follow","max-snippet":"max-snippet:-1","max-image-preview":"max-image-preview:large","max-video-preview":"max-video-preview:-1"},"canonical":"https:\/\/www.oarcanjo.net\/site\/inscritos-no-livro-da-vida\/","og_locale":"pt_BR","og_type":"article","og_title":"Inscritos no livro da vida - O Arcanjo no ar","og_description":"Maria Clara Lucchetti Bingemer O mundo acompanha com aten\u00e7\u00e3o e respeito a visita do Papa Bento XVI ao conturbado e sofrido Oriente M\u00e9dio, com o claro objetivo de ajudar a construir a paz na regi\u00e3o e unir as tr\u00eas religi\u00f5es abra\u00e2micas: Juda\u00edsmo, Cristianismo e Islamismo. No entanto, seu in\u00edcio foi cercado de ang\u00fastia e tens\u00e3o. [&hellip;]","og_url":"https:\/\/www.oarcanjo.net\/site\/inscritos-no-livro-da-vida\/","og_site_name":"O Arcanjo no ar","article_publisher":"https:\/\/www.facebook.com\/OArcanjoNoAr\/","article_published_time":"2009-05-17T04:00:48+00:00","article_modified_time":"2009-05-17T05:11:24+00:00","og_image":[{"width":300,"height":300,"url":"https:\/\/www.oarcanjo.net\/site\/wp-content\/uploads\/logo-o-arcanjo-no-ar-facebook.png","type":"image\/png"}],"author":"editor","twitter_card":"summary_large_image","twitter_misc":{"Escrito por":"editor","Est. tempo de leitura":"4 minutos"},"schema":{"@context":"https:\/\/schema.org","@graph":[{"@type":"Article","@id":"https:\/\/www.oarcanjo.net\/site\/inscritos-no-livro-da-vida\/#article","isPartOf":{"@id":"https:\/\/www.oarcanjo.net\/site\/inscritos-no-livro-da-vida\/"},"author":{"name":"editor","@id":"https:\/\/www.oarcanjo.net\/site\/#\/schema\/person\/f7024d007863202483a31326673a0838"},"headline":"Inscritos no livro da vida","datePublished":"2009-05-17T04:00:48+00:00","dateModified":"2009-05-17T05:11:24+00:00","mainEntityOfPage":{"@id":"https:\/\/www.oarcanjo.net\/site\/inscritos-no-livro-da-vida\/"},"wordCount":725,"commentCount":0,"publisher":{"@id":"https:\/\/www.oarcanjo.net\/site\/#organization"},"keywords":["Bento XVI","holocausto","Jord\u00e2nia","livro da vida","oriente m\u00e9dio","papa","paz"],"articleSection":["Reflex\u00f5es"],"inLanguage":"pt-BR","potentialAction":[{"@type":"CommentAction","name":"Comment","target":["https:\/\/www.oarcanjo.net\/site\/inscritos-no-livro-da-vida\/#respond"]}]},{"@type":"WebPage","@id":"https:\/\/www.oarcanjo.net\/site\/inscritos-no-livro-da-vida\/","url":"https:\/\/www.oarcanjo.net\/site\/inscritos-no-livro-da-vida\/","name":"Inscritos no livro da vida - O Arcanjo no ar","isPartOf":{"@id":"https:\/\/www.oarcanjo.net\/site\/#website"},"datePublished":"2009-05-17T04:00:48+00:00","dateModified":"2009-05-17T05:11:24+00:00","breadcrumb":{"@id":"https:\/\/www.oarcanjo.net\/site\/inscritos-no-livro-da-vida\/#breadcrumb"},"inLanguage":"pt-BR","potentialAction":[{"@type":"ReadAction","target":["https:\/\/www.oarcanjo.net\/site\/inscritos-no-livro-da-vida\/"]}]},{"@type":"BreadcrumbList","@id":"https:\/\/www.oarcanjo.net\/site\/inscritos-no-livro-da-vida\/#breadcrumb","itemListElement":[{"@type":"ListItem","position":1,"name":"In\u00edcio","item":"https:\/\/www.oarcanjo.net\/site\/"},{"@type":"ListItem","position":2,"name":"Inscritos no livro da vida"}]},{"@type":"WebSite","@id":"https:\/\/www.oarcanjo.net\/site\/#website","url":"https:\/\/www.oarcanjo.net\/site\/","name":"O Arcanjo no ar","description":"Site da Par\u00f3quia S\u00e3o Miguel Arcanjo (Arquidiocese de SP)","publisher":{"@id":"https:\/\/www.oarcanjo.net\/site\/#organization"},"potentialAction":[{"@type":"SearchAction","target":{"@type":"EntryPoint","urlTemplate":"https:\/\/www.oarcanjo.net\/site\/?s={search_term_string}"},"query-input":{"@type":"PropertyValueSpecification","valueRequired":true,"valueName":"search_term_string"}}],"inLanguage":"pt-BR"},{"@type":"Organization","@id":"https:\/\/www.oarcanjo.net\/site\/#organization","name":"Par\u00f3quia S\u00e3o Miguel Arcanjo","url":"https:\/\/www.oarcanjo.net\/site\/","logo":{"@type":"ImageObject","inLanguage":"pt-BR","@id":"https:\/\/www.oarcanjo.net\/site\/#\/schema\/logo\/image\/","url":"https:\/\/www.oarcanjo.net\/site\/wp-content\/uploads\/LogoOArcanjo.png","contentUrl":"https:\/\/www.oarcanjo.net\/site\/wp-content\/uploads\/LogoOArcanjo.png","width":319,"height":99,"caption":"Par\u00f3quia S\u00e3o Miguel Arcanjo"},"image":{"@id":"https:\/\/www.oarcanjo.net\/site\/#\/schema\/logo\/image\/"},"sameAs":["https:\/\/www.facebook.com\/OArcanjoNoAr\/"]},{"@type":"Person","@id":"https:\/\/www.oarcanjo.net\/site\/#\/schema\/person\/f7024d007863202483a31326673a0838","name":"editor","sameAs":["http:\/\/www.oarcanjo.net"]}]}},"publishpress_future_action":{"enabled":false,"date":"2026-05-09 06:40:40","action":"category","newStatus":"draft","terms":[],"taxonomy":"category"},"publishpress_future_workflow_manual_trigger":{"enabledWorkflows":[]},"_links":{"self":[{"href":"https:\/\/www.oarcanjo.net\/site\/wp-json\/wp\/v2\/posts\/3442"}],"collection":[{"href":"https:\/\/www.oarcanjo.net\/site\/wp-json\/wp\/v2\/posts"}],"about":[{"href":"https:\/\/www.oarcanjo.net\/site\/wp-json\/wp\/v2\/types\/post"}],"author":[{"embeddable":true,"href":"https:\/\/www.oarcanjo.net\/site\/wp-json\/wp\/v2\/users\/5"}],"replies":[{"embeddable":true,"href":"https:\/\/www.oarcanjo.net\/site\/wp-json\/wp\/v2\/comments?post=3442"}],"version-history":[{"count":0,"href":"https:\/\/www.oarcanjo.net\/site\/wp-json\/wp\/v2\/posts\/3442\/revisions"}],"wp:attachment":[{"href":"https:\/\/www.oarcanjo.net\/site\/wp-json\/wp\/v2\/media?parent=3442"}],"wp:term":[{"taxonomy":"category","embeddable":true,"href":"https:\/\/www.oarcanjo.net\/site\/wp-json\/wp\/v2\/categories?post=3442"},{"taxonomy":"post_tag","embeddable":true,"href":"https:\/\/www.oarcanjo.net\/site\/wp-json\/wp\/v2\/tags?post=3442"}],"curies":[{"name":"wp","href":"https:\/\/api.w.org\/{rel}","templated":true}]}}