
{"id":3445,"date":"2009-05-17T19:30:30","date_gmt":"2009-05-17T22:30:30","guid":{"rendered":"http:\/\/www.oarcanjo.net\/site\/?p=3445"},"modified":"2009-05-18T08:58:56","modified_gmt":"2009-05-18T11:58:56","slug":"piratas-ontem-e-hoje","status":"publish","type":"post","link":"https:\/\/www.oarcanjo.net\/site\/piratas-ontem-e-hoje\/","title":{"rendered":"Piratas, ontem e hoje"},"content":{"rendered":"<p>Frei Betto<\/p>\n<p>S\u00e3o estarrecedoras as not\u00edcias sobre piratas nas costas da Som\u00e1lia. Para mim, \u00e9 quase como encontrar, hoje, dinossauros em plena Amaz\u00f4nia. Piratas eram, at\u00e9 agora, lend\u00e1rios personagens de minha inf\u00e2ncia. No carnaval, fantasiados ou n\u00e3o de piratas (len\u00e7o de seda vermelho na cabe\u00e7a, tapa-olho preto e espada de pau), cant\u00e1vamos alegres a famosa marchinha de 1947: &#8220;Eu sou o pirata da perna de pau \/ do olho de vidro \/ da cara de mau&#8230;&#8221;<\/p>\n<p>S\u00fabito, eis not\u00edcias de que, em pleno s\u00e9culo XXI, h\u00e1 piratas de verdade atacando grandes embarca\u00e7\u00f5es no litoral da Som\u00e1lia. \u00c9 Homero quem, na Odisseia, cita pela primeira vez \u2018pirata\u2019, termo que deriva do grego \u2018assaltar\u2019.<\/p>\n<p>Entre os s\u00e9culos XVI e XVIII, os piratas infestaram os mares do Caribe. A atual Ilha da Juventude, em Cuba, era conhecida como Ilha do Tesouro e ensejou v\u00e1rias hist\u00f3rias de aventuras. Ali os piratas escondiam seus botins.<\/p>\n<p>Todos os piratas s\u00e3o bandidos? O historiador usamericano Marcus Rediker, no livro Villains of all nations (Vil\u00f5es de todas as na\u00e7\u00f5es), descreve as dram\u00e1ticas condi\u00e7\u00f5es em que trabalhavam os marujos ingleses nos s\u00e9culos passados. Viviam num inferno flutuante, tratados como escravos. Quem se rebelasse era chicoteado como o nosso Jo\u00e3o C\u00e2ndido, o &#8220;almirante negro&#8221; da Revolta da Chibata (1910). Os reincidentes, atirados aos tubar\u00f5es; os sobreviventes, recebiam sal\u00e1rios de fome.<\/p>\n<p>Os marujos foragidos da desumana marinha de suas majestades tornaram-se piratas e criaram, diante disso, uma &#8220;outra marinha poss\u00edvel&#8221;: aboliram a tortura, passaram a escolher seus comandantes por elei\u00e7\u00e3o, partilhavam entre si os botins. Enquanto eles assaltavam navios, a marinha europ\u00e9ia saqueava pa\u00edses &#8211; na \u00c1sia, na \u00c1frica e na Am\u00e9rica Latina. A hist\u00f3ria de nosso Continente que o diga&#8230;<\/p>\n<p>Segundo Rediker, os piratas, que acolhiam a bordo escravos africanos para libert\u00e1-los, implantaram &#8220;um dos planos mais igualit\u00e1rios para distribui\u00e7\u00e3o de recursos que havia em todo o mundo, no s\u00e9culo XVIII&#8221;.<\/p>\n<p>A Som\u00e1lia entrou em colapso em 1991 e, desde ent\u00e3o, seus nove milh\u00f5es de habitantes vivem em situa\u00e7\u00e3o de mis\u00e9ria. O litoral do pa\u00eds \u00e9 utilizado pelas na\u00e7\u00f5es metropolitanas como lixeira da sucata nuclear. Junto ao lixo at\u00f4mico, outros tipos de dejetos t\u00eam sido jogados no mar da Som\u00e1lia, causando enfermidades na popula\u00e7\u00e3o, como erup\u00e7\u00f5es de pele, n\u00e1useas e beb\u00eas malformados. Ap\u00f3s o tsunami de 2005, muitos apresentaram sintomas de radia\u00e7\u00e3o. Morreram cerca de 300 pessoas. E in\u00fameros navios europeus pilham a pesca do litoral da Som\u00e1lia. Por ano, carregam dali toneladas de atum, camar\u00e3o e lagosta.<\/p>\n<p>Assim, os &#8220;piratas&#8221; somalianos &#8211; que se autonomeiam &#8220;Guarda Costeira Volunt\u00e1ria da Som\u00e1lia&#8221; &#8211; s\u00e3o pescadores afetados em seus direitos e em busca de alguma compensa\u00e7\u00e3o frente ao saque e \u00e0 contamina\u00e7\u00e3o de suas \u00e1guas por na\u00e7\u00f5es europ\u00e9ias. Em entrevista ao jornal The Independent, Sugule Ali, um dos l\u00edderes dos &#8220;piratas&#8221;, declarou: &#8220;N\u00e3o somos bandidos do mar. Bandidos do mar s\u00e3o os pesqueiros clandestinos que saqueiam o nosso peixe.&#8221;<\/p>\n<p>Johann Hari, colunista do jornal ingl\u00eas, se pergunta: &#8220;Por que os europeus sup\u00f5em que os somalianos deveriam deixar-se morrer de fome passivamente pelas praias, afogados no lixo t\u00f3xico europeu, e assistir passivamente aos pesqueiros europeus (dentre outros) que pescam o peixe que, depois, os europeus comem elegantemente nos restaurantes de Londres, Paris ou Roma? A Europa nada fez, por muito tempo. Mas quando alguns pescadores reagiram e intrometeram-se no caminho pelo qual passam 20% do petr\u00f3leo do mundo, imediatamente a Europa despachou para l\u00e1 os seus navios de guerra.&#8221;<\/p>\n<p>No s\u00e9culo 4 a.C., um pirata foi levado preso \u00e0 presen\u00e7a de Alexandre, o Grande, que indagou se ele pretendia tornar-se senhor dos mares. O homem respondeu qual era a sua inten\u00e7\u00e3o: &#8220;O mesmo que voc\u00ea, fazendo-se de senhor das terras; mas, porque meu navio \u00e9 pequeno, sou chamado de ladr\u00e3o; e voc\u00ea, que comanda uma grande frota, \u00e9 chamado de imperador.&#8221;<\/p>\n<p>E hoje, quem \u00e9 o principal ladr\u00e3o?<\/p>\n<div id=\"themify_builder_content-3445\" data-postid=\"3445\" class=\"themify_builder_content themify_builder_content-3445 themify_builder themify_builder_front\">\n\t<\/div>\n<!-- \/themify_builder_content -->","protected":false},"excerpt":{"rendered":"<p>Frei Betto S\u00e3o estarrecedoras as not\u00edcias sobre piratas nas costas da Som\u00e1lia. Para mim, \u00e9 quase como encontrar, hoje, dinossauros em plena Amaz\u00f4nia. Piratas eram, at\u00e9 agora, lend\u00e1rios personagens de minha inf\u00e2ncia. No carnaval, fantasiados ou n\u00e3o de piratas (len\u00e7o de seda vermelho na cabe\u00e7a, tapa-olho preto e espada de pau), cant\u00e1vamos alegres a famosa [&hellip;]<\/p>\n","protected":false},"author":5,"featured_media":0,"comment_status":"open","ping_status":"open","sticky":false,"template":"","format":"standard","meta":{"ngg_post_thumbnail":0,"footnotes":""},"categories":[9],"tags":[560,73,75,704,703,626],"yoast_head":"<!-- This site is optimized with the Yoast SEO plugin v23.5 - https:\/\/yoast.com\/wordpress\/plugins\/seo\/ -->\n<title>Piratas, ontem e hoje - O Arcanjo no ar<\/title>\n<meta name=\"robots\" content=\"index, follow, max-snippet:-1, max-image-preview:large, max-video-preview:-1\" \/>\n<link rel=\"canonical\" href=\"https:\/\/www.oarcanjo.net\/site\/piratas-ontem-e-hoje\/\" \/>\n<meta property=\"og:locale\" content=\"pt_BR\" \/>\n<meta property=\"og:type\" content=\"article\" \/>\n<meta property=\"og:title\" content=\"Piratas, ontem e hoje - O Arcanjo no ar\" \/>\n<meta property=\"og:description\" content=\"Frei Betto S\u00e3o estarrecedoras as not\u00edcias sobre piratas nas costas da Som\u00e1lia. Para mim, \u00e9 quase como encontrar, hoje, dinossauros em plena Amaz\u00f4nia. Piratas eram, at\u00e9 agora, lend\u00e1rios personagens de minha inf\u00e2ncia. No carnaval, fantasiados ou n\u00e3o de piratas (len\u00e7o de seda vermelho na cabe\u00e7a, tapa-olho preto e espada de pau), cant\u00e1vamos alegres a famosa [&hellip;]\" \/>\n<meta property=\"og:url\" content=\"https:\/\/www.oarcanjo.net\/site\/piratas-ontem-e-hoje\/\" \/>\n<meta property=\"og:site_name\" content=\"O Arcanjo no ar\" \/>\n<meta property=\"article:publisher\" content=\"https:\/\/www.facebook.com\/OArcanjoNoAr\/\" \/>\n<meta property=\"article:published_time\" content=\"2009-05-17T22:30:30+00:00\" \/>\n<meta property=\"article:modified_time\" content=\"2009-05-18T11:58:56+00:00\" \/>\n<meta property=\"og:image\" content=\"https:\/\/www.oarcanjo.net\/site\/wp-content\/uploads\/logo-o-arcanjo-no-ar-facebook.png\" \/>\n\t<meta property=\"og:image:width\" content=\"300\" \/>\n\t<meta property=\"og:image:height\" content=\"300\" \/>\n\t<meta property=\"og:image:type\" content=\"image\/png\" \/>\n<meta name=\"author\" content=\"editor\" \/>\n<meta name=\"twitter:card\" content=\"summary_large_image\" \/>\n<meta name=\"twitter:label1\" content=\"Escrito por\" \/>\n\t<meta name=\"twitter:data1\" content=\"editor\" \/>\n\t<meta name=\"twitter:label2\" content=\"Est. tempo de leitura\" \/>\n\t<meta name=\"twitter:data2\" content=\"3 minutos\" \/>\n<script type=\"application\/ld+json\" class=\"yoast-schema-graph\">{\"@context\":\"https:\/\/schema.org\",\"@graph\":[{\"@type\":\"Article\",\"@id\":\"https:\/\/www.oarcanjo.net\/site\/piratas-ontem-e-hoje\/#article\",\"isPartOf\":{\"@id\":\"https:\/\/www.oarcanjo.net\/site\/piratas-ontem-e-hoje\/\"},\"author\":{\"name\":\"editor\",\"@id\":\"https:\/\/www.oarcanjo.net\/site\/#\/schema\/person\/f7024d007863202483a31326673a0838\"},\"headline\":\"Piratas, ontem e hoje\",\"datePublished\":\"2009-05-17T22:30:30+00:00\",\"dateModified\":\"2009-05-18T11:58:56+00:00\",\"mainEntityOfPage\":{\"@id\":\"https:\/\/www.oarcanjo.net\/site\/piratas-ontem-e-hoje\/\"},\"wordCount\":699,\"commentCount\":0,\"publisher\":{\"@id\":\"https:\/\/www.oarcanjo.net\/site\/#organization\"},\"keywords\":[\"escravid\u00e3o\",\"hist\u00f3ria\",\"Justi\u00e7a social\",\"pesca\",\"pirata\",\"trabalhador\"],\"articleSection\":[\"Reflex\u00f5es\"],\"inLanguage\":\"pt-BR\",\"potentialAction\":[{\"@type\":\"CommentAction\",\"name\":\"Comment\",\"target\":[\"https:\/\/www.oarcanjo.net\/site\/piratas-ontem-e-hoje\/#respond\"]}]},{\"@type\":\"WebPage\",\"@id\":\"https:\/\/www.oarcanjo.net\/site\/piratas-ontem-e-hoje\/\",\"url\":\"https:\/\/www.oarcanjo.net\/site\/piratas-ontem-e-hoje\/\",\"name\":\"Piratas, ontem e hoje - O Arcanjo no ar\",\"isPartOf\":{\"@id\":\"https:\/\/www.oarcanjo.net\/site\/#website\"},\"datePublished\":\"2009-05-17T22:30:30+00:00\",\"dateModified\":\"2009-05-18T11:58:56+00:00\",\"breadcrumb\":{\"@id\":\"https:\/\/www.oarcanjo.net\/site\/piratas-ontem-e-hoje\/#breadcrumb\"},\"inLanguage\":\"pt-BR\",\"potentialAction\":[{\"@type\":\"ReadAction\",\"target\":[\"https:\/\/www.oarcanjo.net\/site\/piratas-ontem-e-hoje\/\"]}]},{\"@type\":\"BreadcrumbList\",\"@id\":\"https:\/\/www.oarcanjo.net\/site\/piratas-ontem-e-hoje\/#breadcrumb\",\"itemListElement\":[{\"@type\":\"ListItem\",\"position\":1,\"name\":\"In\u00edcio\",\"item\":\"https:\/\/www.oarcanjo.net\/site\/\"},{\"@type\":\"ListItem\",\"position\":2,\"name\":\"Piratas, ontem e hoje\"}]},{\"@type\":\"WebSite\",\"@id\":\"https:\/\/www.oarcanjo.net\/site\/#website\",\"url\":\"https:\/\/www.oarcanjo.net\/site\/\",\"name\":\"O Arcanjo no ar\",\"description\":\"Site da Par\u00f3quia S\u00e3o Miguel Arcanjo (Arquidiocese de SP)\",\"publisher\":{\"@id\":\"https:\/\/www.oarcanjo.net\/site\/#organization\"},\"potentialAction\":[{\"@type\":\"SearchAction\",\"target\":{\"@type\":\"EntryPoint\",\"urlTemplate\":\"https:\/\/www.oarcanjo.net\/site\/?s={search_term_string}\"},\"query-input\":{\"@type\":\"PropertyValueSpecification\",\"valueRequired\":true,\"valueName\":\"search_term_string\"}}],\"inLanguage\":\"pt-BR\"},{\"@type\":\"Organization\",\"@id\":\"https:\/\/www.oarcanjo.net\/site\/#organization\",\"name\":\"Par\u00f3quia S\u00e3o Miguel Arcanjo\",\"url\":\"https:\/\/www.oarcanjo.net\/site\/\",\"logo\":{\"@type\":\"ImageObject\",\"inLanguage\":\"pt-BR\",\"@id\":\"https:\/\/www.oarcanjo.net\/site\/#\/schema\/logo\/image\/\",\"url\":\"https:\/\/www.oarcanjo.net\/site\/wp-content\/uploads\/LogoOArcanjo.png\",\"contentUrl\":\"https:\/\/www.oarcanjo.net\/site\/wp-content\/uploads\/LogoOArcanjo.png\",\"width\":319,\"height\":99,\"caption\":\"Par\u00f3quia S\u00e3o Miguel Arcanjo\"},\"image\":{\"@id\":\"https:\/\/www.oarcanjo.net\/site\/#\/schema\/logo\/image\/\"},\"sameAs\":[\"https:\/\/www.facebook.com\/OArcanjoNoAr\/\"]},{\"@type\":\"Person\",\"@id\":\"https:\/\/www.oarcanjo.net\/site\/#\/schema\/person\/f7024d007863202483a31326673a0838\",\"name\":\"editor\",\"sameAs\":[\"http:\/\/www.oarcanjo.net\"]}]}<\/script>\n<!-- \/ Yoast SEO plugin. -->","yoast_head_json":{"title":"Piratas, ontem e hoje - O Arcanjo no ar","robots":{"index":"index","follow":"follow","max-snippet":"max-snippet:-1","max-image-preview":"max-image-preview:large","max-video-preview":"max-video-preview:-1"},"canonical":"https:\/\/www.oarcanjo.net\/site\/piratas-ontem-e-hoje\/","og_locale":"pt_BR","og_type":"article","og_title":"Piratas, ontem e hoje - O Arcanjo no ar","og_description":"Frei Betto S\u00e3o estarrecedoras as not\u00edcias sobre piratas nas costas da Som\u00e1lia. Para mim, \u00e9 quase como encontrar, hoje, dinossauros em plena Amaz\u00f4nia. Piratas eram, at\u00e9 agora, lend\u00e1rios personagens de minha inf\u00e2ncia. No carnaval, fantasiados ou n\u00e3o de piratas (len\u00e7o de seda vermelho na cabe\u00e7a, tapa-olho preto e espada de pau), cant\u00e1vamos alegres a famosa [&hellip;]","og_url":"https:\/\/www.oarcanjo.net\/site\/piratas-ontem-e-hoje\/","og_site_name":"O Arcanjo no ar","article_publisher":"https:\/\/www.facebook.com\/OArcanjoNoAr\/","article_published_time":"2009-05-17T22:30:30+00:00","article_modified_time":"2009-05-18T11:58:56+00:00","og_image":[{"width":300,"height":300,"url":"https:\/\/www.oarcanjo.net\/site\/wp-content\/uploads\/logo-o-arcanjo-no-ar-facebook.png","type":"image\/png"}],"author":"editor","twitter_card":"summary_large_image","twitter_misc":{"Escrito por":"editor","Est. tempo de leitura":"3 minutos"},"schema":{"@context":"https:\/\/schema.org","@graph":[{"@type":"Article","@id":"https:\/\/www.oarcanjo.net\/site\/piratas-ontem-e-hoje\/#article","isPartOf":{"@id":"https:\/\/www.oarcanjo.net\/site\/piratas-ontem-e-hoje\/"},"author":{"name":"editor","@id":"https:\/\/www.oarcanjo.net\/site\/#\/schema\/person\/f7024d007863202483a31326673a0838"},"headline":"Piratas, ontem e hoje","datePublished":"2009-05-17T22:30:30+00:00","dateModified":"2009-05-18T11:58:56+00:00","mainEntityOfPage":{"@id":"https:\/\/www.oarcanjo.net\/site\/piratas-ontem-e-hoje\/"},"wordCount":699,"commentCount":0,"publisher":{"@id":"https:\/\/www.oarcanjo.net\/site\/#organization"},"keywords":["escravid\u00e3o","hist\u00f3ria","Justi\u00e7a social","pesca","pirata","trabalhador"],"articleSection":["Reflex\u00f5es"],"inLanguage":"pt-BR","potentialAction":[{"@type":"CommentAction","name":"Comment","target":["https:\/\/www.oarcanjo.net\/site\/piratas-ontem-e-hoje\/#respond"]}]},{"@type":"WebPage","@id":"https:\/\/www.oarcanjo.net\/site\/piratas-ontem-e-hoje\/","url":"https:\/\/www.oarcanjo.net\/site\/piratas-ontem-e-hoje\/","name":"Piratas, ontem e hoje - O Arcanjo no ar","isPartOf":{"@id":"https:\/\/www.oarcanjo.net\/site\/#website"},"datePublished":"2009-05-17T22:30:30+00:00","dateModified":"2009-05-18T11:58:56+00:00","breadcrumb":{"@id":"https:\/\/www.oarcanjo.net\/site\/piratas-ontem-e-hoje\/#breadcrumb"},"inLanguage":"pt-BR","potentialAction":[{"@type":"ReadAction","target":["https:\/\/www.oarcanjo.net\/site\/piratas-ontem-e-hoje\/"]}]},{"@type":"BreadcrumbList","@id":"https:\/\/www.oarcanjo.net\/site\/piratas-ontem-e-hoje\/#breadcrumb","itemListElement":[{"@type":"ListItem","position":1,"name":"In\u00edcio","item":"https:\/\/www.oarcanjo.net\/site\/"},{"@type":"ListItem","position":2,"name":"Piratas, ontem e hoje"}]},{"@type":"WebSite","@id":"https:\/\/www.oarcanjo.net\/site\/#website","url":"https:\/\/www.oarcanjo.net\/site\/","name":"O Arcanjo no ar","description":"Site da Par\u00f3quia S\u00e3o Miguel Arcanjo (Arquidiocese de SP)","publisher":{"@id":"https:\/\/www.oarcanjo.net\/site\/#organization"},"potentialAction":[{"@type":"SearchAction","target":{"@type":"EntryPoint","urlTemplate":"https:\/\/www.oarcanjo.net\/site\/?s={search_term_string}"},"query-input":{"@type":"PropertyValueSpecification","valueRequired":true,"valueName":"search_term_string"}}],"inLanguage":"pt-BR"},{"@type":"Organization","@id":"https:\/\/www.oarcanjo.net\/site\/#organization","name":"Par\u00f3quia S\u00e3o Miguel Arcanjo","url":"https:\/\/www.oarcanjo.net\/site\/","logo":{"@type":"ImageObject","inLanguage":"pt-BR","@id":"https:\/\/www.oarcanjo.net\/site\/#\/schema\/logo\/image\/","url":"https:\/\/www.oarcanjo.net\/site\/wp-content\/uploads\/LogoOArcanjo.png","contentUrl":"https:\/\/www.oarcanjo.net\/site\/wp-content\/uploads\/LogoOArcanjo.png","width":319,"height":99,"caption":"Par\u00f3quia S\u00e3o Miguel Arcanjo"},"image":{"@id":"https:\/\/www.oarcanjo.net\/site\/#\/schema\/logo\/image\/"},"sameAs":["https:\/\/www.facebook.com\/OArcanjoNoAr\/"]},{"@type":"Person","@id":"https:\/\/www.oarcanjo.net\/site\/#\/schema\/person\/f7024d007863202483a31326673a0838","name":"editor","sameAs":["http:\/\/www.oarcanjo.net"]}]}},"publishpress_future_action":{"enabled":false,"date":"2026-05-09 04:07:52","action":"category","newStatus":"draft","terms":[],"taxonomy":"category"},"publishpress_future_workflow_manual_trigger":{"enabledWorkflows":[]},"_links":{"self":[{"href":"https:\/\/www.oarcanjo.net\/site\/wp-json\/wp\/v2\/posts\/3445"}],"collection":[{"href":"https:\/\/www.oarcanjo.net\/site\/wp-json\/wp\/v2\/posts"}],"about":[{"href":"https:\/\/www.oarcanjo.net\/site\/wp-json\/wp\/v2\/types\/post"}],"author":[{"embeddable":true,"href":"https:\/\/www.oarcanjo.net\/site\/wp-json\/wp\/v2\/users\/5"}],"replies":[{"embeddable":true,"href":"https:\/\/www.oarcanjo.net\/site\/wp-json\/wp\/v2\/comments?post=3445"}],"version-history":[{"count":0,"href":"https:\/\/www.oarcanjo.net\/site\/wp-json\/wp\/v2\/posts\/3445\/revisions"}],"wp:attachment":[{"href":"https:\/\/www.oarcanjo.net\/site\/wp-json\/wp\/v2\/media?parent=3445"}],"wp:term":[{"taxonomy":"category","embeddable":true,"href":"https:\/\/www.oarcanjo.net\/site\/wp-json\/wp\/v2\/categories?post=3445"},{"taxonomy":"post_tag","embeddable":true,"href":"https:\/\/www.oarcanjo.net\/site\/wp-json\/wp\/v2\/tags?post=3445"}],"curies":[{"name":"wp","href":"https:\/\/api.w.org\/{rel}","templated":true}]}}