
{"id":3454,"date":"2009-05-18T08:47:35","date_gmt":"2009-05-18T11:47:35","guid":{"rendered":"http:\/\/www.oarcanjo.net\/site\/?p=3454"},"modified":"2009-06-28T23:07:54","modified_gmt":"2009-06-29T02:07:54","slug":"ii-encontro-nacional-sobre-populacao-em-situacao-de-rua","status":"publish","type":"post","link":"https:\/\/www.oarcanjo.net\/site\/ii-encontro-nacional-sobre-populacao-em-situacao-de-rua\/","title":{"rendered":"II Encontro Nacional sobre Popula\u00e7\u00e3o em Situa\u00e7\u00e3o de Rua"},"content":{"rendered":"<p><em>Fonte: O Trecheiro &#8211; Edi\u00e7\u00e3o de maio de 2009<\/em><\/p>\n<p>O II Encontro Nacional sobre Popula\u00e7\u00e3o em Situa\u00e7\u00e3o de Rua previsto para os dias 19 e 20 de maio de 2009, em Bras\u00edlia, representa um marco fundamental no caminho da conquista de pol\u00edticas p\u00fablicas que superem o atraso e descaso dos governantes, uma d\u00edvida hist\u00f3rica em rela\u00e7\u00e3o \u00e0 popula\u00e7\u00e3o em situa\u00e7\u00e3o de rua.<\/p>\n<p>Ao longo dos anos, o Estado tem-se comportado de forma preconceituosa com a\u00e7\u00f5es discriminat\u00f3rias e assistencialistas em muitas cidades brasileiras. O descaso predomina, al\u00e9m da higieniza\u00e7\u00e3o e exterm\u00ednio por meio de viol\u00eancia institucional e policial muitas vezes com apoio de setores da sociedade civil. N\u00e3o h\u00e1 pol\u00edticas consistentes de sa\u00edda das ruas nas tr\u00eas esferas de governo. A situa\u00e7\u00e3o se agrava pelas duras condi\u00e7\u00f5es de vida observadas nas ruas e nos servi\u00e7os geralmente paliativos.<\/p>\n<p>Apesar disso, desde a d\u00e9cada de 1980, pessoas em situa\u00e7\u00e3o de rua procuraram se organizar, principalmente, nas grandes cidades brasileiras contando, principalmente, com o apoio de organiza\u00e7\u00f5es n\u00e3o governamentais. Tanto em conjunturas pol\u00edticas repressivas quanto nas mais prop\u00edcias \u00e0 participa\u00e7\u00e3o, a popula\u00e7\u00e3o de rua enfrentou de forma organizada desmandos dos poderes p\u00fablicos e viol\u00eancia policial, procurando dar visibilidade \u00e0 sociedade de suas condi\u00e7\u00f5es sociais e avan\u00e7ar nas conquistas fundamentais de seus direitos.<\/p>\n<p>Por outro lado, a viol\u00eancia e mortes nas ruas em muitos munic\u00edpios no ano de 2004 mobilizaram manifesta\u00e7\u00f5es p\u00fablicas de den\u00fancia e de necessidade de pol\u00edticas eficazes de atendimento que muito refor\u00e7aram a organiza\u00e7\u00e3o em torno do Movimento Nacional da Popula\u00e7\u00e3o de Rua (MNPR).<\/p>\n<p>A partir de 2003, o governo federal reconheceu a necessidade de implementar pol\u00edticas p\u00fablicas para catadores de materiais recicl\u00e1veis e para a popula\u00e7\u00e3o em situa\u00e7\u00e3o de rua e adotou v\u00e1rias medidas na constru\u00e7\u00e3o desse processo, al\u00e9m da presen\u00e7a do Presidente Lula e de ministros nas cerim\u00f4nias de Natal realizadas em S\u00e3o Paulo, nesses \u00faltimos seis anos de sua gest\u00e3o.<\/p>\n<p>De um lado, a press\u00e3o de setores populares, incluindo o MNPR e organiza\u00e7\u00f5es sociais, de outro, o compromisso de determinados setores e dos profissionais dos minist\u00e9rios, particularmente o empenho do presidente Lula, resultaram na cria\u00e7\u00e3o, em 26 de outubro de 2006, do Grupo de Trabalho Interministerial &#8211; GTI.<\/p>\n<p>Portanto, a pol\u00edtica proposta \u00e9 resultado de uma luta hist\u00f3rica empreendida por diferentes grupos em muitas cidades brasileiras que vivem sem reconhecimento social e, ainda, altamente discriminados nas ruas e nos servi\u00e7os.<\/p>\n<p>Leia a reflex\u00e3o do Pe. J\u00falio Lancellotti clicando <a href=\"http:\/\/www.oarcanjo.net\/site\/index.php\/reflexao\/construcao-de-cidadania\/\">aqui<\/a>.<\/p>\n<p>(Ver proposta apresentada ao MDS por representantes da sociedade civil, integrantes do GTI em maio de 2009 no site <a href=\"http:\/\/www.rederua.org.br\" target=\"_blank\">http:\/\/www.rederua.org.br<\/a>).<\/p>\n<div id=\"themify_builder_content-3454\" data-postid=\"3454\" class=\"themify_builder_content themify_builder_content-3454 themify_builder themify_builder_front\">\n\t<\/div>\n<!-- \/themify_builder_content -->","protected":false},"excerpt":{"rendered":"<p>Fonte: O Trecheiro &#8211; Edi\u00e7\u00e3o de maio de 2009 O II Encontro Nacional sobre Popula\u00e7\u00e3o em Situa\u00e7\u00e3o de Rua previsto para os dias 19 e 20 de maio de 2009, em Bras\u00edlia, representa um marco fundamental no caminho da conquista de pol\u00edticas p\u00fablicas que superem o atraso e descaso dos governantes, uma d\u00edvida hist\u00f3rica em [&hellip;]<\/p>\n","protected":false},"author":5,"featured_media":0,"comment_status":"open","ping_status":"open","sticky":false,"template":"","format":"standard","meta":{"ngg_post_thumbnail":0,"footnotes":""},"categories":[8],"tags":[706,53,168,705],"yoast_head":"<!-- This site is optimized with the Yoast SEO plugin v23.5 - https:\/\/yoast.com\/wordpress\/plugins\/seo\/ -->\n<title>II Encontro Nacional sobre Popula\u00e7\u00e3o em Situa\u00e7\u00e3o de Rua - O Arcanjo no ar<\/title>\n<meta name=\"robots\" content=\"index, follow, max-snippet:-1, max-image-preview:large, max-video-preview:-1\" \/>\n<link rel=\"canonical\" href=\"https:\/\/www.oarcanjo.net\/site\/ii-encontro-nacional-sobre-populacao-em-situacao-de-rua\/\" \/>\n<meta property=\"og:locale\" content=\"pt_BR\" \/>\n<meta property=\"og:type\" content=\"article\" \/>\n<meta property=\"og:title\" content=\"II Encontro Nacional sobre Popula\u00e7\u00e3o em Situa\u00e7\u00e3o de Rua - O Arcanjo no ar\" \/>\n<meta property=\"og:description\" content=\"Fonte: O Trecheiro &#8211; Edi\u00e7\u00e3o de maio de 2009 O II Encontro Nacional sobre Popula\u00e7\u00e3o em Situa\u00e7\u00e3o de Rua previsto para os dias 19 e 20 de maio de 2009, em Bras\u00edlia, representa um marco fundamental no caminho da conquista de pol\u00edticas p\u00fablicas que superem o atraso e descaso dos governantes, uma d\u00edvida hist\u00f3rica em [&hellip;]\" \/>\n<meta property=\"og:url\" content=\"https:\/\/www.oarcanjo.net\/site\/ii-encontro-nacional-sobre-populacao-em-situacao-de-rua\/\" \/>\n<meta property=\"og:site_name\" content=\"O Arcanjo no ar\" \/>\n<meta property=\"article:publisher\" content=\"https:\/\/www.facebook.com\/OArcanjoNoAr\/\" \/>\n<meta property=\"article:published_time\" content=\"2009-05-18T11:47:35+00:00\" \/>\n<meta property=\"article:modified_time\" content=\"2009-06-29T02:07:54+00:00\" \/>\n<meta property=\"og:image\" content=\"https:\/\/www.oarcanjo.net\/site\/wp-content\/uploads\/logo-o-arcanjo-no-ar-facebook.png\" \/>\n\t<meta property=\"og:image:width\" content=\"300\" \/>\n\t<meta property=\"og:image:height\" content=\"300\" \/>\n\t<meta property=\"og:image:type\" content=\"image\/png\" \/>\n<meta name=\"author\" content=\"editor\" \/>\n<meta name=\"twitter:card\" content=\"summary_large_image\" \/>\n<meta name=\"twitter:label1\" content=\"Escrito por\" \/>\n\t<meta name=\"twitter:data1\" content=\"editor\" \/>\n\t<meta name=\"twitter:label2\" content=\"Est. tempo de leitura\" \/>\n\t<meta name=\"twitter:data2\" content=\"2 minutos\" \/>\n<script type=\"application\/ld+json\" class=\"yoast-schema-graph\">{\"@context\":\"https:\/\/schema.org\",\"@graph\":[{\"@type\":\"Article\",\"@id\":\"https:\/\/www.oarcanjo.net\/site\/ii-encontro-nacional-sobre-populacao-em-situacao-de-rua\/#article\",\"isPartOf\":{\"@id\":\"https:\/\/www.oarcanjo.net\/site\/ii-encontro-nacional-sobre-populacao-em-situacao-de-rua\/\"},\"author\":{\"name\":\"editor\",\"@id\":\"https:\/\/www.oarcanjo.net\/site\/#\/schema\/person\/f7024d007863202483a31326673a0838\"},\"headline\":\"II Encontro Nacional sobre Popula\u00e7\u00e3o em Situa\u00e7\u00e3o de Rua\",\"datePublished\":\"2009-05-18T11:47:35+00:00\",\"dateModified\":\"2009-06-29T02:07:54+00:00\",\"mainEntityOfPage\":{\"@id\":\"https:\/\/www.oarcanjo.net\/site\/ii-encontro-nacional-sobre-populacao-em-situacao-de-rua\/\"},\"wordCount\":487,\"commentCount\":0,\"publisher\":{\"@id\":\"https:\/\/www.oarcanjo.net\/site\/#organization\"},\"keywords\":[\"Luta\",\"mobiliza\u00e7\u00e3o\",\"pol\u00edticas p\u00fablicas\",\"Popula\u00e7\u00e3o em Situa\u00e7\u00e3o de Rua\"],\"articleSection\":[\"Not\u00edcias\"],\"inLanguage\":\"pt-BR\",\"potentialAction\":[{\"@type\":\"CommentAction\",\"name\":\"Comment\",\"target\":[\"https:\/\/www.oarcanjo.net\/site\/ii-encontro-nacional-sobre-populacao-em-situacao-de-rua\/#respond\"]}]},{\"@type\":\"WebPage\",\"@id\":\"https:\/\/www.oarcanjo.net\/site\/ii-encontro-nacional-sobre-populacao-em-situacao-de-rua\/\",\"url\":\"https:\/\/www.oarcanjo.net\/site\/ii-encontro-nacional-sobre-populacao-em-situacao-de-rua\/\",\"name\":\"II Encontro Nacional sobre Popula\u00e7\u00e3o em Situa\u00e7\u00e3o de Rua - O Arcanjo no ar\",\"isPartOf\":{\"@id\":\"https:\/\/www.oarcanjo.net\/site\/#website\"},\"datePublished\":\"2009-05-18T11:47:35+00:00\",\"dateModified\":\"2009-06-29T02:07:54+00:00\",\"breadcrumb\":{\"@id\":\"https:\/\/www.oarcanjo.net\/site\/ii-encontro-nacional-sobre-populacao-em-situacao-de-rua\/#breadcrumb\"},\"inLanguage\":\"pt-BR\",\"potentialAction\":[{\"@type\":\"ReadAction\",\"target\":[\"https:\/\/www.oarcanjo.net\/site\/ii-encontro-nacional-sobre-populacao-em-situacao-de-rua\/\"]}]},{\"@type\":\"BreadcrumbList\",\"@id\":\"https:\/\/www.oarcanjo.net\/site\/ii-encontro-nacional-sobre-populacao-em-situacao-de-rua\/#breadcrumb\",\"itemListElement\":[{\"@type\":\"ListItem\",\"position\":1,\"name\":\"In\u00edcio\",\"item\":\"https:\/\/www.oarcanjo.net\/site\/\"},{\"@type\":\"ListItem\",\"position\":2,\"name\":\"II Encontro Nacional sobre Popula\u00e7\u00e3o em Situa\u00e7\u00e3o de Rua\"}]},{\"@type\":\"WebSite\",\"@id\":\"https:\/\/www.oarcanjo.net\/site\/#website\",\"url\":\"https:\/\/www.oarcanjo.net\/site\/\",\"name\":\"O Arcanjo no ar\",\"description\":\"Site da Par\u00f3quia S\u00e3o Miguel Arcanjo (Arquidiocese de SP)\",\"publisher\":{\"@id\":\"https:\/\/www.oarcanjo.net\/site\/#organization\"},\"potentialAction\":[{\"@type\":\"SearchAction\",\"target\":{\"@type\":\"EntryPoint\",\"urlTemplate\":\"https:\/\/www.oarcanjo.net\/site\/?s={search_term_string}\"},\"query-input\":{\"@type\":\"PropertyValueSpecification\",\"valueRequired\":true,\"valueName\":\"search_term_string\"}}],\"inLanguage\":\"pt-BR\"},{\"@type\":\"Organization\",\"@id\":\"https:\/\/www.oarcanjo.net\/site\/#organization\",\"name\":\"Par\u00f3quia S\u00e3o Miguel Arcanjo\",\"url\":\"https:\/\/www.oarcanjo.net\/site\/\",\"logo\":{\"@type\":\"ImageObject\",\"inLanguage\":\"pt-BR\",\"@id\":\"https:\/\/www.oarcanjo.net\/site\/#\/schema\/logo\/image\/\",\"url\":\"https:\/\/www.oarcanjo.net\/site\/wp-content\/uploads\/LogoOArcanjo.png\",\"contentUrl\":\"https:\/\/www.oarcanjo.net\/site\/wp-content\/uploads\/LogoOArcanjo.png\",\"width\":319,\"height\":99,\"caption\":\"Par\u00f3quia S\u00e3o Miguel Arcanjo\"},\"image\":{\"@id\":\"https:\/\/www.oarcanjo.net\/site\/#\/schema\/logo\/image\/\"},\"sameAs\":[\"https:\/\/www.facebook.com\/OArcanjoNoAr\/\"]},{\"@type\":\"Person\",\"@id\":\"https:\/\/www.oarcanjo.net\/site\/#\/schema\/person\/f7024d007863202483a31326673a0838\",\"name\":\"editor\",\"sameAs\":[\"http:\/\/www.oarcanjo.net\"]}]}<\/script>\n<!-- \/ Yoast SEO plugin. -->","yoast_head_json":{"title":"II Encontro Nacional sobre Popula\u00e7\u00e3o em Situa\u00e7\u00e3o de Rua - O Arcanjo no ar","robots":{"index":"index","follow":"follow","max-snippet":"max-snippet:-1","max-image-preview":"max-image-preview:large","max-video-preview":"max-video-preview:-1"},"canonical":"https:\/\/www.oarcanjo.net\/site\/ii-encontro-nacional-sobre-populacao-em-situacao-de-rua\/","og_locale":"pt_BR","og_type":"article","og_title":"II Encontro Nacional sobre Popula\u00e7\u00e3o em Situa\u00e7\u00e3o de Rua - O Arcanjo no ar","og_description":"Fonte: O Trecheiro &#8211; Edi\u00e7\u00e3o de maio de 2009 O II Encontro Nacional sobre Popula\u00e7\u00e3o em Situa\u00e7\u00e3o de Rua previsto para os dias 19 e 20 de maio de 2009, em Bras\u00edlia, representa um marco fundamental no caminho da conquista de pol\u00edticas p\u00fablicas que superem o atraso e descaso dos governantes, uma d\u00edvida hist\u00f3rica em [&hellip;]","og_url":"https:\/\/www.oarcanjo.net\/site\/ii-encontro-nacional-sobre-populacao-em-situacao-de-rua\/","og_site_name":"O Arcanjo no ar","article_publisher":"https:\/\/www.facebook.com\/OArcanjoNoAr\/","article_published_time":"2009-05-18T11:47:35+00:00","article_modified_time":"2009-06-29T02:07:54+00:00","og_image":[{"width":300,"height":300,"url":"https:\/\/www.oarcanjo.net\/site\/wp-content\/uploads\/logo-o-arcanjo-no-ar-facebook.png","type":"image\/png"}],"author":"editor","twitter_card":"summary_large_image","twitter_misc":{"Escrito por":"editor","Est. tempo de leitura":"2 minutos"},"schema":{"@context":"https:\/\/schema.org","@graph":[{"@type":"Article","@id":"https:\/\/www.oarcanjo.net\/site\/ii-encontro-nacional-sobre-populacao-em-situacao-de-rua\/#article","isPartOf":{"@id":"https:\/\/www.oarcanjo.net\/site\/ii-encontro-nacional-sobre-populacao-em-situacao-de-rua\/"},"author":{"name":"editor","@id":"https:\/\/www.oarcanjo.net\/site\/#\/schema\/person\/f7024d007863202483a31326673a0838"},"headline":"II Encontro Nacional sobre Popula\u00e7\u00e3o em Situa\u00e7\u00e3o de Rua","datePublished":"2009-05-18T11:47:35+00:00","dateModified":"2009-06-29T02:07:54+00:00","mainEntityOfPage":{"@id":"https:\/\/www.oarcanjo.net\/site\/ii-encontro-nacional-sobre-populacao-em-situacao-de-rua\/"},"wordCount":487,"commentCount":0,"publisher":{"@id":"https:\/\/www.oarcanjo.net\/site\/#organization"},"keywords":["Luta","mobiliza\u00e7\u00e3o","pol\u00edticas p\u00fablicas","Popula\u00e7\u00e3o em Situa\u00e7\u00e3o de Rua"],"articleSection":["Not\u00edcias"],"inLanguage":"pt-BR","potentialAction":[{"@type":"CommentAction","name":"Comment","target":["https:\/\/www.oarcanjo.net\/site\/ii-encontro-nacional-sobre-populacao-em-situacao-de-rua\/#respond"]}]},{"@type":"WebPage","@id":"https:\/\/www.oarcanjo.net\/site\/ii-encontro-nacional-sobre-populacao-em-situacao-de-rua\/","url":"https:\/\/www.oarcanjo.net\/site\/ii-encontro-nacional-sobre-populacao-em-situacao-de-rua\/","name":"II Encontro Nacional sobre Popula\u00e7\u00e3o em Situa\u00e7\u00e3o de Rua - O Arcanjo no ar","isPartOf":{"@id":"https:\/\/www.oarcanjo.net\/site\/#website"},"datePublished":"2009-05-18T11:47:35+00:00","dateModified":"2009-06-29T02:07:54+00:00","breadcrumb":{"@id":"https:\/\/www.oarcanjo.net\/site\/ii-encontro-nacional-sobre-populacao-em-situacao-de-rua\/#breadcrumb"},"inLanguage":"pt-BR","potentialAction":[{"@type":"ReadAction","target":["https:\/\/www.oarcanjo.net\/site\/ii-encontro-nacional-sobre-populacao-em-situacao-de-rua\/"]}]},{"@type":"BreadcrumbList","@id":"https:\/\/www.oarcanjo.net\/site\/ii-encontro-nacional-sobre-populacao-em-situacao-de-rua\/#breadcrumb","itemListElement":[{"@type":"ListItem","position":1,"name":"In\u00edcio","item":"https:\/\/www.oarcanjo.net\/site\/"},{"@type":"ListItem","position":2,"name":"II Encontro Nacional sobre Popula\u00e7\u00e3o em Situa\u00e7\u00e3o de Rua"}]},{"@type":"WebSite","@id":"https:\/\/www.oarcanjo.net\/site\/#website","url":"https:\/\/www.oarcanjo.net\/site\/","name":"O Arcanjo no ar","description":"Site da Par\u00f3quia S\u00e3o Miguel Arcanjo (Arquidiocese de SP)","publisher":{"@id":"https:\/\/www.oarcanjo.net\/site\/#organization"},"potentialAction":[{"@type":"SearchAction","target":{"@type":"EntryPoint","urlTemplate":"https:\/\/www.oarcanjo.net\/site\/?s={search_term_string}"},"query-input":{"@type":"PropertyValueSpecification","valueRequired":true,"valueName":"search_term_string"}}],"inLanguage":"pt-BR"},{"@type":"Organization","@id":"https:\/\/www.oarcanjo.net\/site\/#organization","name":"Par\u00f3quia S\u00e3o Miguel Arcanjo","url":"https:\/\/www.oarcanjo.net\/site\/","logo":{"@type":"ImageObject","inLanguage":"pt-BR","@id":"https:\/\/www.oarcanjo.net\/site\/#\/schema\/logo\/image\/","url":"https:\/\/www.oarcanjo.net\/site\/wp-content\/uploads\/LogoOArcanjo.png","contentUrl":"https:\/\/www.oarcanjo.net\/site\/wp-content\/uploads\/LogoOArcanjo.png","width":319,"height":99,"caption":"Par\u00f3quia S\u00e3o Miguel Arcanjo"},"image":{"@id":"https:\/\/www.oarcanjo.net\/site\/#\/schema\/logo\/image\/"},"sameAs":["https:\/\/www.facebook.com\/OArcanjoNoAr\/"]},{"@type":"Person","@id":"https:\/\/www.oarcanjo.net\/site\/#\/schema\/person\/f7024d007863202483a31326673a0838","name":"editor","sameAs":["http:\/\/www.oarcanjo.net"]}]}},"publishpress_future_action":{"enabled":false,"date":"2026-05-09 02:37:48","action":"category","newStatus":"draft","terms":[],"taxonomy":"category"},"publishpress_future_workflow_manual_trigger":{"enabledWorkflows":[]},"_links":{"self":[{"href":"https:\/\/www.oarcanjo.net\/site\/wp-json\/wp\/v2\/posts\/3454"}],"collection":[{"href":"https:\/\/www.oarcanjo.net\/site\/wp-json\/wp\/v2\/posts"}],"about":[{"href":"https:\/\/www.oarcanjo.net\/site\/wp-json\/wp\/v2\/types\/post"}],"author":[{"embeddable":true,"href":"https:\/\/www.oarcanjo.net\/site\/wp-json\/wp\/v2\/users\/5"}],"replies":[{"embeddable":true,"href":"https:\/\/www.oarcanjo.net\/site\/wp-json\/wp\/v2\/comments?post=3454"}],"version-history":[{"count":0,"href":"https:\/\/www.oarcanjo.net\/site\/wp-json\/wp\/v2\/posts\/3454\/revisions"}],"wp:attachment":[{"href":"https:\/\/www.oarcanjo.net\/site\/wp-json\/wp\/v2\/media?parent=3454"}],"wp:term":[{"taxonomy":"category","embeddable":true,"href":"https:\/\/www.oarcanjo.net\/site\/wp-json\/wp\/v2\/categories?post=3454"},{"taxonomy":"post_tag","embeddable":true,"href":"https:\/\/www.oarcanjo.net\/site\/wp-json\/wp\/v2\/tags?post=3454"}],"curies":[{"name":"wp","href":"https:\/\/api.w.org\/{rel}","templated":true}]}}