
{"id":348,"date":"2008-10-13T19:06:45","date_gmt":"2008-10-13T22:06:45","guid":{"rendered":"http:\/\/www.oarcanjo.net\/site\/?p=348"},"modified":"2008-10-13T19:12:22","modified_gmt":"2008-10-13T22:12:22","slug":"o-terco-dos-homens","status":"publish","type":"post","link":"https:\/\/www.oarcanjo.net\/site\/o-terco-dos-homens\/","title":{"rendered":"O ter\u00e7o dos homens"},"content":{"rendered":"<p>Na primeira sexta-feira de cada m\u00eas, os homens da Comunidade S\u00e3o Miguel Arcanjo acorrem \u00e0 Igreja S\u00e3o Miguel \u00e0s 20h30 para rezar o Ter\u00e7o.<\/p>\n<p><img loading=\"lazy\" decoding=\"async\" src=\"http:\/\/www.oarcanjo.net\/site\/wp-content\/uploads\/terco01.jpg\" alt=\"\" title=\"Ter\u00e7o dos homens\" width=\"240\" height=\"180\" align=\"left\" style=\"margin: 6px; border: 0px;\" class=\"alignleft size-medium wp-image-351\" \/>Jos\u00e9 Fabretti prepara esse momento com muito carinho e dedica\u00e7\u00e3o. Coloca a imagem de Nossa Senhora pr\u00f3xima do altar. H\u00e1 flores e velas acessas como conv\u00e9m para expressar o carinho \u00e0 M\u00e3e de Jesus.<\/p>\n<p>As pessoas v\u00e3o chegando e logo a Igreja est\u00e1 com muitos para rezarem. Alguns chegam direto do trabalho, outros da Toca de Assis, da Casa Vida. Tamb\u00e9m recebemos amigos de outras Par\u00f3quias.<\/p>\n<p>Aqueles que n\u00e3o trazem o seu ros\u00e1rio logo recebem um, exatamente para que ningu\u00e9m fique sem acompanhar a ora\u00e7\u00e3o com essa refer\u00eancia t\u00e3o importante. Chama a aten\u00e7\u00e3o em alguns ros\u00e1rios a imagem de fetos, fazendo-nos lembrar que Nossa Senhora sempre buscou a vida e nos permitiu caminhar para a vida eterna, enquanto hoje a sociedade discute a libera\u00e7\u00e3o do aborto e em conseq\u00fc\u00eancia a morte.<\/p>\n<p>Com a chegada do Padre J\u00falio, inicia-se o Ter\u00e7o. O nosso querido P\u00e1roco sempre faz uma ora\u00e7\u00e3o inicial de acolhida, ao mesmo tempo explicando sobre o Ter\u00e7o, sua relev\u00e2ncia e especialmente como se coloca para o momento em que vivemos, diante das dificuldades vividas na cidade de S\u00e3o Paulo.<\/p>\n<p><img loading=\"lazy\" decoding=\"async\" src=\"http:\/\/www.oarcanjo.net\/site\/wp-content\/uploads\/terco011.jpg\" alt=\"\" title=\"Ter\u00e7o dos homens\" width=\"240\" height=\"180\" align=\"right\" class=\"alignright size-medium wp-image-355\" style=\"margin: 6px; border: 0px;\" \/>Jos\u00e9 Fabretti prossegue e conduz a ora\u00e7\u00e3o. Relembramos os trechos da sagrada escritura, especialmente o amor de Jesus por n\u00f3s. Nos mist\u00e9rios, a Paix\u00e3o, Morte e Ressurrei\u00e7\u00e3o de Jesus. Pedimos que o Senhor olhe pelos mais necessitados.<\/p>\n<p>N\u00e3o s\u00e3o ora\u00e7\u00f5es repetitivas, mas ora\u00e7\u00f5es que v\u00e3o se elevando a Deus, \u00e0 Nossa Senhora e ao Senhor Jesus, num som grave, mas doce e de profunda f\u00e9. As ora\u00e7\u00f5es tamb\u00e9m chegam muito fundo ao cora\u00e7\u00e3o de cada um.<\/p>\n<p>Ao rezarmos o Ter\u00e7o, que \u00e9 um conjunto de ora\u00e7\u00f5es, fazemos meditando os principais mist\u00e9rios da nossa f\u00e9. S\u00e3o as rosas que, por ora\u00e7\u00f5es, oferecemos \u00e0 M\u00e3e de Jesus.<\/p>\n<p><img loading=\"lazy\" decoding=\"async\" src=\"http:\/\/www.oarcanjo.net\/site\/wp-content\/uploads\/terco04.jpg\" alt=\"\" title=\"Ter\u00e7o dos homens\" width=\"240\" height=\"180\" align=\"left\" style=\"margin: 6px; border: 0px;\" class=\"alignleft size-medium wp-image-359\" \/>Rezando juntos, os homens da Comunidade S\u00e3o Miguel Arcanjo n\u00e3o o fazem para si, mas fica evidente uma ora\u00e7\u00e3o para o pr\u00f3ximo. O Jos\u00e9 Fabretti, al\u00e9m de rezar para tantos, certamente o faz por sua filha Fernanda, que est\u00e1 no c\u00e9u com Nossa Senhora. Fernanda deu vida a v\u00e1rias pessoas.<\/p>\n<p>O Ter\u00e7o n\u00e3o se conclui com os Mist\u00e9rios, mas sim com a reflex\u00e3o posterior que fazemos, seja com algum acontecimento, seja com o aprofundamento de temas importantes, como agora o Ano Paulino. A alegria \u00e9 contagiante e todos cantam.<\/p>\n<p>O tempo passa, mas ningu\u00e9m tem pressa. Na despedida, h\u00e1 a partilha de um bolo, um ch\u00e1, uma conversa a mais, um depoimento de vida.<\/p>\n<p>Cada um vai para sua casa fortalecido pela ora\u00e7\u00e3o. \u00c9 o ter\u00e7o dos homens da Comunidade S\u00e3o Miguel Arcanjo.<\/p>\n<p><em>Carlos Alberto Beatriz<\/em><\/p>\n<div id=\"themify_builder_content-348\" data-postid=\"348\" class=\"themify_builder_content themify_builder_content-348 themify_builder themify_builder_front\">\n\t<\/div>\n<!-- \/themify_builder_content -->","protected":false},"excerpt":{"rendered":"<p>Na primeira sexta-feira de cada m\u00eas, os homens da Comunidade S\u00e3o Miguel Arcanjo acorrem \u00e0 Igreja S\u00e3o Miguel \u00e0s 20h30 para rezar o Ter\u00e7o. Jos\u00e9 Fabretti prepara esse momento com muito carinho e dedica\u00e7\u00e3o. Coloca a imagem de Nossa Senhora pr\u00f3xima do altar. H\u00e1 flores e velas acessas como conv\u00e9m para expressar o carinho \u00e0 [&hellip;]<\/p>\n","protected":false},"author":5,"featured_media":0,"comment_status":"open","ping_status":"open","sticky":false,"template":"","format":"standard","meta":{"ngg_post_thumbnail":0,"footnotes":""},"categories":[7],"tags":[46,45],"yoast_head":"<!-- This site is optimized with the Yoast SEO plugin v23.5 - https:\/\/yoast.com\/wordpress\/plugins\/seo\/ -->\n<title>O ter\u00e7o dos homens - O Arcanjo no ar<\/title>\n<meta name=\"robots\" content=\"index, follow, max-snippet:-1, max-image-preview:large, max-video-preview:-1\" \/>\n<link rel=\"canonical\" href=\"https:\/\/www.oarcanjo.net\/site\/o-terco-dos-homens\/\" \/>\n<meta property=\"og:locale\" content=\"pt_BR\" \/>\n<meta property=\"og:type\" content=\"article\" \/>\n<meta property=\"og:title\" content=\"O ter\u00e7o dos homens - O Arcanjo no ar\" \/>\n<meta property=\"og:description\" content=\"Na primeira sexta-feira de cada m\u00eas, os homens da Comunidade S\u00e3o Miguel Arcanjo acorrem \u00e0 Igreja S\u00e3o Miguel \u00e0s 20h30 para rezar o Ter\u00e7o. Jos\u00e9 Fabretti prepara esse momento com muito carinho e dedica\u00e7\u00e3o. Coloca a imagem de Nossa Senhora pr\u00f3xima do altar. H\u00e1 flores e velas acessas como conv\u00e9m para expressar o carinho \u00e0 [&hellip;]\" \/>\n<meta property=\"og:url\" content=\"https:\/\/www.oarcanjo.net\/site\/o-terco-dos-homens\/\" \/>\n<meta property=\"og:site_name\" content=\"O Arcanjo no ar\" \/>\n<meta property=\"article:publisher\" content=\"https:\/\/www.facebook.com\/OArcanjoNoAr\/\" \/>\n<meta property=\"article:published_time\" content=\"2008-10-13T22:06:45+00:00\" \/>\n<meta property=\"article:modified_time\" content=\"2008-10-13T22:12:22+00:00\" \/>\n<meta property=\"og:image\" content=\"http:\/\/www.oarcanjo.net\/site\/wp-content\/uploads\/terco01.jpg\" \/>\n<meta name=\"author\" content=\"editor\" \/>\n<meta name=\"twitter:card\" content=\"summary_large_image\" \/>\n<meta name=\"twitter:label1\" content=\"Escrito por\" \/>\n\t<meta name=\"twitter:data1\" content=\"editor\" \/>\n\t<meta name=\"twitter:label2\" content=\"Est. tempo de leitura\" \/>\n\t<meta name=\"twitter:data2\" content=\"3 minutos\" \/>\n<script type=\"application\/ld+json\" class=\"yoast-schema-graph\">{\"@context\":\"https:\/\/schema.org\",\"@graph\":[{\"@type\":\"Article\",\"@id\":\"https:\/\/www.oarcanjo.net\/site\/o-terco-dos-homens\/#article\",\"isPartOf\":{\"@id\":\"https:\/\/www.oarcanjo.net\/site\/o-terco-dos-homens\/\"},\"author\":{\"name\":\"editor\",\"@id\":\"https:\/\/www.oarcanjo.net\/site\/#\/schema\/person\/f7024d007863202483a31326673a0838\"},\"headline\":\"O ter\u00e7o dos homens\",\"datePublished\":\"2008-10-13T22:06:45+00:00\",\"dateModified\":\"2008-10-13T22:12:22+00:00\",\"mainEntityOfPage\":{\"@id\":\"https:\/\/www.oarcanjo.net\/site\/o-terco-dos-homens\/\"},\"wordCount\":505,\"commentCount\":25,\"publisher\":{\"@id\":\"https:\/\/www.oarcanjo.net\/site\/#organization\"},\"image\":{\"@id\":\"https:\/\/www.oarcanjo.net\/site\/o-terco-dos-homens\/#primaryimage\"},\"thumbnailUrl\":\"http:\/\/www.oarcanjo.net\/site\/wp-content\/uploads\/terco01.jpg\",\"keywords\":[\"nossa senhora\",\"ter\u00e7o\"],\"articleSection\":[\"Rosto da comunidade\"],\"inLanguage\":\"pt-BR\",\"potentialAction\":[{\"@type\":\"CommentAction\",\"name\":\"Comment\",\"target\":[\"https:\/\/www.oarcanjo.net\/site\/o-terco-dos-homens\/#respond\"]}]},{\"@type\":\"WebPage\",\"@id\":\"https:\/\/www.oarcanjo.net\/site\/o-terco-dos-homens\/\",\"url\":\"https:\/\/www.oarcanjo.net\/site\/o-terco-dos-homens\/\",\"name\":\"O ter\u00e7o dos homens - O Arcanjo no ar\",\"isPartOf\":{\"@id\":\"https:\/\/www.oarcanjo.net\/site\/#website\"},\"primaryImageOfPage\":{\"@id\":\"https:\/\/www.oarcanjo.net\/site\/o-terco-dos-homens\/#primaryimage\"},\"image\":{\"@id\":\"https:\/\/www.oarcanjo.net\/site\/o-terco-dos-homens\/#primaryimage\"},\"thumbnailUrl\":\"http:\/\/www.oarcanjo.net\/site\/wp-content\/uploads\/terco01.jpg\",\"datePublished\":\"2008-10-13T22:06:45+00:00\",\"dateModified\":\"2008-10-13T22:12:22+00:00\",\"breadcrumb\":{\"@id\":\"https:\/\/www.oarcanjo.net\/site\/o-terco-dos-homens\/#breadcrumb\"},\"inLanguage\":\"pt-BR\",\"potentialAction\":[{\"@type\":\"ReadAction\",\"target\":[\"https:\/\/www.oarcanjo.net\/site\/o-terco-dos-homens\/\"]}]},{\"@type\":\"ImageObject\",\"inLanguage\":\"pt-BR\",\"@id\":\"https:\/\/www.oarcanjo.net\/site\/o-terco-dos-homens\/#primaryimage\",\"url\":\"https:\/\/www.oarcanjo.net\/site\/wp-content\/uploads\/terco01.jpg\",\"contentUrl\":\"https:\/\/www.oarcanjo.net\/site\/wp-content\/uploads\/terco01.jpg\",\"width\":240,\"height\":180},{\"@type\":\"BreadcrumbList\",\"@id\":\"https:\/\/www.oarcanjo.net\/site\/o-terco-dos-homens\/#breadcrumb\",\"itemListElement\":[{\"@type\":\"ListItem\",\"position\":1,\"name\":\"In\u00edcio\",\"item\":\"https:\/\/www.oarcanjo.net\/site\/\"},{\"@type\":\"ListItem\",\"position\":2,\"name\":\"O ter\u00e7o dos homens\"}]},{\"@type\":\"WebSite\",\"@id\":\"https:\/\/www.oarcanjo.net\/site\/#website\",\"url\":\"https:\/\/www.oarcanjo.net\/site\/\",\"name\":\"O Arcanjo no ar\",\"description\":\"Site da Par\u00f3quia S\u00e3o Miguel Arcanjo (Arquidiocese de SP)\",\"publisher\":{\"@id\":\"https:\/\/www.oarcanjo.net\/site\/#organization\"},\"potentialAction\":[{\"@type\":\"SearchAction\",\"target\":{\"@type\":\"EntryPoint\",\"urlTemplate\":\"https:\/\/www.oarcanjo.net\/site\/?s={search_term_string}\"},\"query-input\":{\"@type\":\"PropertyValueSpecification\",\"valueRequired\":true,\"valueName\":\"search_term_string\"}}],\"inLanguage\":\"pt-BR\"},{\"@type\":\"Organization\",\"@id\":\"https:\/\/www.oarcanjo.net\/site\/#organization\",\"name\":\"Par\u00f3quia S\u00e3o Miguel Arcanjo\",\"url\":\"https:\/\/www.oarcanjo.net\/site\/\",\"logo\":{\"@type\":\"ImageObject\",\"inLanguage\":\"pt-BR\",\"@id\":\"https:\/\/www.oarcanjo.net\/site\/#\/schema\/logo\/image\/\",\"url\":\"https:\/\/www.oarcanjo.net\/site\/wp-content\/uploads\/LogoOArcanjo.png\",\"contentUrl\":\"https:\/\/www.oarcanjo.net\/site\/wp-content\/uploads\/LogoOArcanjo.png\",\"width\":319,\"height\":99,\"caption\":\"Par\u00f3quia S\u00e3o Miguel Arcanjo\"},\"image\":{\"@id\":\"https:\/\/www.oarcanjo.net\/site\/#\/schema\/logo\/image\/\"},\"sameAs\":[\"https:\/\/www.facebook.com\/OArcanjoNoAr\/\"]},{\"@type\":\"Person\",\"@id\":\"https:\/\/www.oarcanjo.net\/site\/#\/schema\/person\/f7024d007863202483a31326673a0838\",\"name\":\"editor\",\"sameAs\":[\"http:\/\/www.oarcanjo.net\"]}]}<\/script>\n<!-- \/ Yoast SEO plugin. -->","yoast_head_json":{"title":"O ter\u00e7o dos homens - O Arcanjo no ar","robots":{"index":"index","follow":"follow","max-snippet":"max-snippet:-1","max-image-preview":"max-image-preview:large","max-video-preview":"max-video-preview:-1"},"canonical":"https:\/\/www.oarcanjo.net\/site\/o-terco-dos-homens\/","og_locale":"pt_BR","og_type":"article","og_title":"O ter\u00e7o dos homens - O Arcanjo no ar","og_description":"Na primeira sexta-feira de cada m\u00eas, os homens da Comunidade S\u00e3o Miguel Arcanjo acorrem \u00e0 Igreja S\u00e3o Miguel \u00e0s 20h30 para rezar o Ter\u00e7o. Jos\u00e9 Fabretti prepara esse momento com muito carinho e dedica\u00e7\u00e3o. Coloca a imagem de Nossa Senhora pr\u00f3xima do altar. H\u00e1 flores e velas acessas como conv\u00e9m para expressar o carinho \u00e0 [&hellip;]","og_url":"https:\/\/www.oarcanjo.net\/site\/o-terco-dos-homens\/","og_site_name":"O Arcanjo no ar","article_publisher":"https:\/\/www.facebook.com\/OArcanjoNoAr\/","article_published_time":"2008-10-13T22:06:45+00:00","article_modified_time":"2008-10-13T22:12:22+00:00","og_image":[{"url":"http:\/\/www.oarcanjo.net\/site\/wp-content\/uploads\/terco01.jpg"}],"author":"editor","twitter_card":"summary_large_image","twitter_misc":{"Escrito por":"editor","Est. tempo de leitura":"3 minutos"},"schema":{"@context":"https:\/\/schema.org","@graph":[{"@type":"Article","@id":"https:\/\/www.oarcanjo.net\/site\/o-terco-dos-homens\/#article","isPartOf":{"@id":"https:\/\/www.oarcanjo.net\/site\/o-terco-dos-homens\/"},"author":{"name":"editor","@id":"https:\/\/www.oarcanjo.net\/site\/#\/schema\/person\/f7024d007863202483a31326673a0838"},"headline":"O ter\u00e7o dos homens","datePublished":"2008-10-13T22:06:45+00:00","dateModified":"2008-10-13T22:12:22+00:00","mainEntityOfPage":{"@id":"https:\/\/www.oarcanjo.net\/site\/o-terco-dos-homens\/"},"wordCount":505,"commentCount":25,"publisher":{"@id":"https:\/\/www.oarcanjo.net\/site\/#organization"},"image":{"@id":"https:\/\/www.oarcanjo.net\/site\/o-terco-dos-homens\/#primaryimage"},"thumbnailUrl":"http:\/\/www.oarcanjo.net\/site\/wp-content\/uploads\/terco01.jpg","keywords":["nossa senhora","ter\u00e7o"],"articleSection":["Rosto da comunidade"],"inLanguage":"pt-BR","potentialAction":[{"@type":"CommentAction","name":"Comment","target":["https:\/\/www.oarcanjo.net\/site\/o-terco-dos-homens\/#respond"]}]},{"@type":"WebPage","@id":"https:\/\/www.oarcanjo.net\/site\/o-terco-dos-homens\/","url":"https:\/\/www.oarcanjo.net\/site\/o-terco-dos-homens\/","name":"O ter\u00e7o dos homens - O Arcanjo no ar","isPartOf":{"@id":"https:\/\/www.oarcanjo.net\/site\/#website"},"primaryImageOfPage":{"@id":"https:\/\/www.oarcanjo.net\/site\/o-terco-dos-homens\/#primaryimage"},"image":{"@id":"https:\/\/www.oarcanjo.net\/site\/o-terco-dos-homens\/#primaryimage"},"thumbnailUrl":"http:\/\/www.oarcanjo.net\/site\/wp-content\/uploads\/terco01.jpg","datePublished":"2008-10-13T22:06:45+00:00","dateModified":"2008-10-13T22:12:22+00:00","breadcrumb":{"@id":"https:\/\/www.oarcanjo.net\/site\/o-terco-dos-homens\/#breadcrumb"},"inLanguage":"pt-BR","potentialAction":[{"@type":"ReadAction","target":["https:\/\/www.oarcanjo.net\/site\/o-terco-dos-homens\/"]}]},{"@type":"ImageObject","inLanguage":"pt-BR","@id":"https:\/\/www.oarcanjo.net\/site\/o-terco-dos-homens\/#primaryimage","url":"https:\/\/www.oarcanjo.net\/site\/wp-content\/uploads\/terco01.jpg","contentUrl":"https:\/\/www.oarcanjo.net\/site\/wp-content\/uploads\/terco01.jpg","width":240,"height":180},{"@type":"BreadcrumbList","@id":"https:\/\/www.oarcanjo.net\/site\/o-terco-dos-homens\/#breadcrumb","itemListElement":[{"@type":"ListItem","position":1,"name":"In\u00edcio","item":"https:\/\/www.oarcanjo.net\/site\/"},{"@type":"ListItem","position":2,"name":"O ter\u00e7o dos homens"}]},{"@type":"WebSite","@id":"https:\/\/www.oarcanjo.net\/site\/#website","url":"https:\/\/www.oarcanjo.net\/site\/","name":"O Arcanjo no ar","description":"Site da Par\u00f3quia S\u00e3o Miguel Arcanjo (Arquidiocese de SP)","publisher":{"@id":"https:\/\/www.oarcanjo.net\/site\/#organization"},"potentialAction":[{"@type":"SearchAction","target":{"@type":"EntryPoint","urlTemplate":"https:\/\/www.oarcanjo.net\/site\/?s={search_term_string}"},"query-input":{"@type":"PropertyValueSpecification","valueRequired":true,"valueName":"search_term_string"}}],"inLanguage":"pt-BR"},{"@type":"Organization","@id":"https:\/\/www.oarcanjo.net\/site\/#organization","name":"Par\u00f3quia S\u00e3o Miguel Arcanjo","url":"https:\/\/www.oarcanjo.net\/site\/","logo":{"@type":"ImageObject","inLanguage":"pt-BR","@id":"https:\/\/www.oarcanjo.net\/site\/#\/schema\/logo\/image\/","url":"https:\/\/www.oarcanjo.net\/site\/wp-content\/uploads\/LogoOArcanjo.png","contentUrl":"https:\/\/www.oarcanjo.net\/site\/wp-content\/uploads\/LogoOArcanjo.png","width":319,"height":99,"caption":"Par\u00f3quia S\u00e3o Miguel Arcanjo"},"image":{"@id":"https:\/\/www.oarcanjo.net\/site\/#\/schema\/logo\/image\/"},"sameAs":["https:\/\/www.facebook.com\/OArcanjoNoAr\/"]},{"@type":"Person","@id":"https:\/\/www.oarcanjo.net\/site\/#\/schema\/person\/f7024d007863202483a31326673a0838","name":"editor","sameAs":["http:\/\/www.oarcanjo.net"]}]}},"publishpress_future_action":{"enabled":false,"date":"2026-05-09 10:06:47","action":"category","newStatus":"draft","terms":[],"taxonomy":"category"},"publishpress_future_workflow_manual_trigger":{"enabledWorkflows":[]},"_links":{"self":[{"href":"https:\/\/www.oarcanjo.net\/site\/wp-json\/wp\/v2\/posts\/348"}],"collection":[{"href":"https:\/\/www.oarcanjo.net\/site\/wp-json\/wp\/v2\/posts"}],"about":[{"href":"https:\/\/www.oarcanjo.net\/site\/wp-json\/wp\/v2\/types\/post"}],"author":[{"embeddable":true,"href":"https:\/\/www.oarcanjo.net\/site\/wp-json\/wp\/v2\/users\/5"}],"replies":[{"embeddable":true,"href":"https:\/\/www.oarcanjo.net\/site\/wp-json\/wp\/v2\/comments?post=348"}],"version-history":[{"count":0,"href":"https:\/\/www.oarcanjo.net\/site\/wp-json\/wp\/v2\/posts\/348\/revisions"}],"wp:attachment":[{"href":"https:\/\/www.oarcanjo.net\/site\/wp-json\/wp\/v2\/media?parent=348"}],"wp:term":[{"taxonomy":"category","embeddable":true,"href":"https:\/\/www.oarcanjo.net\/site\/wp-json\/wp\/v2\/categories?post=348"},{"taxonomy":"post_tag","embeddable":true,"href":"https:\/\/www.oarcanjo.net\/site\/wp-json\/wp\/v2\/tags?post=348"}],"curies":[{"name":"wp","href":"https:\/\/api.w.org\/{rel}","templated":true}]}}