
{"id":3494,"date":"2009-05-20T23:24:48","date_gmt":"2009-05-21T02:24:48","guid":{"rendered":"http:\/\/www.oarcanjo.net\/site\/?p=3494"},"modified":"2009-05-21T22:27:30","modified_gmt":"2009-05-22T01:27:30","slug":"acreditar-e-anunciar","status":"publish","type":"post","link":"https:\/\/www.oarcanjo.net\/site\/acreditar-e-anunciar\/","title":{"rendered":"Acreditar e anunciar"},"content":{"rendered":"<p>\u201cO valor oculto pouco difere da in\u00e9rcia enterrada.\u201d \u2013 Hor\u00e1cio<\/p>\n<p>\u201cCaro amigo, voc\u00ea n\u00e3o me conhece, mas vivemos no mesmo ambiente. A meu respeito, voc\u00ea sabe apenas de alguns h\u00e1bitos, principalmente os alimentares. J\u00e1 sobre voc\u00ea, eu conhe\u00e7o muito mais do que suas prefer\u00eancias gastron\u00f4micas. Eu o observo, aqui de onde estou, e participo \u00e0 dist\u00e2ncia de suas conversas, di\u00e1logos, ali\u00e1s, bem pouco pac\u00edficos, na maioria das vezes. Lembro-me da \u00faltima, em que voc\u00ea foi claramente execrado por n\u00e3o querer se aproveitar da disposi\u00e7\u00e3o de pessoas queridas para levar vantagem e se dispensar de obriga\u00e7\u00f5es b\u00e1sicas. Coisa triste isso que acontece entre voc\u00eas! Nossa comunidade n\u00e3o tem nada do que voc\u00eas chamam civiliza\u00e7\u00e3o, n\u00e3o somos \u201cn\u00e3o-sei-o qu\u00ea-sapiens\u201d, mas nossos instintos n\u00e3o deixam espa\u00e7o para comportamentos assim t\u00e3o destrutivos.  Entre n\u00f3s n\u00e3o existe o ataque gratuito, apenas a defesa, quando colocam nossa vida em risco. <\/p>\n<p>Mas voltemos ao assunto: voc\u00ea defende a pr\u00e1tica da Justi\u00e7a. E \u00e9 injustamente acusado de ser apenas um bobo, \u201ccertinho\u201d, e outros adjetivos de igual natureza. Voc\u00ea defende a pr\u00e1tica do Direito nas rela\u00e7\u00f5es pessoais. E \u00e9 ignorado no esfor\u00e7o de fazer com que ao menos no seu grupo essa pr\u00e1tica aconte\u00e7a de verdade. Voc\u00ea defende a Paz. E apontam para voc\u00ea, armas poderosas que incitam e sustentam pequenas e grandes guerras onde quer que exista algu\u00e9m disposto a expor a pr\u00f3pria capacidade de destruir o outro.<\/p>\n<p>Sei que voc\u00ea acredita vivamente em todos esses valores, n\u00e3o os tendo como palavras mortas, perdidas nas p\u00e1ginas de algum dicion\u00e1rio. E que s\u00f3 entende o mundo constru\u00eddo sobre e a partir deles. Se \u00e9 verdade que n\u00e3o sei onde voc\u00ea foi buscar essas certezas, tamb\u00e9m \u00e9 evidente que as ter\u00e1 recolhido em alguma fonte de onde jorra a utopia de um mundo feliz aqui e agora para todos. <\/p>\n<p>Siga em frente, amigo, siga em frente sem medo. Fale. Grite. Pense bem: a propaganda vende produtos perec\u00edveis, alguns deles nocivos \u00e0 vida humana, com tanto empenho, criatividade, glamour&#8230; Ora, o que voc\u00ea anuncia vale infinitamente mais, portanto deve ter prioridade. Anuncie. Aconte\u00e7a o que acontecer, anuncie. Porque at\u00e9 n\u00f3s, formigas, sabemos que voc\u00eas foram feitos para compartilhar cren\u00e7as e construir um mundo melhor\u201d.    <\/p>\n<p>Rubens Marchioni \u2013 rumarchioni@yahoo.com.br<\/p>\n<div id=\"themify_builder_content-3494\" data-postid=\"3494\" class=\"themify_builder_content themify_builder_content-3494 themify_builder themify_builder_front\">\n\t<\/div>\n<!-- \/themify_builder_content -->","protected":false},"excerpt":{"rendered":"<p>\u201cO valor oculto pouco difere da in\u00e9rcia enterrada.\u201d \u2013 Hor\u00e1cio \u201cCaro amigo, voc\u00ea n\u00e3o me conhece, mas vivemos no mesmo ambiente. A meu respeito, voc\u00ea sabe apenas de alguns h\u00e1bitos, principalmente os alimentares. J\u00e1 sobre voc\u00ea, eu conhe\u00e7o muito mais do que suas prefer\u00eancias gastron\u00f4micas. Eu o observo, aqui de onde estou, e participo \u00e0 [&hellip;]<\/p>\n","protected":false},"author":5,"featured_media":0,"comment_status":"open","ping_status":"open","sticky":false,"template":"","format":"standard","meta":{"ngg_post_thumbnail":0,"footnotes":""},"categories":[9],"tags":[712,230,167],"yoast_head":"<!-- This site is optimized with the Yoast SEO plugin v23.5 - https:\/\/yoast.com\/wordpress\/plugins\/seo\/ -->\n<title>Acreditar e anunciar - O Arcanjo no ar<\/title>\n<meta name=\"robots\" content=\"index, follow, max-snippet:-1, max-image-preview:large, max-video-preview:-1\" \/>\n<link rel=\"canonical\" href=\"https:\/\/www.oarcanjo.net\/site\/acreditar-e-anunciar\/\" \/>\n<meta property=\"og:locale\" content=\"pt_BR\" \/>\n<meta property=\"og:type\" content=\"article\" \/>\n<meta property=\"og:title\" content=\"Acreditar e anunciar - O Arcanjo no ar\" \/>\n<meta property=\"og:description\" content=\"\u201cO valor oculto pouco difere da in\u00e9rcia enterrada.\u201d \u2013 Hor\u00e1cio \u201cCaro amigo, voc\u00ea n\u00e3o me conhece, mas vivemos no mesmo ambiente. A meu respeito, voc\u00ea sabe apenas de alguns h\u00e1bitos, principalmente os alimentares. J\u00e1 sobre voc\u00ea, eu conhe\u00e7o muito mais do que suas prefer\u00eancias gastron\u00f4micas. Eu o observo, aqui de onde estou, e participo \u00e0 [&hellip;]\" \/>\n<meta property=\"og:url\" content=\"https:\/\/www.oarcanjo.net\/site\/acreditar-e-anunciar\/\" \/>\n<meta property=\"og:site_name\" content=\"O Arcanjo no ar\" \/>\n<meta property=\"article:publisher\" content=\"https:\/\/www.facebook.com\/OArcanjoNoAr\/\" \/>\n<meta property=\"article:published_time\" content=\"2009-05-21T02:24:48+00:00\" \/>\n<meta property=\"article:modified_time\" content=\"2009-05-22T01:27:30+00:00\" \/>\n<meta property=\"og:image\" content=\"https:\/\/www.oarcanjo.net\/site\/wp-content\/uploads\/logo-o-arcanjo-no-ar-facebook.png\" \/>\n\t<meta property=\"og:image:width\" content=\"300\" \/>\n\t<meta property=\"og:image:height\" content=\"300\" \/>\n\t<meta property=\"og:image:type\" content=\"image\/png\" \/>\n<meta name=\"author\" content=\"editor\" \/>\n<meta name=\"twitter:card\" content=\"summary_large_image\" \/>\n<meta name=\"twitter:label1\" content=\"Escrito por\" \/>\n\t<meta name=\"twitter:data1\" content=\"editor\" \/>\n\t<meta name=\"twitter:label2\" content=\"Est. tempo de leitura\" \/>\n\t<meta name=\"twitter:data2\" content=\"2 minutos\" \/>\n<script type=\"application\/ld+json\" class=\"yoast-schema-graph\">{\"@context\":\"https:\/\/schema.org\",\"@graph\":[{\"@type\":\"Article\",\"@id\":\"https:\/\/www.oarcanjo.net\/site\/acreditar-e-anunciar\/#article\",\"isPartOf\":{\"@id\":\"https:\/\/www.oarcanjo.net\/site\/acreditar-e-anunciar\/\"},\"author\":{\"name\":\"editor\",\"@id\":\"https:\/\/www.oarcanjo.net\/site\/#\/schema\/person\/f7024d007863202483a31326673a0838\"},\"headline\":\"Acreditar e anunciar\",\"datePublished\":\"2009-05-21T02:24:48+00:00\",\"dateModified\":\"2009-05-22T01:27:30+00:00\",\"mainEntityOfPage\":{\"@id\":\"https:\/\/www.oarcanjo.net\/site\/acreditar-e-anunciar\/\"},\"wordCount\":413,\"commentCount\":0,\"publisher\":{\"@id\":\"https:\/\/www.oarcanjo.net\/site\/#organization\"},\"keywords\":[\"direito\",\"justi\u00e7a\",\"paz\"],\"articleSection\":[\"Reflex\u00f5es\"],\"inLanguage\":\"pt-BR\",\"potentialAction\":[{\"@type\":\"CommentAction\",\"name\":\"Comment\",\"target\":[\"https:\/\/www.oarcanjo.net\/site\/acreditar-e-anunciar\/#respond\"]}]},{\"@type\":\"WebPage\",\"@id\":\"https:\/\/www.oarcanjo.net\/site\/acreditar-e-anunciar\/\",\"url\":\"https:\/\/www.oarcanjo.net\/site\/acreditar-e-anunciar\/\",\"name\":\"Acreditar e anunciar - O Arcanjo no ar\",\"isPartOf\":{\"@id\":\"https:\/\/www.oarcanjo.net\/site\/#website\"},\"datePublished\":\"2009-05-21T02:24:48+00:00\",\"dateModified\":\"2009-05-22T01:27:30+00:00\",\"breadcrumb\":{\"@id\":\"https:\/\/www.oarcanjo.net\/site\/acreditar-e-anunciar\/#breadcrumb\"},\"inLanguage\":\"pt-BR\",\"potentialAction\":[{\"@type\":\"ReadAction\",\"target\":[\"https:\/\/www.oarcanjo.net\/site\/acreditar-e-anunciar\/\"]}]},{\"@type\":\"BreadcrumbList\",\"@id\":\"https:\/\/www.oarcanjo.net\/site\/acreditar-e-anunciar\/#breadcrumb\",\"itemListElement\":[{\"@type\":\"ListItem\",\"position\":1,\"name\":\"In\u00edcio\",\"item\":\"https:\/\/www.oarcanjo.net\/site\/\"},{\"@type\":\"ListItem\",\"position\":2,\"name\":\"Acreditar e anunciar\"}]},{\"@type\":\"WebSite\",\"@id\":\"https:\/\/www.oarcanjo.net\/site\/#website\",\"url\":\"https:\/\/www.oarcanjo.net\/site\/\",\"name\":\"O Arcanjo no ar\",\"description\":\"Site da Par\u00f3quia S\u00e3o Miguel Arcanjo (Arquidiocese de SP)\",\"publisher\":{\"@id\":\"https:\/\/www.oarcanjo.net\/site\/#organization\"},\"potentialAction\":[{\"@type\":\"SearchAction\",\"target\":{\"@type\":\"EntryPoint\",\"urlTemplate\":\"https:\/\/www.oarcanjo.net\/site\/?s={search_term_string}\"},\"query-input\":{\"@type\":\"PropertyValueSpecification\",\"valueRequired\":true,\"valueName\":\"search_term_string\"}}],\"inLanguage\":\"pt-BR\"},{\"@type\":\"Organization\",\"@id\":\"https:\/\/www.oarcanjo.net\/site\/#organization\",\"name\":\"Par\u00f3quia S\u00e3o Miguel Arcanjo\",\"url\":\"https:\/\/www.oarcanjo.net\/site\/\",\"logo\":{\"@type\":\"ImageObject\",\"inLanguage\":\"pt-BR\",\"@id\":\"https:\/\/www.oarcanjo.net\/site\/#\/schema\/logo\/image\/\",\"url\":\"https:\/\/www.oarcanjo.net\/site\/wp-content\/uploads\/LogoOArcanjo.png\",\"contentUrl\":\"https:\/\/www.oarcanjo.net\/site\/wp-content\/uploads\/LogoOArcanjo.png\",\"width\":319,\"height\":99,\"caption\":\"Par\u00f3quia S\u00e3o Miguel Arcanjo\"},\"image\":{\"@id\":\"https:\/\/www.oarcanjo.net\/site\/#\/schema\/logo\/image\/\"},\"sameAs\":[\"https:\/\/www.facebook.com\/OArcanjoNoAr\/\"]},{\"@type\":\"Person\",\"@id\":\"https:\/\/www.oarcanjo.net\/site\/#\/schema\/person\/f7024d007863202483a31326673a0838\",\"name\":\"editor\",\"sameAs\":[\"http:\/\/www.oarcanjo.net\"]}]}<\/script>\n<!-- \/ Yoast SEO plugin. -->","yoast_head_json":{"title":"Acreditar e anunciar - O Arcanjo no ar","robots":{"index":"index","follow":"follow","max-snippet":"max-snippet:-1","max-image-preview":"max-image-preview:large","max-video-preview":"max-video-preview:-1"},"canonical":"https:\/\/www.oarcanjo.net\/site\/acreditar-e-anunciar\/","og_locale":"pt_BR","og_type":"article","og_title":"Acreditar e anunciar - O Arcanjo no ar","og_description":"\u201cO valor oculto pouco difere da in\u00e9rcia enterrada.\u201d \u2013 Hor\u00e1cio \u201cCaro amigo, voc\u00ea n\u00e3o me conhece, mas vivemos no mesmo ambiente. A meu respeito, voc\u00ea sabe apenas de alguns h\u00e1bitos, principalmente os alimentares. J\u00e1 sobre voc\u00ea, eu conhe\u00e7o muito mais do que suas prefer\u00eancias gastron\u00f4micas. Eu o observo, aqui de onde estou, e participo \u00e0 [&hellip;]","og_url":"https:\/\/www.oarcanjo.net\/site\/acreditar-e-anunciar\/","og_site_name":"O Arcanjo no ar","article_publisher":"https:\/\/www.facebook.com\/OArcanjoNoAr\/","article_published_time":"2009-05-21T02:24:48+00:00","article_modified_time":"2009-05-22T01:27:30+00:00","og_image":[{"width":300,"height":300,"url":"https:\/\/www.oarcanjo.net\/site\/wp-content\/uploads\/logo-o-arcanjo-no-ar-facebook.png","type":"image\/png"}],"author":"editor","twitter_card":"summary_large_image","twitter_misc":{"Escrito por":"editor","Est. tempo de leitura":"2 minutos"},"schema":{"@context":"https:\/\/schema.org","@graph":[{"@type":"Article","@id":"https:\/\/www.oarcanjo.net\/site\/acreditar-e-anunciar\/#article","isPartOf":{"@id":"https:\/\/www.oarcanjo.net\/site\/acreditar-e-anunciar\/"},"author":{"name":"editor","@id":"https:\/\/www.oarcanjo.net\/site\/#\/schema\/person\/f7024d007863202483a31326673a0838"},"headline":"Acreditar e anunciar","datePublished":"2009-05-21T02:24:48+00:00","dateModified":"2009-05-22T01:27:30+00:00","mainEntityOfPage":{"@id":"https:\/\/www.oarcanjo.net\/site\/acreditar-e-anunciar\/"},"wordCount":413,"commentCount":0,"publisher":{"@id":"https:\/\/www.oarcanjo.net\/site\/#organization"},"keywords":["direito","justi\u00e7a","paz"],"articleSection":["Reflex\u00f5es"],"inLanguage":"pt-BR","potentialAction":[{"@type":"CommentAction","name":"Comment","target":["https:\/\/www.oarcanjo.net\/site\/acreditar-e-anunciar\/#respond"]}]},{"@type":"WebPage","@id":"https:\/\/www.oarcanjo.net\/site\/acreditar-e-anunciar\/","url":"https:\/\/www.oarcanjo.net\/site\/acreditar-e-anunciar\/","name":"Acreditar e anunciar - O Arcanjo no ar","isPartOf":{"@id":"https:\/\/www.oarcanjo.net\/site\/#website"},"datePublished":"2009-05-21T02:24:48+00:00","dateModified":"2009-05-22T01:27:30+00:00","breadcrumb":{"@id":"https:\/\/www.oarcanjo.net\/site\/acreditar-e-anunciar\/#breadcrumb"},"inLanguage":"pt-BR","potentialAction":[{"@type":"ReadAction","target":["https:\/\/www.oarcanjo.net\/site\/acreditar-e-anunciar\/"]}]},{"@type":"BreadcrumbList","@id":"https:\/\/www.oarcanjo.net\/site\/acreditar-e-anunciar\/#breadcrumb","itemListElement":[{"@type":"ListItem","position":1,"name":"In\u00edcio","item":"https:\/\/www.oarcanjo.net\/site\/"},{"@type":"ListItem","position":2,"name":"Acreditar e anunciar"}]},{"@type":"WebSite","@id":"https:\/\/www.oarcanjo.net\/site\/#website","url":"https:\/\/www.oarcanjo.net\/site\/","name":"O Arcanjo no ar","description":"Site da Par\u00f3quia S\u00e3o Miguel Arcanjo (Arquidiocese de SP)","publisher":{"@id":"https:\/\/www.oarcanjo.net\/site\/#organization"},"potentialAction":[{"@type":"SearchAction","target":{"@type":"EntryPoint","urlTemplate":"https:\/\/www.oarcanjo.net\/site\/?s={search_term_string}"},"query-input":{"@type":"PropertyValueSpecification","valueRequired":true,"valueName":"search_term_string"}}],"inLanguage":"pt-BR"},{"@type":"Organization","@id":"https:\/\/www.oarcanjo.net\/site\/#organization","name":"Par\u00f3quia S\u00e3o Miguel Arcanjo","url":"https:\/\/www.oarcanjo.net\/site\/","logo":{"@type":"ImageObject","inLanguage":"pt-BR","@id":"https:\/\/www.oarcanjo.net\/site\/#\/schema\/logo\/image\/","url":"https:\/\/www.oarcanjo.net\/site\/wp-content\/uploads\/LogoOArcanjo.png","contentUrl":"https:\/\/www.oarcanjo.net\/site\/wp-content\/uploads\/LogoOArcanjo.png","width":319,"height":99,"caption":"Par\u00f3quia S\u00e3o Miguel Arcanjo"},"image":{"@id":"https:\/\/www.oarcanjo.net\/site\/#\/schema\/logo\/image\/"},"sameAs":["https:\/\/www.facebook.com\/OArcanjoNoAr\/"]},{"@type":"Person","@id":"https:\/\/www.oarcanjo.net\/site\/#\/schema\/person\/f7024d007863202483a31326673a0838","name":"editor","sameAs":["http:\/\/www.oarcanjo.net"]}]}},"publishpress_future_action":{"enabled":false,"date":"2026-05-09 05:20:55","action":"category","newStatus":"draft","terms":[],"taxonomy":"category"},"publishpress_future_workflow_manual_trigger":{"enabledWorkflows":[]},"_links":{"self":[{"href":"https:\/\/www.oarcanjo.net\/site\/wp-json\/wp\/v2\/posts\/3494"}],"collection":[{"href":"https:\/\/www.oarcanjo.net\/site\/wp-json\/wp\/v2\/posts"}],"about":[{"href":"https:\/\/www.oarcanjo.net\/site\/wp-json\/wp\/v2\/types\/post"}],"author":[{"embeddable":true,"href":"https:\/\/www.oarcanjo.net\/site\/wp-json\/wp\/v2\/users\/5"}],"replies":[{"embeddable":true,"href":"https:\/\/www.oarcanjo.net\/site\/wp-json\/wp\/v2\/comments?post=3494"}],"version-history":[{"count":0,"href":"https:\/\/www.oarcanjo.net\/site\/wp-json\/wp\/v2\/posts\/3494\/revisions"}],"wp:attachment":[{"href":"https:\/\/www.oarcanjo.net\/site\/wp-json\/wp\/v2\/media?parent=3494"}],"wp:term":[{"taxonomy":"category","embeddable":true,"href":"https:\/\/www.oarcanjo.net\/site\/wp-json\/wp\/v2\/categories?post=3494"},{"taxonomy":"post_tag","embeddable":true,"href":"https:\/\/www.oarcanjo.net\/site\/wp-json\/wp\/v2\/tags?post=3494"}],"curies":[{"name":"wp","href":"https:\/\/api.w.org\/{rel}","templated":true}]}}