
{"id":3499,"date":"2009-05-22T07:00:15","date_gmt":"2009-05-22T10:00:15","guid":{"rendered":"http:\/\/www.oarcanjo.net\/site\/?p=3499"},"modified":"2009-05-21T21:48:43","modified_gmt":"2009-05-22T00:48:43","slug":"quando-o-ceu-casa-com-a-terra","status":"publish","type":"post","link":"https:\/\/www.oarcanjo.net\/site\/quando-o-ceu-casa-com-a-terra\/","title":{"rendered":"Quando o C\u00e9u casa com a Terra"},"content":{"rendered":"<p>Leonardo Boff<\/p>\n<p>Observando o processo de mundializa\u00e7\u00e3o, entendido como nova etapa da humanidade e da Terra, no qual culturas, tradi\u00e7\u00f5es e povos os mais diversos se encontram pela primeira vez, tomamos consci\u00eancia de que podemos ser humanos de muitas maneiras diferentes e que se pode encontrar a \u00daltima Realidade, a mais \u00edntima e profunda, seguindo muitos caminhos. Pensar que h\u00e1 uma \u00fanica janela pela qual se pode vislumbrar a paisagem divina \u00e9 a ilus\u00e3o dos crist\u00e3os do Ocidente. \u00c9 tamb\u00e9m o seu erro. Hoje o atual Papa vive repetindo a senten\u00e7a medieval, superada pelo Vaticano II, de que &#8220;fora da Igreja n\u00e3o h\u00e1 salva\u00e7\u00e3o&#8221;. Para ele, ela \u00e9 a \u00fanica religi\u00e3o verdadeira e as outras s\u00e3o t\u00e3o somente bra\u00e7os estendidos ao c\u00e9u mas sem a certeza de que Deus acolha esta s\u00faplica. Pensar assim \u00e9 ter pouca f\u00e9 e imaginar que Deus tem o tamanho da nossa cabe\u00e7a. Quem n\u00e3o encontrou pessoas profundamente piedosas de outras religi\u00f5es, nas quais se percebe claramente a presen\u00e7a de Deus? N\u00e3o reconhecer tal realidade \u00e9, na verdade, pecar contra o Esp\u00edrito Santo que est\u00e1 sempre alimentando a dimens\u00e3o espiritual ao largo dos tempos hist\u00f3ricos.<\/p>\n<p>Nas minhas muitas viagens, nos encontros com culturas diferentes e com pessoas religiosas de todo tipo, me dei conta da necessidade que todos temos de aprender uns dos outros e da profunda capacidade de venera\u00e7\u00e3o da qual os mais diferentes povos d\u00e3o convincente testemunho.<\/p>\n<p>H\u00e1 alguns anos, dei palestras em muitas cidades da Su\u00e9cia sobre ecologia e espiritualidade. Numa ocasi\u00e3o me levaram quase ao p\u00f3lo norte onde vivem os samis (esquim\u00f3s). Eles n\u00e3o gostam de encontrar estrangeiros. Mas sabendo que era um te\u00f3logo da liberta\u00e7\u00e3o, quiseram conhecer esta raridade. Vieram tr\u00eas l\u00edderes ind\u00edgenas. O mais velho logo me perguntou:&#8221;Os \u00edndios do Brasil casam o C\u00e9u com a Terra ou n\u00e3o&#8221;? Eu logo entendi a inten\u00e7\u00e3o e respondi de pronto:&#8221;L\u00f3gico que casam, pois deste casamento nascem todas as coisas&#8221;. Ao que ele, feliz, retrucou:&#8221;ent\u00e3o s\u00e3o ainda \u00edndios e n\u00e3o s\u00e3o como nossos irm\u00e3os de Oslo que j\u00e1 n\u00e3o acreditam no C\u00e9u&#8221;. E dai seguiu-se um di\u00e1logo profundo sobre o sentido de unidade entre Deus, o mundo, o homem, a mulher, os animais, a terra, o sol e a vida.<\/p>\n<p>Experi\u00eancia semelhante vivi em 2008 na Guatemala quando participei de uma bel\u00edssima celebra\u00e7\u00e3o com sacerdotes maias junto o lago Atitlan. Havia tamb\u00e9m sacerdotisas. Tudo se realizava ao redor do fogo sagrado. Come\u00e7aram invocando as energias das montanhas, das \u00e1guas, das florestas, do sol e da m\u00e3e Terra. Durante a cerim\u00f4nia, uma sacerdotisa se avizinhou de mim e disse:&#8221;voc\u00ea est\u00e1 muito cansado e deve ainda trabalhar bastante&#8221;. Efetivamente, por vinte dias percorri, de carro, v\u00e1rios pa\u00edses participando de eventos e dando muitas palestras. E ent\u00e3o ela com seu polegar pressionou meu peito, na altura do cora\u00e7\u00e3o, com tal for\u00e7a a ponto de quase me quebrar uma costela. Tempos depois, retornou a mim e disse:&#8221;voc\u00ea tem um joelho machucado&#8221;. Eu lhe perguntei: &#8220;como sabe&#8221;? E ela respondeu: &#8220;eu o senti pela for\u00e7a da M\u00e3e Terra&#8221;. Com efeito, ao desembarcar na praia, retorci o joelho que inchou. Levou-me junto ao fogo sagrado e por trinta a quarenta vezes passou a m\u00e3o do fogo ao joelho at\u00e9 que esse desinchasse totalmente. Antes de terminar a celebra\u00e7\u00e3o que durou cerca de tr\u00eas horas, retornou a mim e disse: &#8220;est\u00e1 ainda cansado&#8221;. E novamente pressionou fortemente o polegar sobre meu peito. Senti estranho ardor e de repente estava relaxado e tranq\u00fcilo como nunca antes.<\/p>\n<p>S\u00e3o sacerdotes-xam\u00e3s que entram em contacto com as energias do universo e ajudam as pessoas no seu bem viver.<\/p>\n<p>Certa vez perguntei ao Dalai Lama:&#8221;Qual \u00e9 a melhor religi\u00e3o?&#8221; E ele com um sorriso entre s\u00e1bio e malicioso respondeu: &#8220;\u00c9 aquela que te faz melhor&#8221;. Perplexo continuei: &#8220;o que \u00e9 fazer-me melhor?&#8221; E ele: &#8220;aquela que te faz mais compassivo, mais humano e mais aberto ao Todo; esta \u00e9 a melhor&#8221;. S\u00e1bia resposta que guardo com rever\u00eancia at\u00e9 os dias de hoje.<\/p>\n<div id=\"themify_builder_content-3499\" data-postid=\"3499\" class=\"themify_builder_content themify_builder_content-3499 themify_builder themify_builder_front\">\n\t<\/div>\n<!-- \/themify_builder_content -->","protected":false},"excerpt":{"rendered":"<p>Leonardo Boff Observando o processo de mundializa\u00e7\u00e3o, entendido como nova etapa da humanidade e da Terra, no qual culturas, tradi\u00e7\u00f5es e povos os mais diversos se encontram pela primeira vez, tomamos consci\u00eancia de que podemos ser humanos de muitas maneiras diferentes e que se pode encontrar a \u00daltima Realidade, a mais \u00edntima e profunda, seguindo [&hellip;]<\/p>\n","protected":false},"author":5,"featured_media":0,"comment_status":"open","ping_status":"open","sticky":false,"template":"","format":"standard","meta":{"ngg_post_thumbnail":0,"footnotes":""},"categories":[9],"tags":[715,438,426,76,268,713,714],"yoast_head":"<!-- This site is optimized with the Yoast SEO plugin v23.5 - https:\/\/yoast.com\/wordpress\/plugins\/seo\/ -->\n<title>Quando o C\u00e9u casa com a Terra - O Arcanjo no ar<\/title>\n<meta name=\"robots\" content=\"index, follow, max-snippet:-1, max-image-preview:large, max-video-preview:-1\" \/>\n<link rel=\"canonical\" href=\"https:\/\/www.oarcanjo.net\/site\/quando-o-ceu-casa-com-a-terra\/\" \/>\n<meta property=\"og:locale\" content=\"pt_BR\" \/>\n<meta property=\"og:type\" content=\"article\" \/>\n<meta property=\"og:title\" content=\"Quando o C\u00e9u casa com a Terra - O Arcanjo no ar\" \/>\n<meta property=\"og:description\" content=\"Leonardo Boff Observando o processo de mundializa\u00e7\u00e3o, entendido como nova etapa da humanidade e da Terra, no qual culturas, tradi\u00e7\u00f5es e povos os mais diversos se encontram pela primeira vez, tomamos consci\u00eancia de que podemos ser humanos de muitas maneiras diferentes e que se pode encontrar a \u00daltima Realidade, a mais \u00edntima e profunda, seguindo [&hellip;]\" \/>\n<meta property=\"og:url\" content=\"https:\/\/www.oarcanjo.net\/site\/quando-o-ceu-casa-com-a-terra\/\" \/>\n<meta property=\"og:site_name\" content=\"O Arcanjo no ar\" \/>\n<meta property=\"article:publisher\" content=\"https:\/\/www.facebook.com\/OArcanjoNoAr\/\" \/>\n<meta property=\"article:published_time\" content=\"2009-05-22T10:00:15+00:00\" \/>\n<meta property=\"article:modified_time\" content=\"2009-05-22T00:48:43+00:00\" \/>\n<meta property=\"og:image\" content=\"https:\/\/www.oarcanjo.net\/site\/wp-content\/uploads\/logo-o-arcanjo-no-ar-facebook.png\" \/>\n\t<meta property=\"og:image:width\" content=\"300\" \/>\n\t<meta property=\"og:image:height\" content=\"300\" \/>\n\t<meta property=\"og:image:type\" content=\"image\/png\" \/>\n<meta name=\"author\" content=\"editor\" \/>\n<meta name=\"twitter:card\" content=\"summary_large_image\" \/>\n<meta name=\"twitter:label1\" content=\"Escrito por\" \/>\n\t<meta name=\"twitter:data1\" content=\"editor\" \/>\n\t<meta name=\"twitter:label2\" content=\"Est. tempo de leitura\" \/>\n\t<meta name=\"twitter:data2\" content=\"4 minutos\" \/>\n<script type=\"application\/ld+json\" class=\"yoast-schema-graph\">{\"@context\":\"https:\/\/schema.org\",\"@graph\":[{\"@type\":\"Article\",\"@id\":\"https:\/\/www.oarcanjo.net\/site\/quando-o-ceu-casa-com-a-terra\/#article\",\"isPartOf\":{\"@id\":\"https:\/\/www.oarcanjo.net\/site\/quando-o-ceu-casa-com-a-terra\/\"},\"author\":{\"name\":\"editor\",\"@id\":\"https:\/\/www.oarcanjo.net\/site\/#\/schema\/person\/f7024d007863202483a31326673a0838\"},\"headline\":\"Quando o C\u00e9u casa com a Terra\",\"datePublished\":\"2009-05-22T10:00:15+00:00\",\"dateModified\":\"2009-05-22T00:48:43+00:00\",\"mainEntityOfPage\":{\"@id\":\"https:\/\/www.oarcanjo.net\/site\/quando-o-ceu-casa-com-a-terra\/\"},\"wordCount\":733,\"commentCount\":0,\"publisher\":{\"@id\":\"https:\/\/www.oarcanjo.net\/site\/#organization\"},\"keywords\":[\"Dalai Lama\",\"di\u00e1logo\",\"Esp\u00edrito Santo\",\"espiritualidade\",\"religi\u00e3o\",\"samis\",\"xam\u00e3s\"],\"articleSection\":[\"Reflex\u00f5es\"],\"inLanguage\":\"pt-BR\",\"potentialAction\":[{\"@type\":\"CommentAction\",\"name\":\"Comment\",\"target\":[\"https:\/\/www.oarcanjo.net\/site\/quando-o-ceu-casa-com-a-terra\/#respond\"]}]},{\"@type\":\"WebPage\",\"@id\":\"https:\/\/www.oarcanjo.net\/site\/quando-o-ceu-casa-com-a-terra\/\",\"url\":\"https:\/\/www.oarcanjo.net\/site\/quando-o-ceu-casa-com-a-terra\/\",\"name\":\"Quando o C\u00e9u casa com a Terra - O Arcanjo no ar\",\"isPartOf\":{\"@id\":\"https:\/\/www.oarcanjo.net\/site\/#website\"},\"datePublished\":\"2009-05-22T10:00:15+00:00\",\"dateModified\":\"2009-05-22T00:48:43+00:00\",\"breadcrumb\":{\"@id\":\"https:\/\/www.oarcanjo.net\/site\/quando-o-ceu-casa-com-a-terra\/#breadcrumb\"},\"inLanguage\":\"pt-BR\",\"potentialAction\":[{\"@type\":\"ReadAction\",\"target\":[\"https:\/\/www.oarcanjo.net\/site\/quando-o-ceu-casa-com-a-terra\/\"]}]},{\"@type\":\"BreadcrumbList\",\"@id\":\"https:\/\/www.oarcanjo.net\/site\/quando-o-ceu-casa-com-a-terra\/#breadcrumb\",\"itemListElement\":[{\"@type\":\"ListItem\",\"position\":1,\"name\":\"In\u00edcio\",\"item\":\"https:\/\/www.oarcanjo.net\/site\/\"},{\"@type\":\"ListItem\",\"position\":2,\"name\":\"Quando o C\u00e9u casa com a Terra\"}]},{\"@type\":\"WebSite\",\"@id\":\"https:\/\/www.oarcanjo.net\/site\/#website\",\"url\":\"https:\/\/www.oarcanjo.net\/site\/\",\"name\":\"O Arcanjo no ar\",\"description\":\"Site da Par\u00f3quia S\u00e3o Miguel Arcanjo (Arquidiocese de SP)\",\"publisher\":{\"@id\":\"https:\/\/www.oarcanjo.net\/site\/#organization\"},\"potentialAction\":[{\"@type\":\"SearchAction\",\"target\":{\"@type\":\"EntryPoint\",\"urlTemplate\":\"https:\/\/www.oarcanjo.net\/site\/?s={search_term_string}\"},\"query-input\":{\"@type\":\"PropertyValueSpecification\",\"valueRequired\":true,\"valueName\":\"search_term_string\"}}],\"inLanguage\":\"pt-BR\"},{\"@type\":\"Organization\",\"@id\":\"https:\/\/www.oarcanjo.net\/site\/#organization\",\"name\":\"Par\u00f3quia S\u00e3o Miguel Arcanjo\",\"url\":\"https:\/\/www.oarcanjo.net\/site\/\",\"logo\":{\"@type\":\"ImageObject\",\"inLanguage\":\"pt-BR\",\"@id\":\"https:\/\/www.oarcanjo.net\/site\/#\/schema\/logo\/image\/\",\"url\":\"https:\/\/www.oarcanjo.net\/site\/wp-content\/uploads\/LogoOArcanjo.png\",\"contentUrl\":\"https:\/\/www.oarcanjo.net\/site\/wp-content\/uploads\/LogoOArcanjo.png\",\"width\":319,\"height\":99,\"caption\":\"Par\u00f3quia S\u00e3o Miguel Arcanjo\"},\"image\":{\"@id\":\"https:\/\/www.oarcanjo.net\/site\/#\/schema\/logo\/image\/\"},\"sameAs\":[\"https:\/\/www.facebook.com\/OArcanjoNoAr\/\"]},{\"@type\":\"Person\",\"@id\":\"https:\/\/www.oarcanjo.net\/site\/#\/schema\/person\/f7024d007863202483a31326673a0838\",\"name\":\"editor\",\"sameAs\":[\"http:\/\/www.oarcanjo.net\"]}]}<\/script>\n<!-- \/ Yoast SEO plugin. -->","yoast_head_json":{"title":"Quando o C\u00e9u casa com a Terra - O Arcanjo no ar","robots":{"index":"index","follow":"follow","max-snippet":"max-snippet:-1","max-image-preview":"max-image-preview:large","max-video-preview":"max-video-preview:-1"},"canonical":"https:\/\/www.oarcanjo.net\/site\/quando-o-ceu-casa-com-a-terra\/","og_locale":"pt_BR","og_type":"article","og_title":"Quando o C\u00e9u casa com a Terra - O Arcanjo no ar","og_description":"Leonardo Boff Observando o processo de mundializa\u00e7\u00e3o, entendido como nova etapa da humanidade e da Terra, no qual culturas, tradi\u00e7\u00f5es e povos os mais diversos se encontram pela primeira vez, tomamos consci\u00eancia de que podemos ser humanos de muitas maneiras diferentes e que se pode encontrar a \u00daltima Realidade, a mais \u00edntima e profunda, seguindo [&hellip;]","og_url":"https:\/\/www.oarcanjo.net\/site\/quando-o-ceu-casa-com-a-terra\/","og_site_name":"O Arcanjo no ar","article_publisher":"https:\/\/www.facebook.com\/OArcanjoNoAr\/","article_published_time":"2009-05-22T10:00:15+00:00","article_modified_time":"2009-05-22T00:48:43+00:00","og_image":[{"width":300,"height":300,"url":"https:\/\/www.oarcanjo.net\/site\/wp-content\/uploads\/logo-o-arcanjo-no-ar-facebook.png","type":"image\/png"}],"author":"editor","twitter_card":"summary_large_image","twitter_misc":{"Escrito por":"editor","Est. tempo de leitura":"4 minutos"},"schema":{"@context":"https:\/\/schema.org","@graph":[{"@type":"Article","@id":"https:\/\/www.oarcanjo.net\/site\/quando-o-ceu-casa-com-a-terra\/#article","isPartOf":{"@id":"https:\/\/www.oarcanjo.net\/site\/quando-o-ceu-casa-com-a-terra\/"},"author":{"name":"editor","@id":"https:\/\/www.oarcanjo.net\/site\/#\/schema\/person\/f7024d007863202483a31326673a0838"},"headline":"Quando o C\u00e9u casa com a Terra","datePublished":"2009-05-22T10:00:15+00:00","dateModified":"2009-05-22T00:48:43+00:00","mainEntityOfPage":{"@id":"https:\/\/www.oarcanjo.net\/site\/quando-o-ceu-casa-com-a-terra\/"},"wordCount":733,"commentCount":0,"publisher":{"@id":"https:\/\/www.oarcanjo.net\/site\/#organization"},"keywords":["Dalai Lama","di\u00e1logo","Esp\u00edrito Santo","espiritualidade","religi\u00e3o","samis","xam\u00e3s"],"articleSection":["Reflex\u00f5es"],"inLanguage":"pt-BR","potentialAction":[{"@type":"CommentAction","name":"Comment","target":["https:\/\/www.oarcanjo.net\/site\/quando-o-ceu-casa-com-a-terra\/#respond"]}]},{"@type":"WebPage","@id":"https:\/\/www.oarcanjo.net\/site\/quando-o-ceu-casa-com-a-terra\/","url":"https:\/\/www.oarcanjo.net\/site\/quando-o-ceu-casa-com-a-terra\/","name":"Quando o C\u00e9u casa com a Terra - O Arcanjo no ar","isPartOf":{"@id":"https:\/\/www.oarcanjo.net\/site\/#website"},"datePublished":"2009-05-22T10:00:15+00:00","dateModified":"2009-05-22T00:48:43+00:00","breadcrumb":{"@id":"https:\/\/www.oarcanjo.net\/site\/quando-o-ceu-casa-com-a-terra\/#breadcrumb"},"inLanguage":"pt-BR","potentialAction":[{"@type":"ReadAction","target":["https:\/\/www.oarcanjo.net\/site\/quando-o-ceu-casa-com-a-terra\/"]}]},{"@type":"BreadcrumbList","@id":"https:\/\/www.oarcanjo.net\/site\/quando-o-ceu-casa-com-a-terra\/#breadcrumb","itemListElement":[{"@type":"ListItem","position":1,"name":"In\u00edcio","item":"https:\/\/www.oarcanjo.net\/site\/"},{"@type":"ListItem","position":2,"name":"Quando o C\u00e9u casa com a Terra"}]},{"@type":"WebSite","@id":"https:\/\/www.oarcanjo.net\/site\/#website","url":"https:\/\/www.oarcanjo.net\/site\/","name":"O Arcanjo no ar","description":"Site da Par\u00f3quia S\u00e3o Miguel Arcanjo (Arquidiocese de SP)","publisher":{"@id":"https:\/\/www.oarcanjo.net\/site\/#organization"},"potentialAction":[{"@type":"SearchAction","target":{"@type":"EntryPoint","urlTemplate":"https:\/\/www.oarcanjo.net\/site\/?s={search_term_string}"},"query-input":{"@type":"PropertyValueSpecification","valueRequired":true,"valueName":"search_term_string"}}],"inLanguage":"pt-BR"},{"@type":"Organization","@id":"https:\/\/www.oarcanjo.net\/site\/#organization","name":"Par\u00f3quia S\u00e3o Miguel Arcanjo","url":"https:\/\/www.oarcanjo.net\/site\/","logo":{"@type":"ImageObject","inLanguage":"pt-BR","@id":"https:\/\/www.oarcanjo.net\/site\/#\/schema\/logo\/image\/","url":"https:\/\/www.oarcanjo.net\/site\/wp-content\/uploads\/LogoOArcanjo.png","contentUrl":"https:\/\/www.oarcanjo.net\/site\/wp-content\/uploads\/LogoOArcanjo.png","width":319,"height":99,"caption":"Par\u00f3quia S\u00e3o Miguel Arcanjo"},"image":{"@id":"https:\/\/www.oarcanjo.net\/site\/#\/schema\/logo\/image\/"},"sameAs":["https:\/\/www.facebook.com\/OArcanjoNoAr\/"]},{"@type":"Person","@id":"https:\/\/www.oarcanjo.net\/site\/#\/schema\/person\/f7024d007863202483a31326673a0838","name":"editor","sameAs":["http:\/\/www.oarcanjo.net"]}]}},"publishpress_future_action":{"enabled":false,"date":"2026-05-09 07:23:56","action":"category","newStatus":"draft","terms":[],"taxonomy":"category"},"publishpress_future_workflow_manual_trigger":{"enabledWorkflows":[]},"_links":{"self":[{"href":"https:\/\/www.oarcanjo.net\/site\/wp-json\/wp\/v2\/posts\/3499"}],"collection":[{"href":"https:\/\/www.oarcanjo.net\/site\/wp-json\/wp\/v2\/posts"}],"about":[{"href":"https:\/\/www.oarcanjo.net\/site\/wp-json\/wp\/v2\/types\/post"}],"author":[{"embeddable":true,"href":"https:\/\/www.oarcanjo.net\/site\/wp-json\/wp\/v2\/users\/5"}],"replies":[{"embeddable":true,"href":"https:\/\/www.oarcanjo.net\/site\/wp-json\/wp\/v2\/comments?post=3499"}],"version-history":[{"count":0,"href":"https:\/\/www.oarcanjo.net\/site\/wp-json\/wp\/v2\/posts\/3499\/revisions"}],"wp:attachment":[{"href":"https:\/\/www.oarcanjo.net\/site\/wp-json\/wp\/v2\/media?parent=3499"}],"wp:term":[{"taxonomy":"category","embeddable":true,"href":"https:\/\/www.oarcanjo.net\/site\/wp-json\/wp\/v2\/categories?post=3499"},{"taxonomy":"post_tag","embeddable":true,"href":"https:\/\/www.oarcanjo.net\/site\/wp-json\/wp\/v2\/tags?post=3499"}],"curies":[{"name":"wp","href":"https:\/\/api.w.org\/{rel}","templated":true}]}}