
{"id":3501,"date":"2009-05-21T21:51:05","date_gmt":"2009-05-22T00:51:05","guid":{"rendered":"http:\/\/www.oarcanjo.net\/site\/?p=3501"},"modified":"2009-05-21T21:51:05","modified_gmt":"2009-05-22T00:51:05","slug":"unidos-no-misterio-do-amor","status":"publish","type":"post","link":"https:\/\/www.oarcanjo.net\/site\/unidos-no-misterio-do-amor\/","title":{"rendered":"Unidos no mist\u00e9rio do amor"},"content":{"rendered":"<p>Marcelo Barros<\/p>\n<p>H\u00e1 quem pense que o caminho para a unidade das Igrejas crist\u00e3s seja importante apenas internamente para as Igrejas, mas, para o mundo leigo e secular, tem pouca relev\u00e2ncia. N\u00e3o \u00e9 verdade. Se as Igrejas tivessem conseguido se unir nos Estados Unidos, na \u00e9poca em que o presidente Bush invocava a B\u00edblia para invadir o Iraque, elas teriam impedido a guerra ou, ao menos, evitado uma mistifica\u00e7\u00e3o que tornava o conflito por petr\u00f3leo e poder uma guerra santa. Se, no mundo, as Igrejas tivessem se unido na defesa da Terra e da \u00c1gua, provavelmente, n\u00e3o ter\u00edamos a grave crise ecol\u00f3gica que vivemos. A Semana de Ora\u00e7\u00f5es pela Unidade dos Crist\u00e3os que ocorre cada ano nos dias anteriores \u00e0 festa de Pentecostes (na pr\u00f3xima semana, de 24 a 29 deste m\u00eas) tem em vista unir as Igrejas no servi\u00e7o solid\u00e1rio e amoroso \u00e0 humanidade e ao planeta. \u00c9 promovida internacionalmente pelo Conselho Mundial de Igrejas que tem sede em Genebra e re\u00fane em uma associa\u00e7\u00e3o fraterna descentralizada 349 Igrejas. No Brasil, \u00e9 coordenada pelo Conselho Nacional de Igrejas Crist\u00e3s (CONIC), com apoio da Igreja Cat\u00f3lica e de outras sete Igrejas crist\u00e3s.<\/p>\n<p>Neste ano, a Semana da Unidade tem como tema um vers\u00edculo do profeta Ezequiel: &#8220;Unidos na tua m\u00e3o&#8221; (Ez 37, 17). O texto b\u00edblico, escrito cinco s\u00e9culos antes de Cristo, se refere ao projeto divino de unir as tribos de Israel, mesmo diversas e aut\u00f4nomas, na unidade de uma s\u00f3 na\u00e7\u00e3o, ap\u00f3s a domina\u00e7\u00e3o babil\u00f4nica. O Israel que parecia um dep\u00f3sito de ossos secos, ao receber o Esp\u00edrito, retomaria a vida e a unidade de um corpo vivo com muitos membros, cada uma com sua fun\u00e7\u00e3o, mas na unidade de um s\u00f3 organismo. Hoje, resta a compreens\u00e3o que, em Deus, as diferen\u00e7as entre n\u00f3s n\u00e3o significam divis\u00f5es. A diversidade pode ser fonte de enriquecimento para todos, desde que cada comunidade se ponha na m\u00e3o do mist\u00e9rio maior do amor e se disponha a servir \u00e0 vida da humanidade e de todos os seres vivos. <\/p>\n<p>Atualmente, o Cristianismo continua dividido entre Oriente e Ocidente. A divis\u00e3o entre as Igrejas \u00e9 antiga. No ano 450, j\u00e1 houve uma ruptura entre as Igrejas que aceitaram as decis\u00f5es do Conc\u00edlio de Calced\u00f4nia e outras que permaneceram pr\u00e9-calcedonianas. Em 1054, a ruptura entre Igrejas Orientais e a Igreja Latina se tornou oficial. Foi uma ruptura causada por incapacidades m\u00fatuas de aceitar as diferen\u00e7as culturais entre orientais e ocidentais, mas principalmente, por lutas e ambi\u00e7\u00f5es de poder eclesi\u00e1stico e pol\u00edtico. Infelizmente, isso se deu em nome de Jesus que sempre alertou os disc\u00edpulos contra a idolatria do poder e pediu que fossem servidores uns dos outros. No pr\u00f3prio Ocidente, as divis\u00f5es pol\u00edticas e a decad\u00eancia do Cristianismo dominado por reis e pr\u00edncipes levaram \u00e0s divis\u00f5es da Reforma protestante (1517), com uma purifica\u00e7\u00e3o necess\u00e1ria da f\u00e9, mas muitos sofrimentos e intoler\u00e2ncias que se prolongam at\u00e9 hoje. O s\u00e9culo XX viu nascer ainda os movimentos e Igrejas pentecostais. Atualmente, o fen\u00f4meno que se convencionou chamar de neo-pentecostalismo invade todas as Igrejas, mesmo a Igreja Cat\u00f3lica, seus shows missas e seus cantores pop. <\/p>\n<p>Ningu\u00e9m prop\u00f5e entre as Igrejas uma unidade centralizada de estrutura ou de organiza\u00e7\u00e3o. A diversidade \u00e9 um bem. Conforme o Novo Testamento, Igreja deve sempre ser comunidade local e tem direito a ter seu rosto pr\u00f3prio, sua cultura e sua autonomia. O que queremos \u00e9 merecer o t\u00edtulo que aparece em uma carta atribu\u00edda a S\u00e3o Jo\u00e3o: &#8220;Igrejas irm\u00e3s&#8221;. <\/p>\n<p>Sonhamos com o di\u00e1logo e a colabora\u00e7\u00e3o amorosa entre as Igrejas e tamb\u00e9m em rela\u00e7\u00e3o \u00e0s religi\u00f5es n\u00e3o crist\u00e3s para aprendermos umas com as outras e, juntas, cada qual com sua autonomia e sua forma pr\u00f3pria de crer, colaborar pela Paz, Justi\u00e7a e defesa da vida no planeta. <\/p>\n<div id=\"themify_builder_content-3501\" data-postid=\"3501\" class=\"themify_builder_content themify_builder_content-3501 themify_builder themify_builder_front\">\n\t<\/div>\n<!-- \/themify_builder_content -->","protected":false},"excerpt":{"rendered":"<p>Marcelo Barros H\u00e1 quem pense que o caminho para a unidade das Igrejas crist\u00e3s seja importante apenas internamente para as Igrejas, mas, para o mundo leigo e secular, tem pouca relev\u00e2ncia. N\u00e3o \u00e9 verdade. Se as Igrejas tivessem conseguido se unir nos Estados Unidos, na \u00e9poca em que o presidente Bush invocava a B\u00edblia para [&hellip;]<\/p>\n","protected":false},"author":5,"featured_media":0,"comment_status":"open","ping_status":"open","sticky":false,"template":"","format":"standard","meta":{"ngg_post_thumbnail":0,"footnotes":""},"categories":[9],"tags":[63,717,438,101,718,716],"yoast_head":"<!-- This site is optimized with the Yoast SEO plugin v23.5 - https:\/\/yoast.com\/wordpress\/plugins\/seo\/ -->\n<title>Unidos no mist\u00e9rio do amor - O Arcanjo no ar<\/title>\n<meta name=\"robots\" content=\"index, follow, max-snippet:-1, max-image-preview:large, max-video-preview:-1\" \/>\n<link rel=\"canonical\" href=\"https:\/\/www.oarcanjo.net\/site\/unidos-no-misterio-do-amor\/\" \/>\n<meta property=\"og:locale\" content=\"pt_BR\" \/>\n<meta property=\"og:type\" content=\"article\" \/>\n<meta property=\"og:title\" content=\"Unidos no mist\u00e9rio do amor - O Arcanjo no ar\" \/>\n<meta property=\"og:description\" content=\"Marcelo Barros H\u00e1 quem pense que o caminho para a unidade das Igrejas crist\u00e3s seja importante apenas internamente para as Igrejas, mas, para o mundo leigo e secular, tem pouca relev\u00e2ncia. N\u00e3o \u00e9 verdade. Se as Igrejas tivessem conseguido se unir nos Estados Unidos, na \u00e9poca em que o presidente Bush invocava a B\u00edblia para [&hellip;]\" \/>\n<meta property=\"og:url\" content=\"https:\/\/www.oarcanjo.net\/site\/unidos-no-misterio-do-amor\/\" \/>\n<meta property=\"og:site_name\" content=\"O Arcanjo no ar\" \/>\n<meta property=\"article:publisher\" content=\"https:\/\/www.facebook.com\/OArcanjoNoAr\/\" \/>\n<meta property=\"article:published_time\" content=\"2009-05-22T00:51:05+00:00\" \/>\n<meta property=\"og:image\" content=\"https:\/\/www.oarcanjo.net\/site\/wp-content\/uploads\/logo-o-arcanjo-no-ar-facebook.png\" \/>\n\t<meta property=\"og:image:width\" content=\"300\" \/>\n\t<meta property=\"og:image:height\" content=\"300\" \/>\n\t<meta property=\"og:image:type\" content=\"image\/png\" \/>\n<meta name=\"author\" content=\"editor\" \/>\n<meta name=\"twitter:card\" content=\"summary_large_image\" \/>\n<meta name=\"twitter:label1\" content=\"Escrito por\" \/>\n\t<meta name=\"twitter:data1\" content=\"editor\" \/>\n\t<meta name=\"twitter:label2\" content=\"Est. tempo de leitura\" \/>\n\t<meta name=\"twitter:data2\" content=\"3 minutos\" \/>\n<script type=\"application\/ld+json\" class=\"yoast-schema-graph\">{\"@context\":\"https:\/\/schema.org\",\"@graph\":[{\"@type\":\"Article\",\"@id\":\"https:\/\/www.oarcanjo.net\/site\/unidos-no-misterio-do-amor\/#article\",\"isPartOf\":{\"@id\":\"https:\/\/www.oarcanjo.net\/site\/unidos-no-misterio-do-amor\/\"},\"author\":{\"name\":\"editor\",\"@id\":\"https:\/\/www.oarcanjo.net\/site\/#\/schema\/person\/f7024d007863202483a31326673a0838\"},\"headline\":\"Unidos no mist\u00e9rio do amor\",\"datePublished\":\"2009-05-22T00:51:05+00:00\",\"dateModified\":\"2009-05-22T00:51:05+00:00\",\"mainEntityOfPage\":{\"@id\":\"https:\/\/www.oarcanjo.net\/site\/unidos-no-misterio-do-amor\/\"},\"wordCount\":692,\"commentCount\":0,\"publisher\":{\"@id\":\"https:\/\/www.oarcanjo.net\/site\/#organization\"},\"keywords\":[\"CNBB\",\"Conic\",\"di\u00e1logo\",\"Igreja cat\u00f3lica\",\"Semana da Unidade\",\"Semana de Ora\u00e7\u00f5es pela Unidade dos Crist\u00e3os\"],\"articleSection\":[\"Reflex\u00f5es\"],\"inLanguage\":\"pt-BR\",\"potentialAction\":[{\"@type\":\"CommentAction\",\"name\":\"Comment\",\"target\":[\"https:\/\/www.oarcanjo.net\/site\/unidos-no-misterio-do-amor\/#respond\"]}]},{\"@type\":\"WebPage\",\"@id\":\"https:\/\/www.oarcanjo.net\/site\/unidos-no-misterio-do-amor\/\",\"url\":\"https:\/\/www.oarcanjo.net\/site\/unidos-no-misterio-do-amor\/\",\"name\":\"Unidos no mist\u00e9rio do amor - O Arcanjo no ar\",\"isPartOf\":{\"@id\":\"https:\/\/www.oarcanjo.net\/site\/#website\"},\"datePublished\":\"2009-05-22T00:51:05+00:00\",\"dateModified\":\"2009-05-22T00:51:05+00:00\",\"breadcrumb\":{\"@id\":\"https:\/\/www.oarcanjo.net\/site\/unidos-no-misterio-do-amor\/#breadcrumb\"},\"inLanguage\":\"pt-BR\",\"potentialAction\":[{\"@type\":\"ReadAction\",\"target\":[\"https:\/\/www.oarcanjo.net\/site\/unidos-no-misterio-do-amor\/\"]}]},{\"@type\":\"BreadcrumbList\",\"@id\":\"https:\/\/www.oarcanjo.net\/site\/unidos-no-misterio-do-amor\/#breadcrumb\",\"itemListElement\":[{\"@type\":\"ListItem\",\"position\":1,\"name\":\"In\u00edcio\",\"item\":\"https:\/\/www.oarcanjo.net\/site\/\"},{\"@type\":\"ListItem\",\"position\":2,\"name\":\"Unidos no mist\u00e9rio do amor\"}]},{\"@type\":\"WebSite\",\"@id\":\"https:\/\/www.oarcanjo.net\/site\/#website\",\"url\":\"https:\/\/www.oarcanjo.net\/site\/\",\"name\":\"O Arcanjo no ar\",\"description\":\"Site da Par\u00f3quia S\u00e3o Miguel Arcanjo (Arquidiocese de SP)\",\"publisher\":{\"@id\":\"https:\/\/www.oarcanjo.net\/site\/#organization\"},\"potentialAction\":[{\"@type\":\"SearchAction\",\"target\":{\"@type\":\"EntryPoint\",\"urlTemplate\":\"https:\/\/www.oarcanjo.net\/site\/?s={search_term_string}\"},\"query-input\":{\"@type\":\"PropertyValueSpecification\",\"valueRequired\":true,\"valueName\":\"search_term_string\"}}],\"inLanguage\":\"pt-BR\"},{\"@type\":\"Organization\",\"@id\":\"https:\/\/www.oarcanjo.net\/site\/#organization\",\"name\":\"Par\u00f3quia S\u00e3o Miguel Arcanjo\",\"url\":\"https:\/\/www.oarcanjo.net\/site\/\",\"logo\":{\"@type\":\"ImageObject\",\"inLanguage\":\"pt-BR\",\"@id\":\"https:\/\/www.oarcanjo.net\/site\/#\/schema\/logo\/image\/\",\"url\":\"https:\/\/www.oarcanjo.net\/site\/wp-content\/uploads\/LogoOArcanjo.png\",\"contentUrl\":\"https:\/\/www.oarcanjo.net\/site\/wp-content\/uploads\/LogoOArcanjo.png\",\"width\":319,\"height\":99,\"caption\":\"Par\u00f3quia S\u00e3o Miguel Arcanjo\"},\"image\":{\"@id\":\"https:\/\/www.oarcanjo.net\/site\/#\/schema\/logo\/image\/\"},\"sameAs\":[\"https:\/\/www.facebook.com\/OArcanjoNoAr\/\"]},{\"@type\":\"Person\",\"@id\":\"https:\/\/www.oarcanjo.net\/site\/#\/schema\/person\/f7024d007863202483a31326673a0838\",\"name\":\"editor\",\"sameAs\":[\"http:\/\/www.oarcanjo.net\"]}]}<\/script>\n<!-- \/ Yoast SEO plugin. -->","yoast_head_json":{"title":"Unidos no mist\u00e9rio do amor - O Arcanjo no ar","robots":{"index":"index","follow":"follow","max-snippet":"max-snippet:-1","max-image-preview":"max-image-preview:large","max-video-preview":"max-video-preview:-1"},"canonical":"https:\/\/www.oarcanjo.net\/site\/unidos-no-misterio-do-amor\/","og_locale":"pt_BR","og_type":"article","og_title":"Unidos no mist\u00e9rio do amor - O Arcanjo no ar","og_description":"Marcelo Barros H\u00e1 quem pense que o caminho para a unidade das Igrejas crist\u00e3s seja importante apenas internamente para as Igrejas, mas, para o mundo leigo e secular, tem pouca relev\u00e2ncia. N\u00e3o \u00e9 verdade. Se as Igrejas tivessem conseguido se unir nos Estados Unidos, na \u00e9poca em que o presidente Bush invocava a B\u00edblia para [&hellip;]","og_url":"https:\/\/www.oarcanjo.net\/site\/unidos-no-misterio-do-amor\/","og_site_name":"O Arcanjo no ar","article_publisher":"https:\/\/www.facebook.com\/OArcanjoNoAr\/","article_published_time":"2009-05-22T00:51:05+00:00","og_image":[{"width":300,"height":300,"url":"https:\/\/www.oarcanjo.net\/site\/wp-content\/uploads\/logo-o-arcanjo-no-ar-facebook.png","type":"image\/png"}],"author":"editor","twitter_card":"summary_large_image","twitter_misc":{"Escrito por":"editor","Est. tempo de leitura":"3 minutos"},"schema":{"@context":"https:\/\/schema.org","@graph":[{"@type":"Article","@id":"https:\/\/www.oarcanjo.net\/site\/unidos-no-misterio-do-amor\/#article","isPartOf":{"@id":"https:\/\/www.oarcanjo.net\/site\/unidos-no-misterio-do-amor\/"},"author":{"name":"editor","@id":"https:\/\/www.oarcanjo.net\/site\/#\/schema\/person\/f7024d007863202483a31326673a0838"},"headline":"Unidos no mist\u00e9rio do amor","datePublished":"2009-05-22T00:51:05+00:00","dateModified":"2009-05-22T00:51:05+00:00","mainEntityOfPage":{"@id":"https:\/\/www.oarcanjo.net\/site\/unidos-no-misterio-do-amor\/"},"wordCount":692,"commentCount":0,"publisher":{"@id":"https:\/\/www.oarcanjo.net\/site\/#organization"},"keywords":["CNBB","Conic","di\u00e1logo","Igreja cat\u00f3lica","Semana da Unidade","Semana de Ora\u00e7\u00f5es pela Unidade dos Crist\u00e3os"],"articleSection":["Reflex\u00f5es"],"inLanguage":"pt-BR","potentialAction":[{"@type":"CommentAction","name":"Comment","target":["https:\/\/www.oarcanjo.net\/site\/unidos-no-misterio-do-amor\/#respond"]}]},{"@type":"WebPage","@id":"https:\/\/www.oarcanjo.net\/site\/unidos-no-misterio-do-amor\/","url":"https:\/\/www.oarcanjo.net\/site\/unidos-no-misterio-do-amor\/","name":"Unidos no mist\u00e9rio do amor - O Arcanjo no ar","isPartOf":{"@id":"https:\/\/www.oarcanjo.net\/site\/#website"},"datePublished":"2009-05-22T00:51:05+00:00","dateModified":"2009-05-22T00:51:05+00:00","breadcrumb":{"@id":"https:\/\/www.oarcanjo.net\/site\/unidos-no-misterio-do-amor\/#breadcrumb"},"inLanguage":"pt-BR","potentialAction":[{"@type":"ReadAction","target":["https:\/\/www.oarcanjo.net\/site\/unidos-no-misterio-do-amor\/"]}]},{"@type":"BreadcrumbList","@id":"https:\/\/www.oarcanjo.net\/site\/unidos-no-misterio-do-amor\/#breadcrumb","itemListElement":[{"@type":"ListItem","position":1,"name":"In\u00edcio","item":"https:\/\/www.oarcanjo.net\/site\/"},{"@type":"ListItem","position":2,"name":"Unidos no mist\u00e9rio do amor"}]},{"@type":"WebSite","@id":"https:\/\/www.oarcanjo.net\/site\/#website","url":"https:\/\/www.oarcanjo.net\/site\/","name":"O Arcanjo no ar","description":"Site da Par\u00f3quia S\u00e3o Miguel Arcanjo (Arquidiocese de SP)","publisher":{"@id":"https:\/\/www.oarcanjo.net\/site\/#organization"},"potentialAction":[{"@type":"SearchAction","target":{"@type":"EntryPoint","urlTemplate":"https:\/\/www.oarcanjo.net\/site\/?s={search_term_string}"},"query-input":{"@type":"PropertyValueSpecification","valueRequired":true,"valueName":"search_term_string"}}],"inLanguage":"pt-BR"},{"@type":"Organization","@id":"https:\/\/www.oarcanjo.net\/site\/#organization","name":"Par\u00f3quia S\u00e3o Miguel Arcanjo","url":"https:\/\/www.oarcanjo.net\/site\/","logo":{"@type":"ImageObject","inLanguage":"pt-BR","@id":"https:\/\/www.oarcanjo.net\/site\/#\/schema\/logo\/image\/","url":"https:\/\/www.oarcanjo.net\/site\/wp-content\/uploads\/LogoOArcanjo.png","contentUrl":"https:\/\/www.oarcanjo.net\/site\/wp-content\/uploads\/LogoOArcanjo.png","width":319,"height":99,"caption":"Par\u00f3quia S\u00e3o Miguel Arcanjo"},"image":{"@id":"https:\/\/www.oarcanjo.net\/site\/#\/schema\/logo\/image\/"},"sameAs":["https:\/\/www.facebook.com\/OArcanjoNoAr\/"]},{"@type":"Person","@id":"https:\/\/www.oarcanjo.net\/site\/#\/schema\/person\/f7024d007863202483a31326673a0838","name":"editor","sameAs":["http:\/\/www.oarcanjo.net"]}]}},"publishpress_future_action":{"enabled":false,"date":"2026-05-09 07:44:34","action":"category","newStatus":"draft","terms":[],"taxonomy":"category"},"publishpress_future_workflow_manual_trigger":{"enabledWorkflows":[]},"_links":{"self":[{"href":"https:\/\/www.oarcanjo.net\/site\/wp-json\/wp\/v2\/posts\/3501"}],"collection":[{"href":"https:\/\/www.oarcanjo.net\/site\/wp-json\/wp\/v2\/posts"}],"about":[{"href":"https:\/\/www.oarcanjo.net\/site\/wp-json\/wp\/v2\/types\/post"}],"author":[{"embeddable":true,"href":"https:\/\/www.oarcanjo.net\/site\/wp-json\/wp\/v2\/users\/5"}],"replies":[{"embeddable":true,"href":"https:\/\/www.oarcanjo.net\/site\/wp-json\/wp\/v2\/comments?post=3501"}],"version-history":[{"count":0,"href":"https:\/\/www.oarcanjo.net\/site\/wp-json\/wp\/v2\/posts\/3501\/revisions"}],"wp:attachment":[{"href":"https:\/\/www.oarcanjo.net\/site\/wp-json\/wp\/v2\/media?parent=3501"}],"wp:term":[{"taxonomy":"category","embeddable":true,"href":"https:\/\/www.oarcanjo.net\/site\/wp-json\/wp\/v2\/categories?post=3501"},{"taxonomy":"post_tag","embeddable":true,"href":"https:\/\/www.oarcanjo.net\/site\/wp-json\/wp\/v2\/tags?post=3501"}],"curies":[{"name":"wp","href":"https:\/\/api.w.org\/{rel}","templated":true}]}}