
{"id":3503,"date":"2009-05-21T18:51:06","date_gmt":"2009-05-21T21:51:06","guid":{"rendered":"http:\/\/www.oarcanjo.net\/site\/?p=3503"},"modified":"2009-05-21T22:26:59","modified_gmt":"2009-05-22T01:26:59","slug":"a-baleia-e-a-borboleta","status":"publish","type":"post","link":"https:\/\/www.oarcanjo.net\/site\/a-baleia-e-a-borboleta\/","title":{"rendered":"A baleia e a borboleta"},"content":{"rendered":"<p>Jacques Noyer *<\/p>\n<p>N\u00e3o pe\u00e7o que se mude a Igreja. Pe\u00e7o que ela seja viva. Pe\u00e7o-lhe que permane\u00e7a fiel \u00e0 sua miss\u00e3o, e que leve a palavra de Cristo aos nossos contempor\u00e2neos, que testemunhe o mundo renovado pelo Esp\u00edrito.<\/p>\n<p>N\u00e3o se trata de conserv\u00e1-la como um tesouro, com o risco de faz\u00ea-la um reduto de costumes ultrapassados. N\u00e3o se trata de remend\u00e1-la com alguma ast\u00facia para que sobreviva a um ou dois invernos. Trata-se de que Ela encontre os gestos e as palavras que falar\u00e3o de Deus ao mundo de hoje.<\/p>\n<p>Ela \u00e9 a minha Igreja. N\u00e3o quero me dessolidarizar dela. Assumo a sua hist\u00f3ria muitas vezes com orgulho, outras vezes com vergonha, mas sempre com resigna\u00e7\u00e3o. Assumo tudo nela, o melhor e o pior, as cruzadas e os conc\u00edlios de Alexandre VI e Jo\u00e3o Paulo II, a corte de Roma e os santos&#8230; Eu creio que esta hist\u00f3ria de homens, com seus her\u00f3is e seus relapsos, suas aud\u00e1cias e suas prud\u00eancias, \u00e9 santa pelo Evangelho que ela carrega.<\/p>\n<p>Pe\u00e7o-lhe somente que permane\u00e7a na Hist\u00f3ria sem se congelar no eterno. Pe\u00e7o-lhe que n\u00e3o sacralize seu passado a ponto de se fechar ao presente. Pe\u00e7o-lhe que renuncie aos sucessos mundanos e \u00e0s v\u00e3s riquezas para n\u00e3o entristecer o Esp\u00edrito que a chama.<\/p>\n<p>Gostaria que ela tomasse consci\u00eancia que \u00e9 necess\u00e1rio que mude porque o mundo, que \u00e9 o campo da sua miss\u00e3o, mudou. Gostaria que reconhecesse o trabalho do Esp\u00edrito mais do que os tra\u00e7os do dem\u00f4nio. As novidades n\u00e3o s\u00e3o for\u00e7osamente valores que desaparecer\u00e3o logo, mas frequentemente &#8220;sinais dos tempos&#8221;, premissas do Reino. \u00c9 preciso que abra as portas da esperan\u00e7a, ao inv\u00e9s de cultivar os arquivos da nostalgia.<\/p>\n<p>Ela introduziu a escola para todos. Ensinou aos homens ler e escrever. Quis que o homem crescesse, mas se angustia hoje porque seu discurso n\u00e3o \u00e9 mais aceito. O seu &#8220;catecismo&#8221; pode ser muito rico e muito coerente, mas os adultos de hoje n\u00e3o esperam mais um catecismo. Esperam que ou\u00e7a suas quest\u00f5es, ao inv\u00e9s de dar-lhes respostas. Preferem dialogar com Deus e n\u00e3o apenas que se fale d\u2019Ele.<\/p>\n<p>Denunciou os casamentos por interesse e as uni\u00f5es arrumadas pelos pais. Defendeu a liberdade dos esposos e promoveu o amor no cora\u00e7\u00e3o do casal. Mas sente-se muito surpresa, quando hoje n\u00e3o se aceita mais a fidelidade hip\u00f3crita de outros tempos. A B\u00edblia nos fala, entretanto, de uma alian\u00e7a de amor permanentemente tra\u00edda e renovada.<\/p>\n<p>Pentecostes reuniu a diversidade dos povos no mesmo esp\u00edrito. A Igreja, e a Igreja Cat\u00f3lica em particular, fez tudo para pacificar as fronteiras e encorajar os interc\u00e2mbios. Mas hoje ela se contenta em convidar as na\u00e7\u00f5es ricas a reconhecer suas ra\u00edzes crist\u00e3s, ignorando a mistura de popula\u00e7\u00f5es, que estimuladas ou n\u00e3o, atropelam os Estados, as consci\u00eancias e as na\u00e7\u00f5es.<\/p>\n<p>A grandeza da Igreja foi sempre ficar do lado dos pobres. Mesmo quando n\u00e3o conseguia levar a justi\u00e7a, ela consolava por sua caridade. Ainda hoje os crist\u00e3os est\u00e3o presentes na busca de uma pol\u00edtica mais justa e nas a\u00e7\u00f5es emergenciais caritativos. \u00c9 a\u00ed que compreendemos o Cristo. \u00c9 a\u00ed que se esperam encontrar seus disc\u00edpulos, mas os meios de comunica\u00e7\u00e3o se divertem enfocando a Igreja apenas atrav\u00e9s de um Pont\u00edfice desempenhando o papel de \u00faltimo monarca absoluto, com um cerimonial de outra \u00e9poca, longe dos problemas urgentes de seu p\u00fablico.<\/p>\n<p>Um grito como este dever\u00e1 ser dirigido a quem? Uma ora\u00e7\u00e3o como esta, dirigir a que santo? Para que endere\u00e7o enviar esta correspond\u00eancia? Haveria alguma chance de se mudar alguma coisa? <\/p>\n<p>O peso da administra\u00e7\u00e3o vaticana &#8211; que n\u00e3o \u00e9 um mamute, mas uma enorme baleia encalhada na praia &#8211; d\u00e1 a impress\u00e3o que nada pode despert\u00e1-la. Minhas palavras n\u00e3o far\u00e3o mais ru\u00eddo do que as asas de uma borboleta sobre o dorso da baleia, mas, apesar de tudo, sabe-se que um v\u00f4o de borboletas, no hemisf\u00e9rio sul, pode desencadear uma tempestade no hemisf\u00e9rio norte. E, al\u00e9m disso, h\u00e1 muitas borboletas. E no vento que elas provocam, sopra tamb\u00e9m o Esp\u00edrito.<\/p>\n<p>Por que n\u00e3o poderiam ser capazes de despertar a baleia? Se vier uma grande mar\u00e9 ou uma pequena tempestade, ei-la de volta \u00e0 \u00e1gua, leve e viva. <\/p>\n<p>(Tradu\u00e7\u00e3o de Francisco Pacheco, irm\u00e3ozinho de Jesus, da Fraternidade Religiosa Carlos de Foucauld)<\/p>\n<p>* Bispo em\u00e9rito de Amiens, Fran\u00e7a<\/p>\n<p>Publicado originalmente pela <a href=\"http:\/\/www.adital.com.br\" target=\"_blank\">Ag\u00eancia Adital<\/a><\/p>\n<div id=\"themify_builder_content-3503\" data-postid=\"3503\" class=\"themify_builder_content themify_builder_content-3503 themify_builder themify_builder_front\">\n\t<\/div>\n<!-- \/themify_builder_content -->","protected":false},"excerpt":{"rendered":"<p>Jacques Noyer * N\u00e3o pe\u00e7o que se mude a Igreja. Pe\u00e7o que ela seja viva. Pe\u00e7o-lhe que permane\u00e7a fiel \u00e0 sua miss\u00e3o, e que leve a palavra de Cristo aos nossos contempor\u00e2neos, que testemunhe o mundo renovado pelo Esp\u00edrito. N\u00e3o se trata de conserv\u00e1-la como um tesouro, com o risco de faz\u00ea-la um reduto de [&hellip;]<\/p>\n","protected":false},"author":5,"featured_media":0,"comment_status":"open","ping_status":"open","sticky":false,"template":"","format":"standard","meta":{"ngg_post_thumbnail":0,"footnotes":""},"categories":[9],"tags":[720,99,719,481],"yoast_head":"<!-- This site is optimized with the Yoast SEO plugin v23.5 - https:\/\/yoast.com\/wordpress\/plugins\/seo\/ -->\n<title>A baleia e a borboleta - O Arcanjo no ar<\/title>\n<meta name=\"robots\" content=\"index, follow, max-snippet:-1, max-image-preview:large, max-video-preview:-1\" \/>\n<link rel=\"canonical\" href=\"https:\/\/www.oarcanjo.net\/site\/a-baleia-e-a-borboleta\/\" \/>\n<meta property=\"og:locale\" content=\"pt_BR\" \/>\n<meta property=\"og:type\" content=\"article\" \/>\n<meta property=\"og:title\" content=\"A baleia e a borboleta - O Arcanjo no ar\" \/>\n<meta property=\"og:description\" content=\"Jacques Noyer * N\u00e3o pe\u00e7o que se mude a Igreja. Pe\u00e7o que ela seja viva. Pe\u00e7o-lhe que permane\u00e7a fiel \u00e0 sua miss\u00e3o, e que leve a palavra de Cristo aos nossos contempor\u00e2neos, que testemunhe o mundo renovado pelo Esp\u00edrito. N\u00e3o se trata de conserv\u00e1-la como um tesouro, com o risco de faz\u00ea-la um reduto de [&hellip;]\" \/>\n<meta property=\"og:url\" content=\"https:\/\/www.oarcanjo.net\/site\/a-baleia-e-a-borboleta\/\" \/>\n<meta property=\"og:site_name\" content=\"O Arcanjo no ar\" \/>\n<meta property=\"article:publisher\" content=\"https:\/\/www.facebook.com\/OArcanjoNoAr\/\" \/>\n<meta property=\"article:published_time\" content=\"2009-05-21T21:51:06+00:00\" \/>\n<meta property=\"article:modified_time\" content=\"2009-05-22T01:26:59+00:00\" \/>\n<meta property=\"og:image\" content=\"https:\/\/www.oarcanjo.net\/site\/wp-content\/uploads\/logo-o-arcanjo-no-ar-facebook.png\" \/>\n\t<meta property=\"og:image:width\" content=\"300\" \/>\n\t<meta property=\"og:image:height\" content=\"300\" \/>\n\t<meta property=\"og:image:type\" content=\"image\/png\" \/>\n<meta name=\"author\" content=\"editor\" \/>\n<meta name=\"twitter:card\" content=\"summary_large_image\" \/>\n<meta name=\"twitter:label1\" content=\"Escrito por\" \/>\n\t<meta name=\"twitter:data1\" content=\"editor\" \/>\n\t<meta name=\"twitter:label2\" content=\"Est. tempo de leitura\" \/>\n\t<meta name=\"twitter:data2\" content=\"4 minutos\" \/>\n<script type=\"application\/ld+json\" class=\"yoast-schema-graph\">{\"@context\":\"https:\/\/schema.org\",\"@graph\":[{\"@type\":\"Article\",\"@id\":\"https:\/\/www.oarcanjo.net\/site\/a-baleia-e-a-borboleta\/#article\",\"isPartOf\":{\"@id\":\"https:\/\/www.oarcanjo.net\/site\/a-baleia-e-a-borboleta\/\"},\"author\":{\"name\":\"editor\",\"@id\":\"https:\/\/www.oarcanjo.net\/site\/#\/schema\/person\/f7024d007863202483a31326673a0838\"},\"headline\":\"A baleia e a borboleta\",\"datePublished\":\"2009-05-21T21:51:06+00:00\",\"dateModified\":\"2009-05-22T01:26:59+00:00\",\"mainEntityOfPage\":{\"@id\":\"https:\/\/www.oarcanjo.net\/site\/a-baleia-e-a-borboleta\/\"},\"wordCount\":807,\"commentCount\":0,\"publisher\":{\"@id\":\"https:\/\/www.oarcanjo.net\/site\/#organization\"},\"keywords\":[\"Esp\u00edrito\",\"igreja\",\"mudan\u00e7a\",\"renova\u00e7\u00e3o\"],\"articleSection\":[\"Reflex\u00f5es\"],\"inLanguage\":\"pt-BR\",\"potentialAction\":[{\"@type\":\"CommentAction\",\"name\":\"Comment\",\"target\":[\"https:\/\/www.oarcanjo.net\/site\/a-baleia-e-a-borboleta\/#respond\"]}]},{\"@type\":\"WebPage\",\"@id\":\"https:\/\/www.oarcanjo.net\/site\/a-baleia-e-a-borboleta\/\",\"url\":\"https:\/\/www.oarcanjo.net\/site\/a-baleia-e-a-borboleta\/\",\"name\":\"A baleia e a borboleta - O Arcanjo no ar\",\"isPartOf\":{\"@id\":\"https:\/\/www.oarcanjo.net\/site\/#website\"},\"datePublished\":\"2009-05-21T21:51:06+00:00\",\"dateModified\":\"2009-05-22T01:26:59+00:00\",\"breadcrumb\":{\"@id\":\"https:\/\/www.oarcanjo.net\/site\/a-baleia-e-a-borboleta\/#breadcrumb\"},\"inLanguage\":\"pt-BR\",\"potentialAction\":[{\"@type\":\"ReadAction\",\"target\":[\"https:\/\/www.oarcanjo.net\/site\/a-baleia-e-a-borboleta\/\"]}]},{\"@type\":\"BreadcrumbList\",\"@id\":\"https:\/\/www.oarcanjo.net\/site\/a-baleia-e-a-borboleta\/#breadcrumb\",\"itemListElement\":[{\"@type\":\"ListItem\",\"position\":1,\"name\":\"In\u00edcio\",\"item\":\"https:\/\/www.oarcanjo.net\/site\/\"},{\"@type\":\"ListItem\",\"position\":2,\"name\":\"A baleia e a borboleta\"}]},{\"@type\":\"WebSite\",\"@id\":\"https:\/\/www.oarcanjo.net\/site\/#website\",\"url\":\"https:\/\/www.oarcanjo.net\/site\/\",\"name\":\"O Arcanjo no ar\",\"description\":\"Site da Par\u00f3quia S\u00e3o Miguel Arcanjo (Arquidiocese de SP)\",\"publisher\":{\"@id\":\"https:\/\/www.oarcanjo.net\/site\/#organization\"},\"potentialAction\":[{\"@type\":\"SearchAction\",\"target\":{\"@type\":\"EntryPoint\",\"urlTemplate\":\"https:\/\/www.oarcanjo.net\/site\/?s={search_term_string}\"},\"query-input\":{\"@type\":\"PropertyValueSpecification\",\"valueRequired\":true,\"valueName\":\"search_term_string\"}}],\"inLanguage\":\"pt-BR\"},{\"@type\":\"Organization\",\"@id\":\"https:\/\/www.oarcanjo.net\/site\/#organization\",\"name\":\"Par\u00f3quia S\u00e3o Miguel Arcanjo\",\"url\":\"https:\/\/www.oarcanjo.net\/site\/\",\"logo\":{\"@type\":\"ImageObject\",\"inLanguage\":\"pt-BR\",\"@id\":\"https:\/\/www.oarcanjo.net\/site\/#\/schema\/logo\/image\/\",\"url\":\"https:\/\/www.oarcanjo.net\/site\/wp-content\/uploads\/LogoOArcanjo.png\",\"contentUrl\":\"https:\/\/www.oarcanjo.net\/site\/wp-content\/uploads\/LogoOArcanjo.png\",\"width\":319,\"height\":99,\"caption\":\"Par\u00f3quia S\u00e3o Miguel Arcanjo\"},\"image\":{\"@id\":\"https:\/\/www.oarcanjo.net\/site\/#\/schema\/logo\/image\/\"},\"sameAs\":[\"https:\/\/www.facebook.com\/OArcanjoNoAr\/\"]},{\"@type\":\"Person\",\"@id\":\"https:\/\/www.oarcanjo.net\/site\/#\/schema\/person\/f7024d007863202483a31326673a0838\",\"name\":\"editor\",\"sameAs\":[\"http:\/\/www.oarcanjo.net\"]}]}<\/script>\n<!-- \/ Yoast SEO plugin. -->","yoast_head_json":{"title":"A baleia e a borboleta - O Arcanjo no ar","robots":{"index":"index","follow":"follow","max-snippet":"max-snippet:-1","max-image-preview":"max-image-preview:large","max-video-preview":"max-video-preview:-1"},"canonical":"https:\/\/www.oarcanjo.net\/site\/a-baleia-e-a-borboleta\/","og_locale":"pt_BR","og_type":"article","og_title":"A baleia e a borboleta - O Arcanjo no ar","og_description":"Jacques Noyer * N\u00e3o pe\u00e7o que se mude a Igreja. Pe\u00e7o que ela seja viva. Pe\u00e7o-lhe que permane\u00e7a fiel \u00e0 sua miss\u00e3o, e que leve a palavra de Cristo aos nossos contempor\u00e2neos, que testemunhe o mundo renovado pelo Esp\u00edrito. N\u00e3o se trata de conserv\u00e1-la como um tesouro, com o risco de faz\u00ea-la um reduto de [&hellip;]","og_url":"https:\/\/www.oarcanjo.net\/site\/a-baleia-e-a-borboleta\/","og_site_name":"O Arcanjo no ar","article_publisher":"https:\/\/www.facebook.com\/OArcanjoNoAr\/","article_published_time":"2009-05-21T21:51:06+00:00","article_modified_time":"2009-05-22T01:26:59+00:00","og_image":[{"width":300,"height":300,"url":"https:\/\/www.oarcanjo.net\/site\/wp-content\/uploads\/logo-o-arcanjo-no-ar-facebook.png","type":"image\/png"}],"author":"editor","twitter_card":"summary_large_image","twitter_misc":{"Escrito por":"editor","Est. tempo de leitura":"4 minutos"},"schema":{"@context":"https:\/\/schema.org","@graph":[{"@type":"Article","@id":"https:\/\/www.oarcanjo.net\/site\/a-baleia-e-a-borboleta\/#article","isPartOf":{"@id":"https:\/\/www.oarcanjo.net\/site\/a-baleia-e-a-borboleta\/"},"author":{"name":"editor","@id":"https:\/\/www.oarcanjo.net\/site\/#\/schema\/person\/f7024d007863202483a31326673a0838"},"headline":"A baleia e a borboleta","datePublished":"2009-05-21T21:51:06+00:00","dateModified":"2009-05-22T01:26:59+00:00","mainEntityOfPage":{"@id":"https:\/\/www.oarcanjo.net\/site\/a-baleia-e-a-borboleta\/"},"wordCount":807,"commentCount":0,"publisher":{"@id":"https:\/\/www.oarcanjo.net\/site\/#organization"},"keywords":["Esp\u00edrito","igreja","mudan\u00e7a","renova\u00e7\u00e3o"],"articleSection":["Reflex\u00f5es"],"inLanguage":"pt-BR","potentialAction":[{"@type":"CommentAction","name":"Comment","target":["https:\/\/www.oarcanjo.net\/site\/a-baleia-e-a-borboleta\/#respond"]}]},{"@type":"WebPage","@id":"https:\/\/www.oarcanjo.net\/site\/a-baleia-e-a-borboleta\/","url":"https:\/\/www.oarcanjo.net\/site\/a-baleia-e-a-borboleta\/","name":"A baleia e a borboleta - O Arcanjo no ar","isPartOf":{"@id":"https:\/\/www.oarcanjo.net\/site\/#website"},"datePublished":"2009-05-21T21:51:06+00:00","dateModified":"2009-05-22T01:26:59+00:00","breadcrumb":{"@id":"https:\/\/www.oarcanjo.net\/site\/a-baleia-e-a-borboleta\/#breadcrumb"},"inLanguage":"pt-BR","potentialAction":[{"@type":"ReadAction","target":["https:\/\/www.oarcanjo.net\/site\/a-baleia-e-a-borboleta\/"]}]},{"@type":"BreadcrumbList","@id":"https:\/\/www.oarcanjo.net\/site\/a-baleia-e-a-borboleta\/#breadcrumb","itemListElement":[{"@type":"ListItem","position":1,"name":"In\u00edcio","item":"https:\/\/www.oarcanjo.net\/site\/"},{"@type":"ListItem","position":2,"name":"A baleia e a borboleta"}]},{"@type":"WebSite","@id":"https:\/\/www.oarcanjo.net\/site\/#website","url":"https:\/\/www.oarcanjo.net\/site\/","name":"O Arcanjo no ar","description":"Site da Par\u00f3quia S\u00e3o Miguel Arcanjo (Arquidiocese de SP)","publisher":{"@id":"https:\/\/www.oarcanjo.net\/site\/#organization"},"potentialAction":[{"@type":"SearchAction","target":{"@type":"EntryPoint","urlTemplate":"https:\/\/www.oarcanjo.net\/site\/?s={search_term_string}"},"query-input":{"@type":"PropertyValueSpecification","valueRequired":true,"valueName":"search_term_string"}}],"inLanguage":"pt-BR"},{"@type":"Organization","@id":"https:\/\/www.oarcanjo.net\/site\/#organization","name":"Par\u00f3quia S\u00e3o Miguel Arcanjo","url":"https:\/\/www.oarcanjo.net\/site\/","logo":{"@type":"ImageObject","inLanguage":"pt-BR","@id":"https:\/\/www.oarcanjo.net\/site\/#\/schema\/logo\/image\/","url":"https:\/\/www.oarcanjo.net\/site\/wp-content\/uploads\/LogoOArcanjo.png","contentUrl":"https:\/\/www.oarcanjo.net\/site\/wp-content\/uploads\/LogoOArcanjo.png","width":319,"height":99,"caption":"Par\u00f3quia S\u00e3o Miguel Arcanjo"},"image":{"@id":"https:\/\/www.oarcanjo.net\/site\/#\/schema\/logo\/image\/"},"sameAs":["https:\/\/www.facebook.com\/OArcanjoNoAr\/"]},{"@type":"Person","@id":"https:\/\/www.oarcanjo.net\/site\/#\/schema\/person\/f7024d007863202483a31326673a0838","name":"editor","sameAs":["http:\/\/www.oarcanjo.net"]}]}},"publishpress_future_action":{"enabled":false,"date":"2026-05-09 05:47:32","action":"category","newStatus":"draft","terms":[],"taxonomy":"category"},"publishpress_future_workflow_manual_trigger":{"enabledWorkflows":[]},"_links":{"self":[{"href":"https:\/\/www.oarcanjo.net\/site\/wp-json\/wp\/v2\/posts\/3503"}],"collection":[{"href":"https:\/\/www.oarcanjo.net\/site\/wp-json\/wp\/v2\/posts"}],"about":[{"href":"https:\/\/www.oarcanjo.net\/site\/wp-json\/wp\/v2\/types\/post"}],"author":[{"embeddable":true,"href":"https:\/\/www.oarcanjo.net\/site\/wp-json\/wp\/v2\/users\/5"}],"replies":[{"embeddable":true,"href":"https:\/\/www.oarcanjo.net\/site\/wp-json\/wp\/v2\/comments?post=3503"}],"version-history":[{"count":0,"href":"https:\/\/www.oarcanjo.net\/site\/wp-json\/wp\/v2\/posts\/3503\/revisions"}],"wp:attachment":[{"href":"https:\/\/www.oarcanjo.net\/site\/wp-json\/wp\/v2\/media?parent=3503"}],"wp:term":[{"taxonomy":"category","embeddable":true,"href":"https:\/\/www.oarcanjo.net\/site\/wp-json\/wp\/v2\/categories?post=3503"},{"taxonomy":"post_tag","embeddable":true,"href":"https:\/\/www.oarcanjo.net\/site\/wp-json\/wp\/v2\/tags?post=3503"}],"curies":[{"name":"wp","href":"https:\/\/api.w.org\/{rel}","templated":true}]}}