
{"id":3505,"date":"2009-05-22T18:00:09","date_gmt":"2009-05-22T21:00:09","guid":{"rendered":"http:\/\/www.oarcanjo.net\/site\/?p=3505"},"modified":"2009-05-21T21:58:53","modified_gmt":"2009-05-22T00:58:53","slug":"novas-tecnologias-novas-relacoes","status":"publish","type":"post","link":"https:\/\/www.oarcanjo.net\/site\/novas-tecnologias-novas-relacoes\/","title":{"rendered":"Novas tecnologias, novas rela\u00e7\u00f5es"},"content":{"rendered":"<p>Dom Orani Jo\u00e3o Tempesta <\/p>\n<p>Neste domingo, dia 24 de maio, comemoramos o 43\u00ba Dia Mundial das Comunica\u00e7\u00f5es Sociais. Isso foi indicado pelo decreto \u201cInter Mirifica\u201d do Conc\u00edlio Vaticano II, um dos dois primeiros documentos conciliares a serem aprovados e promulgados. Foi o \u00fanico dia criado pelo Conc\u00edlio.<\/p>\n<p>A simplicidade desse documento sobre as comunica\u00e7\u00f5es facilitou o posterior desenvolvimento e aprofundamento dessa quest\u00e3o no \u00e2mbito da Igreja. Ele abriu caminho para um novo tempo na compreens\u00e3o desse tema no \u00e2mbito eclesial.  O fato de ter sido o primeiro decreto aprovado pelo Conc\u00edlio \u00e9 um sinal eloquente sobre a import\u00e2ncia que o tema j\u00e1 exercia na sociedade como, ali\u00e1s, o comprovamos hoje.<\/p>\n<p>Aqui no Brasil houve um tempo em que, por decis\u00e3o da Assembl\u00e9ia dos Bispos do Brasil, esse dia era celebrado a 5 de maio, Dia Nacional das Comunica\u00e7\u00f5es. Como, por\u00e9m, n\u00e3o teve a repercuss\u00e3o desejada, a mesma CNBB em uma outra Assembl\u00e9ia resolveu retornar \u00e0s comemora\u00e7\u00f5es no dia apontado mundialmente. O dia escolhido \u00e9 o s\u00e9timo domingo do Tempo Pascal, que no Brasil coincide com a celebra\u00e7\u00e3o solene da Ascens\u00e3o do Senhor.<\/p>\n<p>Embora coincida com uma solenidade, celebrar nesse dia as comunica\u00e7\u00f5es sociais \u00e9 f\u00e1cil, pois a liturgia nos lembra a necessidade de irmos pelo mundo afora anunciando o Evangelho a toda criatura. Ao recordar a nossa miss\u00e3o permanente \u00e9 claro que contemplamos que ela tamb\u00e9m deva se desenvolver, sabendo utilizar-se dos modernos meios de comunica\u00e7\u00e3o.<\/p>\n<p>\u00c9 claro que esse dia mundial n\u00e3o \u00e9 apenas para pensar utilitariamente nos meios de comunica\u00e7\u00e3o, mas tamb\u00e9m para refletir sobre a comunica\u00e7\u00e3o como um processo importante da vida humana e que influencia cada vez mais a sociedade.<\/p>\n<p>A partir da solicita\u00e7\u00e3o conciliar e da promulga\u00e7\u00e3o desse decreto, para comemorar essa data, todos os anos o Papa escreve uma mensagem, na qual sempre aprofunda um dos aspectos de nossa comunica\u00e7\u00e3o.<\/p>\n<p>Neste ano o tema \u00e9 \u201cNovas tecnologias, novas rela\u00e7\u00f5es. Promover uma cultura de respeito, de di\u00e1logo, de amizade\u201d. O Papa Bento XVI recorda justamente essa discuss\u00e3o aos que ele chama de \u201cgera\u00e7\u00e3o digital\u201d. A constata\u00e7\u00e3o \u00e9 \u00f3bvia: com as novas tecnologias hoje existentes o tipo de relacionamento entre as pessoas est\u00e1 modificado. E a pergunta que se faz diante dessa constata\u00e7\u00e3o \u00e9 como se pode hoje promover uma cultura de respeito, di\u00e1logo e amizade dentro dessa nova realidade?<\/p>\n<p>Recorda o Papa: \u201ca facilidade de acesso a celulares e computadores juntamente com o alcance global e a onipresen\u00e7a da internet criaram uma multiplicidade de vias por meios das quais \u00e9 poss\u00edvel enviar, instantaneamente, palavras e imagens aos cantos mais distantes do mundo: trata-se claramente de uma possibilidade impens\u00e1vel para as gera\u00e7\u00f5es anteriores\u201d. E o Papa ir\u00e1 contemplar todos esses aspectos da interliga\u00e7\u00e3o r\u00e1pida e ver a import\u00e2ncia da amizade, respeito e di\u00e1logo principalmente com rela\u00e7\u00e3o \u00e0 juventude, que tem mais facilidade nesse mundo de \u201credes\u201d: \u201cestas redes podem facilitar formas de coopera\u00e7\u00e3o entre povos de diversos contextos geogr\u00e1ficos e culturais, permitindo-lhes aprofundar a comum humanidade e o sentido de corresponsabilidade pelo bem de todos\u201d.<\/p>\n<p>Este documento, apela aos jovens e \u00e9 veemente: \u201csenti-vos comprometidos a introduzir na cultura desse novo ambiente comunicador e informativo os valores sobre os quais se ap\u00f3ia a vossa vida\u201d, e a \u201cv\u00f3s, jovens, compete de modo particular a tarefa da evangeliza\u00e7\u00e3o deste \u2018continente digital\u2019, sabendo assumir com entusiasmo o an\u00fancio do Evangelho aos jovens de vossa idade\u201d.<\/p>\n<p>Aproveito o ensejo para cumprimentar a todos os que no Brasil trabalham em nossas comunidades na Pastoral da Comunica\u00e7\u00e3o e tamb\u00e9m a todos os comunicadores dos diversos e in\u00fameros ve\u00edculos de comunica\u00e7\u00e3o que fazem disso a sua faina di\u00e1ria.<\/p>\n<p>Sabedores da import\u00e2ncia dessa \u00e1rea, o nosso desejo \u00e9 que saibam valorizar-se cada vez mais, fazendo uma comunica\u00e7\u00e3o que dignifique o ser e a vida humana, propondo, atrav\u00e9s desse trabalho, um mundo mais justo e humano onde a paz aconte\u00e7a! \u00c9 muito importante a \u00e1rea comunicacional hoje, e, com isso, cresce mais ainda a nossa responsabilidade em construir e n\u00e3o destruir as pessoas e o mundo. \u00c9 neste \u00e2mbito que se joga o futuro de nosso planeta, por isso a import\u00e2ncia de um dia como esse para refletirmos sobre os passos j\u00e1 dados e sobre os rumos a tomar para o futuro de nossas vidas.<\/p>\n<div id=\"themify_builder_content-3505\" data-postid=\"3505\" class=\"themify_builder_content themify_builder_content-3505 themify_builder themify_builder_front\">\n\t<\/div>\n<!-- \/themify_builder_content -->","protected":false},"excerpt":{"rendered":"<p>Dom Orani Jo\u00e3o Tempesta Neste domingo, dia 24 de maio, comemoramos o 43\u00ba Dia Mundial das Comunica\u00e7\u00f5es Sociais. Isso foi indicado pelo decreto \u201cInter Mirifica\u201d do Conc\u00edlio Vaticano II, um dos dois primeiros documentos conciliares a serem aprovados e promulgados. Foi o \u00fanico dia criado pelo Conc\u00edlio. A simplicidade desse documento sobre as comunica\u00e7\u00f5es facilitou [&hellip;]<\/p>\n","protected":false},"author":5,"featured_media":0,"comment_status":"open","ping_status":"open","sticky":false,"template":"","format":"standard","meta":{"ngg_post_thumbnail":0,"footnotes":""},"categories":[9],"tags":[722,723,63,27,18,724,721,21,207,65],"yoast_head":"<!-- This site is optimized with the Yoast SEO plugin v23.5 - https:\/\/yoast.com\/wordpress\/plugins\/seo\/ -->\n<title>Novas tecnologias, novas rela\u00e7\u00f5es - O Arcanjo no ar<\/title>\n<meta name=\"robots\" content=\"index, follow, max-snippet:-1, max-image-preview:large, max-video-preview:-1\" \/>\n<link rel=\"canonical\" href=\"https:\/\/www.oarcanjo.net\/site\/novas-tecnologias-novas-relacoes\/\" \/>\n<meta property=\"og:locale\" content=\"pt_BR\" \/>\n<meta property=\"og:type\" content=\"article\" \/>\n<meta property=\"og:title\" content=\"Novas tecnologias, novas rela\u00e7\u00f5es - O Arcanjo no ar\" \/>\n<meta property=\"og:description\" content=\"Dom Orani Jo\u00e3o Tempesta Neste domingo, dia 24 de maio, comemoramos o 43\u00ba Dia Mundial das Comunica\u00e7\u00f5es Sociais. Isso foi indicado pelo decreto \u201cInter Mirifica\u201d do Conc\u00edlio Vaticano II, um dos dois primeiros documentos conciliares a serem aprovados e promulgados. Foi o \u00fanico dia criado pelo Conc\u00edlio. A simplicidade desse documento sobre as comunica\u00e7\u00f5es facilitou [&hellip;]\" \/>\n<meta property=\"og:url\" content=\"https:\/\/www.oarcanjo.net\/site\/novas-tecnologias-novas-relacoes\/\" \/>\n<meta property=\"og:site_name\" content=\"O Arcanjo no ar\" \/>\n<meta property=\"article:publisher\" content=\"https:\/\/www.facebook.com\/OArcanjoNoAr\/\" \/>\n<meta property=\"article:published_time\" content=\"2009-05-22T21:00:09+00:00\" \/>\n<meta property=\"article:modified_time\" content=\"2009-05-22T00:58:53+00:00\" \/>\n<meta property=\"og:image\" content=\"https:\/\/www.oarcanjo.net\/site\/wp-content\/uploads\/logo-o-arcanjo-no-ar-facebook.png\" \/>\n\t<meta property=\"og:image:width\" content=\"300\" \/>\n\t<meta property=\"og:image:height\" content=\"300\" \/>\n\t<meta property=\"og:image:type\" content=\"image\/png\" \/>\n<meta name=\"author\" content=\"editor\" \/>\n<meta name=\"twitter:card\" content=\"summary_large_image\" \/>\n<meta name=\"twitter:label1\" content=\"Escrito por\" \/>\n\t<meta name=\"twitter:data1\" content=\"editor\" \/>\n\t<meta name=\"twitter:label2\" content=\"Est. tempo de leitura\" \/>\n\t<meta name=\"twitter:data2\" content=\"4 minutos\" \/>\n<script type=\"application\/ld+json\" class=\"yoast-schema-graph\">{\"@context\":\"https:\/\/schema.org\",\"@graph\":[{\"@type\":\"Article\",\"@id\":\"https:\/\/www.oarcanjo.net\/site\/novas-tecnologias-novas-relacoes\/#article\",\"isPartOf\":{\"@id\":\"https:\/\/www.oarcanjo.net\/site\/novas-tecnologias-novas-relacoes\/\"},\"author\":{\"name\":\"editor\",\"@id\":\"https:\/\/www.oarcanjo.net\/site\/#\/schema\/person\/f7024d007863202483a31326673a0838\"},\"headline\":\"Novas tecnologias, novas rela\u00e7\u00f5es\",\"datePublished\":\"2009-05-22T21:00:09+00:00\",\"dateModified\":\"2009-05-22T00:58:53+00:00\",\"mainEntityOfPage\":{\"@id\":\"https:\/\/www.oarcanjo.net\/site\/novas-tecnologias-novas-relacoes\/\"},\"wordCount\":755,\"commentCount\":1,\"publisher\":{\"@id\":\"https:\/\/www.oarcanjo.net\/site\/#organization\"},\"keywords\":[\"Ascen\u00e7\u00e3o do Senhor\",\"celular\",\"CNBB\",\"comunica\u00e7\u00e3o\",\"evangeliza\u00e7\u00e3o\",\"gera\u00e7\u00e3o digital\",\"Inter Mirifica\",\"internet\",\"novas tecnologias\",\"Vaticano II\"],\"articleSection\":[\"Reflex\u00f5es\"],\"inLanguage\":\"pt-BR\",\"potentialAction\":[{\"@type\":\"CommentAction\",\"name\":\"Comment\",\"target\":[\"https:\/\/www.oarcanjo.net\/site\/novas-tecnologias-novas-relacoes\/#respond\"]}]},{\"@type\":\"WebPage\",\"@id\":\"https:\/\/www.oarcanjo.net\/site\/novas-tecnologias-novas-relacoes\/\",\"url\":\"https:\/\/www.oarcanjo.net\/site\/novas-tecnologias-novas-relacoes\/\",\"name\":\"Novas tecnologias, novas rela\u00e7\u00f5es - O Arcanjo no ar\",\"isPartOf\":{\"@id\":\"https:\/\/www.oarcanjo.net\/site\/#website\"},\"datePublished\":\"2009-05-22T21:00:09+00:00\",\"dateModified\":\"2009-05-22T00:58:53+00:00\",\"breadcrumb\":{\"@id\":\"https:\/\/www.oarcanjo.net\/site\/novas-tecnologias-novas-relacoes\/#breadcrumb\"},\"inLanguage\":\"pt-BR\",\"potentialAction\":[{\"@type\":\"ReadAction\",\"target\":[\"https:\/\/www.oarcanjo.net\/site\/novas-tecnologias-novas-relacoes\/\"]}]},{\"@type\":\"BreadcrumbList\",\"@id\":\"https:\/\/www.oarcanjo.net\/site\/novas-tecnologias-novas-relacoes\/#breadcrumb\",\"itemListElement\":[{\"@type\":\"ListItem\",\"position\":1,\"name\":\"In\u00edcio\",\"item\":\"https:\/\/www.oarcanjo.net\/site\/\"},{\"@type\":\"ListItem\",\"position\":2,\"name\":\"Novas tecnologias, novas rela\u00e7\u00f5es\"}]},{\"@type\":\"WebSite\",\"@id\":\"https:\/\/www.oarcanjo.net\/site\/#website\",\"url\":\"https:\/\/www.oarcanjo.net\/site\/\",\"name\":\"O Arcanjo no ar\",\"description\":\"Site da Par\u00f3quia S\u00e3o Miguel Arcanjo (Arquidiocese de SP)\",\"publisher\":{\"@id\":\"https:\/\/www.oarcanjo.net\/site\/#organization\"},\"potentialAction\":[{\"@type\":\"SearchAction\",\"target\":{\"@type\":\"EntryPoint\",\"urlTemplate\":\"https:\/\/www.oarcanjo.net\/site\/?s={search_term_string}\"},\"query-input\":{\"@type\":\"PropertyValueSpecification\",\"valueRequired\":true,\"valueName\":\"search_term_string\"}}],\"inLanguage\":\"pt-BR\"},{\"@type\":\"Organization\",\"@id\":\"https:\/\/www.oarcanjo.net\/site\/#organization\",\"name\":\"Par\u00f3quia S\u00e3o Miguel Arcanjo\",\"url\":\"https:\/\/www.oarcanjo.net\/site\/\",\"logo\":{\"@type\":\"ImageObject\",\"inLanguage\":\"pt-BR\",\"@id\":\"https:\/\/www.oarcanjo.net\/site\/#\/schema\/logo\/image\/\",\"url\":\"https:\/\/www.oarcanjo.net\/site\/wp-content\/uploads\/LogoOArcanjo.png\",\"contentUrl\":\"https:\/\/www.oarcanjo.net\/site\/wp-content\/uploads\/LogoOArcanjo.png\",\"width\":319,\"height\":99,\"caption\":\"Par\u00f3quia S\u00e3o Miguel Arcanjo\"},\"image\":{\"@id\":\"https:\/\/www.oarcanjo.net\/site\/#\/schema\/logo\/image\/\"},\"sameAs\":[\"https:\/\/www.facebook.com\/OArcanjoNoAr\/\"]},{\"@type\":\"Person\",\"@id\":\"https:\/\/www.oarcanjo.net\/site\/#\/schema\/person\/f7024d007863202483a31326673a0838\",\"name\":\"editor\",\"sameAs\":[\"http:\/\/www.oarcanjo.net\"]}]}<\/script>\n<!-- \/ Yoast SEO plugin. -->","yoast_head_json":{"title":"Novas tecnologias, novas rela\u00e7\u00f5es - O Arcanjo no ar","robots":{"index":"index","follow":"follow","max-snippet":"max-snippet:-1","max-image-preview":"max-image-preview:large","max-video-preview":"max-video-preview:-1"},"canonical":"https:\/\/www.oarcanjo.net\/site\/novas-tecnologias-novas-relacoes\/","og_locale":"pt_BR","og_type":"article","og_title":"Novas tecnologias, novas rela\u00e7\u00f5es - O Arcanjo no ar","og_description":"Dom Orani Jo\u00e3o Tempesta Neste domingo, dia 24 de maio, comemoramos o 43\u00ba Dia Mundial das Comunica\u00e7\u00f5es Sociais. Isso foi indicado pelo decreto \u201cInter Mirifica\u201d do Conc\u00edlio Vaticano II, um dos dois primeiros documentos conciliares a serem aprovados e promulgados. Foi o \u00fanico dia criado pelo Conc\u00edlio. A simplicidade desse documento sobre as comunica\u00e7\u00f5es facilitou [&hellip;]","og_url":"https:\/\/www.oarcanjo.net\/site\/novas-tecnologias-novas-relacoes\/","og_site_name":"O Arcanjo no ar","article_publisher":"https:\/\/www.facebook.com\/OArcanjoNoAr\/","article_published_time":"2009-05-22T21:00:09+00:00","article_modified_time":"2009-05-22T00:58:53+00:00","og_image":[{"width":300,"height":300,"url":"https:\/\/www.oarcanjo.net\/site\/wp-content\/uploads\/logo-o-arcanjo-no-ar-facebook.png","type":"image\/png"}],"author":"editor","twitter_card":"summary_large_image","twitter_misc":{"Escrito por":"editor","Est. tempo de leitura":"4 minutos"},"schema":{"@context":"https:\/\/schema.org","@graph":[{"@type":"Article","@id":"https:\/\/www.oarcanjo.net\/site\/novas-tecnologias-novas-relacoes\/#article","isPartOf":{"@id":"https:\/\/www.oarcanjo.net\/site\/novas-tecnologias-novas-relacoes\/"},"author":{"name":"editor","@id":"https:\/\/www.oarcanjo.net\/site\/#\/schema\/person\/f7024d007863202483a31326673a0838"},"headline":"Novas tecnologias, novas rela\u00e7\u00f5es","datePublished":"2009-05-22T21:00:09+00:00","dateModified":"2009-05-22T00:58:53+00:00","mainEntityOfPage":{"@id":"https:\/\/www.oarcanjo.net\/site\/novas-tecnologias-novas-relacoes\/"},"wordCount":755,"commentCount":1,"publisher":{"@id":"https:\/\/www.oarcanjo.net\/site\/#organization"},"keywords":["Ascen\u00e7\u00e3o do Senhor","celular","CNBB","comunica\u00e7\u00e3o","evangeliza\u00e7\u00e3o","gera\u00e7\u00e3o digital","Inter Mirifica","internet","novas tecnologias","Vaticano II"],"articleSection":["Reflex\u00f5es"],"inLanguage":"pt-BR","potentialAction":[{"@type":"CommentAction","name":"Comment","target":["https:\/\/www.oarcanjo.net\/site\/novas-tecnologias-novas-relacoes\/#respond"]}]},{"@type":"WebPage","@id":"https:\/\/www.oarcanjo.net\/site\/novas-tecnologias-novas-relacoes\/","url":"https:\/\/www.oarcanjo.net\/site\/novas-tecnologias-novas-relacoes\/","name":"Novas tecnologias, novas rela\u00e7\u00f5es - O Arcanjo no ar","isPartOf":{"@id":"https:\/\/www.oarcanjo.net\/site\/#website"},"datePublished":"2009-05-22T21:00:09+00:00","dateModified":"2009-05-22T00:58:53+00:00","breadcrumb":{"@id":"https:\/\/www.oarcanjo.net\/site\/novas-tecnologias-novas-relacoes\/#breadcrumb"},"inLanguage":"pt-BR","potentialAction":[{"@type":"ReadAction","target":["https:\/\/www.oarcanjo.net\/site\/novas-tecnologias-novas-relacoes\/"]}]},{"@type":"BreadcrumbList","@id":"https:\/\/www.oarcanjo.net\/site\/novas-tecnologias-novas-relacoes\/#breadcrumb","itemListElement":[{"@type":"ListItem","position":1,"name":"In\u00edcio","item":"https:\/\/www.oarcanjo.net\/site\/"},{"@type":"ListItem","position":2,"name":"Novas tecnologias, novas rela\u00e7\u00f5es"}]},{"@type":"WebSite","@id":"https:\/\/www.oarcanjo.net\/site\/#website","url":"https:\/\/www.oarcanjo.net\/site\/","name":"O Arcanjo no ar","description":"Site da Par\u00f3quia S\u00e3o Miguel Arcanjo (Arquidiocese de SP)","publisher":{"@id":"https:\/\/www.oarcanjo.net\/site\/#organization"},"potentialAction":[{"@type":"SearchAction","target":{"@type":"EntryPoint","urlTemplate":"https:\/\/www.oarcanjo.net\/site\/?s={search_term_string}"},"query-input":{"@type":"PropertyValueSpecification","valueRequired":true,"valueName":"search_term_string"}}],"inLanguage":"pt-BR"},{"@type":"Organization","@id":"https:\/\/www.oarcanjo.net\/site\/#organization","name":"Par\u00f3quia S\u00e3o Miguel Arcanjo","url":"https:\/\/www.oarcanjo.net\/site\/","logo":{"@type":"ImageObject","inLanguage":"pt-BR","@id":"https:\/\/www.oarcanjo.net\/site\/#\/schema\/logo\/image\/","url":"https:\/\/www.oarcanjo.net\/site\/wp-content\/uploads\/LogoOArcanjo.png","contentUrl":"https:\/\/www.oarcanjo.net\/site\/wp-content\/uploads\/LogoOArcanjo.png","width":319,"height":99,"caption":"Par\u00f3quia S\u00e3o Miguel Arcanjo"},"image":{"@id":"https:\/\/www.oarcanjo.net\/site\/#\/schema\/logo\/image\/"},"sameAs":["https:\/\/www.facebook.com\/OArcanjoNoAr\/"]},{"@type":"Person","@id":"https:\/\/www.oarcanjo.net\/site\/#\/schema\/person\/f7024d007863202483a31326673a0838","name":"editor","sameAs":["http:\/\/www.oarcanjo.net"]}]}},"publishpress_future_action":{"enabled":false,"date":"2026-05-09 07:24:58","action":"category","newStatus":"draft","terms":[],"taxonomy":"category"},"publishpress_future_workflow_manual_trigger":{"enabledWorkflows":[]},"_links":{"self":[{"href":"https:\/\/www.oarcanjo.net\/site\/wp-json\/wp\/v2\/posts\/3505"}],"collection":[{"href":"https:\/\/www.oarcanjo.net\/site\/wp-json\/wp\/v2\/posts"}],"about":[{"href":"https:\/\/www.oarcanjo.net\/site\/wp-json\/wp\/v2\/types\/post"}],"author":[{"embeddable":true,"href":"https:\/\/www.oarcanjo.net\/site\/wp-json\/wp\/v2\/users\/5"}],"replies":[{"embeddable":true,"href":"https:\/\/www.oarcanjo.net\/site\/wp-json\/wp\/v2\/comments?post=3505"}],"version-history":[{"count":0,"href":"https:\/\/www.oarcanjo.net\/site\/wp-json\/wp\/v2\/posts\/3505\/revisions"}],"wp:attachment":[{"href":"https:\/\/www.oarcanjo.net\/site\/wp-json\/wp\/v2\/media?parent=3505"}],"wp:term":[{"taxonomy":"category","embeddable":true,"href":"https:\/\/www.oarcanjo.net\/site\/wp-json\/wp\/v2\/categories?post=3505"},{"taxonomy":"post_tag","embeddable":true,"href":"https:\/\/www.oarcanjo.net\/site\/wp-json\/wp\/v2\/tags?post=3505"}],"curies":[{"name":"wp","href":"https:\/\/api.w.org\/{rel}","templated":true}]}}