
{"id":3509,"date":"2009-05-23T08:00:20","date_gmt":"2009-05-23T11:00:20","guid":{"rendered":"http:\/\/www.oarcanjo.net\/site\/?p=3509"},"modified":"2009-05-21T22:07:34","modified_gmt":"2009-05-22T01:07:34","slug":"bispos-emeritos","status":"publish","type":"post","link":"https:\/\/www.oarcanjo.net\/site\/bispos-emeritos\/","title":{"rendered":"Bispos Em\u00e9ritos"},"content":{"rendered":"<p>Dom Dem\u00e9trio Valentini<\/p>\n<p>Este assunto merece aten\u00e7\u00e3o especial.  Fica melhor abord\u00e1-lo enquanto ainda n\u00e3o \u00e9 em causa pr\u00f3pria.<\/p>\n<p>Na verdade, est\u00e1 em causa uma situa\u00e7\u00e3o eclesial de crescentes propor\u00e7\u00f5es. S\u00f3 no Brasil, j\u00e1 s\u00e3o 130 os bispos em\u00e9ritos, assim identificados porque j\u00e1 deixaram o governo de suas dioceses, por terem atingido 75 anos, idade estabelecida pelo Conc\u00edlio para que o bispo apresente sua ren\u00fancia, ficando ao crit\u00e9rio da autoridade eclesi\u00e1stica o momento de efetivar a demiss\u00e3o.<\/p>\n<p>Se pensamos em pa\u00edses com m\u00e9dia de idade superior \u00e0 existente no Brasil, como a Europa, nos damos conta da dimens\u00e3o mundial desta causa. S\u00e3o centenas de bispos que j\u00e1 deixaram o governo de suas dioceses, e se encontram nesta situa\u00e7\u00e3o, indefinida por diversos motivos. Pois se a lei \u00e9 clara para indicar o momento de apresentar a ren\u00fancia, n\u00e3o \u00e9 nada clara ao definir a nova situa\u00e7\u00e3o do &#8220;bispo em\u00e9rito&#8221;, quando ele chega numa idade em que pela pr\u00f3pria natureza as circunst\u00e2ncias costumam ser muito diferenciadas, dependendo sobretudo do estado de sa\u00fade das pessoas.<\/p>\n<p>Diante disto, uma primeira constata\u00e7\u00e3o emerge com evid\u00eancia. Certamente n\u00e3o era este o panorama existente quando a lei foi proposta, cinq\u00fcenta anos atr\u00e1s. A demografia \u00e9 muito clara ao apresentar o sens\u00edvel aumento da m\u00e9dia de vida nestes \u00faltimos anos. Como a lei versou sobre dados demogr\u00e1ficos, o bom senso pediria que ela se adequasse aos novos dados. No Brasil, neste espa\u00e7o de tempo, a m\u00e9dia de vida aumentou mais de cinco anos. Portanto, a refer\u00eancia equivalente aos tempos do Conc\u00edlio seria hoje de oitenta anos, no m\u00ednimo.<\/p>\n<p>Mas n\u00e3o \u00e9 s\u00f3 a idade que est\u00e1 em quest\u00e3o. O bispo carrega uma miss\u00e3o que n\u00e3o se enquadra em n\u00famero de anos, nem se mede por incumb\u00eancias administrativas. Se mede antes pela doa\u00e7\u00e3o integral de sua vida, dure ela quanto durar. Esta miss\u00e3o n\u00e3o se esgota no governo de uma diocese, ao qual ele pode renunciar at\u00e9 antes dos 75 anos, para se dedicar mais intensamente a uma miss\u00e3o que ele intui como priorit\u00e1ria. Basta pensar nos bispos que s\u00e3o chamados a trabalhar na C\u00faria Romana. Eles deixam de governar uma diocese, sem deixar de serem bispos. Ora, n\u00e3o \u00e9 s\u00f3 na C\u00faria Romana que um bispo poderia se dedicar a uma miss\u00e3o espec\u00edfica, pr\u00f3pria de sua condi\u00e7\u00e3o de bispo.  <\/p>\n<p>O bispo, desde sua ordena\u00e7\u00e3o episcopal at\u00e9 sua morte, \u00e9 constitu\u00eddo membro do &#8220;col\u00e9gio apost\u00f3lico&#8221;, isto \u00e9, do grupo dos ap\u00f3stolos, as pessoas incumbidas de dar a respeito de Cristo o testemunho fundante da Igreja. &#8220;Sereis minhas testemunhas&#8221; (Atos 1,8),  falou Jesus. Os ap\u00f3stolos deram testemunho de Cristo at\u00e9 o seu mart\u00edrio, como selo final de sua fidelidade ao Senhor. Cada bispo tamb\u00e9m s\u00f3 completa seu testemunho com o selo de sua morte.<\/p>\n<p>Portanto, ele conserva ao longo de toda a vida a miss\u00e3o essencial para a qual ele foi ordenado. Com a ren\u00fancia ao governo de uma diocese, ele n\u00e3o renuncia, de modo nenhum, \u00e0 sua miss\u00e3o vital. Ele n\u00e3o fica descartado, ele n\u00e3o \u00e9 demitido, ele n\u00e3o \u00e9 dispensado. Ele continua ap\u00f3stolo de Cristo, para todos os efeitos.<\/p>\n<p>Esta situa\u00e7\u00e3o  precisa ser melhor administrada pela Igreja, ao ser confrontada com as inevit\u00e1veis precariedades humanas que a idade traz a todas as pessoas. A situa\u00e7\u00e3o atual deixa o desconforto de parecer que a Igreja valoriza mais a administra\u00e7\u00e3o das dioceses, em preju\u00edzo do testemunho pessoal dos bispos.<\/p>\n<p>Por um lado, \u00e9 evidente a necessidade de uma lei s\u00e1bia, que administre esta situa\u00e7\u00e3o, que n\u00e3o pode ficar s\u00f3 ao arb\u00edtrio de cada bispo. Quando da discuss\u00e3o conciliar sobre este assunto, lembro da pondera\u00e7\u00e3o do cardeal D. Alfredo Vicente Scherer, comentando a inconveni\u00eancia de deixar a decis\u00e3o s\u00f3 ao crit\u00e9rio de cada bispo. Dizia ele: &#8220;um bispo que tem o bom senso de pedir a ren\u00fancia, \u00e9 aquele que poderia continuar. E quem n\u00e3o pede a ren\u00fancia \u00e9 o que j\u00e1 deveria ter renunciado&#8221;.<\/p>\n<p>Est\u00e1 bem, portanto, que n\u00e3o fique ao crit\u00e9rio exclusivo de cada bispo. Mas n\u00e3o est\u00e1 bem que o assunto fique sujeito ao arb\u00edtrio alheio, submetido a crit\u00e9rios que muitas vezes nada tem a ver com a miss\u00e3o apost\u00f3lica dos bispos.<\/p>\n<p>O assunto requer uma adequada reconsidera\u00e7\u00e3o, que explicite melhor a condi\u00e7\u00e3o eclesial do bispo em\u00e9rito, garantindo-lhe as condi\u00e7\u00f5es para que ele continue exercendo, no contexto vital em que se encontra, sua miss\u00e3o apost\u00f3lica de testemunha radical de Cristo, que continua garantindo a fidelidade eclesial ao Senhor Ressuscitado.<\/p>\n<div id=\"themify_builder_content-3509\" data-postid=\"3509\" class=\"themify_builder_content themify_builder_content-3509 themify_builder themify_builder_front\">\n\t<\/div>\n<!-- \/themify_builder_content -->","protected":false},"excerpt":{"rendered":"<p>Dom Dem\u00e9trio Valentini Este assunto merece aten\u00e7\u00e3o especial. Fica melhor abord\u00e1-lo enquanto ainda n\u00e3o \u00e9 em causa pr\u00f3pria. Na verdade, est\u00e1 em causa uma situa\u00e7\u00e3o eclesial de crescentes propor\u00e7\u00f5es. S\u00f3 no Brasil, j\u00e1 s\u00e3o 130 os bispos em\u00e9ritos, assim identificados porque j\u00e1 deixaram o governo de suas dioceses, por terem atingido 75 anos, idade estabelecida [&hellip;]<\/p>\n","protected":false},"author":5,"featured_media":0,"comment_status":"open","ping_status":"open","sticky":false,"template":"","format":"standard","meta":{"ngg_post_thumbnail":0,"footnotes":""},"categories":[9],"tags":[198,728,729],"yoast_head":"<!-- This site is optimized with the Yoast SEO plugin v23.5 - https:\/\/yoast.com\/wordpress\/plugins\/seo\/ -->\n<title>Bispos Em\u00e9ritos - O Arcanjo no ar<\/title>\n<meta name=\"robots\" content=\"index, follow, max-snippet:-1, max-image-preview:large, max-video-preview:-1\" \/>\n<link rel=\"canonical\" href=\"https:\/\/www.oarcanjo.net\/site\/bispos-emeritos\/\" \/>\n<meta property=\"og:locale\" content=\"pt_BR\" \/>\n<meta property=\"og:type\" content=\"article\" \/>\n<meta property=\"og:title\" content=\"Bispos Em\u00e9ritos - O Arcanjo no ar\" \/>\n<meta property=\"og:description\" content=\"Dom Dem\u00e9trio Valentini Este assunto merece aten\u00e7\u00e3o especial. Fica melhor abord\u00e1-lo enquanto ainda n\u00e3o \u00e9 em causa pr\u00f3pria. Na verdade, est\u00e1 em causa uma situa\u00e7\u00e3o eclesial de crescentes propor\u00e7\u00f5es. S\u00f3 no Brasil, j\u00e1 s\u00e3o 130 os bispos em\u00e9ritos, assim identificados porque j\u00e1 deixaram o governo de suas dioceses, por terem atingido 75 anos, idade estabelecida [&hellip;]\" \/>\n<meta property=\"og:url\" content=\"https:\/\/www.oarcanjo.net\/site\/bispos-emeritos\/\" \/>\n<meta property=\"og:site_name\" content=\"O Arcanjo no ar\" \/>\n<meta property=\"article:publisher\" content=\"https:\/\/www.facebook.com\/OArcanjoNoAr\/\" \/>\n<meta property=\"article:published_time\" content=\"2009-05-23T11:00:20+00:00\" \/>\n<meta property=\"article:modified_time\" content=\"2009-05-22T01:07:34+00:00\" \/>\n<meta property=\"og:image\" content=\"https:\/\/www.oarcanjo.net\/site\/wp-content\/uploads\/logo-o-arcanjo-no-ar-facebook.png\" \/>\n\t<meta property=\"og:image:width\" content=\"300\" \/>\n\t<meta property=\"og:image:height\" content=\"300\" \/>\n\t<meta property=\"og:image:type\" content=\"image\/png\" \/>\n<meta name=\"author\" content=\"editor\" \/>\n<meta name=\"twitter:card\" content=\"summary_large_image\" \/>\n<meta name=\"twitter:label1\" content=\"Escrito por\" \/>\n\t<meta name=\"twitter:data1\" content=\"editor\" \/>\n\t<meta name=\"twitter:label2\" content=\"Est. tempo de leitura\" \/>\n\t<meta name=\"twitter:data2\" content=\"4 minutos\" \/>\n<script type=\"application\/ld+json\" class=\"yoast-schema-graph\">{\"@context\":\"https:\/\/schema.org\",\"@graph\":[{\"@type\":\"Article\",\"@id\":\"https:\/\/www.oarcanjo.net\/site\/bispos-emeritos\/#article\",\"isPartOf\":{\"@id\":\"https:\/\/www.oarcanjo.net\/site\/bispos-emeritos\/\"},\"author\":{\"name\":\"editor\",\"@id\":\"https:\/\/www.oarcanjo.net\/site\/#\/schema\/person\/f7024d007863202483a31326673a0838\"},\"headline\":\"Bispos Em\u00e9ritos\",\"datePublished\":\"2009-05-23T11:00:20+00:00\",\"dateModified\":\"2009-05-22T01:07:34+00:00\",\"mainEntityOfPage\":{\"@id\":\"https:\/\/www.oarcanjo.net\/site\/bispos-emeritos\/\"},\"wordCount\":818,\"commentCount\":0,\"publisher\":{\"@id\":\"https:\/\/www.oarcanjo.net\/site\/#organization\"},\"keywords\":[\"ap\u00f3stolo\",\"bispo em\u00e9rito\",\"diocese\"],\"articleSection\":[\"Reflex\u00f5es\"],\"inLanguage\":\"pt-BR\",\"potentialAction\":[{\"@type\":\"CommentAction\",\"name\":\"Comment\",\"target\":[\"https:\/\/www.oarcanjo.net\/site\/bispos-emeritos\/#respond\"]}]},{\"@type\":\"WebPage\",\"@id\":\"https:\/\/www.oarcanjo.net\/site\/bispos-emeritos\/\",\"url\":\"https:\/\/www.oarcanjo.net\/site\/bispos-emeritos\/\",\"name\":\"Bispos Em\u00e9ritos - O Arcanjo no ar\",\"isPartOf\":{\"@id\":\"https:\/\/www.oarcanjo.net\/site\/#website\"},\"datePublished\":\"2009-05-23T11:00:20+00:00\",\"dateModified\":\"2009-05-22T01:07:34+00:00\",\"breadcrumb\":{\"@id\":\"https:\/\/www.oarcanjo.net\/site\/bispos-emeritos\/#breadcrumb\"},\"inLanguage\":\"pt-BR\",\"potentialAction\":[{\"@type\":\"ReadAction\",\"target\":[\"https:\/\/www.oarcanjo.net\/site\/bispos-emeritos\/\"]}]},{\"@type\":\"BreadcrumbList\",\"@id\":\"https:\/\/www.oarcanjo.net\/site\/bispos-emeritos\/#breadcrumb\",\"itemListElement\":[{\"@type\":\"ListItem\",\"position\":1,\"name\":\"In\u00edcio\",\"item\":\"https:\/\/www.oarcanjo.net\/site\/\"},{\"@type\":\"ListItem\",\"position\":2,\"name\":\"Bispos Em\u00e9ritos\"}]},{\"@type\":\"WebSite\",\"@id\":\"https:\/\/www.oarcanjo.net\/site\/#website\",\"url\":\"https:\/\/www.oarcanjo.net\/site\/\",\"name\":\"O Arcanjo no ar\",\"description\":\"Site da Par\u00f3quia S\u00e3o Miguel Arcanjo (Arquidiocese de SP)\",\"publisher\":{\"@id\":\"https:\/\/www.oarcanjo.net\/site\/#organization\"},\"potentialAction\":[{\"@type\":\"SearchAction\",\"target\":{\"@type\":\"EntryPoint\",\"urlTemplate\":\"https:\/\/www.oarcanjo.net\/site\/?s={search_term_string}\"},\"query-input\":{\"@type\":\"PropertyValueSpecification\",\"valueRequired\":true,\"valueName\":\"search_term_string\"}}],\"inLanguage\":\"pt-BR\"},{\"@type\":\"Organization\",\"@id\":\"https:\/\/www.oarcanjo.net\/site\/#organization\",\"name\":\"Par\u00f3quia S\u00e3o Miguel Arcanjo\",\"url\":\"https:\/\/www.oarcanjo.net\/site\/\",\"logo\":{\"@type\":\"ImageObject\",\"inLanguage\":\"pt-BR\",\"@id\":\"https:\/\/www.oarcanjo.net\/site\/#\/schema\/logo\/image\/\",\"url\":\"https:\/\/www.oarcanjo.net\/site\/wp-content\/uploads\/LogoOArcanjo.png\",\"contentUrl\":\"https:\/\/www.oarcanjo.net\/site\/wp-content\/uploads\/LogoOArcanjo.png\",\"width\":319,\"height\":99,\"caption\":\"Par\u00f3quia S\u00e3o Miguel Arcanjo\"},\"image\":{\"@id\":\"https:\/\/www.oarcanjo.net\/site\/#\/schema\/logo\/image\/\"},\"sameAs\":[\"https:\/\/www.facebook.com\/OArcanjoNoAr\/\"]},{\"@type\":\"Person\",\"@id\":\"https:\/\/www.oarcanjo.net\/site\/#\/schema\/person\/f7024d007863202483a31326673a0838\",\"name\":\"editor\",\"sameAs\":[\"http:\/\/www.oarcanjo.net\"]}]}<\/script>\n<!-- \/ Yoast SEO plugin. -->","yoast_head_json":{"title":"Bispos Em\u00e9ritos - O Arcanjo no ar","robots":{"index":"index","follow":"follow","max-snippet":"max-snippet:-1","max-image-preview":"max-image-preview:large","max-video-preview":"max-video-preview:-1"},"canonical":"https:\/\/www.oarcanjo.net\/site\/bispos-emeritos\/","og_locale":"pt_BR","og_type":"article","og_title":"Bispos Em\u00e9ritos - O Arcanjo no ar","og_description":"Dom Dem\u00e9trio Valentini Este assunto merece aten\u00e7\u00e3o especial. Fica melhor abord\u00e1-lo enquanto ainda n\u00e3o \u00e9 em causa pr\u00f3pria. Na verdade, est\u00e1 em causa uma situa\u00e7\u00e3o eclesial de crescentes propor\u00e7\u00f5es. S\u00f3 no Brasil, j\u00e1 s\u00e3o 130 os bispos em\u00e9ritos, assim identificados porque j\u00e1 deixaram o governo de suas dioceses, por terem atingido 75 anos, idade estabelecida [&hellip;]","og_url":"https:\/\/www.oarcanjo.net\/site\/bispos-emeritos\/","og_site_name":"O Arcanjo no ar","article_publisher":"https:\/\/www.facebook.com\/OArcanjoNoAr\/","article_published_time":"2009-05-23T11:00:20+00:00","article_modified_time":"2009-05-22T01:07:34+00:00","og_image":[{"width":300,"height":300,"url":"https:\/\/www.oarcanjo.net\/site\/wp-content\/uploads\/logo-o-arcanjo-no-ar-facebook.png","type":"image\/png"}],"author":"editor","twitter_card":"summary_large_image","twitter_misc":{"Escrito por":"editor","Est. tempo de leitura":"4 minutos"},"schema":{"@context":"https:\/\/schema.org","@graph":[{"@type":"Article","@id":"https:\/\/www.oarcanjo.net\/site\/bispos-emeritos\/#article","isPartOf":{"@id":"https:\/\/www.oarcanjo.net\/site\/bispos-emeritos\/"},"author":{"name":"editor","@id":"https:\/\/www.oarcanjo.net\/site\/#\/schema\/person\/f7024d007863202483a31326673a0838"},"headline":"Bispos Em\u00e9ritos","datePublished":"2009-05-23T11:00:20+00:00","dateModified":"2009-05-22T01:07:34+00:00","mainEntityOfPage":{"@id":"https:\/\/www.oarcanjo.net\/site\/bispos-emeritos\/"},"wordCount":818,"commentCount":0,"publisher":{"@id":"https:\/\/www.oarcanjo.net\/site\/#organization"},"keywords":["ap\u00f3stolo","bispo em\u00e9rito","diocese"],"articleSection":["Reflex\u00f5es"],"inLanguage":"pt-BR","potentialAction":[{"@type":"CommentAction","name":"Comment","target":["https:\/\/www.oarcanjo.net\/site\/bispos-emeritos\/#respond"]}]},{"@type":"WebPage","@id":"https:\/\/www.oarcanjo.net\/site\/bispos-emeritos\/","url":"https:\/\/www.oarcanjo.net\/site\/bispos-emeritos\/","name":"Bispos Em\u00e9ritos - O Arcanjo no ar","isPartOf":{"@id":"https:\/\/www.oarcanjo.net\/site\/#website"},"datePublished":"2009-05-23T11:00:20+00:00","dateModified":"2009-05-22T01:07:34+00:00","breadcrumb":{"@id":"https:\/\/www.oarcanjo.net\/site\/bispos-emeritos\/#breadcrumb"},"inLanguage":"pt-BR","potentialAction":[{"@type":"ReadAction","target":["https:\/\/www.oarcanjo.net\/site\/bispos-emeritos\/"]}]},{"@type":"BreadcrumbList","@id":"https:\/\/www.oarcanjo.net\/site\/bispos-emeritos\/#breadcrumb","itemListElement":[{"@type":"ListItem","position":1,"name":"In\u00edcio","item":"https:\/\/www.oarcanjo.net\/site\/"},{"@type":"ListItem","position":2,"name":"Bispos Em\u00e9ritos"}]},{"@type":"WebSite","@id":"https:\/\/www.oarcanjo.net\/site\/#website","url":"https:\/\/www.oarcanjo.net\/site\/","name":"O Arcanjo no ar","description":"Site da Par\u00f3quia S\u00e3o Miguel Arcanjo (Arquidiocese de SP)","publisher":{"@id":"https:\/\/www.oarcanjo.net\/site\/#organization"},"potentialAction":[{"@type":"SearchAction","target":{"@type":"EntryPoint","urlTemplate":"https:\/\/www.oarcanjo.net\/site\/?s={search_term_string}"},"query-input":{"@type":"PropertyValueSpecification","valueRequired":true,"valueName":"search_term_string"}}],"inLanguage":"pt-BR"},{"@type":"Organization","@id":"https:\/\/www.oarcanjo.net\/site\/#organization","name":"Par\u00f3quia S\u00e3o Miguel Arcanjo","url":"https:\/\/www.oarcanjo.net\/site\/","logo":{"@type":"ImageObject","inLanguage":"pt-BR","@id":"https:\/\/www.oarcanjo.net\/site\/#\/schema\/logo\/image\/","url":"https:\/\/www.oarcanjo.net\/site\/wp-content\/uploads\/LogoOArcanjo.png","contentUrl":"https:\/\/www.oarcanjo.net\/site\/wp-content\/uploads\/LogoOArcanjo.png","width":319,"height":99,"caption":"Par\u00f3quia S\u00e3o Miguel Arcanjo"},"image":{"@id":"https:\/\/www.oarcanjo.net\/site\/#\/schema\/logo\/image\/"},"sameAs":["https:\/\/www.facebook.com\/OArcanjoNoAr\/"]},{"@type":"Person","@id":"https:\/\/www.oarcanjo.net\/site\/#\/schema\/person\/f7024d007863202483a31326673a0838","name":"editor","sameAs":["http:\/\/www.oarcanjo.net"]}]}},"publishpress_future_action":{"enabled":false,"date":"2026-05-09 07:24:57","action":"category","newStatus":"draft","terms":[],"taxonomy":"category"},"publishpress_future_workflow_manual_trigger":{"enabledWorkflows":[]},"_links":{"self":[{"href":"https:\/\/www.oarcanjo.net\/site\/wp-json\/wp\/v2\/posts\/3509"}],"collection":[{"href":"https:\/\/www.oarcanjo.net\/site\/wp-json\/wp\/v2\/posts"}],"about":[{"href":"https:\/\/www.oarcanjo.net\/site\/wp-json\/wp\/v2\/types\/post"}],"author":[{"embeddable":true,"href":"https:\/\/www.oarcanjo.net\/site\/wp-json\/wp\/v2\/users\/5"}],"replies":[{"embeddable":true,"href":"https:\/\/www.oarcanjo.net\/site\/wp-json\/wp\/v2\/comments?post=3509"}],"version-history":[{"count":0,"href":"https:\/\/www.oarcanjo.net\/site\/wp-json\/wp\/v2\/posts\/3509\/revisions"}],"wp:attachment":[{"href":"https:\/\/www.oarcanjo.net\/site\/wp-json\/wp\/v2\/media?parent=3509"}],"wp:term":[{"taxonomy":"category","embeddable":true,"href":"https:\/\/www.oarcanjo.net\/site\/wp-json\/wp\/v2\/categories?post=3509"},{"taxonomy":"post_tag","embeddable":true,"href":"https:\/\/www.oarcanjo.net\/site\/wp-json\/wp\/v2\/tags?post=3509"}],"curies":[{"name":"wp","href":"https:\/\/api.w.org\/{rel}","templated":true}]}}