
{"id":3513,"date":"2009-05-21T22:17:08","date_gmt":"2009-05-22T01:17:08","guid":{"rendered":"http:\/\/www.oarcanjo.net\/site\/?p=3513"},"modified":"2009-05-21T22:17:08","modified_gmt":"2009-05-22T01:17:08","slug":"dom-aloisio-lorscheider-a-testemunha-fiel","status":"publish","type":"post","link":"https:\/\/www.oarcanjo.net\/site\/dom-aloisio-lorscheider-a-testemunha-fiel\/","title":{"rendered":"Dom Alo\u00edsio Lorscheider: a testemunha fiel"},"content":{"rendered":"<p>Dom Manoel Edmilson da Cruz<\/p>\n<p>Falar em breves palavras sobre a riqueza da personalidade de Dom Alo\u00edsio \u00e9 tarefa muito dif\u00edcil, deter-me-ei, por\u00e9m, sobre a import\u00e2ncia dele para a Igreja como Ministro do Senhor. Sendo assim, ser\u00e1 preciso apenas mencionar seus principais t\u00edtulos acad\u00eamicos, diplomas, honrarias, condecora\u00e7\u00f5es, pluricidadania; sua invej\u00e1vel condi\u00e7\u00e3o de poliglota (fala fluentemente alem\u00e3o, portugu\u00eas, latim, italiano, espanhol, Franc\u00eas, ingl\u00eas, entende o flamengo, conhece muito bem o grego e o hebraico e suponho que tamb\u00e9m o aramaico); os diversos minist\u00e9rios e os servi\u00e7os extraordin\u00e1rios prestados com a compet\u00eancia de verdadeiro te\u00f3logo na viv\u00eancia exemplar dos votos religiosos, na c\u00e1tedra magisterial de Universidade em Roma; no convento, como franciscano, em Prov\u00edncias Religiosas da sua Ordem no Brasil e em Portugal; ou do Mestre na f\u00e9 como Bispo diocesano em Santo \u00c2ngelo, RS, e Arcebispo Metropolitano e Cardeal Arcebispo em Fortaleza e no Cear\u00e1; Presidente da Comiss\u00e3o Episcopal de Doutrina (CED), Coordenador do Secretariado de Teologia e Ecumenismo da CNBB, para todo o Brasil; Secret\u00e1rio Geral, depois Presidente dessa mesma Confer\u00eancia Nacional dos Bispos do Brasil; Vice-Presidente e depois Presidente do Conselho Episcopal Latino-Americano (CELAM) e da C\u00e1ritas Internacional, com atua\u00e7\u00e3o tamb\u00e9m nas Am\u00e9ricas e no Mundo; Co-Presidente do CELAM por ocasi\u00e3o de Assembl\u00e9ia Geral, ou melhor, de Confer\u00eancia Geral; alt\u00edssimos encargos, miss\u00f5es e minist\u00e9rios na Igreja (apontado, inclusive, para o Sumo Pontificado); sua destacada participa\u00e7\u00e3o no Conc\u00edlio Vaticano II e em todos os subseq\u00fcentes S\u00ednodos dos Bispos, ordin\u00e1rios e extraordin\u00e1rios, e nas Confer\u00eancias Gerais de Medell\u00edn, Puebla e Santo Domingo.<\/p>\n<p>Tudo isso resume um pouco a sua vida e de relance demonstra-lhe a grandeza. Por muitos outros \u00e2ngulos, por\u00e9m, poder-se-\u00e1 apreciar a beleza e o esplendor de sua imagem caleidosc\u00f3pica. Algumas perguntas, despretensiosas e singelas, ajudar-nos-\u00e3o neste sentido.<\/p>\n<p>Estas, por exemplo: Quem por acaso viu alguma vez Dom Alo\u00edsio irritado? Quem n\u00e3o recebeu dele um incentivo para o bom desempenho de um cargo, de uma miss\u00e3o? Quem foi por ele constrangido a assumir algum trabalho? Quando foi que se viu Dom Alo\u00edsio fazer alus\u00e3o a merecimento pr\u00f3prio, seu, pessoal, ou citar seus grandes feitos e iniciativas?<\/p>\n<p>Por outro lado, n\u00e3o h\u00e1 como esquecer comportamentos dele que n\u00e3o se possa deixar de admirar em profundidade. Assim, na sua primeira diocese de Santo \u00c2ngelo, ao percorrer a p\u00e9 tr\u00eas suarentas l\u00e9guas para atender a enfermo em estado grave. No sert\u00e3o do Cear\u00e1, sob raios de sol esbraseante, a confessar uma pobre penitente, ambos sentados numa tora de madeira ao abrigo de um simples guarda-sol. Era ele todos os anos invariavelmente o primeiro a sentar-se no confession\u00e1rio ainda pela madrugada para ouvir em confiss\u00e3o os romeiros em Canind\u00e9 durante a festa de S\u00e3o Francisco. Isto, sempre, at\u00e9 quando com a sa\u00fade j\u00e1 abalada, at\u00e9 no dia seguinte a sua volta de S\u00e3o Paulo ap\u00f3s a sua primeira cirurgia do cora\u00e7\u00e3o. <\/p>\n<p>Seus grandes feitos de construtor: a conclus\u00e3o da bela Catedral de Fortaleza a constru\u00e7\u00e3o e a amplia\u00e7\u00e3o de semin\u00e1rios, as escolas comunit\u00e1rias da periferia da capital, as 382 casas populares (180 s\u00f3 na praia das goiabeiras).<\/p>\n<p>Suas grandes iniciativas: a funda\u00e7\u00e3o do Centro de Defesa e Promo\u00e7\u00e3o dos Direitos Humanos (CDPDH); a cria\u00e7\u00e3o do Mensageiro da Fraternidade ambos dotados da infra-estrutura necess\u00e1ria e em pleno funcionamento; a descentraliza\u00e7\u00e3o da Arquidiocese com a cria\u00e7\u00e3o das Regi\u00f5es Episcopais metropolitanas e interioranas de Pastoral, a cria\u00e7\u00e3o de novas e numerosas Pastorais correspondentes aos desafios pastorais dos nossos tempos, \u00e0s quais soube sempre imprimir uma linha de pastoral em plena sintonia com o Conc\u00edlio Vaticano II; o seu cuidado incans\u00e1vel com a forma\u00e7\u00e3o dos Sacerdotes, Religiosos e Leigos (ITEP e ICRE); a partilha e a entrega de propriedades rurais da Igreja aos seus moradores.<\/p>\n<p>Sua atua\u00e7\u00e3o constante junto aos Meios de Comunica\u00e7\u00e3o Social: visitas \u00e0s Emissoras de TV e Jornais, encontros com jornalistas e telecomunicadores; entrevistas, coletivas de imprensa, confer\u00eancias etc.<\/p>\n<p>Sua presen\u00e7a junto aos presos pol\u00edticos que ele visitava e confortava.<\/p>\n<p>Seu di\u00e1logo respeitoso e freq\u00fcente com as Autoridades, especialmente como mediador em casos de conflitos.<\/p>\n<p>Por a\u00ed se percebe a figura do Bispo \u201cfeito de cora\u00e7\u00e3o modelo para o rebanho (forma factus gregis ex animo)\u201d, segundo a inspirada palavra da Sagrada Escritura (1Pd 5, 4).<\/p>\n<p>N\u00e3o era freq\u00fcente ver-se Dom Alo\u00edsio prostrado longas horas diante de Jesus no sacr\u00e1rio. Nele o permanente era o trabalho \u00e0s vezes prolongado noite adentro, o atendimento \u00e0s pessoas, sempre atencioso e amigo, a reflex\u00e3o, a reda\u00e7\u00e3o de textos e documentos, que novos rumos iam imprimindo \u00e0s diversas Pastorais, novas luzes que iluminavam o c\u00e9u da caminhada em rigorosa fidelidade ao Evangelho e \u00e0 melhor tradi\u00e7\u00e3o da Santa Igreja.<\/p>\n<p>\u00c9 aqui que se percebe um vislumbre da sua santidade. Basta confrontar reflex\u00e3o, textos de sua autoria, atitudes, a coer\u00eancia em toda a sua vida: sua vida toda ela uma ora\u00e7\u00e3o! D\u00e1 para entender a alegria, a serenidade, a paz que ele transmite. Atado com arame farpado por algum tempo como ref\u00e9m e a seguir, preso com outros ref\u00e9ns em meio aos seq\u00fcestradores e a amea\u00e7as, em fuga perigosa e tresloucada, dentro de um carro-forte, nos entrechoques entre disparos da Pol\u00edcia e seq\u00fcestradores, Dom Alo\u00edsio extenuado, por um instante sequer perdeu a sua paz; mesmo nesse estado, ele ainda transmitia paz aos companheiros e companheiras de mart\u00edrio!<\/p>\n<p>Resultado, tudo isto, de rigoroso m\u00e9todo, de um ritmo de trabalho que pouca gente, mesmo entre os grandes, \u00e9 capaz de acompanhar. Quem o viu jamais sentado a uma mesa participando de algum jogo de sal\u00e3o, t\u00e3o recomend\u00e1vel a todos n\u00f3s? \u00c9 por isso que Dom Alo\u00edsio sempre nos ensina, porque Dom Alu\u00edsio constantemente aprende. Com Cristo Mestre, com S\u00e3o Francisco de Assis, seu guia e modelo de viv\u00eancia.<\/p>\n<p>T\u00e3o bem qualificado ao vir do sol, o Nordeste, o Cear\u00e1 foram para ele uma grande escola. Foi aqui que ele viveu de verdade a Teologia da Liberta\u00e7\u00e3o: no contato com as favelas; escutando as pessoas; hospedando em sua casa camponeses analfabetos e desdentados, almo\u00e7ando com eles \u00e0 sua mesa, vivenciando integralmente a evang\u00e9lica op\u00e7\u00e3o preferencial, n\u00e3o excludente, pelos pobres; assumindo atitudes coerentes nos p\u00e1tios de f\u00e1bricas, entre trabalhadores em greve; no meio das favelas e das ocupa\u00e7\u00f5es, diante da pol\u00edcia em caso de despejos. Atitudes coerentes sim, sempre coerentes!<\/p>\n<p>Alguns exemplos: \u201cem setembro de 1983, ao ser convidado pela TV Globo e TV Verdes Mares para celebrar uma Eucaristia de abertura da Campanha de Ajuda aos Atingidos pela Seca, o Pastor e Profeta escreve uma bel\u00edssima p\u00e1gina de compromisso com os empobrecidos\u201d. Nega-se a ratificar a Campanha com a sua presen\u00e7a \u2018As orienta\u00e7\u00f5es pastorais da Igreja do Brasil, referendadas pela Santa S\u00e9, n\u00e3o favorecem o tipo de Campanha que est\u00e1 sendo feita. A posi\u00e7\u00e3o da Igreja \u00e9 muito clara: o problema n\u00e3o \u00e9 o fen\u00f4meno da seca, mas o de um sistema de vida todo impregnado de esp\u00edrito materialista, que produz ricos cada vez mais ricos \u00e0 custa de pobres cada vez mais pobres. Infelizmente, as campanhas de ajuda aos Atingidos pelas Secas, organizadas em grande estilo, fazem perder de vista este problema fundamental, criando a ilus\u00e3o de que passada a seca tudo voltar\u00e1 ao seu normal\u2019. Ap\u00f3s outras considera\u00e7\u00f5es conclui: \u2018\u00e9 por esta raz\u00e3o que a Igreja no Cear\u00e1 atrav\u00e9s da Arquidiocese de Fortaleza n\u00e3o poder\u00e1 colaborar nesta Campanha\u2019. \u201cN\u00e3o se pode viver de costas para os problemas do povo\u201d (Dom Alo\u00edsio \u00e0s Religiosas \u2013 1985).<\/p>\n<p>No IV Encontro Regional do Clero ele verbaliza a sua experi\u00eancia: \u201cAssim deve ser nossa pr\u00e1tica pastoral: encarnada na vida do povo, quen\u00f3tica, esvaziada de si mesmo, entregue nas m\u00e3os de Deus e do povo simples, sem temer as tens\u00f5es, aprendendo a conviver com os conflitos, crescendo na f\u00e9\u201d.<\/p>\n<p>Da\u00ed as amea\u00e7as de morte, a matan\u00e7a de c\u00e3es de guarda da sua casa, o atentado \u00e0 bomba (ou amea\u00e7a?) lan\u00e7ando contra a sua resid\u00eancia.<\/p>\n<p>\u00c9 este o Dom Alo\u00edsio que o Cear\u00e1 guarda no cora\u00e7\u00e3o como uma imagem de Nosso Senhor Jesus Cristo, uma presen\u00e7a viva de S\u00e3o Francisco de Assis: o Cardeal Arcebispo, o Mestre, o Amigo dos pobres, o Pastor e o Profeta. Por toda este imensa gra\u00e7a do c\u00e9u que nos foi dada, bendito seja Deus!<\/p>\n<p>Um grupo de colaboradores e amigos est\u00e1 publicando em Recife toda a obra escrita de Dom Helder C\u00e2mara, por muitos considerado o maior profeta da Igreja do s\u00e9culo XX. A esse prop\u00f3sito assim se manifesta o conhecido te\u00f3logo e escritor Pe. Jos\u00e9 Comblin: \u201cEu sou daqueles que tem a convic\u00e7\u00e3o de que os escritos de Dom Helder ainda ser\u00e3o fonte de inspira\u00e7\u00e3o na Am\u00e9rica Latina daqui a mil anos. Pois, ele lan\u00e7ou sementes destinadas a produzir uma messe abundante nesta nova \u00e9poca do cristianismo que esta come\u00e7ando agora. As suas sucessiva convers\u00f5es sinalizam de certa maneira a futura trajet\u00f3ria da Igreja nesta nova \u00e9poca da Hist\u00f3ria da Humildade\u201d. Da\u00ed, a sugest\u00e3o: n\u00e3o seria o caso de a Igreja do Cear\u00e1, quem sabe a Universidade, imitar esse bom exemplo e publicar toda a obra escrita do nosso Dom Alo\u00edsio?<\/p>\n<p>A singela <a href=\"http:\/\/www.paroquiasantoafonso.org.br\/noticias_exibir.php?idp=6&#038;idps=1&#038;idn=854\" target=\"_blank\">obra<\/a> agora publicada, iniciativa do padre Geovane Saraiva, nosso bom amigo, j\u00e1 \u00e9 um grande passo nessa dire\u00e7\u00e3o, j\u00e1 \u00e9 uma boa contribui\u00e7\u00e3o. Meus aplausos!<\/p>\n<p>Antes da palavra final, assim nos fala a palavra de Deus: \u201cQuem \u00e9 s\u00e1bio brilhar\u00e1 como a luz no firmamento; quem ensina \u00e0 multid\u00e3o os caminhos da justi\u00e7a, fulgir\u00e1 como as estrelas pelos s\u00e9culos eternos\u201d (Dn 12,3).<\/p>\n<p>Fale tamb\u00e9m um poeta: \u201cAs pedras assacadas contra Deus ao contacto do c\u00e9u tomam-se estrelas\u201d.<\/p>\n<p>Por fim, uma conclus\u00e3o \u2013 uma intui\u00e7\u00e3o de outro santo, o nosso querido e humilde Dom Geraldo Nascimento, Bispo auxiliar de Fortaleza: \u201cSe olharmos a vida e miss\u00e3o de Dom Alo\u00edsio como aprendizado ganharemos mais (ele escrevia em 1987, no Jubileu Episcopal do homenageado), do que ele com nossas homenagens e palavras\u201d.<\/p>\n<p>Dom Alo\u00edsio viveu e continua vivendo do integralmente o seu lema episcopal: \u201cNa Cruz a Salva\u00e7\u00e3o e a Vida\u201d (In Cruce Salus et Vita).<\/p>\n<p>Bendito seja Deus admir\u00e1vel nos seus santos!<\/p>\n<div id=\"themify_builder_content-3513\" data-postid=\"3513\" class=\"themify_builder_content themify_builder_content-3513 themify_builder themify_builder_front\">\n\t<\/div>\n<!-- \/themify_builder_content -->","protected":false},"excerpt":{"rendered":"<p>Dom Manoel Edmilson da Cruz Falar em breves palavras sobre a riqueza da personalidade de Dom Alo\u00edsio \u00e9 tarefa muito dif\u00edcil, deter-me-ei, por\u00e9m, sobre a import\u00e2ncia dele para a Igreja como Ministro do Senhor. Sendo assim, ser\u00e1 preciso apenas mencionar seus principais t\u00edtulos acad\u00eamicos, diplomas, honrarias, condecora\u00e7\u00f5es, pluricidadania; sua invej\u00e1vel condi\u00e7\u00e3o de poliglota (fala fluentemente [&hellip;]<\/p>\n","protected":false},"author":5,"featured_media":0,"comment_status":"open","ping_status":"open","sticky":false,"template":"","format":"standard","meta":{"ngg_post_thumbnail":0,"footnotes":""},"categories":[474],"tags":[234,63,27,289,731,733,730,506,507,732,190,65],"yoast_head":"<!-- This site is optimized with the Yoast SEO plugin v23.5 - https:\/\/yoast.com\/wordpress\/plugins\/seo\/ -->\n<title>Dom Alo\u00edsio Lorscheider: a testemunha fiel - O Arcanjo no ar<\/title>\n<meta name=\"robots\" content=\"index, follow, max-snippet:-1, max-image-preview:large, max-video-preview:-1\" \/>\n<link rel=\"canonical\" href=\"https:\/\/www.oarcanjo.net\/site\/dom-aloisio-lorscheider-a-testemunha-fiel\/\" \/>\n<meta property=\"og:locale\" content=\"pt_BR\" \/>\n<meta property=\"og:type\" content=\"article\" \/>\n<meta property=\"og:title\" content=\"Dom Alo\u00edsio Lorscheider: a testemunha fiel - O Arcanjo no ar\" \/>\n<meta property=\"og:description\" content=\"Dom Manoel Edmilson da Cruz Falar em breves palavras sobre a riqueza da personalidade de Dom Alo\u00edsio \u00e9 tarefa muito dif\u00edcil, deter-me-ei, por\u00e9m, sobre a import\u00e2ncia dele para a Igreja como Ministro do Senhor. Sendo assim, ser\u00e1 preciso apenas mencionar seus principais t\u00edtulos acad\u00eamicos, diplomas, honrarias, condecora\u00e7\u00f5es, pluricidadania; sua invej\u00e1vel condi\u00e7\u00e3o de poliglota (fala fluentemente [&hellip;]\" \/>\n<meta property=\"og:url\" content=\"https:\/\/www.oarcanjo.net\/site\/dom-aloisio-lorscheider-a-testemunha-fiel\/\" \/>\n<meta property=\"og:site_name\" content=\"O Arcanjo no ar\" \/>\n<meta property=\"article:publisher\" content=\"https:\/\/www.facebook.com\/OArcanjoNoAr\/\" \/>\n<meta property=\"article:published_time\" content=\"2009-05-22T01:17:08+00:00\" \/>\n<meta property=\"og:image\" content=\"https:\/\/www.oarcanjo.net\/site\/wp-content\/uploads\/logo-o-arcanjo-no-ar-facebook.png\" \/>\n\t<meta property=\"og:image:width\" content=\"300\" \/>\n\t<meta property=\"og:image:height\" content=\"300\" \/>\n\t<meta property=\"og:image:type\" content=\"image\/png\" \/>\n<meta name=\"author\" content=\"editor\" \/>\n<meta name=\"twitter:card\" content=\"summary_large_image\" \/>\n<meta name=\"twitter:label1\" content=\"Escrito por\" \/>\n\t<meta name=\"twitter:data1\" content=\"editor\" \/>\n\t<meta name=\"twitter:label2\" content=\"Est. tempo de leitura\" \/>\n\t<meta name=\"twitter:data2\" content=\"9 minutos\" \/>\n<script type=\"application\/ld+json\" class=\"yoast-schema-graph\">{\"@context\":\"https:\/\/schema.org\",\"@graph\":[{\"@type\":\"Article\",\"@id\":\"https:\/\/www.oarcanjo.net\/site\/dom-aloisio-lorscheider-a-testemunha-fiel\/#article\",\"isPartOf\":{\"@id\":\"https:\/\/www.oarcanjo.net\/site\/dom-aloisio-lorscheider-a-testemunha-fiel\/\"},\"author\":{\"name\":\"editor\",\"@id\":\"https:\/\/www.oarcanjo.net\/site\/#\/schema\/person\/f7024d007863202483a31326673a0838\"},\"headline\":\"Dom Alo\u00edsio Lorscheider: a testemunha fiel\",\"datePublished\":\"2009-05-22T01:17:08+00:00\",\"dateModified\":\"2009-05-22T01:17:08+00:00\",\"mainEntityOfPage\":{\"@id\":\"https:\/\/www.oarcanjo.net\/site\/dom-aloisio-lorscheider-a-testemunha-fiel\/\"},\"wordCount\":1815,\"commentCount\":0,\"publisher\":{\"@id\":\"https:\/\/www.oarcanjo.net\/site\/#organization\"},\"keywords\":[\"CELAM\",\"CNBB\",\"comunica\u00e7\u00e3o\",\"D. Aloisio Lorscheider\",\"Direitor Humanos\",\"franciscanos\",\"Medellin\",\"Puebla\",\"Santo Domingo\",\"S\u00e3o Francisco de Assis\",\"teologia da liberta\u00e7\u00e3o\",\"Vaticano II\"],\"articleSection\":[\"D. Aloisio Lorscheider\"],\"inLanguage\":\"pt-BR\",\"potentialAction\":[{\"@type\":\"CommentAction\",\"name\":\"Comment\",\"target\":[\"https:\/\/www.oarcanjo.net\/site\/dom-aloisio-lorscheider-a-testemunha-fiel\/#respond\"]}]},{\"@type\":\"WebPage\",\"@id\":\"https:\/\/www.oarcanjo.net\/site\/dom-aloisio-lorscheider-a-testemunha-fiel\/\",\"url\":\"https:\/\/www.oarcanjo.net\/site\/dom-aloisio-lorscheider-a-testemunha-fiel\/\",\"name\":\"Dom Alo\u00edsio Lorscheider: a testemunha fiel - O Arcanjo no ar\",\"isPartOf\":{\"@id\":\"https:\/\/www.oarcanjo.net\/site\/#website\"},\"datePublished\":\"2009-05-22T01:17:08+00:00\",\"dateModified\":\"2009-05-22T01:17:08+00:00\",\"breadcrumb\":{\"@id\":\"https:\/\/www.oarcanjo.net\/site\/dom-aloisio-lorscheider-a-testemunha-fiel\/#breadcrumb\"},\"inLanguage\":\"pt-BR\",\"potentialAction\":[{\"@type\":\"ReadAction\",\"target\":[\"https:\/\/www.oarcanjo.net\/site\/dom-aloisio-lorscheider-a-testemunha-fiel\/\"]}]},{\"@type\":\"BreadcrumbList\",\"@id\":\"https:\/\/www.oarcanjo.net\/site\/dom-aloisio-lorscheider-a-testemunha-fiel\/#breadcrumb\",\"itemListElement\":[{\"@type\":\"ListItem\",\"position\":1,\"name\":\"In\u00edcio\",\"item\":\"https:\/\/www.oarcanjo.net\/site\/\"},{\"@type\":\"ListItem\",\"position\":2,\"name\":\"Dom Alo\u00edsio Lorscheider: a testemunha fiel\"}]},{\"@type\":\"WebSite\",\"@id\":\"https:\/\/www.oarcanjo.net\/site\/#website\",\"url\":\"https:\/\/www.oarcanjo.net\/site\/\",\"name\":\"O Arcanjo no ar\",\"description\":\"Site da Par\u00f3quia S\u00e3o Miguel Arcanjo (Arquidiocese de SP)\",\"publisher\":{\"@id\":\"https:\/\/www.oarcanjo.net\/site\/#organization\"},\"potentialAction\":[{\"@type\":\"SearchAction\",\"target\":{\"@type\":\"EntryPoint\",\"urlTemplate\":\"https:\/\/www.oarcanjo.net\/site\/?s={search_term_string}\"},\"query-input\":{\"@type\":\"PropertyValueSpecification\",\"valueRequired\":true,\"valueName\":\"search_term_string\"}}],\"inLanguage\":\"pt-BR\"},{\"@type\":\"Organization\",\"@id\":\"https:\/\/www.oarcanjo.net\/site\/#organization\",\"name\":\"Par\u00f3quia S\u00e3o Miguel Arcanjo\",\"url\":\"https:\/\/www.oarcanjo.net\/site\/\",\"logo\":{\"@type\":\"ImageObject\",\"inLanguage\":\"pt-BR\",\"@id\":\"https:\/\/www.oarcanjo.net\/site\/#\/schema\/logo\/image\/\",\"url\":\"https:\/\/www.oarcanjo.net\/site\/wp-content\/uploads\/LogoOArcanjo.png\",\"contentUrl\":\"https:\/\/www.oarcanjo.net\/site\/wp-content\/uploads\/LogoOArcanjo.png\",\"width\":319,\"height\":99,\"caption\":\"Par\u00f3quia S\u00e3o Miguel Arcanjo\"},\"image\":{\"@id\":\"https:\/\/www.oarcanjo.net\/site\/#\/schema\/logo\/image\/\"},\"sameAs\":[\"https:\/\/www.facebook.com\/OArcanjoNoAr\/\"]},{\"@type\":\"Person\",\"@id\":\"https:\/\/www.oarcanjo.net\/site\/#\/schema\/person\/f7024d007863202483a31326673a0838\",\"name\":\"editor\",\"sameAs\":[\"http:\/\/www.oarcanjo.net\"]}]}<\/script>\n<!-- \/ Yoast SEO plugin. -->","yoast_head_json":{"title":"Dom Alo\u00edsio Lorscheider: a testemunha fiel - O Arcanjo no ar","robots":{"index":"index","follow":"follow","max-snippet":"max-snippet:-1","max-image-preview":"max-image-preview:large","max-video-preview":"max-video-preview:-1"},"canonical":"https:\/\/www.oarcanjo.net\/site\/dom-aloisio-lorscheider-a-testemunha-fiel\/","og_locale":"pt_BR","og_type":"article","og_title":"Dom Alo\u00edsio Lorscheider: a testemunha fiel - O Arcanjo no ar","og_description":"Dom Manoel Edmilson da Cruz Falar em breves palavras sobre a riqueza da personalidade de Dom Alo\u00edsio \u00e9 tarefa muito dif\u00edcil, deter-me-ei, por\u00e9m, sobre a import\u00e2ncia dele para a Igreja como Ministro do Senhor. Sendo assim, ser\u00e1 preciso apenas mencionar seus principais t\u00edtulos acad\u00eamicos, diplomas, honrarias, condecora\u00e7\u00f5es, pluricidadania; sua invej\u00e1vel condi\u00e7\u00e3o de poliglota (fala fluentemente [&hellip;]","og_url":"https:\/\/www.oarcanjo.net\/site\/dom-aloisio-lorscheider-a-testemunha-fiel\/","og_site_name":"O Arcanjo no ar","article_publisher":"https:\/\/www.facebook.com\/OArcanjoNoAr\/","article_published_time":"2009-05-22T01:17:08+00:00","og_image":[{"width":300,"height":300,"url":"https:\/\/www.oarcanjo.net\/site\/wp-content\/uploads\/logo-o-arcanjo-no-ar-facebook.png","type":"image\/png"}],"author":"editor","twitter_card":"summary_large_image","twitter_misc":{"Escrito por":"editor","Est. tempo de leitura":"9 minutos"},"schema":{"@context":"https:\/\/schema.org","@graph":[{"@type":"Article","@id":"https:\/\/www.oarcanjo.net\/site\/dom-aloisio-lorscheider-a-testemunha-fiel\/#article","isPartOf":{"@id":"https:\/\/www.oarcanjo.net\/site\/dom-aloisio-lorscheider-a-testemunha-fiel\/"},"author":{"name":"editor","@id":"https:\/\/www.oarcanjo.net\/site\/#\/schema\/person\/f7024d007863202483a31326673a0838"},"headline":"Dom Alo\u00edsio Lorscheider: a testemunha fiel","datePublished":"2009-05-22T01:17:08+00:00","dateModified":"2009-05-22T01:17:08+00:00","mainEntityOfPage":{"@id":"https:\/\/www.oarcanjo.net\/site\/dom-aloisio-lorscheider-a-testemunha-fiel\/"},"wordCount":1815,"commentCount":0,"publisher":{"@id":"https:\/\/www.oarcanjo.net\/site\/#organization"},"keywords":["CELAM","CNBB","comunica\u00e7\u00e3o","D. Aloisio Lorscheider","Direitor Humanos","franciscanos","Medellin","Puebla","Santo Domingo","S\u00e3o Francisco de Assis","teologia da liberta\u00e7\u00e3o","Vaticano II"],"articleSection":["D. Aloisio Lorscheider"],"inLanguage":"pt-BR","potentialAction":[{"@type":"CommentAction","name":"Comment","target":["https:\/\/www.oarcanjo.net\/site\/dom-aloisio-lorscheider-a-testemunha-fiel\/#respond"]}]},{"@type":"WebPage","@id":"https:\/\/www.oarcanjo.net\/site\/dom-aloisio-lorscheider-a-testemunha-fiel\/","url":"https:\/\/www.oarcanjo.net\/site\/dom-aloisio-lorscheider-a-testemunha-fiel\/","name":"Dom Alo\u00edsio Lorscheider: a testemunha fiel - O Arcanjo no ar","isPartOf":{"@id":"https:\/\/www.oarcanjo.net\/site\/#website"},"datePublished":"2009-05-22T01:17:08+00:00","dateModified":"2009-05-22T01:17:08+00:00","breadcrumb":{"@id":"https:\/\/www.oarcanjo.net\/site\/dom-aloisio-lorscheider-a-testemunha-fiel\/#breadcrumb"},"inLanguage":"pt-BR","potentialAction":[{"@type":"ReadAction","target":["https:\/\/www.oarcanjo.net\/site\/dom-aloisio-lorscheider-a-testemunha-fiel\/"]}]},{"@type":"BreadcrumbList","@id":"https:\/\/www.oarcanjo.net\/site\/dom-aloisio-lorscheider-a-testemunha-fiel\/#breadcrumb","itemListElement":[{"@type":"ListItem","position":1,"name":"In\u00edcio","item":"https:\/\/www.oarcanjo.net\/site\/"},{"@type":"ListItem","position":2,"name":"Dom Alo\u00edsio Lorscheider: a testemunha fiel"}]},{"@type":"WebSite","@id":"https:\/\/www.oarcanjo.net\/site\/#website","url":"https:\/\/www.oarcanjo.net\/site\/","name":"O Arcanjo no ar","description":"Site da Par\u00f3quia S\u00e3o Miguel Arcanjo (Arquidiocese de SP)","publisher":{"@id":"https:\/\/www.oarcanjo.net\/site\/#organization"},"potentialAction":[{"@type":"SearchAction","target":{"@type":"EntryPoint","urlTemplate":"https:\/\/www.oarcanjo.net\/site\/?s={search_term_string}"},"query-input":{"@type":"PropertyValueSpecification","valueRequired":true,"valueName":"search_term_string"}}],"inLanguage":"pt-BR"},{"@type":"Organization","@id":"https:\/\/www.oarcanjo.net\/site\/#organization","name":"Par\u00f3quia S\u00e3o Miguel Arcanjo","url":"https:\/\/www.oarcanjo.net\/site\/","logo":{"@type":"ImageObject","inLanguage":"pt-BR","@id":"https:\/\/www.oarcanjo.net\/site\/#\/schema\/logo\/image\/","url":"https:\/\/www.oarcanjo.net\/site\/wp-content\/uploads\/LogoOArcanjo.png","contentUrl":"https:\/\/www.oarcanjo.net\/site\/wp-content\/uploads\/LogoOArcanjo.png","width":319,"height":99,"caption":"Par\u00f3quia S\u00e3o Miguel Arcanjo"},"image":{"@id":"https:\/\/www.oarcanjo.net\/site\/#\/schema\/logo\/image\/"},"sameAs":["https:\/\/www.facebook.com\/OArcanjoNoAr\/"]},{"@type":"Person","@id":"https:\/\/www.oarcanjo.net\/site\/#\/schema\/person\/f7024d007863202483a31326673a0838","name":"editor","sameAs":["http:\/\/www.oarcanjo.net"]}]}},"publishpress_future_action":{"enabled":false,"date":"2026-05-06 20:40:09","action":"category","newStatus":"draft","terms":[],"taxonomy":"category"},"publishpress_future_workflow_manual_trigger":{"enabledWorkflows":[]},"_links":{"self":[{"href":"https:\/\/www.oarcanjo.net\/site\/wp-json\/wp\/v2\/posts\/3513"}],"collection":[{"href":"https:\/\/www.oarcanjo.net\/site\/wp-json\/wp\/v2\/posts"}],"about":[{"href":"https:\/\/www.oarcanjo.net\/site\/wp-json\/wp\/v2\/types\/post"}],"author":[{"embeddable":true,"href":"https:\/\/www.oarcanjo.net\/site\/wp-json\/wp\/v2\/users\/5"}],"replies":[{"embeddable":true,"href":"https:\/\/www.oarcanjo.net\/site\/wp-json\/wp\/v2\/comments?post=3513"}],"version-history":[{"count":0,"href":"https:\/\/www.oarcanjo.net\/site\/wp-json\/wp\/v2\/posts\/3513\/revisions"}],"wp:attachment":[{"href":"https:\/\/www.oarcanjo.net\/site\/wp-json\/wp\/v2\/media?parent=3513"}],"wp:term":[{"taxonomy":"category","embeddable":true,"href":"https:\/\/www.oarcanjo.net\/site\/wp-json\/wp\/v2\/categories?post=3513"},{"taxonomy":"post_tag","embeddable":true,"href":"https:\/\/www.oarcanjo.net\/site\/wp-json\/wp\/v2\/tags?post=3513"}],"curies":[{"name":"wp","href":"https:\/\/api.w.org\/{rel}","templated":true}]}}