
{"id":3515,"date":"2009-05-24T07:18:25","date_gmt":"2009-05-24T10:18:25","guid":{"rendered":"http:\/\/www.oarcanjo.net\/site\/?p=3515"},"modified":"2009-05-24T09:58:57","modified_gmt":"2009-05-24T12:58:57","slug":"mae-de-misericordia","status":"publish","type":"post","link":"https:\/\/www.oarcanjo.net\/site\/mae-de-misericordia\/","title":{"rendered":"M\u00e3e de miseric\u00f3rdia"},"content":{"rendered":"<p>Dom Eurico dos Santos Veloso<\/p>\n<p>Certa noite, quando ainda menino, naquelas noites frias de maio, ouvi o serm\u00e3o de um mission\u00e1rio que saudava Maria como a Janela do c\u00e9u. Na ladainha a invocamos como Porta do C\u00e9u.<\/p>\n<p>E ilustrava com uma hist\u00f3ria.  Um jovem se entregara aos v\u00edcios e recusava-se a deix\u00e1-los.  Cansado, o pai lhe disse que se voltasse \u00e9brio, tarde da noite, n\u00e3o lhe abriria mais a porta. Naquela noite, \u00e0 desoras, a m\u00e3e, diante da imagem de Virgem, rezava \u00e0 luz da lamparina que, com luz t\u00eanue passava pelas frestas da janela.<\/p>\n<p>O filho entendeu o que o amor de m\u00e3e imaginava. Bateu \u00e0 janela que se abriu e as m\u00e3os acolhedoras daquela que lhe dera \u00e0 luz o puxaram para dentro.  <\/p>\n<p>Maria \u00e9 esta M\u00e3e que sempre nos acolhe, apesar de nossos desmandos e pecados. Por isso S\u00e3o Bernardo, aclamando-a como Rainha, imediatamente, logo a seguir, a invoca como M\u00e3e de Miseric\u00f3rdia e nossa Esperan\u00e7a, Vida e Do\u00e7ura.<\/p>\n<p>Vivemos realmente num vale de l\u00e1grimas, desde que nossos primeiros pais rebelaram-se contra o Criador.<\/p>\n<p>S\u00e3o Paulo nos fala claro desta heran\u00e7a de que somente podemos sair pela f\u00e9, passando pela Porta do redil, que \u00e9 Cristo, como S\u00e3o Jo\u00e3o nos relata nas palavras do Mestre no Evangelho que lemos neste tempo pascal.<\/p>\n<p>E nesta travessia, o amor da M\u00e3e Celeste nos ampara. \u00c9 por Ela que Cristo Redentor nos veio.  Ela \u00e9 o canal, a Medianeira de todas as gra\u00e7as. Por Ela chegamos a Cristo.<\/p>\n<p>Jesus estava em Can\u00e1, nas bodas a que tinha sido convidado com seus disc\u00edpulos, narra o Evangelista Jo\u00e3o, que tamb\u00e9m l\u00e1 estava. Via a agonia dos noivos, mas parecia n\u00e3o perceber. Sua M\u00e3e, por\u00e9m, a sentiu em seu cora\u00e7\u00e3o. N\u00e3o pediu, sen\u00e3o, colocou a ang\u00fastia dos noivos no cora\u00e7\u00e3o de seu Filho que n\u00e3o se comoveu: \u201dMulher, que tenho eu contigo. Ainda n\u00e3o chegou a minha hora\u201d (Jo.2,4). Ela, por\u00e9m, certa de que seria atendida, embora nada pedira e s\u00f3 manifestara a dificuldade dos noivos, abriu a \u201cjanela\u201d de sua miseric\u00f3rdia e disse aos criados: \u201cFazei tudo o que Ele vos disser\u201d. E as talhas de \u00e1gua se transformaram em vinho&#8230; Este foi o primeiro sinal de Jesus, conclui o Evangelho.<\/p>\n<p>Assim, para nos n\u00f3s tamb\u00e9m. Ela sabe que andamos tresloucados neste mundo. Ela, com a santa m\u00e3o, n\u00e3o deixa extinguir-se a Luz de nossa esperan\u00e7a.<\/p>\n<p>E nas frestas dos momentos de lucidez que temos, apesar dos nossos pecados, vemos aquela luz e a desejamos.  Batemos \u00e0 janela do seu amor e somos acolhidos por suas m\u00e3os, seja nas dificuldades deste mundo, como aqueles noivos, seja nos caminhos da eternidade.<\/p>\n<div id=\"themify_builder_content-3515\" data-postid=\"3515\" class=\"themify_builder_content themify_builder_content-3515 themify_builder themify_builder_front\">\n\t<\/div>\n<!-- \/themify_builder_content -->","protected":false},"excerpt":{"rendered":"<p>Dom Eurico dos Santos Veloso Certa noite, quando ainda menino, naquelas noites frias de maio, ouvi o serm\u00e3o de um mission\u00e1rio que saudava Maria como a Janela do c\u00e9u. Na ladainha a invocamos como Porta do C\u00e9u. E ilustrava com uma hist\u00f3ria. Um jovem se entregara aos v\u00edcios e recusava-se a deix\u00e1-los. Cansado, o pai [&hellip;]<\/p>\n","protected":false},"author":5,"featured_media":0,"comment_status":"open","ping_status":"open","sticky":false,"template":"","format":"standard","meta":{"ngg_post_thumbnail":0,"footnotes":""},"categories":[9],"tags":[736,741,734,349],"yoast_head":"<!-- This site is optimized with the Yoast SEO plugin v23.5 - https:\/\/yoast.com\/wordpress\/plugins\/seo\/ -->\n<title>M\u00e3e de miseric\u00f3rdia - O Arcanjo no ar<\/title>\n<meta name=\"robots\" content=\"index, follow, max-snippet:-1, max-image-preview:large, max-video-preview:-1\" \/>\n<link rel=\"canonical\" href=\"https:\/\/www.oarcanjo.net\/site\/mae-de-misericordia\/\" \/>\n<meta property=\"og:locale\" content=\"pt_BR\" \/>\n<meta property=\"og:type\" content=\"article\" \/>\n<meta property=\"og:title\" content=\"M\u00e3e de miseric\u00f3rdia - O Arcanjo no ar\" \/>\n<meta property=\"og:description\" content=\"Dom Eurico dos Santos Veloso Certa noite, quando ainda menino, naquelas noites frias de maio, ouvi o serm\u00e3o de um mission\u00e1rio que saudava Maria como a Janela do c\u00e9u. Na ladainha a invocamos como Porta do C\u00e9u. E ilustrava com uma hist\u00f3ria. Um jovem se entregara aos v\u00edcios e recusava-se a deix\u00e1-los. Cansado, o pai [&hellip;]\" \/>\n<meta property=\"og:url\" content=\"https:\/\/www.oarcanjo.net\/site\/mae-de-misericordia\/\" \/>\n<meta property=\"og:site_name\" content=\"O Arcanjo no ar\" \/>\n<meta property=\"article:publisher\" content=\"https:\/\/www.facebook.com\/OArcanjoNoAr\/\" \/>\n<meta property=\"article:published_time\" content=\"2009-05-24T10:18:25+00:00\" \/>\n<meta property=\"article:modified_time\" content=\"2009-05-24T12:58:57+00:00\" \/>\n<meta property=\"og:image\" content=\"https:\/\/www.oarcanjo.net\/site\/wp-content\/uploads\/logo-o-arcanjo-no-ar-facebook.png\" \/>\n\t<meta property=\"og:image:width\" content=\"300\" \/>\n\t<meta property=\"og:image:height\" content=\"300\" \/>\n\t<meta property=\"og:image:type\" content=\"image\/png\" \/>\n<meta name=\"author\" content=\"editor\" \/>\n<meta name=\"twitter:card\" content=\"summary_large_image\" \/>\n<meta name=\"twitter:label1\" content=\"Escrito por\" \/>\n\t<meta name=\"twitter:data1\" content=\"editor\" \/>\n\t<meta name=\"twitter:label2\" content=\"Est. tempo de leitura\" \/>\n\t<meta name=\"twitter:data2\" content=\"2 minutos\" \/>\n<script type=\"application\/ld+json\" class=\"yoast-schema-graph\">{\"@context\":\"https:\/\/schema.org\",\"@graph\":[{\"@type\":\"Article\",\"@id\":\"https:\/\/www.oarcanjo.net\/site\/mae-de-misericordia\/#article\",\"isPartOf\":{\"@id\":\"https:\/\/www.oarcanjo.net\/site\/mae-de-misericordia\/\"},\"author\":{\"name\":\"editor\",\"@id\":\"https:\/\/www.oarcanjo.net\/site\/#\/schema\/person\/f7024d007863202483a31326673a0838\"},\"headline\":\"M\u00e3e de miseric\u00f3rdia\",\"datePublished\":\"2009-05-24T10:18:25+00:00\",\"dateModified\":\"2009-05-24T12:58:57+00:00\",\"mainEntityOfPage\":{\"@id\":\"https:\/\/www.oarcanjo.net\/site\/mae-de-misericordia\/\"},\"wordCount\":480,\"commentCount\":0,\"publisher\":{\"@id\":\"https:\/\/www.oarcanjo.net\/site\/#organization\"},\"keywords\":[\"amor de m\u00e3e\",\"compadecida\",\"maio\",\"Maria\"],\"articleSection\":[\"Reflex\u00f5es\"],\"inLanguage\":\"pt-BR\",\"potentialAction\":[{\"@type\":\"CommentAction\",\"name\":\"Comment\",\"target\":[\"https:\/\/www.oarcanjo.net\/site\/mae-de-misericordia\/#respond\"]}]},{\"@type\":\"WebPage\",\"@id\":\"https:\/\/www.oarcanjo.net\/site\/mae-de-misericordia\/\",\"url\":\"https:\/\/www.oarcanjo.net\/site\/mae-de-misericordia\/\",\"name\":\"M\u00e3e de miseric\u00f3rdia - O Arcanjo no ar\",\"isPartOf\":{\"@id\":\"https:\/\/www.oarcanjo.net\/site\/#website\"},\"datePublished\":\"2009-05-24T10:18:25+00:00\",\"dateModified\":\"2009-05-24T12:58:57+00:00\",\"breadcrumb\":{\"@id\":\"https:\/\/www.oarcanjo.net\/site\/mae-de-misericordia\/#breadcrumb\"},\"inLanguage\":\"pt-BR\",\"potentialAction\":[{\"@type\":\"ReadAction\",\"target\":[\"https:\/\/www.oarcanjo.net\/site\/mae-de-misericordia\/\"]}]},{\"@type\":\"BreadcrumbList\",\"@id\":\"https:\/\/www.oarcanjo.net\/site\/mae-de-misericordia\/#breadcrumb\",\"itemListElement\":[{\"@type\":\"ListItem\",\"position\":1,\"name\":\"In\u00edcio\",\"item\":\"https:\/\/www.oarcanjo.net\/site\/\"},{\"@type\":\"ListItem\",\"position\":2,\"name\":\"M\u00e3e de miseric\u00f3rdia\"}]},{\"@type\":\"WebSite\",\"@id\":\"https:\/\/www.oarcanjo.net\/site\/#website\",\"url\":\"https:\/\/www.oarcanjo.net\/site\/\",\"name\":\"O Arcanjo no ar\",\"description\":\"Site da Par\u00f3quia S\u00e3o Miguel Arcanjo (Arquidiocese de SP)\",\"publisher\":{\"@id\":\"https:\/\/www.oarcanjo.net\/site\/#organization\"},\"potentialAction\":[{\"@type\":\"SearchAction\",\"target\":{\"@type\":\"EntryPoint\",\"urlTemplate\":\"https:\/\/www.oarcanjo.net\/site\/?s={search_term_string}\"},\"query-input\":{\"@type\":\"PropertyValueSpecification\",\"valueRequired\":true,\"valueName\":\"search_term_string\"}}],\"inLanguage\":\"pt-BR\"},{\"@type\":\"Organization\",\"@id\":\"https:\/\/www.oarcanjo.net\/site\/#organization\",\"name\":\"Par\u00f3quia S\u00e3o Miguel Arcanjo\",\"url\":\"https:\/\/www.oarcanjo.net\/site\/\",\"logo\":{\"@type\":\"ImageObject\",\"inLanguage\":\"pt-BR\",\"@id\":\"https:\/\/www.oarcanjo.net\/site\/#\/schema\/logo\/image\/\",\"url\":\"https:\/\/www.oarcanjo.net\/site\/wp-content\/uploads\/LogoOArcanjo.png\",\"contentUrl\":\"https:\/\/www.oarcanjo.net\/site\/wp-content\/uploads\/LogoOArcanjo.png\",\"width\":319,\"height\":99,\"caption\":\"Par\u00f3quia S\u00e3o Miguel Arcanjo\"},\"image\":{\"@id\":\"https:\/\/www.oarcanjo.net\/site\/#\/schema\/logo\/image\/\"},\"sameAs\":[\"https:\/\/www.facebook.com\/OArcanjoNoAr\/\"]},{\"@type\":\"Person\",\"@id\":\"https:\/\/www.oarcanjo.net\/site\/#\/schema\/person\/f7024d007863202483a31326673a0838\",\"name\":\"editor\",\"sameAs\":[\"http:\/\/www.oarcanjo.net\"]}]}<\/script>\n<!-- \/ Yoast SEO plugin. -->","yoast_head_json":{"title":"M\u00e3e de miseric\u00f3rdia - O Arcanjo no ar","robots":{"index":"index","follow":"follow","max-snippet":"max-snippet:-1","max-image-preview":"max-image-preview:large","max-video-preview":"max-video-preview:-1"},"canonical":"https:\/\/www.oarcanjo.net\/site\/mae-de-misericordia\/","og_locale":"pt_BR","og_type":"article","og_title":"M\u00e3e de miseric\u00f3rdia - O Arcanjo no ar","og_description":"Dom Eurico dos Santos Veloso Certa noite, quando ainda menino, naquelas noites frias de maio, ouvi o serm\u00e3o de um mission\u00e1rio que saudava Maria como a Janela do c\u00e9u. Na ladainha a invocamos como Porta do C\u00e9u. E ilustrava com uma hist\u00f3ria. Um jovem se entregara aos v\u00edcios e recusava-se a deix\u00e1-los. Cansado, o pai [&hellip;]","og_url":"https:\/\/www.oarcanjo.net\/site\/mae-de-misericordia\/","og_site_name":"O Arcanjo no ar","article_publisher":"https:\/\/www.facebook.com\/OArcanjoNoAr\/","article_published_time":"2009-05-24T10:18:25+00:00","article_modified_time":"2009-05-24T12:58:57+00:00","og_image":[{"width":300,"height":300,"url":"https:\/\/www.oarcanjo.net\/site\/wp-content\/uploads\/logo-o-arcanjo-no-ar-facebook.png","type":"image\/png"}],"author":"editor","twitter_card":"summary_large_image","twitter_misc":{"Escrito por":"editor","Est. tempo de leitura":"2 minutos"},"schema":{"@context":"https:\/\/schema.org","@graph":[{"@type":"Article","@id":"https:\/\/www.oarcanjo.net\/site\/mae-de-misericordia\/#article","isPartOf":{"@id":"https:\/\/www.oarcanjo.net\/site\/mae-de-misericordia\/"},"author":{"name":"editor","@id":"https:\/\/www.oarcanjo.net\/site\/#\/schema\/person\/f7024d007863202483a31326673a0838"},"headline":"M\u00e3e de miseric\u00f3rdia","datePublished":"2009-05-24T10:18:25+00:00","dateModified":"2009-05-24T12:58:57+00:00","mainEntityOfPage":{"@id":"https:\/\/www.oarcanjo.net\/site\/mae-de-misericordia\/"},"wordCount":480,"commentCount":0,"publisher":{"@id":"https:\/\/www.oarcanjo.net\/site\/#organization"},"keywords":["amor de m\u00e3e","compadecida","maio","Maria"],"articleSection":["Reflex\u00f5es"],"inLanguage":"pt-BR","potentialAction":[{"@type":"CommentAction","name":"Comment","target":["https:\/\/www.oarcanjo.net\/site\/mae-de-misericordia\/#respond"]}]},{"@type":"WebPage","@id":"https:\/\/www.oarcanjo.net\/site\/mae-de-misericordia\/","url":"https:\/\/www.oarcanjo.net\/site\/mae-de-misericordia\/","name":"M\u00e3e de miseric\u00f3rdia - O Arcanjo no ar","isPartOf":{"@id":"https:\/\/www.oarcanjo.net\/site\/#website"},"datePublished":"2009-05-24T10:18:25+00:00","dateModified":"2009-05-24T12:58:57+00:00","breadcrumb":{"@id":"https:\/\/www.oarcanjo.net\/site\/mae-de-misericordia\/#breadcrumb"},"inLanguage":"pt-BR","potentialAction":[{"@type":"ReadAction","target":["https:\/\/www.oarcanjo.net\/site\/mae-de-misericordia\/"]}]},{"@type":"BreadcrumbList","@id":"https:\/\/www.oarcanjo.net\/site\/mae-de-misericordia\/#breadcrumb","itemListElement":[{"@type":"ListItem","position":1,"name":"In\u00edcio","item":"https:\/\/www.oarcanjo.net\/site\/"},{"@type":"ListItem","position":2,"name":"M\u00e3e de miseric\u00f3rdia"}]},{"@type":"WebSite","@id":"https:\/\/www.oarcanjo.net\/site\/#website","url":"https:\/\/www.oarcanjo.net\/site\/","name":"O Arcanjo no ar","description":"Site da Par\u00f3quia S\u00e3o Miguel Arcanjo (Arquidiocese de SP)","publisher":{"@id":"https:\/\/www.oarcanjo.net\/site\/#organization"},"potentialAction":[{"@type":"SearchAction","target":{"@type":"EntryPoint","urlTemplate":"https:\/\/www.oarcanjo.net\/site\/?s={search_term_string}"},"query-input":{"@type":"PropertyValueSpecification","valueRequired":true,"valueName":"search_term_string"}}],"inLanguage":"pt-BR"},{"@type":"Organization","@id":"https:\/\/www.oarcanjo.net\/site\/#organization","name":"Par\u00f3quia S\u00e3o Miguel Arcanjo","url":"https:\/\/www.oarcanjo.net\/site\/","logo":{"@type":"ImageObject","inLanguage":"pt-BR","@id":"https:\/\/www.oarcanjo.net\/site\/#\/schema\/logo\/image\/","url":"https:\/\/www.oarcanjo.net\/site\/wp-content\/uploads\/LogoOArcanjo.png","contentUrl":"https:\/\/www.oarcanjo.net\/site\/wp-content\/uploads\/LogoOArcanjo.png","width":319,"height":99,"caption":"Par\u00f3quia S\u00e3o Miguel Arcanjo"},"image":{"@id":"https:\/\/www.oarcanjo.net\/site\/#\/schema\/logo\/image\/"},"sameAs":["https:\/\/www.facebook.com\/OArcanjoNoAr\/"]},{"@type":"Person","@id":"https:\/\/www.oarcanjo.net\/site\/#\/schema\/person\/f7024d007863202483a31326673a0838","name":"editor","sameAs":["http:\/\/www.oarcanjo.net"]}]}},"publishpress_future_action":{"enabled":false,"date":"2026-05-09 07:24:32","action":"category","newStatus":"draft","terms":[],"taxonomy":"category"},"publishpress_future_workflow_manual_trigger":{"enabledWorkflows":[]},"_links":{"self":[{"href":"https:\/\/www.oarcanjo.net\/site\/wp-json\/wp\/v2\/posts\/3515"}],"collection":[{"href":"https:\/\/www.oarcanjo.net\/site\/wp-json\/wp\/v2\/posts"}],"about":[{"href":"https:\/\/www.oarcanjo.net\/site\/wp-json\/wp\/v2\/types\/post"}],"author":[{"embeddable":true,"href":"https:\/\/www.oarcanjo.net\/site\/wp-json\/wp\/v2\/users\/5"}],"replies":[{"embeddable":true,"href":"https:\/\/www.oarcanjo.net\/site\/wp-json\/wp\/v2\/comments?post=3515"}],"version-history":[{"count":0,"href":"https:\/\/www.oarcanjo.net\/site\/wp-json\/wp\/v2\/posts\/3515\/revisions"}],"wp:attachment":[{"href":"https:\/\/www.oarcanjo.net\/site\/wp-json\/wp\/v2\/media?parent=3515"}],"wp:term":[{"taxonomy":"category","embeddable":true,"href":"https:\/\/www.oarcanjo.net\/site\/wp-json\/wp\/v2\/categories?post=3515"},{"taxonomy":"post_tag","embeddable":true,"href":"https:\/\/www.oarcanjo.net\/site\/wp-json\/wp\/v2\/tags?post=3515"}],"curies":[{"name":"wp","href":"https:\/\/api.w.org\/{rel}","templated":true}]}}