
{"id":3525,"date":"2009-05-22T09:30:10","date_gmt":"2009-05-22T12:30:10","guid":{"rendered":"http:\/\/www.oarcanjo.net\/site\/?p=3525"},"modified":"2009-05-26T09:25:12","modified_gmt":"2009-05-26T12:25:12","slug":"novena-ao-divino-espirito-santo","status":"publish","type":"post","link":"https:\/\/www.oarcanjo.net\/site\/novena-ao-divino-espirito-santo\/","title":{"rendered":"Novena ao Divino Esp\u00edrito Santo ."},"content":{"rendered":"<p>Vinde Esp\u00edrito Santo , enchei os cora\u00e7\u00f5es<br \/>\ndos vossos fi\u00e9is , e acendei neles<br \/>\no fogo do Vosso Amor .<\/p>\n<p>Enviai o Vosso Esp\u00edrito e tudo ser\u00e1 criado .<\/p>\n<p>E renovareis a face de terra .<\/p>\n<p>DEUS que iluminastes os cora\u00e7\u00f5es dos Vossos fi\u00e9is<br \/>\ncom a luz do Esp\u00edrito Santo ,<br \/>\nconcedei-nos que o mesmo Esp\u00edrito instrua as nossas almas<br \/>\ncom a express\u00e3o de Sua Verdade e as console sempre<br \/>\ncom suas del\u00edcias celestiais .<br \/>\nPor CRISTO Nosso Senhor .<br \/>\nAm\u00e9m .<\/p>\n<p>HINO ao ESP\u00cdRITO SANTO . <\/p>\n<p>Vinde , \u00f3 Santo Esp\u00edrito e mandai do c\u00e9u um raio da Vossa luz.<br \/>\nVinde , \u00f3 Pai dos Pobres , vinde \u00f3 Luz dos cora\u00e7\u00f5es .<br \/>\nVinde , \u00f3 consolador \u00f3timo , doce hospede , e suave alegria das almas .<br \/>\nVinde , aliviar-lhes os trabalhos , temperar-lhes os ardores , enxugar-lhes as l\u00e1grimas .<\/p>\n<p>\u00d3 Luz beat\u00edssima , inflamai os \u00edntimos cora\u00e7\u00f5es de vossos fi\u00e9is.<br \/>\nSem a Vossa gra\u00e7a , nada h\u00e1 no homem , nada inocente.<\/p>\n<p>Lavai pois o que est\u00e1 s\u00f3rdido , regai o que \u00e9 seco ,<br \/>\nsarai o que anda enfermo , abrandai o que \u00e9 duro ,<br \/>\nabrasai o que \u00e9 frio e reconduzi o desviado.<\/p>\n<p>Concedei aos vossos servos que em V\u00f3s confiam . o seten\u00e1rio de Vossos Dons .<\/p>\n<p>Dai-lhes o m\u00e9rito da virtude , o dom da gra\u00e7a final ,<br \/>\ne o glorioso premio dos prazeres eternos . <\/p>\n<p>Am\u00e9m .<\/p>\n<p>Ora\u00e7\u00e3o ao Esp\u00edrito Santo .<\/p>\n<p>\u00d3 Esp\u00edrito Santo , dai-me um cora\u00e7\u00e3o grande ,<br \/>\naberto \u00e0 Vossa silenciosa e forte palavra inspiradora ,<br \/>\nfechado a todas as ambi\u00e7\u00f5es mesquinhas ,<br \/>\nalheio a qualquer desprez\u00edvel  competi\u00e7\u00e3o  humana ,<br \/>\ncompenetrado do sentido da Santa Igreja .<\/p>\n<p>Um cora\u00e7\u00e3o grande , desejoso de se tornar<br \/>\nsemelhante ao Cora\u00e7\u00e3o do Senhor JESUS .<\/p>\n<p>Um cora\u00e7\u00e3o grande e forte para amar todos ,<br \/>\npara servir a todos , para sofrer por todos .<\/p>\n<p>Um cora\u00e7\u00e3o grande e forte para superar todas as prova\u00e7\u00f5es ,<br \/>\ntodo o cansa\u00e7o ,<br \/>\ntoda disilus\u00e3o ,<br \/>\ntoda ofensa .<\/p>\n<p>Um cora\u00e7\u00e3o grande e forte , constante at\u00e9 o sacrif\u00edcio ,<br \/>\nquando for necess\u00e1rio .<\/p>\n<p>Um cora\u00e7\u00e3o cuja felicidade \u00e9 palpitar com o Cora\u00e7\u00e3o de CRISTO<br \/>\ne cumprir humilde , fiel e virilmente .<br \/>\na Vontade do PAI .<br \/>\n Am\u00e9m .<\/p>\n<p>(Papa Paulo VI )<\/p>\n<div id=\"themify_builder_content-3525\" data-postid=\"3525\" class=\"themify_builder_content themify_builder_content-3525 themify_builder themify_builder_front\">\n\t<\/div>\n<!-- \/themify_builder_content -->","protected":false},"excerpt":{"rendered":"<p>Vinde Esp\u00edrito Santo , enchei os cora\u00e7\u00f5es dos vossos fi\u00e9is , e acendei neles o fogo do Vosso Amor . Enviai o Vosso Esp\u00edrito e tudo ser\u00e1 criado . E renovareis a face de terra . DEUS que iluminastes os cora\u00e7\u00f5es dos Vossos fi\u00e9is com a luz do Esp\u00edrito Santo , concedei-nos que o mesmo [&hellip;]<\/p>\n","protected":false},"author":4,"featured_media":0,"comment_status":"open","ping_status":"open","sticky":false,"template":"","format":"standard","meta":{"ngg_post_thumbnail":0,"footnotes":""},"categories":[6],"tags":[],"yoast_head":"<!-- This site is optimized with the Yoast SEO plugin v23.5 - https:\/\/yoast.com\/wordpress\/plugins\/seo\/ -->\n<title>Novena ao Divino Esp\u00edrito Santo . - O Arcanjo no ar<\/title>\n<meta name=\"robots\" content=\"index, follow, max-snippet:-1, max-image-preview:large, max-video-preview:-1\" \/>\n<link rel=\"canonical\" href=\"https:\/\/www.oarcanjo.net\/site\/novena-ao-divino-espirito-santo\/\" \/>\n<meta property=\"og:locale\" content=\"pt_BR\" \/>\n<meta property=\"og:type\" content=\"article\" \/>\n<meta property=\"og:title\" content=\"Novena ao Divino Esp\u00edrito Santo . - O Arcanjo no ar\" \/>\n<meta property=\"og:description\" content=\"Vinde Esp\u00edrito Santo , enchei os cora\u00e7\u00f5es dos vossos fi\u00e9is , e acendei neles o fogo do Vosso Amor . Enviai o Vosso Esp\u00edrito e tudo ser\u00e1 criado . E renovareis a face de terra . DEUS que iluminastes os cora\u00e7\u00f5es dos Vossos fi\u00e9is com a luz do Esp\u00edrito Santo , concedei-nos que o mesmo [&hellip;]\" \/>\n<meta property=\"og:url\" content=\"https:\/\/www.oarcanjo.net\/site\/novena-ao-divino-espirito-santo\/\" \/>\n<meta property=\"og:site_name\" content=\"O Arcanjo no ar\" \/>\n<meta property=\"article:publisher\" content=\"https:\/\/www.facebook.com\/OArcanjoNoAr\/\" \/>\n<meta property=\"article:published_time\" content=\"2009-05-22T12:30:10+00:00\" \/>\n<meta property=\"article:modified_time\" content=\"2009-05-26T12:25:12+00:00\" \/>\n<meta property=\"og:image\" content=\"https:\/\/www.oarcanjo.net\/site\/wp-content\/uploads\/logo-o-arcanjo-no-ar-facebook.png\" \/>\n\t<meta property=\"og:image:width\" content=\"300\" \/>\n\t<meta property=\"og:image:height\" content=\"300\" \/>\n\t<meta property=\"og:image:type\" content=\"image\/png\" \/>\n<meta name=\"author\" content=\"julio\" \/>\n<meta name=\"twitter:card\" content=\"summary_large_image\" \/>\n<meta name=\"twitter:label1\" content=\"Escrito por\" \/>\n\t<meta name=\"twitter:data1\" content=\"julio\" \/>\n\t<meta name=\"twitter:label2\" content=\"Est. tempo de leitura\" \/>\n\t<meta name=\"twitter:data2\" content=\"2 minutos\" \/>\n<script type=\"application\/ld+json\" class=\"yoast-schema-graph\">{\"@context\":\"https:\/\/schema.org\",\"@graph\":[{\"@type\":\"Article\",\"@id\":\"https:\/\/www.oarcanjo.net\/site\/novena-ao-divino-espirito-santo\/#article\",\"isPartOf\":{\"@id\":\"https:\/\/www.oarcanjo.net\/site\/novena-ao-divino-espirito-santo\/\"},\"author\":{\"name\":\"julio\",\"@id\":\"https:\/\/www.oarcanjo.net\/site\/#\/schema\/person\/d78ea01c648c91e29c364b516767079e\"},\"headline\":\"Novena ao Divino Esp\u00edrito Santo .\",\"datePublished\":\"2009-05-22T12:30:10+00:00\",\"dateModified\":\"2009-05-26T12:25:12+00:00\",\"mainEntityOfPage\":{\"@id\":\"https:\/\/www.oarcanjo.net\/site\/novena-ao-divino-espirito-santo\/\"},\"wordCount\":363,\"commentCount\":6,\"publisher\":{\"@id\":\"https:\/\/www.oarcanjo.net\/site\/#organization\"},\"articleSection\":[\"Ora\u00e7\u00f5es\"],\"inLanguage\":\"pt-BR\",\"potentialAction\":[{\"@type\":\"CommentAction\",\"name\":\"Comment\",\"target\":[\"https:\/\/www.oarcanjo.net\/site\/novena-ao-divino-espirito-santo\/#respond\"]}]},{\"@type\":\"WebPage\",\"@id\":\"https:\/\/www.oarcanjo.net\/site\/novena-ao-divino-espirito-santo\/\",\"url\":\"https:\/\/www.oarcanjo.net\/site\/novena-ao-divino-espirito-santo\/\",\"name\":\"Novena ao Divino Esp\u00edrito Santo . - O Arcanjo no ar\",\"isPartOf\":{\"@id\":\"https:\/\/www.oarcanjo.net\/site\/#website\"},\"datePublished\":\"2009-05-22T12:30:10+00:00\",\"dateModified\":\"2009-05-26T12:25:12+00:00\",\"breadcrumb\":{\"@id\":\"https:\/\/www.oarcanjo.net\/site\/novena-ao-divino-espirito-santo\/#breadcrumb\"},\"inLanguage\":\"pt-BR\",\"potentialAction\":[{\"@type\":\"ReadAction\",\"target\":[\"https:\/\/www.oarcanjo.net\/site\/novena-ao-divino-espirito-santo\/\"]}]},{\"@type\":\"BreadcrumbList\",\"@id\":\"https:\/\/www.oarcanjo.net\/site\/novena-ao-divino-espirito-santo\/#breadcrumb\",\"itemListElement\":[{\"@type\":\"ListItem\",\"position\":1,\"name\":\"In\u00edcio\",\"item\":\"https:\/\/www.oarcanjo.net\/site\/\"},{\"@type\":\"ListItem\",\"position\":2,\"name\":\"Novena ao Divino Esp\u00edrito Santo .\"}]},{\"@type\":\"WebSite\",\"@id\":\"https:\/\/www.oarcanjo.net\/site\/#website\",\"url\":\"https:\/\/www.oarcanjo.net\/site\/\",\"name\":\"O Arcanjo no ar\",\"description\":\"Site da Par\u00f3quia S\u00e3o Miguel Arcanjo (Arquidiocese de SP)\",\"publisher\":{\"@id\":\"https:\/\/www.oarcanjo.net\/site\/#organization\"},\"potentialAction\":[{\"@type\":\"SearchAction\",\"target\":{\"@type\":\"EntryPoint\",\"urlTemplate\":\"https:\/\/www.oarcanjo.net\/site\/?s={search_term_string}\"},\"query-input\":{\"@type\":\"PropertyValueSpecification\",\"valueRequired\":true,\"valueName\":\"search_term_string\"}}],\"inLanguage\":\"pt-BR\"},{\"@type\":\"Organization\",\"@id\":\"https:\/\/www.oarcanjo.net\/site\/#organization\",\"name\":\"Par\u00f3quia S\u00e3o Miguel Arcanjo\",\"url\":\"https:\/\/www.oarcanjo.net\/site\/\",\"logo\":{\"@type\":\"ImageObject\",\"inLanguage\":\"pt-BR\",\"@id\":\"https:\/\/www.oarcanjo.net\/site\/#\/schema\/logo\/image\/\",\"url\":\"https:\/\/www.oarcanjo.net\/site\/wp-content\/uploads\/LogoOArcanjo.png\",\"contentUrl\":\"https:\/\/www.oarcanjo.net\/site\/wp-content\/uploads\/LogoOArcanjo.png\",\"width\":319,\"height\":99,\"caption\":\"Par\u00f3quia S\u00e3o Miguel Arcanjo\"},\"image\":{\"@id\":\"https:\/\/www.oarcanjo.net\/site\/#\/schema\/logo\/image\/\"},\"sameAs\":[\"https:\/\/www.facebook.com\/OArcanjoNoAr\/\"]},{\"@type\":\"Person\",\"@id\":\"https:\/\/www.oarcanjo.net\/site\/#\/schema\/person\/d78ea01c648c91e29c364b516767079e\",\"name\":\"julio\",\"sameAs\":[\"http:\/\/www.oarcanjo.net\"]}]}<\/script>\n<!-- \/ Yoast SEO plugin. -->","yoast_head_json":{"title":"Novena ao Divino Esp\u00edrito Santo . - O Arcanjo no ar","robots":{"index":"index","follow":"follow","max-snippet":"max-snippet:-1","max-image-preview":"max-image-preview:large","max-video-preview":"max-video-preview:-1"},"canonical":"https:\/\/www.oarcanjo.net\/site\/novena-ao-divino-espirito-santo\/","og_locale":"pt_BR","og_type":"article","og_title":"Novena ao Divino Esp\u00edrito Santo . - O Arcanjo no ar","og_description":"Vinde Esp\u00edrito Santo , enchei os cora\u00e7\u00f5es dos vossos fi\u00e9is , e acendei neles o fogo do Vosso Amor . Enviai o Vosso Esp\u00edrito e tudo ser\u00e1 criado . E renovareis a face de terra . DEUS que iluminastes os cora\u00e7\u00f5es dos Vossos fi\u00e9is com a luz do Esp\u00edrito Santo , concedei-nos que o mesmo [&hellip;]","og_url":"https:\/\/www.oarcanjo.net\/site\/novena-ao-divino-espirito-santo\/","og_site_name":"O Arcanjo no ar","article_publisher":"https:\/\/www.facebook.com\/OArcanjoNoAr\/","article_published_time":"2009-05-22T12:30:10+00:00","article_modified_time":"2009-05-26T12:25:12+00:00","og_image":[{"width":300,"height":300,"url":"https:\/\/www.oarcanjo.net\/site\/wp-content\/uploads\/logo-o-arcanjo-no-ar-facebook.png","type":"image\/png"}],"author":"julio","twitter_card":"summary_large_image","twitter_misc":{"Escrito por":"julio","Est. tempo de leitura":"2 minutos"},"schema":{"@context":"https:\/\/schema.org","@graph":[{"@type":"Article","@id":"https:\/\/www.oarcanjo.net\/site\/novena-ao-divino-espirito-santo\/#article","isPartOf":{"@id":"https:\/\/www.oarcanjo.net\/site\/novena-ao-divino-espirito-santo\/"},"author":{"name":"julio","@id":"https:\/\/www.oarcanjo.net\/site\/#\/schema\/person\/d78ea01c648c91e29c364b516767079e"},"headline":"Novena ao Divino Esp\u00edrito Santo .","datePublished":"2009-05-22T12:30:10+00:00","dateModified":"2009-05-26T12:25:12+00:00","mainEntityOfPage":{"@id":"https:\/\/www.oarcanjo.net\/site\/novena-ao-divino-espirito-santo\/"},"wordCount":363,"commentCount":6,"publisher":{"@id":"https:\/\/www.oarcanjo.net\/site\/#organization"},"articleSection":["Ora\u00e7\u00f5es"],"inLanguage":"pt-BR","potentialAction":[{"@type":"CommentAction","name":"Comment","target":["https:\/\/www.oarcanjo.net\/site\/novena-ao-divino-espirito-santo\/#respond"]}]},{"@type":"WebPage","@id":"https:\/\/www.oarcanjo.net\/site\/novena-ao-divino-espirito-santo\/","url":"https:\/\/www.oarcanjo.net\/site\/novena-ao-divino-espirito-santo\/","name":"Novena ao Divino Esp\u00edrito Santo . - O Arcanjo no ar","isPartOf":{"@id":"https:\/\/www.oarcanjo.net\/site\/#website"},"datePublished":"2009-05-22T12:30:10+00:00","dateModified":"2009-05-26T12:25:12+00:00","breadcrumb":{"@id":"https:\/\/www.oarcanjo.net\/site\/novena-ao-divino-espirito-santo\/#breadcrumb"},"inLanguage":"pt-BR","potentialAction":[{"@type":"ReadAction","target":["https:\/\/www.oarcanjo.net\/site\/novena-ao-divino-espirito-santo\/"]}]},{"@type":"BreadcrumbList","@id":"https:\/\/www.oarcanjo.net\/site\/novena-ao-divino-espirito-santo\/#breadcrumb","itemListElement":[{"@type":"ListItem","position":1,"name":"In\u00edcio","item":"https:\/\/www.oarcanjo.net\/site\/"},{"@type":"ListItem","position":2,"name":"Novena ao Divino Esp\u00edrito Santo ."}]},{"@type":"WebSite","@id":"https:\/\/www.oarcanjo.net\/site\/#website","url":"https:\/\/www.oarcanjo.net\/site\/","name":"O Arcanjo no ar","description":"Site da Par\u00f3quia S\u00e3o Miguel Arcanjo (Arquidiocese de SP)","publisher":{"@id":"https:\/\/www.oarcanjo.net\/site\/#organization"},"potentialAction":[{"@type":"SearchAction","target":{"@type":"EntryPoint","urlTemplate":"https:\/\/www.oarcanjo.net\/site\/?s={search_term_string}"},"query-input":{"@type":"PropertyValueSpecification","valueRequired":true,"valueName":"search_term_string"}}],"inLanguage":"pt-BR"},{"@type":"Organization","@id":"https:\/\/www.oarcanjo.net\/site\/#organization","name":"Par\u00f3quia S\u00e3o Miguel Arcanjo","url":"https:\/\/www.oarcanjo.net\/site\/","logo":{"@type":"ImageObject","inLanguage":"pt-BR","@id":"https:\/\/www.oarcanjo.net\/site\/#\/schema\/logo\/image\/","url":"https:\/\/www.oarcanjo.net\/site\/wp-content\/uploads\/LogoOArcanjo.png","contentUrl":"https:\/\/www.oarcanjo.net\/site\/wp-content\/uploads\/LogoOArcanjo.png","width":319,"height":99,"caption":"Par\u00f3quia S\u00e3o Miguel Arcanjo"},"image":{"@id":"https:\/\/www.oarcanjo.net\/site\/#\/schema\/logo\/image\/"},"sameAs":["https:\/\/www.facebook.com\/OArcanjoNoAr\/"]},{"@type":"Person","@id":"https:\/\/www.oarcanjo.net\/site\/#\/schema\/person\/d78ea01c648c91e29c364b516767079e","name":"julio","sameAs":["http:\/\/www.oarcanjo.net"]}]}},"publishpress_future_action":{"enabled":false,"date":"2026-05-07 15:48:43","action":"category","newStatus":"draft","terms":[],"taxonomy":"category"},"publishpress_future_workflow_manual_trigger":{"enabledWorkflows":[]},"_links":{"self":[{"href":"https:\/\/www.oarcanjo.net\/site\/wp-json\/wp\/v2\/posts\/3525"}],"collection":[{"href":"https:\/\/www.oarcanjo.net\/site\/wp-json\/wp\/v2\/posts"}],"about":[{"href":"https:\/\/www.oarcanjo.net\/site\/wp-json\/wp\/v2\/types\/post"}],"author":[{"embeddable":true,"href":"https:\/\/www.oarcanjo.net\/site\/wp-json\/wp\/v2\/users\/4"}],"replies":[{"embeddable":true,"href":"https:\/\/www.oarcanjo.net\/site\/wp-json\/wp\/v2\/comments?post=3525"}],"version-history":[{"count":0,"href":"https:\/\/www.oarcanjo.net\/site\/wp-json\/wp\/v2\/posts\/3525\/revisions"}],"wp:attachment":[{"href":"https:\/\/www.oarcanjo.net\/site\/wp-json\/wp\/v2\/media?parent=3525"}],"wp:term":[{"taxonomy":"category","embeddable":true,"href":"https:\/\/www.oarcanjo.net\/site\/wp-json\/wp\/v2\/categories?post=3525"},{"taxonomy":"post_tag","embeddable":true,"href":"https:\/\/www.oarcanjo.net\/site\/wp-json\/wp\/v2\/tags?post=3525"}],"curies":[{"name":"wp","href":"https:\/\/api.w.org\/{rel}","templated":true}]}}