
{"id":3537,"date":"2009-05-22T19:08:05","date_gmt":"2009-05-22T22:08:05","guid":{"rendered":"http:\/\/www.oarcanjo.net\/site\/?p=3537"},"modified":"2009-05-22T19:15:53","modified_gmt":"2009-05-22T22:15:53","slug":"populacao-em-situacao-de-rua-e-cidadania","status":"publish","type":"post","link":"https:\/\/www.oarcanjo.net\/site\/populacao-em-situacao-de-rua-e-cidadania\/","title":{"rendered":"Popula\u00e7\u00e3o em situa\u00e7\u00e3o de rua e cidadania"},"content":{"rendered":"<p>Selvino Heck<\/p>\n<p>Diz o jornal O Trecheiro \u2013 Not\u00edcias do Povo de Rua -, edi\u00e7\u00e3o de maio de 2008, Edi\u00e7\u00e3o Especial: \u201cO Presidente da Rep\u00fablica, Luiz In\u00e1cio Lula da Silva, em suas visitas anuais aos catadores e \u00e0 popula\u00e7\u00e3o de rua, se comprometeu a criar uma pol\u00edtica nacional e possibilitar a inclus\u00e3o de todos em programas com condi\u00e7\u00f5es de vida mais dignas. Pelo decreto de 25 de outubro de 2006, ele constituiu o Grupo de Trabalho Interministerial \u2013 GTI, com a participa\u00e7\u00e3o direta de representa\u00e7\u00e3o da popula\u00e7\u00e3o de rua.\u201d<\/p>\n<p>O II Segundo Encontro Nacional sobre Popula\u00e7\u00e3o em Situa\u00e7\u00e3o de Rua, realizado em 17\/18 de maio na Academia de T\u00eanis em Bras\u00edlia, teve participa\u00e7\u00e3o de representantes do povo de rua e de sua entidade, o Movimento Nacional da Popula\u00e7\u00e3o de Rua (MNPR), de institui\u00e7\u00f5es apoiadoras, de pastorais sociais, de membros do governo federal. Segundo Pesquisa Nacional sobre a Popula\u00e7\u00e3o de Rua, realizada pelo Minist\u00e9rio de Desenvolvimento Social e Combate \u00e0 Fome (MDS) em 2007, em cidades com mais de 300 mil habitantes, \u201co n\u00famero de pessoas em situa\u00e7\u00e3o de rua nesse conjunto de cidades \u00e9 superior a 45 mil, sendo que mais de 20% concentram-se na cidade de S\u00e3o Paulo\u201d (O Trecheiro, maio\/2009, p. 4).<\/p>\n<p>O II Encontro aprovou os princ\u00edpios de uma Pol\u00edtica Nacional para a Popula\u00e7\u00e3o em Situa\u00e7\u00e3o de Rua, como o respeito \u00e0 dignidade do ser humano, o direito ao usufruto e perman\u00eancia na cidade, a garantia e defesa de direitos fundamentais, combatendo pr\u00e1ticas higienistas e a\u00e7\u00f5es preconceituosas e violentas, o respeito \u00e0 diversidade humana, garantia de laicidade do Estado na presta\u00e7\u00e3o direta e indireta de servi\u00e7os p\u00fablicos, direito \u00e0 conviv\u00eancia familiar e comunit\u00e1ria.<\/p>\n<p>Aprovou tamb\u00e9m diretrizes como a formula\u00e7\u00e3o e implementa\u00e7\u00e3o de pol\u00edticas p\u00fablicas acess\u00edveis de sa\u00fade, educa\u00e7\u00e3o, habita\u00e7\u00e3o, lazer e cultura, respeitando a diversidade humana em suas diferentes express\u00f5es, o incentivo \u00e0 organiza\u00e7\u00e3o pol\u00edtica da popula\u00e7\u00e3o em situa\u00e7\u00e3o de rua, a cria\u00e7\u00e3o de uma Secretaria Especial de Promo\u00e7\u00e3o da Pol\u00edtica nacional de inclus\u00e3o da popula\u00e7\u00e3o em situa\u00e7\u00e3o de rua.<\/p>\n<p>Foram aprovadas a\u00e7\u00f5es nas \u00e1reas de Direitos Humanos, de seguran\u00e7a p\u00fablica e justi\u00e7a, de trabalho e emprego, de desenvolvimento urbano e habita\u00e7\u00e3o, de assist\u00eancia social, de educa\u00e7\u00e3o, de seguran\u00e7a alimentar e nutricional, de sa\u00fade, de cultura, de esporte e lazer.<\/p>\n<p>Na abertura, o Pe. J\u00falio Lancellotti, hist\u00f3rico apoiador da popula\u00e7\u00e3o em situa\u00e7\u00e3o de rua, denunciou as pol\u00edticas de higieniza\u00e7\u00e3o que acontecem em muitas cidades, especialmente S\u00e3o Paulo (que segundo o ministro Patrus Ananias na verdade s\u00e3o \u2018suja\u00e7\u00e3o\u2019), e que pretendem \u2018limpar\u2019 as metr\u00f3poles de todos aqueles que vivem nas ruas, perseguindo-os, expulsando-os de seus lugares, ou mesmo os assassinando. Pe. J\u00falio disse que, para que se soubessem os lugares dos crimes, marcam-se as ruas, as pra\u00e7as, os viadutos com tinta que n\u00e3o se apaga, para fazer a den\u00fancia, significar a resist\u00eancia e exigir a cidadania de todos os seres humanos.<\/p>\n<p>O ministro Patrus Ananias, do MDS, disse que deveria ser lembrado Paulo VI que, em sua Enc\u00edclica sobre o Desenvolvimento dos Povos, escreveu que \u2018ao menos os ricos saibam que os pobres est\u00e3o \u00e0 sua porta e recebam as sobras do banquete\u2019. Disse Patrus Ananias: \u201cEste Encontro significa que a popula\u00e7\u00e3o em situa\u00e7\u00e3o de rua n\u00e3o quer apenas isso, e sim direitos. O Minist\u00e9rio do Desenvolvimento Social e Combate \u00e0 Fome foi criado para cuidar das pessoas mais pobres, v\u00edtimas do preconceito e da viol\u00eancia. O valor fundamental \u00e9 a dignidade humana. Por isso, o Encontro deve oferecer projetos ambiciosos nas \u00e1reas de trabalho, moradia, assist\u00eancia social, num pacto em torno do direito \u00e0 vida. O presidente Lula assumiu um compromisso pessoal e nunca negou  apoio, como todo e qualquer governo deveria fazer\u201d.<\/p>\n<p>Gilberto Carvalho, Chefe de Gabinete do Presidente Lula, em tom emocionado, no encerramento do Encontro, reiterou os compromissos do presidente Lula e do seu governo com os mais pobres, especialmente com a popula\u00e7\u00e3o em situa\u00e7\u00e3o de rua: \u201cQuem \u00e9 do governo, mais que falar deve ouvir. O Encontro garantiu o direito \u00e0 fala de quem nunca teve espa\u00e7o, vez e voz\u201d.<\/p>\n<p>Ao final, o Movimento Nacional da Popula\u00e7\u00e3o de Rua e os representantes da sociedade civil presentes no II Encontro Nacional divulgaram a <a href=\"http:\/\/www.oarcanjo.net\/download\/CartaAberta.pdf\" target=\"_blank\">Carta Aberta de Bras\u00edlia<\/a> encaminhada ao Presidente Lula, que come\u00e7a com os versos de Geraldo Vandr\u00e9: \u201cVem, vamos embora\/ que esperar n\u00e3o \u00e9 saber,\/quem sabe faz a hora\/ n\u00e3o espera acontecer.\u201d<\/p>\n<p>A Carta Aberta apresenta a Pol\u00edtica Nacional para Popula\u00e7\u00e3o em Situa\u00e7\u00e3o de rua, \u201ccomo instrumento da realiza\u00e7\u00e3o dos direitos sociais, com vistas a assegurar a universaliza\u00e7\u00e3o do acesso da popula\u00e7\u00e3o em situa\u00e7\u00e3o de rua a esses direitos, assegurada a igualdade de condi\u00e7\u00f5es para esse acesso\u201d, abrindo \u201cuma travessia fecunda na dire\u00e7\u00e3o da felicidade de milhares de brasileiros e da concretiza\u00e7\u00e3o do Brasil como um Pa\u00eds de todos!\u201d<\/p>\n<p>Como representante da popula\u00e7\u00e3o em situa\u00e7\u00e3o de rua, falou Anderson Lopes de Miranda: \u201cEste \u00e9 o \u00fanico governo que olhou para o povo. Esta \u00e9 uma pol\u00edtica que n\u00e3o vem de cima pra baixo, mas de baixo para cima, constru\u00edda por todos n\u00f3s.\u201d E cantaram todos e todas um refr\u00e3o de esperan\u00e7a: \u201cTraga a bandeira de luta\/ deixa a bandeira passar\/ essa \u00e9 a nossa conduta\/ vamos unir pra mudar.\u201d<\/p>\n<div id=\"themify_builder_content-3537\" data-postid=\"3537\" class=\"themify_builder_content themify_builder_content-3537 themify_builder themify_builder_front\">\n\t<\/div>\n<!-- \/themify_builder_content -->","protected":false},"excerpt":{"rendered":"<p>Selvino Heck Diz o jornal O Trecheiro \u2013 Not\u00edcias do Povo de Rua -, edi\u00e7\u00e3o de maio de 2008, Edi\u00e7\u00e3o Especial: \u201cO Presidente da Rep\u00fablica, Luiz In\u00e1cio Lula da Silva, em suas visitas anuais aos catadores e \u00e0 popula\u00e7\u00e3o de rua, se comprometeu a criar uma pol\u00edtica nacional e possibilitar a inclus\u00e3o de todos em [&hellip;]<\/p>\n","protected":false},"author":5,"featured_media":0,"comment_status":"open","ping_status":"open","sticky":false,"template":"","format":"standard","meta":{"ngg_post_thumbnail":0,"footnotes":""},"categories":[9],"tags":[706,53,168,705,246],"yoast_head":"<!-- This site is optimized with the Yoast SEO plugin v23.5 - https:\/\/yoast.com\/wordpress\/plugins\/seo\/ -->\n<title>Popula\u00e7\u00e3o em situa\u00e7\u00e3o de rua e cidadania - O Arcanjo no ar<\/title>\n<meta name=\"robots\" content=\"index, follow, max-snippet:-1, max-image-preview:large, max-video-preview:-1\" \/>\n<link rel=\"canonical\" href=\"https:\/\/www.oarcanjo.net\/site\/populacao-em-situacao-de-rua-e-cidadania\/\" \/>\n<meta property=\"og:locale\" content=\"pt_BR\" \/>\n<meta property=\"og:type\" content=\"article\" \/>\n<meta property=\"og:title\" content=\"Popula\u00e7\u00e3o em situa\u00e7\u00e3o de rua e cidadania - O Arcanjo no ar\" \/>\n<meta property=\"og:description\" content=\"Selvino Heck Diz o jornal O Trecheiro \u2013 Not\u00edcias do Povo de Rua -, edi\u00e7\u00e3o de maio de 2008, Edi\u00e7\u00e3o Especial: \u201cO Presidente da Rep\u00fablica, Luiz In\u00e1cio Lula da Silva, em suas visitas anuais aos catadores e \u00e0 popula\u00e7\u00e3o de rua, se comprometeu a criar uma pol\u00edtica nacional e possibilitar a inclus\u00e3o de todos em [&hellip;]\" \/>\n<meta property=\"og:url\" content=\"https:\/\/www.oarcanjo.net\/site\/populacao-em-situacao-de-rua-e-cidadania\/\" \/>\n<meta property=\"og:site_name\" content=\"O Arcanjo no ar\" \/>\n<meta property=\"article:publisher\" content=\"https:\/\/www.facebook.com\/OArcanjoNoAr\/\" \/>\n<meta property=\"article:published_time\" content=\"2009-05-22T22:08:05+00:00\" \/>\n<meta property=\"article:modified_time\" content=\"2009-05-22T22:15:53+00:00\" \/>\n<meta property=\"og:image\" content=\"https:\/\/www.oarcanjo.net\/site\/wp-content\/uploads\/logo-o-arcanjo-no-ar-facebook.png\" \/>\n\t<meta property=\"og:image:width\" content=\"300\" \/>\n\t<meta property=\"og:image:height\" content=\"300\" \/>\n\t<meta property=\"og:image:type\" content=\"image\/png\" \/>\n<meta name=\"author\" content=\"editor\" \/>\n<meta name=\"twitter:card\" content=\"summary_large_image\" \/>\n<meta name=\"twitter:label1\" content=\"Escrito por\" \/>\n\t<meta name=\"twitter:data1\" content=\"editor\" \/>\n\t<meta name=\"twitter:label2\" content=\"Est. tempo de leitura\" \/>\n\t<meta name=\"twitter:data2\" content=\"5 minutos\" \/>\n<script type=\"application\/ld+json\" class=\"yoast-schema-graph\">{\"@context\":\"https:\/\/schema.org\",\"@graph\":[{\"@type\":\"Article\",\"@id\":\"https:\/\/www.oarcanjo.net\/site\/populacao-em-situacao-de-rua-e-cidadania\/#article\",\"isPartOf\":{\"@id\":\"https:\/\/www.oarcanjo.net\/site\/populacao-em-situacao-de-rua-e-cidadania\/\"},\"author\":{\"name\":\"editor\",\"@id\":\"https:\/\/www.oarcanjo.net\/site\/#\/schema\/person\/f7024d007863202483a31326673a0838\"},\"headline\":\"Popula\u00e7\u00e3o em situa\u00e7\u00e3o de rua e cidadania\",\"datePublished\":\"2009-05-22T22:08:05+00:00\",\"dateModified\":\"2009-05-22T22:15:53+00:00\",\"mainEntityOfPage\":{\"@id\":\"https:\/\/www.oarcanjo.net\/site\/populacao-em-situacao-de-rua-e-cidadania\/\"},\"wordCount\":955,\"commentCount\":0,\"publisher\":{\"@id\":\"https:\/\/www.oarcanjo.net\/site\/#organization\"},\"keywords\":[\"Luta\",\"mobiliza\u00e7\u00e3o\",\"pol\u00edticas p\u00fablicas\",\"Popula\u00e7\u00e3o em Situa\u00e7\u00e3o de Rua\",\"povo de rua\"],\"articleSection\":[\"Reflex\u00f5es\"],\"inLanguage\":\"pt-BR\",\"potentialAction\":[{\"@type\":\"CommentAction\",\"name\":\"Comment\",\"target\":[\"https:\/\/www.oarcanjo.net\/site\/populacao-em-situacao-de-rua-e-cidadania\/#respond\"]}]},{\"@type\":\"WebPage\",\"@id\":\"https:\/\/www.oarcanjo.net\/site\/populacao-em-situacao-de-rua-e-cidadania\/\",\"url\":\"https:\/\/www.oarcanjo.net\/site\/populacao-em-situacao-de-rua-e-cidadania\/\",\"name\":\"Popula\u00e7\u00e3o em situa\u00e7\u00e3o de rua e cidadania - O Arcanjo no ar\",\"isPartOf\":{\"@id\":\"https:\/\/www.oarcanjo.net\/site\/#website\"},\"datePublished\":\"2009-05-22T22:08:05+00:00\",\"dateModified\":\"2009-05-22T22:15:53+00:00\",\"breadcrumb\":{\"@id\":\"https:\/\/www.oarcanjo.net\/site\/populacao-em-situacao-de-rua-e-cidadania\/#breadcrumb\"},\"inLanguage\":\"pt-BR\",\"potentialAction\":[{\"@type\":\"ReadAction\",\"target\":[\"https:\/\/www.oarcanjo.net\/site\/populacao-em-situacao-de-rua-e-cidadania\/\"]}]},{\"@type\":\"BreadcrumbList\",\"@id\":\"https:\/\/www.oarcanjo.net\/site\/populacao-em-situacao-de-rua-e-cidadania\/#breadcrumb\",\"itemListElement\":[{\"@type\":\"ListItem\",\"position\":1,\"name\":\"In\u00edcio\",\"item\":\"https:\/\/www.oarcanjo.net\/site\/\"},{\"@type\":\"ListItem\",\"position\":2,\"name\":\"Popula\u00e7\u00e3o em situa\u00e7\u00e3o de rua e cidadania\"}]},{\"@type\":\"WebSite\",\"@id\":\"https:\/\/www.oarcanjo.net\/site\/#website\",\"url\":\"https:\/\/www.oarcanjo.net\/site\/\",\"name\":\"O Arcanjo no ar\",\"description\":\"Site da Par\u00f3quia S\u00e3o Miguel Arcanjo (Arquidiocese de SP)\",\"publisher\":{\"@id\":\"https:\/\/www.oarcanjo.net\/site\/#organization\"},\"potentialAction\":[{\"@type\":\"SearchAction\",\"target\":{\"@type\":\"EntryPoint\",\"urlTemplate\":\"https:\/\/www.oarcanjo.net\/site\/?s={search_term_string}\"},\"query-input\":{\"@type\":\"PropertyValueSpecification\",\"valueRequired\":true,\"valueName\":\"search_term_string\"}}],\"inLanguage\":\"pt-BR\"},{\"@type\":\"Organization\",\"@id\":\"https:\/\/www.oarcanjo.net\/site\/#organization\",\"name\":\"Par\u00f3quia S\u00e3o Miguel Arcanjo\",\"url\":\"https:\/\/www.oarcanjo.net\/site\/\",\"logo\":{\"@type\":\"ImageObject\",\"inLanguage\":\"pt-BR\",\"@id\":\"https:\/\/www.oarcanjo.net\/site\/#\/schema\/logo\/image\/\",\"url\":\"https:\/\/www.oarcanjo.net\/site\/wp-content\/uploads\/LogoOArcanjo.png\",\"contentUrl\":\"https:\/\/www.oarcanjo.net\/site\/wp-content\/uploads\/LogoOArcanjo.png\",\"width\":319,\"height\":99,\"caption\":\"Par\u00f3quia S\u00e3o Miguel Arcanjo\"},\"image\":{\"@id\":\"https:\/\/www.oarcanjo.net\/site\/#\/schema\/logo\/image\/\"},\"sameAs\":[\"https:\/\/www.facebook.com\/OArcanjoNoAr\/\"]},{\"@type\":\"Person\",\"@id\":\"https:\/\/www.oarcanjo.net\/site\/#\/schema\/person\/f7024d007863202483a31326673a0838\",\"name\":\"editor\",\"sameAs\":[\"http:\/\/www.oarcanjo.net\"]}]}<\/script>\n<!-- \/ Yoast SEO plugin. -->","yoast_head_json":{"title":"Popula\u00e7\u00e3o em situa\u00e7\u00e3o de rua e cidadania - O Arcanjo no ar","robots":{"index":"index","follow":"follow","max-snippet":"max-snippet:-1","max-image-preview":"max-image-preview:large","max-video-preview":"max-video-preview:-1"},"canonical":"https:\/\/www.oarcanjo.net\/site\/populacao-em-situacao-de-rua-e-cidadania\/","og_locale":"pt_BR","og_type":"article","og_title":"Popula\u00e7\u00e3o em situa\u00e7\u00e3o de rua e cidadania - O Arcanjo no ar","og_description":"Selvino Heck Diz o jornal O Trecheiro \u2013 Not\u00edcias do Povo de Rua -, edi\u00e7\u00e3o de maio de 2008, Edi\u00e7\u00e3o Especial: \u201cO Presidente da Rep\u00fablica, Luiz In\u00e1cio Lula da Silva, em suas visitas anuais aos catadores e \u00e0 popula\u00e7\u00e3o de rua, se comprometeu a criar uma pol\u00edtica nacional e possibilitar a inclus\u00e3o de todos em [&hellip;]","og_url":"https:\/\/www.oarcanjo.net\/site\/populacao-em-situacao-de-rua-e-cidadania\/","og_site_name":"O Arcanjo no ar","article_publisher":"https:\/\/www.facebook.com\/OArcanjoNoAr\/","article_published_time":"2009-05-22T22:08:05+00:00","article_modified_time":"2009-05-22T22:15:53+00:00","og_image":[{"width":300,"height":300,"url":"https:\/\/www.oarcanjo.net\/site\/wp-content\/uploads\/logo-o-arcanjo-no-ar-facebook.png","type":"image\/png"}],"author":"editor","twitter_card":"summary_large_image","twitter_misc":{"Escrito por":"editor","Est. tempo de leitura":"5 minutos"},"schema":{"@context":"https:\/\/schema.org","@graph":[{"@type":"Article","@id":"https:\/\/www.oarcanjo.net\/site\/populacao-em-situacao-de-rua-e-cidadania\/#article","isPartOf":{"@id":"https:\/\/www.oarcanjo.net\/site\/populacao-em-situacao-de-rua-e-cidadania\/"},"author":{"name":"editor","@id":"https:\/\/www.oarcanjo.net\/site\/#\/schema\/person\/f7024d007863202483a31326673a0838"},"headline":"Popula\u00e7\u00e3o em situa\u00e7\u00e3o de rua e cidadania","datePublished":"2009-05-22T22:08:05+00:00","dateModified":"2009-05-22T22:15:53+00:00","mainEntityOfPage":{"@id":"https:\/\/www.oarcanjo.net\/site\/populacao-em-situacao-de-rua-e-cidadania\/"},"wordCount":955,"commentCount":0,"publisher":{"@id":"https:\/\/www.oarcanjo.net\/site\/#organization"},"keywords":["Luta","mobiliza\u00e7\u00e3o","pol\u00edticas p\u00fablicas","Popula\u00e7\u00e3o em Situa\u00e7\u00e3o de Rua","povo de rua"],"articleSection":["Reflex\u00f5es"],"inLanguage":"pt-BR","potentialAction":[{"@type":"CommentAction","name":"Comment","target":["https:\/\/www.oarcanjo.net\/site\/populacao-em-situacao-de-rua-e-cidadania\/#respond"]}]},{"@type":"WebPage","@id":"https:\/\/www.oarcanjo.net\/site\/populacao-em-situacao-de-rua-e-cidadania\/","url":"https:\/\/www.oarcanjo.net\/site\/populacao-em-situacao-de-rua-e-cidadania\/","name":"Popula\u00e7\u00e3o em situa\u00e7\u00e3o de rua e cidadania - O Arcanjo no ar","isPartOf":{"@id":"https:\/\/www.oarcanjo.net\/site\/#website"},"datePublished":"2009-05-22T22:08:05+00:00","dateModified":"2009-05-22T22:15:53+00:00","breadcrumb":{"@id":"https:\/\/www.oarcanjo.net\/site\/populacao-em-situacao-de-rua-e-cidadania\/#breadcrumb"},"inLanguage":"pt-BR","potentialAction":[{"@type":"ReadAction","target":["https:\/\/www.oarcanjo.net\/site\/populacao-em-situacao-de-rua-e-cidadania\/"]}]},{"@type":"BreadcrumbList","@id":"https:\/\/www.oarcanjo.net\/site\/populacao-em-situacao-de-rua-e-cidadania\/#breadcrumb","itemListElement":[{"@type":"ListItem","position":1,"name":"In\u00edcio","item":"https:\/\/www.oarcanjo.net\/site\/"},{"@type":"ListItem","position":2,"name":"Popula\u00e7\u00e3o em situa\u00e7\u00e3o de rua e cidadania"}]},{"@type":"WebSite","@id":"https:\/\/www.oarcanjo.net\/site\/#website","url":"https:\/\/www.oarcanjo.net\/site\/","name":"O Arcanjo no ar","description":"Site da Par\u00f3quia S\u00e3o Miguel Arcanjo (Arquidiocese de SP)","publisher":{"@id":"https:\/\/www.oarcanjo.net\/site\/#organization"},"potentialAction":[{"@type":"SearchAction","target":{"@type":"EntryPoint","urlTemplate":"https:\/\/www.oarcanjo.net\/site\/?s={search_term_string}"},"query-input":{"@type":"PropertyValueSpecification","valueRequired":true,"valueName":"search_term_string"}}],"inLanguage":"pt-BR"},{"@type":"Organization","@id":"https:\/\/www.oarcanjo.net\/site\/#organization","name":"Par\u00f3quia S\u00e3o Miguel Arcanjo","url":"https:\/\/www.oarcanjo.net\/site\/","logo":{"@type":"ImageObject","inLanguage":"pt-BR","@id":"https:\/\/www.oarcanjo.net\/site\/#\/schema\/logo\/image\/","url":"https:\/\/www.oarcanjo.net\/site\/wp-content\/uploads\/LogoOArcanjo.png","contentUrl":"https:\/\/www.oarcanjo.net\/site\/wp-content\/uploads\/LogoOArcanjo.png","width":319,"height":99,"caption":"Par\u00f3quia S\u00e3o Miguel Arcanjo"},"image":{"@id":"https:\/\/www.oarcanjo.net\/site\/#\/schema\/logo\/image\/"},"sameAs":["https:\/\/www.facebook.com\/OArcanjoNoAr\/"]},{"@type":"Person","@id":"https:\/\/www.oarcanjo.net\/site\/#\/schema\/person\/f7024d007863202483a31326673a0838","name":"editor","sameAs":["http:\/\/www.oarcanjo.net"]}]}},"publishpress_future_action":{"enabled":false,"date":"2026-05-09 07:23:40","action":"category","newStatus":"draft","terms":[],"taxonomy":"category"},"publishpress_future_workflow_manual_trigger":{"enabledWorkflows":[]},"_links":{"self":[{"href":"https:\/\/www.oarcanjo.net\/site\/wp-json\/wp\/v2\/posts\/3537"}],"collection":[{"href":"https:\/\/www.oarcanjo.net\/site\/wp-json\/wp\/v2\/posts"}],"about":[{"href":"https:\/\/www.oarcanjo.net\/site\/wp-json\/wp\/v2\/types\/post"}],"author":[{"embeddable":true,"href":"https:\/\/www.oarcanjo.net\/site\/wp-json\/wp\/v2\/users\/5"}],"replies":[{"embeddable":true,"href":"https:\/\/www.oarcanjo.net\/site\/wp-json\/wp\/v2\/comments?post=3537"}],"version-history":[{"count":0,"href":"https:\/\/www.oarcanjo.net\/site\/wp-json\/wp\/v2\/posts\/3537\/revisions"}],"wp:attachment":[{"href":"https:\/\/www.oarcanjo.net\/site\/wp-json\/wp\/v2\/media?parent=3537"}],"wp:term":[{"taxonomy":"category","embeddable":true,"href":"https:\/\/www.oarcanjo.net\/site\/wp-json\/wp\/v2\/categories?post=3537"},{"taxonomy":"post_tag","embeddable":true,"href":"https:\/\/www.oarcanjo.net\/site\/wp-json\/wp\/v2\/tags?post=3537"}],"curies":[{"name":"wp","href":"https:\/\/api.w.org\/{rel}","templated":true}]}}