
{"id":3544,"date":"2009-05-21T21:50:24","date_gmt":"2009-05-22T00:50:24","guid":{"rendered":"http:\/\/www.oarcanjo.net\/site\/?p=3544"},"modified":"2009-05-22T19:25:02","modified_gmt":"2009-05-22T22:25:02","slug":"diario-de-fernando-nos-carceres-da-ditadura-militar-brasileira","status":"publish","type":"post","link":"https:\/\/www.oarcanjo.net\/site\/diario-de-fernando-nos-carceres-da-ditadura-militar-brasileira\/","title":{"rendered":"Di\u00e1rio de Fernando: Nos c\u00e1rceres da ditadura militar brasileira"},"content":{"rendered":"<p>Frei Betto<\/p>\n<p><img loading=\"lazy\" decoding=\"async\" src=\"http:\/\/www.oarcanjo.net\/site\/wp-content\/uploads\/diariofernando-freibetto.jpg\" alt=\"\" title=\"Di\u00e1rio de Fernando - Frei Betto\" width=\"170\" height=\"250\" class=\"alignnone size-medium wp-image-3545\" align=\"left\" hspacing=\"5\"\/>Eis um documento hist\u00f3rico, in\u00e9dito, que esperou 36 anos para vir a p\u00fablico: trata-se do di\u00e1rio de pris\u00e3o do frade dominicano Fernando de Brito, prisioneiro da ditadura militar brasileira, ao longo dos quatro anos (1969-1973) em que foi submetido a torturas e removido para diferentes cadeias. Fernando, em companhia de outros frades dominicanos, vivenciou algo inusitado em se tratando de presos pol\u00edticos do Brasil: foi obrigado a conviver, durante quase dois anos, com presos comuns, em penitenci\u00e1rias de S\u00e3o Paulo.<\/p>\n<p>Assim como o &#8220;Di\u00e1rio de Anne Frank&#8221; nos revela a natureza cruel do nazismo, Di\u00e1rio de Fernando retrata o verdadeiro car\u00e1ter do regime militar que governou o Brasil entre 1964 e 1985. N\u00e3o se conhece similar entre as obras publicadas sobre o per\u00edodo.<\/p>\n<p>Em papel de seda, em letras microsc\u00f3picas, e sob risco de puni\u00e7\u00e3o, Fernando anotava, dia a dia, o que via e vivia. Em seguida, desmontava uma caneta Bic opaca, cortava ao meio o canudinho da carga, ajustava ali o di\u00e1rio minuciosamente enrolado e remontava-a. No dia de visita, trocava a caneta portadora do di\u00e1rio com outra id\u00eantica, levada por um dos frades do convento.<\/p>\n<p>O medo de ser flagrado pelos carcereiros e o risco permanente de revistas, fizeram com que Fernando muitas vezes se visse obrigado a destruir as mem\u00f3rias registradas em papel. No entanto, o que vivenciou jamais se esvaneceu, e ultrapassou os muros das pris\u00f5es. Frei Betto, seu companheiro de c\u00e1rcere, resgatou as anota\u00e7\u00f5es, deu-lhes tratamento liter\u00e1rio e as reuniu neste livro que se constitui num documento de inestim\u00e1vel valor hist\u00f3rico.<\/p>\n<p>Nos epis\u00f3dios relatados, a trajet\u00f3ria dos frades se mescla \u00e0 de personagens que s\u00e3o, hoje, figura de destaque na hist\u00f3ria brasileira, como Carlos Marighella, Carlos Lamarca, Caio Prado Jr., Apol\u00f4nio de Carvalho, Paulo Vannuchi, Franklin Martins e Dilma Rousseff, para citar apenas alguns.<\/p>\n<p>Para quem se interessa em conhecer a verdadeira face do regime militar e o Brasil dos &#8220;anos de chumbo&#8221;, Di\u00e1rio de Fernando \u00e9 um testemunho vivo, comovente, de uma de suas v\u00edtimas. N\u00e3o se trata de investiga\u00e7\u00e3o jornal\u00edstica, nem resulta da pesquisa de historiador, mas sim de um sincero, emocionante e visceral relato de quem teve a ousadia de registrar, dia a dia, as entranhas de um dos per\u00edodos mais dram\u00e1ticos da hist\u00f3ria do Brasil.<\/p>\n<p>Est\u00e1 tudo ali: as torturas, os desaparecimentos, o sequestro de diplomatas, as guerrilhas urbana e rural, a greve de fome de quase 40 dias, e tamb\u00e9m a conviv\u00eancia dos prisioneiros marcada por momentos de inusitada beleza: as festas de Natal, as noites de cantoria, a solidariedade inquebrant\u00e1vel entre eles.<\/p>\n<p>Di\u00e1rio de Fernando traduz a saga de uma gera\u00e7\u00e3o que n\u00e3o se dobrou \u00e0 ditadura e a qual o Brasil deve, hoje, a sua redemocratiza\u00e7\u00e3o. Eis uma obra que enaltece a dignidade humana, a capacidade de resist\u00eancia frente \u00e0 opress\u00e3o e a vivencia da f\u00e9 crist\u00e3 como nas antigas catacumbas do Imp\u00e9rio Romano.<\/p>\n<div id=\"themify_builder_content-3544\" data-postid=\"3544\" class=\"themify_builder_content themify_builder_content-3544 themify_builder themify_builder_front\">\n\t<\/div>\n<!-- \/themify_builder_content -->","protected":false},"excerpt":{"rendered":"<p>Frei Betto Eis um documento hist\u00f3rico, in\u00e9dito, que esperou 36 anos para vir a p\u00fablico: trata-se do di\u00e1rio de pris\u00e3o do frade dominicano Fernando de Brito, prisioneiro da ditadura militar brasileira, ao longo dos quatro anos (1969-1973) em que foi submetido a torturas e removido para diferentes cadeias. Fernando, em companhia de outros frades dominicanos, [&hellip;]<\/p>\n","protected":false},"author":5,"featured_media":0,"comment_status":"open","ping_status":"open","sticky":false,"template":"","format":"standard","meta":{"ngg_post_thumbnail":0,"footnotes":""},"categories":[8],"tags":[43,335,737,738],"yoast_head":"<!-- This site is optimized with the Yoast SEO plugin v23.5 - https:\/\/yoast.com\/wordpress\/plugins\/seo\/ -->\n<title>Di\u00e1rio de Fernando: Nos c\u00e1rceres da ditadura militar brasileira - O Arcanjo no ar<\/title>\n<meta name=\"robots\" content=\"index, follow, max-snippet:-1, max-image-preview:large, max-video-preview:-1\" \/>\n<link rel=\"canonical\" href=\"https:\/\/www.oarcanjo.net\/site\/diario-de-fernando-nos-carceres-da-ditadura-militar-brasileira\/\" \/>\n<meta property=\"og:locale\" content=\"pt_BR\" \/>\n<meta property=\"og:type\" content=\"article\" \/>\n<meta property=\"og:title\" content=\"Di\u00e1rio de Fernando: Nos c\u00e1rceres da ditadura militar brasileira - O Arcanjo no ar\" \/>\n<meta property=\"og:description\" content=\"Frei Betto Eis um documento hist\u00f3rico, in\u00e9dito, que esperou 36 anos para vir a p\u00fablico: trata-se do di\u00e1rio de pris\u00e3o do frade dominicano Fernando de Brito, prisioneiro da ditadura militar brasileira, ao longo dos quatro anos (1969-1973) em que foi submetido a torturas e removido para diferentes cadeias. Fernando, em companhia de outros frades dominicanos, [&hellip;]\" \/>\n<meta property=\"og:url\" content=\"https:\/\/www.oarcanjo.net\/site\/diario-de-fernando-nos-carceres-da-ditadura-militar-brasileira\/\" \/>\n<meta property=\"og:site_name\" content=\"O Arcanjo no ar\" \/>\n<meta property=\"article:publisher\" content=\"https:\/\/www.facebook.com\/OArcanjoNoAr\/\" \/>\n<meta property=\"article:published_time\" content=\"2009-05-22T00:50:24+00:00\" \/>\n<meta property=\"article:modified_time\" content=\"2009-05-22T22:25:02+00:00\" \/>\n<meta property=\"og:image\" content=\"http:\/\/www.oarcanjo.net\/site\/wp-content\/uploads\/diariofernando-freibetto.jpg\" \/>\n<meta name=\"author\" content=\"editor\" \/>\n<meta name=\"twitter:card\" content=\"summary_large_image\" \/>\n<meta name=\"twitter:label1\" content=\"Escrito por\" \/>\n\t<meta name=\"twitter:data1\" content=\"editor\" \/>\n\t<meta name=\"twitter:label2\" content=\"Est. tempo de leitura\" \/>\n\t<meta name=\"twitter:data2\" content=\"3 minutos\" \/>\n<script type=\"application\/ld+json\" class=\"yoast-schema-graph\">{\"@context\":\"https:\/\/schema.org\",\"@graph\":[{\"@type\":\"Article\",\"@id\":\"https:\/\/www.oarcanjo.net\/site\/diario-de-fernando-nos-carceres-da-ditadura-militar-brasileira\/#article\",\"isPartOf\":{\"@id\":\"https:\/\/www.oarcanjo.net\/site\/diario-de-fernando-nos-carceres-da-ditadura-militar-brasileira\/\"},\"author\":{\"name\":\"editor\",\"@id\":\"https:\/\/www.oarcanjo.net\/site\/#\/schema\/person\/f7024d007863202483a31326673a0838\"},\"headline\":\"Di\u00e1rio de Fernando: Nos c\u00e1rceres da ditadura militar brasileira\",\"datePublished\":\"2009-05-22T00:50:24+00:00\",\"dateModified\":\"2009-05-22T22:25:02+00:00\",\"mainEntityOfPage\":{\"@id\":\"https:\/\/www.oarcanjo.net\/site\/diario-de-fernando-nos-carceres-da-ditadura-militar-brasileira\/\"},\"wordCount\":529,\"commentCount\":0,\"publisher\":{\"@id\":\"https:\/\/www.oarcanjo.net\/site\/#organization\"},\"image\":{\"@id\":\"https:\/\/www.oarcanjo.net\/site\/diario-de-fernando-nos-carceres-da-ditadura-militar-brasileira\/#primaryimage\"},\"thumbnailUrl\":\"http:\/\/www.oarcanjo.net\/site\/wp-content\/uploads\/diariofernando-freibetto.jpg\",\"keywords\":[\"direitos humanos\",\"ditadura\",\"frei Betto\",\"tortura\"],\"articleSection\":[\"Not\u00edcias\"],\"inLanguage\":\"pt-BR\",\"potentialAction\":[{\"@type\":\"CommentAction\",\"name\":\"Comment\",\"target\":[\"https:\/\/www.oarcanjo.net\/site\/diario-de-fernando-nos-carceres-da-ditadura-militar-brasileira\/#respond\"]}]},{\"@type\":\"WebPage\",\"@id\":\"https:\/\/www.oarcanjo.net\/site\/diario-de-fernando-nos-carceres-da-ditadura-militar-brasileira\/\",\"url\":\"https:\/\/www.oarcanjo.net\/site\/diario-de-fernando-nos-carceres-da-ditadura-militar-brasileira\/\",\"name\":\"Di\u00e1rio de Fernando: Nos c\u00e1rceres da ditadura militar brasileira - O Arcanjo no ar\",\"isPartOf\":{\"@id\":\"https:\/\/www.oarcanjo.net\/site\/#website\"},\"primaryImageOfPage\":{\"@id\":\"https:\/\/www.oarcanjo.net\/site\/diario-de-fernando-nos-carceres-da-ditadura-militar-brasileira\/#primaryimage\"},\"image\":{\"@id\":\"https:\/\/www.oarcanjo.net\/site\/diario-de-fernando-nos-carceres-da-ditadura-militar-brasileira\/#primaryimage\"},\"thumbnailUrl\":\"http:\/\/www.oarcanjo.net\/site\/wp-content\/uploads\/diariofernando-freibetto.jpg\",\"datePublished\":\"2009-05-22T00:50:24+00:00\",\"dateModified\":\"2009-05-22T22:25:02+00:00\",\"breadcrumb\":{\"@id\":\"https:\/\/www.oarcanjo.net\/site\/diario-de-fernando-nos-carceres-da-ditadura-militar-brasileira\/#breadcrumb\"},\"inLanguage\":\"pt-BR\",\"potentialAction\":[{\"@type\":\"ReadAction\",\"target\":[\"https:\/\/www.oarcanjo.net\/site\/diario-de-fernando-nos-carceres-da-ditadura-militar-brasileira\/\"]}]},{\"@type\":\"ImageObject\",\"inLanguage\":\"pt-BR\",\"@id\":\"https:\/\/www.oarcanjo.net\/site\/diario-de-fernando-nos-carceres-da-ditadura-militar-brasileira\/#primaryimage\",\"url\":\"https:\/\/www.oarcanjo.net\/site\/wp-content\/uploads\/diariofernando-freibetto.jpg\",\"contentUrl\":\"https:\/\/www.oarcanjo.net\/site\/wp-content\/uploads\/diariofernando-freibetto.jpg\",\"width\":170,\"height\":250},{\"@type\":\"BreadcrumbList\",\"@id\":\"https:\/\/www.oarcanjo.net\/site\/diario-de-fernando-nos-carceres-da-ditadura-militar-brasileira\/#breadcrumb\",\"itemListElement\":[{\"@type\":\"ListItem\",\"position\":1,\"name\":\"In\u00edcio\",\"item\":\"https:\/\/www.oarcanjo.net\/site\/\"},{\"@type\":\"ListItem\",\"position\":2,\"name\":\"Di\u00e1rio de Fernando: Nos c\u00e1rceres da ditadura militar brasileira\"}]},{\"@type\":\"WebSite\",\"@id\":\"https:\/\/www.oarcanjo.net\/site\/#website\",\"url\":\"https:\/\/www.oarcanjo.net\/site\/\",\"name\":\"O Arcanjo no ar\",\"description\":\"Site da Par\u00f3quia S\u00e3o Miguel Arcanjo (Arquidiocese de SP)\",\"publisher\":{\"@id\":\"https:\/\/www.oarcanjo.net\/site\/#organization\"},\"potentialAction\":[{\"@type\":\"SearchAction\",\"target\":{\"@type\":\"EntryPoint\",\"urlTemplate\":\"https:\/\/www.oarcanjo.net\/site\/?s={search_term_string}\"},\"query-input\":{\"@type\":\"PropertyValueSpecification\",\"valueRequired\":true,\"valueName\":\"search_term_string\"}}],\"inLanguage\":\"pt-BR\"},{\"@type\":\"Organization\",\"@id\":\"https:\/\/www.oarcanjo.net\/site\/#organization\",\"name\":\"Par\u00f3quia S\u00e3o Miguel Arcanjo\",\"url\":\"https:\/\/www.oarcanjo.net\/site\/\",\"logo\":{\"@type\":\"ImageObject\",\"inLanguage\":\"pt-BR\",\"@id\":\"https:\/\/www.oarcanjo.net\/site\/#\/schema\/logo\/image\/\",\"url\":\"https:\/\/www.oarcanjo.net\/site\/wp-content\/uploads\/LogoOArcanjo.png\",\"contentUrl\":\"https:\/\/www.oarcanjo.net\/site\/wp-content\/uploads\/LogoOArcanjo.png\",\"width\":319,\"height\":99,\"caption\":\"Par\u00f3quia S\u00e3o Miguel Arcanjo\"},\"image\":{\"@id\":\"https:\/\/www.oarcanjo.net\/site\/#\/schema\/logo\/image\/\"},\"sameAs\":[\"https:\/\/www.facebook.com\/OArcanjoNoAr\/\"]},{\"@type\":\"Person\",\"@id\":\"https:\/\/www.oarcanjo.net\/site\/#\/schema\/person\/f7024d007863202483a31326673a0838\",\"name\":\"editor\",\"sameAs\":[\"http:\/\/www.oarcanjo.net\"]}]}<\/script>\n<!-- \/ Yoast SEO plugin. -->","yoast_head_json":{"title":"Di\u00e1rio de Fernando: Nos c\u00e1rceres da ditadura militar brasileira - O Arcanjo no ar","robots":{"index":"index","follow":"follow","max-snippet":"max-snippet:-1","max-image-preview":"max-image-preview:large","max-video-preview":"max-video-preview:-1"},"canonical":"https:\/\/www.oarcanjo.net\/site\/diario-de-fernando-nos-carceres-da-ditadura-militar-brasileira\/","og_locale":"pt_BR","og_type":"article","og_title":"Di\u00e1rio de Fernando: Nos c\u00e1rceres da ditadura militar brasileira - O Arcanjo no ar","og_description":"Frei Betto Eis um documento hist\u00f3rico, in\u00e9dito, que esperou 36 anos para vir a p\u00fablico: trata-se do di\u00e1rio de pris\u00e3o do frade dominicano Fernando de Brito, prisioneiro da ditadura militar brasileira, ao longo dos quatro anos (1969-1973) em que foi submetido a torturas e removido para diferentes cadeias. Fernando, em companhia de outros frades dominicanos, [&hellip;]","og_url":"https:\/\/www.oarcanjo.net\/site\/diario-de-fernando-nos-carceres-da-ditadura-militar-brasileira\/","og_site_name":"O Arcanjo no ar","article_publisher":"https:\/\/www.facebook.com\/OArcanjoNoAr\/","article_published_time":"2009-05-22T00:50:24+00:00","article_modified_time":"2009-05-22T22:25:02+00:00","og_image":[{"url":"http:\/\/www.oarcanjo.net\/site\/wp-content\/uploads\/diariofernando-freibetto.jpg"}],"author":"editor","twitter_card":"summary_large_image","twitter_misc":{"Escrito por":"editor","Est. tempo de leitura":"3 minutos"},"schema":{"@context":"https:\/\/schema.org","@graph":[{"@type":"Article","@id":"https:\/\/www.oarcanjo.net\/site\/diario-de-fernando-nos-carceres-da-ditadura-militar-brasileira\/#article","isPartOf":{"@id":"https:\/\/www.oarcanjo.net\/site\/diario-de-fernando-nos-carceres-da-ditadura-militar-brasileira\/"},"author":{"name":"editor","@id":"https:\/\/www.oarcanjo.net\/site\/#\/schema\/person\/f7024d007863202483a31326673a0838"},"headline":"Di\u00e1rio de Fernando: Nos c\u00e1rceres da ditadura militar brasileira","datePublished":"2009-05-22T00:50:24+00:00","dateModified":"2009-05-22T22:25:02+00:00","mainEntityOfPage":{"@id":"https:\/\/www.oarcanjo.net\/site\/diario-de-fernando-nos-carceres-da-ditadura-militar-brasileira\/"},"wordCount":529,"commentCount":0,"publisher":{"@id":"https:\/\/www.oarcanjo.net\/site\/#organization"},"image":{"@id":"https:\/\/www.oarcanjo.net\/site\/diario-de-fernando-nos-carceres-da-ditadura-militar-brasileira\/#primaryimage"},"thumbnailUrl":"http:\/\/www.oarcanjo.net\/site\/wp-content\/uploads\/diariofernando-freibetto.jpg","keywords":["direitos humanos","ditadura","frei Betto","tortura"],"articleSection":["Not\u00edcias"],"inLanguage":"pt-BR","potentialAction":[{"@type":"CommentAction","name":"Comment","target":["https:\/\/www.oarcanjo.net\/site\/diario-de-fernando-nos-carceres-da-ditadura-militar-brasileira\/#respond"]}]},{"@type":"WebPage","@id":"https:\/\/www.oarcanjo.net\/site\/diario-de-fernando-nos-carceres-da-ditadura-militar-brasileira\/","url":"https:\/\/www.oarcanjo.net\/site\/diario-de-fernando-nos-carceres-da-ditadura-militar-brasileira\/","name":"Di\u00e1rio de Fernando: Nos c\u00e1rceres da ditadura militar brasileira - O Arcanjo no ar","isPartOf":{"@id":"https:\/\/www.oarcanjo.net\/site\/#website"},"primaryImageOfPage":{"@id":"https:\/\/www.oarcanjo.net\/site\/diario-de-fernando-nos-carceres-da-ditadura-militar-brasileira\/#primaryimage"},"image":{"@id":"https:\/\/www.oarcanjo.net\/site\/diario-de-fernando-nos-carceres-da-ditadura-militar-brasileira\/#primaryimage"},"thumbnailUrl":"http:\/\/www.oarcanjo.net\/site\/wp-content\/uploads\/diariofernando-freibetto.jpg","datePublished":"2009-05-22T00:50:24+00:00","dateModified":"2009-05-22T22:25:02+00:00","breadcrumb":{"@id":"https:\/\/www.oarcanjo.net\/site\/diario-de-fernando-nos-carceres-da-ditadura-militar-brasileira\/#breadcrumb"},"inLanguage":"pt-BR","potentialAction":[{"@type":"ReadAction","target":["https:\/\/www.oarcanjo.net\/site\/diario-de-fernando-nos-carceres-da-ditadura-militar-brasileira\/"]}]},{"@type":"ImageObject","inLanguage":"pt-BR","@id":"https:\/\/www.oarcanjo.net\/site\/diario-de-fernando-nos-carceres-da-ditadura-militar-brasileira\/#primaryimage","url":"https:\/\/www.oarcanjo.net\/site\/wp-content\/uploads\/diariofernando-freibetto.jpg","contentUrl":"https:\/\/www.oarcanjo.net\/site\/wp-content\/uploads\/diariofernando-freibetto.jpg","width":170,"height":250},{"@type":"BreadcrumbList","@id":"https:\/\/www.oarcanjo.net\/site\/diario-de-fernando-nos-carceres-da-ditadura-militar-brasileira\/#breadcrumb","itemListElement":[{"@type":"ListItem","position":1,"name":"In\u00edcio","item":"https:\/\/www.oarcanjo.net\/site\/"},{"@type":"ListItem","position":2,"name":"Di\u00e1rio de Fernando: Nos c\u00e1rceres da ditadura militar brasileira"}]},{"@type":"WebSite","@id":"https:\/\/www.oarcanjo.net\/site\/#website","url":"https:\/\/www.oarcanjo.net\/site\/","name":"O Arcanjo no ar","description":"Site da Par\u00f3quia S\u00e3o Miguel Arcanjo (Arquidiocese de SP)","publisher":{"@id":"https:\/\/www.oarcanjo.net\/site\/#organization"},"potentialAction":[{"@type":"SearchAction","target":{"@type":"EntryPoint","urlTemplate":"https:\/\/www.oarcanjo.net\/site\/?s={search_term_string}"},"query-input":{"@type":"PropertyValueSpecification","valueRequired":true,"valueName":"search_term_string"}}],"inLanguage":"pt-BR"},{"@type":"Organization","@id":"https:\/\/www.oarcanjo.net\/site\/#organization","name":"Par\u00f3quia S\u00e3o Miguel Arcanjo","url":"https:\/\/www.oarcanjo.net\/site\/","logo":{"@type":"ImageObject","inLanguage":"pt-BR","@id":"https:\/\/www.oarcanjo.net\/site\/#\/schema\/logo\/image\/","url":"https:\/\/www.oarcanjo.net\/site\/wp-content\/uploads\/LogoOArcanjo.png","contentUrl":"https:\/\/www.oarcanjo.net\/site\/wp-content\/uploads\/LogoOArcanjo.png","width":319,"height":99,"caption":"Par\u00f3quia S\u00e3o Miguel Arcanjo"},"image":{"@id":"https:\/\/www.oarcanjo.net\/site\/#\/schema\/logo\/image\/"},"sameAs":["https:\/\/www.facebook.com\/OArcanjoNoAr\/"]},{"@type":"Person","@id":"https:\/\/www.oarcanjo.net\/site\/#\/schema\/person\/f7024d007863202483a31326673a0838","name":"editor","sameAs":["http:\/\/www.oarcanjo.net"]}]}},"publishpress_future_action":{"enabled":false,"date":"2026-05-09 00:22:02","action":"category","newStatus":"draft","terms":[],"taxonomy":"category"},"publishpress_future_workflow_manual_trigger":{"enabledWorkflows":[]},"_links":{"self":[{"href":"https:\/\/www.oarcanjo.net\/site\/wp-json\/wp\/v2\/posts\/3544"}],"collection":[{"href":"https:\/\/www.oarcanjo.net\/site\/wp-json\/wp\/v2\/posts"}],"about":[{"href":"https:\/\/www.oarcanjo.net\/site\/wp-json\/wp\/v2\/types\/post"}],"author":[{"embeddable":true,"href":"https:\/\/www.oarcanjo.net\/site\/wp-json\/wp\/v2\/users\/5"}],"replies":[{"embeddable":true,"href":"https:\/\/www.oarcanjo.net\/site\/wp-json\/wp\/v2\/comments?post=3544"}],"version-history":[{"count":0,"href":"https:\/\/www.oarcanjo.net\/site\/wp-json\/wp\/v2\/posts\/3544\/revisions"}],"wp:attachment":[{"href":"https:\/\/www.oarcanjo.net\/site\/wp-json\/wp\/v2\/media?parent=3544"}],"wp:term":[{"taxonomy":"category","embeddable":true,"href":"https:\/\/www.oarcanjo.net\/site\/wp-json\/wp\/v2\/categories?post=3544"},{"taxonomy":"post_tag","embeddable":true,"href":"https:\/\/www.oarcanjo.net\/site\/wp-json\/wp\/v2\/tags?post=3544"}],"curies":[{"name":"wp","href":"https:\/\/api.w.org\/{rel}","templated":true}]}}