
{"id":3554,"date":"2009-05-23T19:29:43","date_gmt":"2009-05-23T22:29:43","guid":{"rendered":"http:\/\/www.oarcanjo.net\/site\/?p=3554"},"modified":"2009-05-24T09:59:25","modified_gmt":"2009-05-24T12:59:25","slug":"sao-paulo-apostolo-3","status":"publish","type":"post","link":"https:\/\/www.oarcanjo.net\/site\/sao-paulo-apostolo-3\/","title":{"rendered":"S\u00e3o Paulo, Ap\u00f3stolo"},"content":{"rendered":"<p>Ant\u00f4nio Mesquita Galv\u00e3o<\/p>\n<p>Paulo de Tarso \u00e9 uma figura not\u00e1vel. Depois do Deus Trino e da Virgem Maria, ele \u00e9 a pessoa mais importante do cristianismo. Eu sempre digo, como seria dif\u00edcil falar em Jesus, pregar o evangelho, pensar em Igreja e desenvolver uma atitude mission\u00e1ria se n\u00e3o tiv\u00e9ssemos o modelo crist\u00e3o que ele nos deixou.<\/p>\n<p>Em uma audi\u00eancia geral do fim de junho de 2008, o papa Bento XVI citou a vida de Paulo de Tarso como proposta de ensinamento para n\u00f3s, crist\u00e3os do terceiro mil\u00eanio. O papa destacou a sua originalidade, al\u00e9m do fato de Paulo compartilhar sua cultura e o ambiente em que vivia. <\/p>\n<p>Diante de aproximadamente oito mil fi\u00e9is, Bento XVI destacou a tripla forma\u00e7\u00e3o de Paulo (judaica, helenista e romana), anunciando que proferir\u00e1 novas alocu\u00e7\u00f5es, no decorrer do per\u00edodo 2008\/2009 a respeito do ap\u00f3stolo, em alus\u00e3o ao &#8220;Ano Paulino&#8221;, quando se comemora dois mil anos de seu nascimento. &#8220;Ao grande ap\u00f3stolo \u00e9 consagrado este ano lit\u00fargico porque ele \u00e9 uma figura distinta e inimit\u00e1vel, mas sempre estimulante diante de n\u00f3s, como exemplo de grande abertura \u00e0 humanidade e \u00e0s suas culturas&#8221;, afirmou o papa. <\/p>\n<p>Nessa alocu\u00e7\u00e3o, o papa ilustrou ao p\u00fablico a rela\u00e7\u00e3o entre S\u00e3o Paulo e o seu ambiente romano, onde os judeus eram minoria (na Roma antiga, n\u00e3o chegavam a 3% da popula\u00e7\u00e3o), e tamb\u00e9m falou das v\u00e1rias passagens de sua vida, como seus famosos discursos em Atenas, que teriam influenciado correntes est\u00f3icas daquele tempo. <\/p>\n<p>Um dos livros que mais me impressionou foi &#8220;Os santos que abalaram o mundo&#8221; (R. F\u00fcllop-Miler, 1948) no qual o autor destaca a vida e obra de cinco santos: Ant\u00e3o, Agostinho, Francisco, In\u00e1cio e Teresa de Jesus. Sem querer ser pol\u00eamico, me permito discordar de uma nominata da qual Paulo de Tarso n\u00e3o fa\u00e7a parte. \u00c9 imposs\u00edvel falar de cristianismo sem citar a pessoa e a obra de S\u00e3o Paulo, chamado com muita propriedade de o maior depois do \u00danico. Ele, mais do que ningu\u00e9m abalou o mundo.<\/p>\n<p>A teologia paulina \u00e9 um tratado, especial e privilegiado sobre a gra\u00e7a de Deus. L\u00e1 encontramos in\u00fameras refer\u00eancias ao dom da salva\u00e7\u00e3o, gratuitamente colocado \u00e0 disposi\u00e7\u00e3o de quem cr\u00ea pelo Deus rico em miseric\u00f3rdia, que nos arrancou da morte e nos deu vida. <\/p>\n<p>S\u00e3o Paulo \u00e9 um comunicador por excel\u00eancia. Ele rompe o c\u00edrculo vicioso da prega\u00e7\u00e3o religiosa de seu tempo, em que os sacerdotes n\u00e3o saiam dos templos. Ele saiu para ir onde o povo estava. Por esta raz\u00e3o, o papa Paulo VI disse certa vez que, se S\u00e3o Paulo vivesse hoje, certamente seria jornalista. Dentro dessa perspectiva \u00e9 preciso ler sua obra como uma reportagem que nos relata a grandeza de Deus, assim como o grande amor do gesto redentor de Cristo. <\/p>\n<p>Assim como um cr\u00edtico especializado tenta, atrav\u00e9s de apologias, nos convencer do valor de um livro, de um filme ou de uma ideologia qualquer, assim o ap\u00f3stolo viveu, viajou, pregos, fundou igrejas e deixou documentos para mostrar a todos a efic\u00e1cia do evangelho da salva\u00e7\u00e3o.<\/p>\n<p>Compreender Paulo e sua obra \u00e9 sedimentar nosso conhecimento sobre o cristianismo.<\/p>\n<div id=\"themify_builder_content-3554\" data-postid=\"3554\" class=\"themify_builder_content themify_builder_content-3554 themify_builder themify_builder_front\">\n\t<\/div>\n<!-- \/themify_builder_content -->","protected":false},"excerpt":{"rendered":"<p>Ant\u00f4nio Mesquita Galv\u00e3o Paulo de Tarso \u00e9 uma figura not\u00e1vel. Depois do Deus Trino e da Virgem Maria, ele \u00e9 a pessoa mais importante do cristianismo. Eu sempre digo, como seria dif\u00edcil falar em Jesus, pregar o evangelho, pensar em Igreja e desenvolver uma atitude mission\u00e1ria se n\u00e3o tiv\u00e9ssemos o modelo crist\u00e3o que ele nos [&hellip;]<\/p>\n","protected":false},"author":5,"featured_media":0,"comment_status":"open","ping_status":"open","sticky":false,"template":"","format":"standard","meta":{"ngg_post_thumbnail":0,"footnotes":""},"categories":[9],"tags":[198,27,222,99,11],"yoast_head":"<!-- This site is optimized with the Yoast SEO plugin v23.5 - https:\/\/yoast.com\/wordpress\/plugins\/seo\/ -->\n<title>S\u00e3o Paulo, Ap\u00f3stolo - O Arcanjo no ar<\/title>\n<meta name=\"robots\" content=\"index, follow, max-snippet:-1, max-image-preview:large, max-video-preview:-1\" \/>\n<link rel=\"canonical\" href=\"https:\/\/www.oarcanjo.net\/site\/sao-paulo-apostolo-3\/\" \/>\n<meta property=\"og:locale\" content=\"pt_BR\" \/>\n<meta property=\"og:type\" content=\"article\" \/>\n<meta property=\"og:title\" content=\"S\u00e3o Paulo, Ap\u00f3stolo - O Arcanjo no ar\" \/>\n<meta property=\"og:description\" content=\"Ant\u00f4nio Mesquita Galv\u00e3o Paulo de Tarso \u00e9 uma figura not\u00e1vel. Depois do Deus Trino e da Virgem Maria, ele \u00e9 a pessoa mais importante do cristianismo. Eu sempre digo, como seria dif\u00edcil falar em Jesus, pregar o evangelho, pensar em Igreja e desenvolver uma atitude mission\u00e1ria se n\u00e3o tiv\u00e9ssemos o modelo crist\u00e3o que ele nos [&hellip;]\" \/>\n<meta property=\"og:url\" content=\"https:\/\/www.oarcanjo.net\/site\/sao-paulo-apostolo-3\/\" \/>\n<meta property=\"og:site_name\" content=\"O Arcanjo no ar\" \/>\n<meta property=\"article:publisher\" content=\"https:\/\/www.facebook.com\/OArcanjoNoAr\/\" \/>\n<meta property=\"article:published_time\" content=\"2009-05-23T22:29:43+00:00\" \/>\n<meta property=\"article:modified_time\" content=\"2009-05-24T12:59:25+00:00\" \/>\n<meta property=\"og:image\" content=\"https:\/\/www.oarcanjo.net\/site\/wp-content\/uploads\/logo-o-arcanjo-no-ar-facebook.png\" \/>\n\t<meta property=\"og:image:width\" content=\"300\" \/>\n\t<meta property=\"og:image:height\" content=\"300\" \/>\n\t<meta property=\"og:image:type\" content=\"image\/png\" \/>\n<meta name=\"author\" content=\"editor\" \/>\n<meta name=\"twitter:card\" content=\"summary_large_image\" \/>\n<meta name=\"twitter:label1\" content=\"Escrito por\" \/>\n\t<meta name=\"twitter:data1\" content=\"editor\" \/>\n\t<meta name=\"twitter:label2\" content=\"Est. tempo de leitura\" \/>\n\t<meta name=\"twitter:data2\" content=\"3 minutos\" \/>\n<script type=\"application\/ld+json\" class=\"yoast-schema-graph\">{\"@context\":\"https:\/\/schema.org\",\"@graph\":[{\"@type\":\"Article\",\"@id\":\"https:\/\/www.oarcanjo.net\/site\/sao-paulo-apostolo-3\/#article\",\"isPartOf\":{\"@id\":\"https:\/\/www.oarcanjo.net\/site\/sao-paulo-apostolo-3\/\"},\"author\":{\"name\":\"editor\",\"@id\":\"https:\/\/www.oarcanjo.net\/site\/#\/schema\/person\/f7024d007863202483a31326673a0838\"},\"headline\":\"S\u00e3o Paulo, Ap\u00f3stolo\",\"datePublished\":\"2009-05-23T22:29:43+00:00\",\"dateModified\":\"2009-05-24T12:59:25+00:00\",\"mainEntityOfPage\":{\"@id\":\"https:\/\/www.oarcanjo.net\/site\/sao-paulo-apostolo-3\/\"},\"wordCount\":560,\"commentCount\":0,\"publisher\":{\"@id\":\"https:\/\/www.oarcanjo.net\/site\/#organization\"},\"keywords\":[\"ap\u00f3stolo\",\"comunica\u00e7\u00e3o\",\"cristianismo\",\"igreja\",\"S\u00e3o Paulo\"],\"articleSection\":[\"Reflex\u00f5es\"],\"inLanguage\":\"pt-BR\",\"potentialAction\":[{\"@type\":\"CommentAction\",\"name\":\"Comment\",\"target\":[\"https:\/\/www.oarcanjo.net\/site\/sao-paulo-apostolo-3\/#respond\"]}]},{\"@type\":\"WebPage\",\"@id\":\"https:\/\/www.oarcanjo.net\/site\/sao-paulo-apostolo-3\/\",\"url\":\"https:\/\/www.oarcanjo.net\/site\/sao-paulo-apostolo-3\/\",\"name\":\"S\u00e3o Paulo, Ap\u00f3stolo - O Arcanjo no ar\",\"isPartOf\":{\"@id\":\"https:\/\/www.oarcanjo.net\/site\/#website\"},\"datePublished\":\"2009-05-23T22:29:43+00:00\",\"dateModified\":\"2009-05-24T12:59:25+00:00\",\"breadcrumb\":{\"@id\":\"https:\/\/www.oarcanjo.net\/site\/sao-paulo-apostolo-3\/#breadcrumb\"},\"inLanguage\":\"pt-BR\",\"potentialAction\":[{\"@type\":\"ReadAction\",\"target\":[\"https:\/\/www.oarcanjo.net\/site\/sao-paulo-apostolo-3\/\"]}]},{\"@type\":\"BreadcrumbList\",\"@id\":\"https:\/\/www.oarcanjo.net\/site\/sao-paulo-apostolo-3\/#breadcrumb\",\"itemListElement\":[{\"@type\":\"ListItem\",\"position\":1,\"name\":\"In\u00edcio\",\"item\":\"https:\/\/www.oarcanjo.net\/site\/\"},{\"@type\":\"ListItem\",\"position\":2,\"name\":\"S\u00e3o Paulo, Ap\u00f3stolo\"}]},{\"@type\":\"WebSite\",\"@id\":\"https:\/\/www.oarcanjo.net\/site\/#website\",\"url\":\"https:\/\/www.oarcanjo.net\/site\/\",\"name\":\"O Arcanjo no ar\",\"description\":\"Site da Par\u00f3quia S\u00e3o Miguel Arcanjo (Arquidiocese de SP)\",\"publisher\":{\"@id\":\"https:\/\/www.oarcanjo.net\/site\/#organization\"},\"potentialAction\":[{\"@type\":\"SearchAction\",\"target\":{\"@type\":\"EntryPoint\",\"urlTemplate\":\"https:\/\/www.oarcanjo.net\/site\/?s={search_term_string}\"},\"query-input\":{\"@type\":\"PropertyValueSpecification\",\"valueRequired\":true,\"valueName\":\"search_term_string\"}}],\"inLanguage\":\"pt-BR\"},{\"@type\":\"Organization\",\"@id\":\"https:\/\/www.oarcanjo.net\/site\/#organization\",\"name\":\"Par\u00f3quia S\u00e3o Miguel Arcanjo\",\"url\":\"https:\/\/www.oarcanjo.net\/site\/\",\"logo\":{\"@type\":\"ImageObject\",\"inLanguage\":\"pt-BR\",\"@id\":\"https:\/\/www.oarcanjo.net\/site\/#\/schema\/logo\/image\/\",\"url\":\"https:\/\/www.oarcanjo.net\/site\/wp-content\/uploads\/LogoOArcanjo.png\",\"contentUrl\":\"https:\/\/www.oarcanjo.net\/site\/wp-content\/uploads\/LogoOArcanjo.png\",\"width\":319,\"height\":99,\"caption\":\"Par\u00f3quia S\u00e3o Miguel Arcanjo\"},\"image\":{\"@id\":\"https:\/\/www.oarcanjo.net\/site\/#\/schema\/logo\/image\/\"},\"sameAs\":[\"https:\/\/www.facebook.com\/OArcanjoNoAr\/\"]},{\"@type\":\"Person\",\"@id\":\"https:\/\/www.oarcanjo.net\/site\/#\/schema\/person\/f7024d007863202483a31326673a0838\",\"name\":\"editor\",\"sameAs\":[\"http:\/\/www.oarcanjo.net\"]}]}<\/script>\n<!-- \/ Yoast SEO plugin. -->","yoast_head_json":{"title":"S\u00e3o Paulo, Ap\u00f3stolo - O Arcanjo no ar","robots":{"index":"index","follow":"follow","max-snippet":"max-snippet:-1","max-image-preview":"max-image-preview:large","max-video-preview":"max-video-preview:-1"},"canonical":"https:\/\/www.oarcanjo.net\/site\/sao-paulo-apostolo-3\/","og_locale":"pt_BR","og_type":"article","og_title":"S\u00e3o Paulo, Ap\u00f3stolo - O Arcanjo no ar","og_description":"Ant\u00f4nio Mesquita Galv\u00e3o Paulo de Tarso \u00e9 uma figura not\u00e1vel. Depois do Deus Trino e da Virgem Maria, ele \u00e9 a pessoa mais importante do cristianismo. Eu sempre digo, como seria dif\u00edcil falar em Jesus, pregar o evangelho, pensar em Igreja e desenvolver uma atitude mission\u00e1ria se n\u00e3o tiv\u00e9ssemos o modelo crist\u00e3o que ele nos [&hellip;]","og_url":"https:\/\/www.oarcanjo.net\/site\/sao-paulo-apostolo-3\/","og_site_name":"O Arcanjo no ar","article_publisher":"https:\/\/www.facebook.com\/OArcanjoNoAr\/","article_published_time":"2009-05-23T22:29:43+00:00","article_modified_time":"2009-05-24T12:59:25+00:00","og_image":[{"width":300,"height":300,"url":"https:\/\/www.oarcanjo.net\/site\/wp-content\/uploads\/logo-o-arcanjo-no-ar-facebook.png","type":"image\/png"}],"author":"editor","twitter_card":"summary_large_image","twitter_misc":{"Escrito por":"editor","Est. tempo de leitura":"3 minutos"},"schema":{"@context":"https:\/\/schema.org","@graph":[{"@type":"Article","@id":"https:\/\/www.oarcanjo.net\/site\/sao-paulo-apostolo-3\/#article","isPartOf":{"@id":"https:\/\/www.oarcanjo.net\/site\/sao-paulo-apostolo-3\/"},"author":{"name":"editor","@id":"https:\/\/www.oarcanjo.net\/site\/#\/schema\/person\/f7024d007863202483a31326673a0838"},"headline":"S\u00e3o Paulo, Ap\u00f3stolo","datePublished":"2009-05-23T22:29:43+00:00","dateModified":"2009-05-24T12:59:25+00:00","mainEntityOfPage":{"@id":"https:\/\/www.oarcanjo.net\/site\/sao-paulo-apostolo-3\/"},"wordCount":560,"commentCount":0,"publisher":{"@id":"https:\/\/www.oarcanjo.net\/site\/#organization"},"keywords":["ap\u00f3stolo","comunica\u00e7\u00e3o","cristianismo","igreja","S\u00e3o Paulo"],"articleSection":["Reflex\u00f5es"],"inLanguage":"pt-BR","potentialAction":[{"@type":"CommentAction","name":"Comment","target":["https:\/\/www.oarcanjo.net\/site\/sao-paulo-apostolo-3\/#respond"]}]},{"@type":"WebPage","@id":"https:\/\/www.oarcanjo.net\/site\/sao-paulo-apostolo-3\/","url":"https:\/\/www.oarcanjo.net\/site\/sao-paulo-apostolo-3\/","name":"S\u00e3o Paulo, Ap\u00f3stolo - O Arcanjo no ar","isPartOf":{"@id":"https:\/\/www.oarcanjo.net\/site\/#website"},"datePublished":"2009-05-23T22:29:43+00:00","dateModified":"2009-05-24T12:59:25+00:00","breadcrumb":{"@id":"https:\/\/www.oarcanjo.net\/site\/sao-paulo-apostolo-3\/#breadcrumb"},"inLanguage":"pt-BR","potentialAction":[{"@type":"ReadAction","target":["https:\/\/www.oarcanjo.net\/site\/sao-paulo-apostolo-3\/"]}]},{"@type":"BreadcrumbList","@id":"https:\/\/www.oarcanjo.net\/site\/sao-paulo-apostolo-3\/#breadcrumb","itemListElement":[{"@type":"ListItem","position":1,"name":"In\u00edcio","item":"https:\/\/www.oarcanjo.net\/site\/"},{"@type":"ListItem","position":2,"name":"S\u00e3o Paulo, Ap\u00f3stolo"}]},{"@type":"WebSite","@id":"https:\/\/www.oarcanjo.net\/site\/#website","url":"https:\/\/www.oarcanjo.net\/site\/","name":"O Arcanjo no ar","description":"Site da Par\u00f3quia S\u00e3o Miguel Arcanjo (Arquidiocese de SP)","publisher":{"@id":"https:\/\/www.oarcanjo.net\/site\/#organization"},"potentialAction":[{"@type":"SearchAction","target":{"@type":"EntryPoint","urlTemplate":"https:\/\/www.oarcanjo.net\/site\/?s={search_term_string}"},"query-input":{"@type":"PropertyValueSpecification","valueRequired":true,"valueName":"search_term_string"}}],"inLanguage":"pt-BR"},{"@type":"Organization","@id":"https:\/\/www.oarcanjo.net\/site\/#organization","name":"Par\u00f3quia S\u00e3o Miguel Arcanjo","url":"https:\/\/www.oarcanjo.net\/site\/","logo":{"@type":"ImageObject","inLanguage":"pt-BR","@id":"https:\/\/www.oarcanjo.net\/site\/#\/schema\/logo\/image\/","url":"https:\/\/www.oarcanjo.net\/site\/wp-content\/uploads\/LogoOArcanjo.png","contentUrl":"https:\/\/www.oarcanjo.net\/site\/wp-content\/uploads\/LogoOArcanjo.png","width":319,"height":99,"caption":"Par\u00f3quia S\u00e3o Miguel Arcanjo"},"image":{"@id":"https:\/\/www.oarcanjo.net\/site\/#\/schema\/logo\/image\/"},"sameAs":["https:\/\/www.facebook.com\/OArcanjoNoAr\/"]},{"@type":"Person","@id":"https:\/\/www.oarcanjo.net\/site\/#\/schema\/person\/f7024d007863202483a31326673a0838","name":"editor","sameAs":["http:\/\/www.oarcanjo.net"]}]}},"publishpress_future_action":{"enabled":false,"date":"2026-05-09 07:20:44","action":"category","newStatus":"draft","terms":[],"taxonomy":"category"},"publishpress_future_workflow_manual_trigger":{"enabledWorkflows":[]},"_links":{"self":[{"href":"https:\/\/www.oarcanjo.net\/site\/wp-json\/wp\/v2\/posts\/3554"}],"collection":[{"href":"https:\/\/www.oarcanjo.net\/site\/wp-json\/wp\/v2\/posts"}],"about":[{"href":"https:\/\/www.oarcanjo.net\/site\/wp-json\/wp\/v2\/types\/post"}],"author":[{"embeddable":true,"href":"https:\/\/www.oarcanjo.net\/site\/wp-json\/wp\/v2\/users\/5"}],"replies":[{"embeddable":true,"href":"https:\/\/www.oarcanjo.net\/site\/wp-json\/wp\/v2\/comments?post=3554"}],"version-history":[{"count":0,"href":"https:\/\/www.oarcanjo.net\/site\/wp-json\/wp\/v2\/posts\/3554\/revisions"}],"wp:attachment":[{"href":"https:\/\/www.oarcanjo.net\/site\/wp-json\/wp\/v2\/media?parent=3554"}],"wp:term":[{"taxonomy":"category","embeddable":true,"href":"https:\/\/www.oarcanjo.net\/site\/wp-json\/wp\/v2\/categories?post=3554"},{"taxonomy":"post_tag","embeddable":true,"href":"https:\/\/www.oarcanjo.net\/site\/wp-json\/wp\/v2\/tags?post=3554"}],"curies":[{"name":"wp","href":"https:\/\/api.w.org\/{rel}","templated":true}]}}