
{"id":3562,"date":"2009-05-23T12:41:19","date_gmt":"2009-05-23T15:41:19","guid":{"rendered":"http:\/\/www.oarcanjo.net\/site\/?p=3562"},"modified":"2009-05-24T18:09:58","modified_gmt":"2009-05-24T21:09:58","slug":"campanha-da-fraternidade-inpira-comunidade-a-debater-seguranca-publica","status":"publish","type":"post","link":"https:\/\/www.oarcanjo.net\/site\/campanha-da-fraternidade-inpira-comunidade-a-debater-seguranca-publica\/","title":{"rendered":"Campanha da Fraternidade inspira comunidade a debater seguran\u00e7a"},"content":{"rendered":"<p><img loading=\"lazy\" decoding=\"async\" src=\"http:\/\/www.oarcanjo.net\/site\/wp-content\/uploads\/comunidadesegura01.png\" alt=\"\" title=\"Comunidade Segura\" width=\"350\" height=\"244\" class=\"alignnone size-full wp-image-3565\" srcset=\"https:\/\/www.oarcanjo.net\/site\/wp-content\/uploads\/comunidadesegura01.png 350w, https:\/\/www.oarcanjo.net\/site\/wp-content\/uploads\/comunidadesegura01-300x209.png 300w\" sizes=\"(max-width: 350px) 100vw, 350px\" \/><\/p>\n<p>Na quarta-feira, dia 20\/05, cerca de 300 pessoas, em sua maioria idosos moradores da comunidade da Mooca e regi\u00e3o, estiveram reunidos no audit\u00f3rio da Universidade S\u00e3o Judas para debater a seguran\u00e7a.<\/p>\n<p>Quando se fala em seguran\u00e7a p\u00fablica lembramos geralmente dos \u00edndices de homic\u00eddios e assaltos e nos esquecemos do cotidiano cheio de situa\u00e7\u00f5es inseguras: viol\u00eancia dom\u00e9stica contra mulheres, crian\u00e7as e idosos, pequenos delitos dos jovens, acidentes de transito e acessibilidade e o que nos boletins de ocorr\u00eancia constam como \u201cdesintelig\u00eancia\u201d entre vizinhos, conhecidos e c\u00f4njuges&#8230;<\/p>\n<p><img loading=\"lazy\" decoding=\"async\" src=\"http:\/\/www.oarcanjo.net\/site\/wp-content\/uploads\/comunidadesegura-participantes02.png\" alt=\"\" title=\"Comunidade Segura - participantes\" width=\"250\" height=\"167\" class=\"alignnone size-full wp-image-3569\" \/>   <img loading=\"lazy\" decoding=\"async\" src=\"http:\/\/www.oarcanjo.net\/site\/wp-content\/uploads\/comunidadesegura-participantes.png\" alt=\"\" title=\"Comunidade Segura - participantes\" width=\"250\" height=\"167\" class=\"alignnone size-full wp-image-3567\" \/><\/p>\n<p>O evento <strong>Comunidade Segura<\/strong> foi idealizado a partir de um encontro na Igreja de S\u00e3o Miguel Arcanjo entre a capit\u00e3o Tania, da Pol\u00edcia Militar, comandante na \u00e1rea, o Monsenhor Julio Lancellotti, a professora Lilian Mesquita Brando, da Universidade S\u00e3o Judas, o t\u00e9cnico Edson Veloso da Cia de Engenharia de Tr\u00e1fego (CET) al\u00e9m de representantes do Instituto Sou da Paz e da Prefeitura de S\u00e3o Paulo.<\/p>\n<p><img loading=\"lazy\" decoding=\"async\" src=\"http:\/\/www.oarcanjo.net\/site\/wp-content\/uploads\/comunidadesegura-gente-mapa.png\" alt=\"\" title=\"Comunidade Segura - mapa interativo\" width=\"250\" height=\"193\" class=\"alignnone size-full wp-image-3574\" align=\"right\" hspace=\"5\" vspace=\"5\" \/>A id\u00e9ia \u00e9 criar um f\u00f3rum que re\u00fana a sociedade civil diante da sensa\u00e7\u00e3o e da real falta de seguran\u00e7a, que articule os diversos setores para a media\u00e7\u00e3o dos conflitos e contribuir na constru\u00e7\u00e3o de pol\u00edtica p\u00fablica para o setor. Segundo o padre Julio, &#8220;\u00e9 poss\u00edvel reunir e ter a\u00e7\u00f5es concretas mesmo entre setores com ideologias diferentes, sem que cada um tenha que mudar a sua ou deixar sua fun\u00e7\u00e3o; atuando para uma urbaniza\u00e7\u00e3o humanizadora&#8221;.<\/p>\n<p>Como primeira a\u00e7\u00e3o foi aplicado um question\u00e1rio e apresentados mapas interativos da regi\u00e3o para que os idosos apresentassem as \u00e1reas com mais dificuldades, a fim de que os t\u00e9cnicos realizem estudos para poss\u00edveis solu\u00e7\u00f5es.<\/p>\n<p>A pr\u00f3xima etapa ir\u00e1 discutir a media\u00e7\u00e3o de conflitos e todos est\u00e3o convidados a participar. Os cidad\u00e3os precisam assumir o protagonismo na pol\u00edtica, na democracia n\u00e3o basta apenas votar, fiscalizar os parlamentares e o poder p\u00fablico deve ser constante para garantir a boa pol\u00edtica.<\/p>\n<p><img loading=\"lazy\" decoding=\"async\" src=\"http:\/\/www.oarcanjo.net\/site\/wp-content\/uploads\/comunidadesegura-mesa.png\" alt=\"\" title=\"Comunidade Segura\" width=\"350\" height=\"213\" class=\"alignnone size-full wp-image-3578\" srcset=\"https:\/\/www.oarcanjo.net\/site\/wp-content\/uploads\/comunidadesegura-mesa.png 350w, https:\/\/www.oarcanjo.net\/site\/wp-content\/uploads\/comunidadesegura-mesa-300x182.png 300w\" sizes=\"(max-width: 350px) 100vw, 350px\" \/><\/p>\n<div id=\"themify_builder_content-3562\" data-postid=\"3562\" class=\"themify_builder_content themify_builder_content-3562 themify_builder themify_builder_front\">\n\t<\/div>\n<!-- \/themify_builder_content -->","protected":false},"excerpt":{"rendered":"<p>Na quarta-feira, dia 20\/05, cerca de 300 pessoas, em sua maioria idosos moradores da comunidade da Mooca e regi\u00e3o, estiveram reunidos no audit\u00f3rio da Universidade S\u00e3o Judas para debater a seguran\u00e7a. Quando se fala em seguran\u00e7a p\u00fablica lembramos geralmente dos \u00edndices de homic\u00eddios e assaltos e nos esquecemos do cotidiano cheio de situa\u00e7\u00f5es inseguras: viol\u00eancia [&hellip;]<\/p>\n","protected":false},"author":5,"featured_media":0,"comment_status":"open","ping_status":"open","sticky":false,"template":"","format":"standard","meta":{"ngg_post_thumbnail":0,"footnotes":""},"categories":[8],"tags":[229,24,739,26,678,231,677,20],"yoast_head":"<!-- This site is optimized with the Yoast SEO plugin v23.5 - https:\/\/yoast.com\/wordpress\/plugins\/seo\/ -->\n<title>Campanha da Fraternidade inspira comunidade a debater seguran\u00e7a - O Arcanjo no ar<\/title>\n<meta name=\"robots\" content=\"index, follow, max-snippet:-1, max-image-preview:large, max-video-preview:-1\" \/>\n<link rel=\"canonical\" href=\"https:\/\/www.oarcanjo.net\/site\/campanha-da-fraternidade-inpira-comunidade-a-debater-seguranca-publica\/\" \/>\n<meta property=\"og:locale\" content=\"pt_BR\" \/>\n<meta property=\"og:type\" content=\"article\" \/>\n<meta property=\"og:title\" content=\"Campanha da Fraternidade inspira comunidade a debater seguran\u00e7a - O Arcanjo no ar\" \/>\n<meta property=\"og:description\" content=\"Na quarta-feira, dia 20\/05, cerca de 300 pessoas, em sua maioria idosos moradores da comunidade da Mooca e regi\u00e3o, estiveram reunidos no audit\u00f3rio da Universidade S\u00e3o Judas para debater a seguran\u00e7a. Quando se fala em seguran\u00e7a p\u00fablica lembramos geralmente dos \u00edndices de homic\u00eddios e assaltos e nos esquecemos do cotidiano cheio de situa\u00e7\u00f5es inseguras: viol\u00eancia [&hellip;]\" \/>\n<meta property=\"og:url\" content=\"https:\/\/www.oarcanjo.net\/site\/campanha-da-fraternidade-inpira-comunidade-a-debater-seguranca-publica\/\" \/>\n<meta property=\"og:site_name\" content=\"O Arcanjo no ar\" \/>\n<meta property=\"article:publisher\" content=\"https:\/\/www.facebook.com\/OArcanjoNoAr\/\" \/>\n<meta property=\"article:published_time\" content=\"2009-05-23T15:41:19+00:00\" \/>\n<meta property=\"article:modified_time\" content=\"2009-05-24T21:09:58+00:00\" \/>\n<meta property=\"og:image\" content=\"http:\/\/www.oarcanjo.net\/site\/wp-content\/uploads\/comunidadesegura01.png\" \/>\n<meta name=\"author\" content=\"editor\" \/>\n<meta name=\"twitter:card\" content=\"summary_large_image\" \/>\n<meta name=\"twitter:label1\" content=\"Escrito por\" \/>\n\t<meta name=\"twitter:data1\" content=\"editor\" \/>\n\t<meta name=\"twitter:label2\" content=\"Est. tempo de leitura\" \/>\n\t<meta name=\"twitter:data2\" content=\"2 minutos\" \/>\n<script type=\"application\/ld+json\" class=\"yoast-schema-graph\">{\"@context\":\"https:\/\/schema.org\",\"@graph\":[{\"@type\":\"Article\",\"@id\":\"https:\/\/www.oarcanjo.net\/site\/campanha-da-fraternidade-inpira-comunidade-a-debater-seguranca-publica\/#article\",\"isPartOf\":{\"@id\":\"https:\/\/www.oarcanjo.net\/site\/campanha-da-fraternidade-inpira-comunidade-a-debater-seguranca-publica\/\"},\"author\":{\"name\":\"editor\",\"@id\":\"https:\/\/www.oarcanjo.net\/site\/#\/schema\/person\/f7024d007863202483a31326673a0838\"},\"headline\":\"Campanha da Fraternidade inspira comunidade a debater seguran\u00e7a\",\"datePublished\":\"2009-05-23T15:41:19+00:00\",\"dateModified\":\"2009-05-24T21:09:58+00:00\",\"mainEntityOfPage\":{\"@id\":\"https:\/\/www.oarcanjo.net\/site\/campanha-da-fraternidade-inpira-comunidade-a-debater-seguranca-publica\/\"},\"wordCount\":357,\"commentCount\":2,\"publisher\":{\"@id\":\"https:\/\/www.oarcanjo.net\/site\/#organization\"},\"image\":{\"@id\":\"https:\/\/www.oarcanjo.net\/site\/campanha-da-fraternidade-inpira-comunidade-a-debater-seguranca-publica\/#primaryimage\"},\"thumbnailUrl\":\"http:\/\/www.oarcanjo.net\/site\/wp-content\/uploads\/comunidadesegura01.png\",\"keywords\":[\"Campanha da Fraternidade\",\"comunidade\",\"Comunidade Segura\",\"idosos\",\"Mooca\",\"seguran\u00e7a\",\"Universidade S\u00e3o Judas Tadeu\",\"viol\u00eancia\"],\"articleSection\":[\"Not\u00edcias\"],\"inLanguage\":\"pt-BR\",\"potentialAction\":[{\"@type\":\"CommentAction\",\"name\":\"Comment\",\"target\":[\"https:\/\/www.oarcanjo.net\/site\/campanha-da-fraternidade-inpira-comunidade-a-debater-seguranca-publica\/#respond\"]}]},{\"@type\":\"WebPage\",\"@id\":\"https:\/\/www.oarcanjo.net\/site\/campanha-da-fraternidade-inpira-comunidade-a-debater-seguranca-publica\/\",\"url\":\"https:\/\/www.oarcanjo.net\/site\/campanha-da-fraternidade-inpira-comunidade-a-debater-seguranca-publica\/\",\"name\":\"Campanha da Fraternidade inspira comunidade a debater seguran\u00e7a - O Arcanjo no ar\",\"isPartOf\":{\"@id\":\"https:\/\/www.oarcanjo.net\/site\/#website\"},\"primaryImageOfPage\":{\"@id\":\"https:\/\/www.oarcanjo.net\/site\/campanha-da-fraternidade-inpira-comunidade-a-debater-seguranca-publica\/#primaryimage\"},\"image\":{\"@id\":\"https:\/\/www.oarcanjo.net\/site\/campanha-da-fraternidade-inpira-comunidade-a-debater-seguranca-publica\/#primaryimage\"},\"thumbnailUrl\":\"http:\/\/www.oarcanjo.net\/site\/wp-content\/uploads\/comunidadesegura01.png\",\"datePublished\":\"2009-05-23T15:41:19+00:00\",\"dateModified\":\"2009-05-24T21:09:58+00:00\",\"breadcrumb\":{\"@id\":\"https:\/\/www.oarcanjo.net\/site\/campanha-da-fraternidade-inpira-comunidade-a-debater-seguranca-publica\/#breadcrumb\"},\"inLanguage\":\"pt-BR\",\"potentialAction\":[{\"@type\":\"ReadAction\",\"target\":[\"https:\/\/www.oarcanjo.net\/site\/campanha-da-fraternidade-inpira-comunidade-a-debater-seguranca-publica\/\"]}]},{\"@type\":\"ImageObject\",\"inLanguage\":\"pt-BR\",\"@id\":\"https:\/\/www.oarcanjo.net\/site\/campanha-da-fraternidade-inpira-comunidade-a-debater-seguranca-publica\/#primaryimage\",\"url\":\"https:\/\/www.oarcanjo.net\/site\/wp-content\/uploads\/comunidadesegura01.png\",\"contentUrl\":\"https:\/\/www.oarcanjo.net\/site\/wp-content\/uploads\/comunidadesegura01.png\",\"width\":350,\"height\":244},{\"@type\":\"BreadcrumbList\",\"@id\":\"https:\/\/www.oarcanjo.net\/site\/campanha-da-fraternidade-inpira-comunidade-a-debater-seguranca-publica\/#breadcrumb\",\"itemListElement\":[{\"@type\":\"ListItem\",\"position\":1,\"name\":\"In\u00edcio\",\"item\":\"https:\/\/www.oarcanjo.net\/site\/\"},{\"@type\":\"ListItem\",\"position\":2,\"name\":\"Campanha da Fraternidade inspira comunidade a debater seguran\u00e7a\"}]},{\"@type\":\"WebSite\",\"@id\":\"https:\/\/www.oarcanjo.net\/site\/#website\",\"url\":\"https:\/\/www.oarcanjo.net\/site\/\",\"name\":\"O Arcanjo no ar\",\"description\":\"Site da Par\u00f3quia S\u00e3o Miguel Arcanjo (Arquidiocese de SP)\",\"publisher\":{\"@id\":\"https:\/\/www.oarcanjo.net\/site\/#organization\"},\"potentialAction\":[{\"@type\":\"SearchAction\",\"target\":{\"@type\":\"EntryPoint\",\"urlTemplate\":\"https:\/\/www.oarcanjo.net\/site\/?s={search_term_string}\"},\"query-input\":{\"@type\":\"PropertyValueSpecification\",\"valueRequired\":true,\"valueName\":\"search_term_string\"}}],\"inLanguage\":\"pt-BR\"},{\"@type\":\"Organization\",\"@id\":\"https:\/\/www.oarcanjo.net\/site\/#organization\",\"name\":\"Par\u00f3quia S\u00e3o Miguel Arcanjo\",\"url\":\"https:\/\/www.oarcanjo.net\/site\/\",\"logo\":{\"@type\":\"ImageObject\",\"inLanguage\":\"pt-BR\",\"@id\":\"https:\/\/www.oarcanjo.net\/site\/#\/schema\/logo\/image\/\",\"url\":\"https:\/\/www.oarcanjo.net\/site\/wp-content\/uploads\/LogoOArcanjo.png\",\"contentUrl\":\"https:\/\/www.oarcanjo.net\/site\/wp-content\/uploads\/LogoOArcanjo.png\",\"width\":319,\"height\":99,\"caption\":\"Par\u00f3quia S\u00e3o Miguel Arcanjo\"},\"image\":{\"@id\":\"https:\/\/www.oarcanjo.net\/site\/#\/schema\/logo\/image\/\"},\"sameAs\":[\"https:\/\/www.facebook.com\/OArcanjoNoAr\/\"]},{\"@type\":\"Person\",\"@id\":\"https:\/\/www.oarcanjo.net\/site\/#\/schema\/person\/f7024d007863202483a31326673a0838\",\"name\":\"editor\",\"sameAs\":[\"http:\/\/www.oarcanjo.net\"]}]}<\/script>\n<!-- \/ Yoast SEO plugin. -->","yoast_head_json":{"title":"Campanha da Fraternidade inspira comunidade a debater seguran\u00e7a - O Arcanjo no ar","robots":{"index":"index","follow":"follow","max-snippet":"max-snippet:-1","max-image-preview":"max-image-preview:large","max-video-preview":"max-video-preview:-1"},"canonical":"https:\/\/www.oarcanjo.net\/site\/campanha-da-fraternidade-inpira-comunidade-a-debater-seguranca-publica\/","og_locale":"pt_BR","og_type":"article","og_title":"Campanha da Fraternidade inspira comunidade a debater seguran\u00e7a - O Arcanjo no ar","og_description":"Na quarta-feira, dia 20\/05, cerca de 300 pessoas, em sua maioria idosos moradores da comunidade da Mooca e regi\u00e3o, estiveram reunidos no audit\u00f3rio da Universidade S\u00e3o Judas para debater a seguran\u00e7a. Quando se fala em seguran\u00e7a p\u00fablica lembramos geralmente dos \u00edndices de homic\u00eddios e assaltos e nos esquecemos do cotidiano cheio de situa\u00e7\u00f5es inseguras: viol\u00eancia [&hellip;]","og_url":"https:\/\/www.oarcanjo.net\/site\/campanha-da-fraternidade-inpira-comunidade-a-debater-seguranca-publica\/","og_site_name":"O Arcanjo no ar","article_publisher":"https:\/\/www.facebook.com\/OArcanjoNoAr\/","article_published_time":"2009-05-23T15:41:19+00:00","article_modified_time":"2009-05-24T21:09:58+00:00","og_image":[{"url":"http:\/\/www.oarcanjo.net\/site\/wp-content\/uploads\/comunidadesegura01.png"}],"author":"editor","twitter_card":"summary_large_image","twitter_misc":{"Escrito por":"editor","Est. tempo de leitura":"2 minutos"},"schema":{"@context":"https:\/\/schema.org","@graph":[{"@type":"Article","@id":"https:\/\/www.oarcanjo.net\/site\/campanha-da-fraternidade-inpira-comunidade-a-debater-seguranca-publica\/#article","isPartOf":{"@id":"https:\/\/www.oarcanjo.net\/site\/campanha-da-fraternidade-inpira-comunidade-a-debater-seguranca-publica\/"},"author":{"name":"editor","@id":"https:\/\/www.oarcanjo.net\/site\/#\/schema\/person\/f7024d007863202483a31326673a0838"},"headline":"Campanha da Fraternidade inspira comunidade a debater seguran\u00e7a","datePublished":"2009-05-23T15:41:19+00:00","dateModified":"2009-05-24T21:09:58+00:00","mainEntityOfPage":{"@id":"https:\/\/www.oarcanjo.net\/site\/campanha-da-fraternidade-inpira-comunidade-a-debater-seguranca-publica\/"},"wordCount":357,"commentCount":2,"publisher":{"@id":"https:\/\/www.oarcanjo.net\/site\/#organization"},"image":{"@id":"https:\/\/www.oarcanjo.net\/site\/campanha-da-fraternidade-inpira-comunidade-a-debater-seguranca-publica\/#primaryimage"},"thumbnailUrl":"http:\/\/www.oarcanjo.net\/site\/wp-content\/uploads\/comunidadesegura01.png","keywords":["Campanha da Fraternidade","comunidade","Comunidade Segura","idosos","Mooca","seguran\u00e7a","Universidade S\u00e3o Judas Tadeu","viol\u00eancia"],"articleSection":["Not\u00edcias"],"inLanguage":"pt-BR","potentialAction":[{"@type":"CommentAction","name":"Comment","target":["https:\/\/www.oarcanjo.net\/site\/campanha-da-fraternidade-inpira-comunidade-a-debater-seguranca-publica\/#respond"]}]},{"@type":"WebPage","@id":"https:\/\/www.oarcanjo.net\/site\/campanha-da-fraternidade-inpira-comunidade-a-debater-seguranca-publica\/","url":"https:\/\/www.oarcanjo.net\/site\/campanha-da-fraternidade-inpira-comunidade-a-debater-seguranca-publica\/","name":"Campanha da Fraternidade inspira comunidade a debater seguran\u00e7a - O Arcanjo no ar","isPartOf":{"@id":"https:\/\/www.oarcanjo.net\/site\/#website"},"primaryImageOfPage":{"@id":"https:\/\/www.oarcanjo.net\/site\/campanha-da-fraternidade-inpira-comunidade-a-debater-seguranca-publica\/#primaryimage"},"image":{"@id":"https:\/\/www.oarcanjo.net\/site\/campanha-da-fraternidade-inpira-comunidade-a-debater-seguranca-publica\/#primaryimage"},"thumbnailUrl":"http:\/\/www.oarcanjo.net\/site\/wp-content\/uploads\/comunidadesegura01.png","datePublished":"2009-05-23T15:41:19+00:00","dateModified":"2009-05-24T21:09:58+00:00","breadcrumb":{"@id":"https:\/\/www.oarcanjo.net\/site\/campanha-da-fraternidade-inpira-comunidade-a-debater-seguranca-publica\/#breadcrumb"},"inLanguage":"pt-BR","potentialAction":[{"@type":"ReadAction","target":["https:\/\/www.oarcanjo.net\/site\/campanha-da-fraternidade-inpira-comunidade-a-debater-seguranca-publica\/"]}]},{"@type":"ImageObject","inLanguage":"pt-BR","@id":"https:\/\/www.oarcanjo.net\/site\/campanha-da-fraternidade-inpira-comunidade-a-debater-seguranca-publica\/#primaryimage","url":"https:\/\/www.oarcanjo.net\/site\/wp-content\/uploads\/comunidadesegura01.png","contentUrl":"https:\/\/www.oarcanjo.net\/site\/wp-content\/uploads\/comunidadesegura01.png","width":350,"height":244},{"@type":"BreadcrumbList","@id":"https:\/\/www.oarcanjo.net\/site\/campanha-da-fraternidade-inpira-comunidade-a-debater-seguranca-publica\/#breadcrumb","itemListElement":[{"@type":"ListItem","position":1,"name":"In\u00edcio","item":"https:\/\/www.oarcanjo.net\/site\/"},{"@type":"ListItem","position":2,"name":"Campanha da Fraternidade inspira comunidade a debater seguran\u00e7a"}]},{"@type":"WebSite","@id":"https:\/\/www.oarcanjo.net\/site\/#website","url":"https:\/\/www.oarcanjo.net\/site\/","name":"O Arcanjo no ar","description":"Site da Par\u00f3quia S\u00e3o Miguel Arcanjo (Arquidiocese de SP)","publisher":{"@id":"https:\/\/www.oarcanjo.net\/site\/#organization"},"potentialAction":[{"@type":"SearchAction","target":{"@type":"EntryPoint","urlTemplate":"https:\/\/www.oarcanjo.net\/site\/?s={search_term_string}"},"query-input":{"@type":"PropertyValueSpecification","valueRequired":true,"valueName":"search_term_string"}}],"inLanguage":"pt-BR"},{"@type":"Organization","@id":"https:\/\/www.oarcanjo.net\/site\/#organization","name":"Par\u00f3quia S\u00e3o Miguel Arcanjo","url":"https:\/\/www.oarcanjo.net\/site\/","logo":{"@type":"ImageObject","inLanguage":"pt-BR","@id":"https:\/\/www.oarcanjo.net\/site\/#\/schema\/logo\/image\/","url":"https:\/\/www.oarcanjo.net\/site\/wp-content\/uploads\/LogoOArcanjo.png","contentUrl":"https:\/\/www.oarcanjo.net\/site\/wp-content\/uploads\/LogoOArcanjo.png","width":319,"height":99,"caption":"Par\u00f3quia S\u00e3o Miguel Arcanjo"},"image":{"@id":"https:\/\/www.oarcanjo.net\/site\/#\/schema\/logo\/image\/"},"sameAs":["https:\/\/www.facebook.com\/OArcanjoNoAr\/"]},{"@type":"Person","@id":"https:\/\/www.oarcanjo.net\/site\/#\/schema\/person\/f7024d007863202483a31326673a0838","name":"editor","sameAs":["http:\/\/www.oarcanjo.net"]}]}},"publishpress_future_action":{"enabled":false,"date":"2026-05-09 01:12:29","action":"category","newStatus":"draft","terms":[],"taxonomy":"category"},"publishpress_future_workflow_manual_trigger":{"enabledWorkflows":[]},"_links":{"self":[{"href":"https:\/\/www.oarcanjo.net\/site\/wp-json\/wp\/v2\/posts\/3562"}],"collection":[{"href":"https:\/\/www.oarcanjo.net\/site\/wp-json\/wp\/v2\/posts"}],"about":[{"href":"https:\/\/www.oarcanjo.net\/site\/wp-json\/wp\/v2\/types\/post"}],"author":[{"embeddable":true,"href":"https:\/\/www.oarcanjo.net\/site\/wp-json\/wp\/v2\/users\/5"}],"replies":[{"embeddable":true,"href":"https:\/\/www.oarcanjo.net\/site\/wp-json\/wp\/v2\/comments?post=3562"}],"version-history":[{"count":0,"href":"https:\/\/www.oarcanjo.net\/site\/wp-json\/wp\/v2\/posts\/3562\/revisions"}],"wp:attachment":[{"href":"https:\/\/www.oarcanjo.net\/site\/wp-json\/wp\/v2\/media?parent=3562"}],"wp:term":[{"taxonomy":"category","embeddable":true,"href":"https:\/\/www.oarcanjo.net\/site\/wp-json\/wp\/v2\/categories?post=3562"},{"taxonomy":"post_tag","embeddable":true,"href":"https:\/\/www.oarcanjo.net\/site\/wp-json\/wp\/v2\/tags?post=3562"}],"curies":[{"name":"wp","href":"https:\/\/api.w.org\/{rel}","templated":true}]}}