
{"id":3583,"date":"2009-05-24T09:53:03","date_gmt":"2009-05-24T12:53:03","guid":{"rendered":"http:\/\/www.oarcanjo.net\/site\/?p=3583"},"modified":"2009-05-24T09:53:03","modified_gmt":"2009-05-24T12:53:03","slug":"confianca-e-responsabilidade","status":"publish","type":"post","link":"https:\/\/www.oarcanjo.net\/site\/confianca-e-responsabilidade\/","title":{"rendered":"Confian\u00e7a e responsabilidade"},"content":{"rendered":"<p>ANTONIO PAGOLA DE JOSE SAN SEBASTI\u00c1N (GUIPUZCOA)<\/p>\n<p>O Evangelho original de Marcos foi acrescido, em algum momento, com um ap\u00eandice onde \u00e9 recolhido este mandato \u00faltimo de Jesus: &#8220;Ide por todo o mundo e pregai o evangelho a toda criatura&#8221;. O Evangelho n\u00e3o pode ficar no interior do pequeno grupo dos seus disc\u00edpulos. Tem que sair e se deslocar para atingir o &#8220;mundo inteiro&#8221; e levar a Boa Noticia para todos os povos, &#8220;a toda criatura&#8221;.<\/p>\n<p>Com certeza, estas palavras foram escutadas com entusiasmo quando os crist\u00e3os estavam no calor da expans\u00e3o e suas comunidades multiplicavam-se por todo o imp\u00e9rio, mas como escut\u00e1-las hoje quando sentimos-nos impotentes para reter aqueles que abandonam nossas igrejas por n\u00e3o sentirem mais a necessidade de nossa religi\u00e3o?<\/p>\n<p>A primeira coisa \u00e9 viver desde a confian\u00e7a absoluta na a\u00e7\u00e3o de Deus. Foi Jesus quem nos ensinou. Deus continua trabalhando com amor infinito o cora\u00e7\u00e3o e a consci\u00eancia de todos os seus filhos e  filhas, embora possamos  considera-los &#8220;ovelhas perdidas&#8221;. Deus n\u00e3o est\u00e1 bloqueado por crise nenhuma.<\/p>\n<p>Ele n\u00e3o est\u00e1 esperando que desde a Igreja, coloquemos em funcionamento  nossos planos de restaura\u00e7\u00e3o ou  nossos projetos de inova\u00e7\u00e3o. Ele continua agindo na Igreja e fora dela. Ningu\u00e9m vive abandonado por Deus, mesmo sem nunca ter ouvido falar no Evangelho de Jesus.<\/p>\n<p>Mas isso tudo n\u00e3o nos dispensa da nossa responsabilidade. Temos que come\u00e7ar a fazer-nos novas perguntas: Quais os caminhos por onde Deus est\u00e1  procurando os homens e as mulheres da cultura moderna? Como Ele quer fazer presente ao homem e \u00e0 mulher dos nossos dias a Boa Not\u00edcia de Jesus?<br \/>\nAinda temos de nos perguntar mais uma coisa: Quais as chamadas que Deus est\u00e1 nos fazendo para a transforma\u00e7\u00e3o da nossa forma tradicional de pensar, expressar, comemorar e encarnar a f\u00e9 crist\u00e3 de modo a favorecer a a\u00e7\u00e3o de Deus no interior da cultura moderna? N\u00e3o estamos nos arriscando a tornar-nos, com a nossa in\u00e9rcia e a nossa imobilidade, freio e obst\u00e1culo cultural para o Evangelho se encarnar na sociedade contempor\u00e2nea?<\/p>\n<p>Ningu\u00e9m sabe como ser\u00e1 a f\u00e9 crist\u00e3 no mundo novo que est\u00e1 emergindo, mas dificilmente ser\u00e1 \u201cclona\u00e7\u00e3o\u201d do passado. O Evangelho tem a for\u00e7a de inaugurar um Cristianismo novo.<\/p>\n<p><em>Fonte: Eclesalia Informativo<\/em><\/p>\n<div id=\"themify_builder_content-3583\" data-postid=\"3583\" class=\"themify_builder_content themify_builder_content-3583 themify_builder themify_builder_front\">\n\t<\/div>\n<!-- \/themify_builder_content -->","protected":false},"excerpt":{"rendered":"<p>ANTONIO PAGOLA DE JOSE SAN SEBASTI\u00c1N (GUIPUZCOA) O Evangelho original de Marcos foi acrescido, em algum momento, com um ap\u00eandice onde \u00e9 recolhido este mandato \u00faltimo de Jesus: &#8220;Ide por todo o mundo e pregai o evangelho a toda criatura&#8221;. O Evangelho n\u00e3o pode ficar no interior do pequeno grupo dos seus disc\u00edpulos. Tem que [&hellip;]<\/p>\n","protected":false},"author":5,"featured_media":0,"comment_status":"open","ping_status":"open","sticky":false,"template":"","format":"standard","meta":{"ngg_post_thumbnail":0,"footnotes":""},"categories":[9],"tags":[722,273],"yoast_head":"<!-- This site is optimized with the Yoast SEO plugin v23.5 - https:\/\/yoast.com\/wordpress\/plugins\/seo\/ -->\n<title>Confian\u00e7a e responsabilidade - O Arcanjo no ar<\/title>\n<meta name=\"robots\" content=\"index, follow, max-snippet:-1, max-image-preview:large, max-video-preview:-1\" \/>\n<link rel=\"canonical\" href=\"https:\/\/www.oarcanjo.net\/site\/confianca-e-responsabilidade\/\" \/>\n<meta property=\"og:locale\" content=\"pt_BR\" \/>\n<meta property=\"og:type\" content=\"article\" \/>\n<meta property=\"og:title\" content=\"Confian\u00e7a e responsabilidade - O Arcanjo no ar\" \/>\n<meta property=\"og:description\" content=\"ANTONIO PAGOLA DE JOSE SAN SEBASTI\u00c1N (GUIPUZCOA) O Evangelho original de Marcos foi acrescido, em algum momento, com um ap\u00eandice onde \u00e9 recolhido este mandato \u00faltimo de Jesus: &#8220;Ide por todo o mundo e pregai o evangelho a toda criatura&#8221;. O Evangelho n\u00e3o pode ficar no interior do pequeno grupo dos seus disc\u00edpulos. Tem que [&hellip;]\" \/>\n<meta property=\"og:url\" content=\"https:\/\/www.oarcanjo.net\/site\/confianca-e-responsabilidade\/\" \/>\n<meta property=\"og:site_name\" content=\"O Arcanjo no ar\" \/>\n<meta property=\"article:publisher\" content=\"https:\/\/www.facebook.com\/OArcanjoNoAr\/\" \/>\n<meta property=\"article:published_time\" content=\"2009-05-24T12:53:03+00:00\" \/>\n<meta property=\"og:image\" content=\"https:\/\/www.oarcanjo.net\/site\/wp-content\/uploads\/logo-o-arcanjo-no-ar-facebook.png\" \/>\n\t<meta property=\"og:image:width\" content=\"300\" \/>\n\t<meta property=\"og:image:height\" content=\"300\" \/>\n\t<meta property=\"og:image:type\" content=\"image\/png\" \/>\n<meta name=\"author\" content=\"editor\" \/>\n<meta name=\"twitter:card\" content=\"summary_large_image\" \/>\n<meta name=\"twitter:label1\" content=\"Escrito por\" \/>\n\t<meta name=\"twitter:data1\" content=\"editor\" \/>\n\t<meta name=\"twitter:label2\" content=\"Est. tempo de leitura\" \/>\n\t<meta name=\"twitter:data2\" content=\"2 minutos\" \/>\n<script type=\"application\/ld+json\" class=\"yoast-schema-graph\">{\"@context\":\"https:\/\/schema.org\",\"@graph\":[{\"@type\":\"Article\",\"@id\":\"https:\/\/www.oarcanjo.net\/site\/confianca-e-responsabilidade\/#article\",\"isPartOf\":{\"@id\":\"https:\/\/www.oarcanjo.net\/site\/confianca-e-responsabilidade\/\"},\"author\":{\"name\":\"editor\",\"@id\":\"https:\/\/www.oarcanjo.net\/site\/#\/schema\/person\/f7024d007863202483a31326673a0838\"},\"headline\":\"Confian\u00e7a e responsabilidade\",\"datePublished\":\"2009-05-24T12:53:03+00:00\",\"dateModified\":\"2009-05-24T12:53:03+00:00\",\"mainEntityOfPage\":{\"@id\":\"https:\/\/www.oarcanjo.net\/site\/confianca-e-responsabilidade\/\"},\"wordCount\":399,\"commentCount\":0,\"publisher\":{\"@id\":\"https:\/\/www.oarcanjo.net\/site\/#organization\"},\"keywords\":[\"Ascen\u00e7\u00e3o do Senhor\",\"evangelho\"],\"articleSection\":[\"Reflex\u00f5es\"],\"inLanguage\":\"pt-BR\",\"potentialAction\":[{\"@type\":\"CommentAction\",\"name\":\"Comment\",\"target\":[\"https:\/\/www.oarcanjo.net\/site\/confianca-e-responsabilidade\/#respond\"]}]},{\"@type\":\"WebPage\",\"@id\":\"https:\/\/www.oarcanjo.net\/site\/confianca-e-responsabilidade\/\",\"url\":\"https:\/\/www.oarcanjo.net\/site\/confianca-e-responsabilidade\/\",\"name\":\"Confian\u00e7a e responsabilidade - O Arcanjo no ar\",\"isPartOf\":{\"@id\":\"https:\/\/www.oarcanjo.net\/site\/#website\"},\"datePublished\":\"2009-05-24T12:53:03+00:00\",\"dateModified\":\"2009-05-24T12:53:03+00:00\",\"breadcrumb\":{\"@id\":\"https:\/\/www.oarcanjo.net\/site\/confianca-e-responsabilidade\/#breadcrumb\"},\"inLanguage\":\"pt-BR\",\"potentialAction\":[{\"@type\":\"ReadAction\",\"target\":[\"https:\/\/www.oarcanjo.net\/site\/confianca-e-responsabilidade\/\"]}]},{\"@type\":\"BreadcrumbList\",\"@id\":\"https:\/\/www.oarcanjo.net\/site\/confianca-e-responsabilidade\/#breadcrumb\",\"itemListElement\":[{\"@type\":\"ListItem\",\"position\":1,\"name\":\"In\u00edcio\",\"item\":\"https:\/\/www.oarcanjo.net\/site\/\"},{\"@type\":\"ListItem\",\"position\":2,\"name\":\"Confian\u00e7a e responsabilidade\"}]},{\"@type\":\"WebSite\",\"@id\":\"https:\/\/www.oarcanjo.net\/site\/#website\",\"url\":\"https:\/\/www.oarcanjo.net\/site\/\",\"name\":\"O Arcanjo no ar\",\"description\":\"Site da Par\u00f3quia S\u00e3o Miguel Arcanjo (Arquidiocese de SP)\",\"publisher\":{\"@id\":\"https:\/\/www.oarcanjo.net\/site\/#organization\"},\"potentialAction\":[{\"@type\":\"SearchAction\",\"target\":{\"@type\":\"EntryPoint\",\"urlTemplate\":\"https:\/\/www.oarcanjo.net\/site\/?s={search_term_string}\"},\"query-input\":{\"@type\":\"PropertyValueSpecification\",\"valueRequired\":true,\"valueName\":\"search_term_string\"}}],\"inLanguage\":\"pt-BR\"},{\"@type\":\"Organization\",\"@id\":\"https:\/\/www.oarcanjo.net\/site\/#organization\",\"name\":\"Par\u00f3quia S\u00e3o Miguel Arcanjo\",\"url\":\"https:\/\/www.oarcanjo.net\/site\/\",\"logo\":{\"@type\":\"ImageObject\",\"inLanguage\":\"pt-BR\",\"@id\":\"https:\/\/www.oarcanjo.net\/site\/#\/schema\/logo\/image\/\",\"url\":\"https:\/\/www.oarcanjo.net\/site\/wp-content\/uploads\/LogoOArcanjo.png\",\"contentUrl\":\"https:\/\/www.oarcanjo.net\/site\/wp-content\/uploads\/LogoOArcanjo.png\",\"width\":319,\"height\":99,\"caption\":\"Par\u00f3quia S\u00e3o Miguel Arcanjo\"},\"image\":{\"@id\":\"https:\/\/www.oarcanjo.net\/site\/#\/schema\/logo\/image\/\"},\"sameAs\":[\"https:\/\/www.facebook.com\/OArcanjoNoAr\/\"]},{\"@type\":\"Person\",\"@id\":\"https:\/\/www.oarcanjo.net\/site\/#\/schema\/person\/f7024d007863202483a31326673a0838\",\"name\":\"editor\",\"sameAs\":[\"http:\/\/www.oarcanjo.net\"]}]}<\/script>\n<!-- \/ Yoast SEO plugin. -->","yoast_head_json":{"title":"Confian\u00e7a e responsabilidade - O Arcanjo no ar","robots":{"index":"index","follow":"follow","max-snippet":"max-snippet:-1","max-image-preview":"max-image-preview:large","max-video-preview":"max-video-preview:-1"},"canonical":"https:\/\/www.oarcanjo.net\/site\/confianca-e-responsabilidade\/","og_locale":"pt_BR","og_type":"article","og_title":"Confian\u00e7a e responsabilidade - O Arcanjo no ar","og_description":"ANTONIO PAGOLA DE JOSE SAN SEBASTI\u00c1N (GUIPUZCOA) O Evangelho original de Marcos foi acrescido, em algum momento, com um ap\u00eandice onde \u00e9 recolhido este mandato \u00faltimo de Jesus: &#8220;Ide por todo o mundo e pregai o evangelho a toda criatura&#8221;. O Evangelho n\u00e3o pode ficar no interior do pequeno grupo dos seus disc\u00edpulos. Tem que [&hellip;]","og_url":"https:\/\/www.oarcanjo.net\/site\/confianca-e-responsabilidade\/","og_site_name":"O Arcanjo no ar","article_publisher":"https:\/\/www.facebook.com\/OArcanjoNoAr\/","article_published_time":"2009-05-24T12:53:03+00:00","og_image":[{"width":300,"height":300,"url":"https:\/\/www.oarcanjo.net\/site\/wp-content\/uploads\/logo-o-arcanjo-no-ar-facebook.png","type":"image\/png"}],"author":"editor","twitter_card":"summary_large_image","twitter_misc":{"Escrito por":"editor","Est. tempo de leitura":"2 minutos"},"schema":{"@context":"https:\/\/schema.org","@graph":[{"@type":"Article","@id":"https:\/\/www.oarcanjo.net\/site\/confianca-e-responsabilidade\/#article","isPartOf":{"@id":"https:\/\/www.oarcanjo.net\/site\/confianca-e-responsabilidade\/"},"author":{"name":"editor","@id":"https:\/\/www.oarcanjo.net\/site\/#\/schema\/person\/f7024d007863202483a31326673a0838"},"headline":"Confian\u00e7a e responsabilidade","datePublished":"2009-05-24T12:53:03+00:00","dateModified":"2009-05-24T12:53:03+00:00","mainEntityOfPage":{"@id":"https:\/\/www.oarcanjo.net\/site\/confianca-e-responsabilidade\/"},"wordCount":399,"commentCount":0,"publisher":{"@id":"https:\/\/www.oarcanjo.net\/site\/#organization"},"keywords":["Ascen\u00e7\u00e3o do Senhor","evangelho"],"articleSection":["Reflex\u00f5es"],"inLanguage":"pt-BR","potentialAction":[{"@type":"CommentAction","name":"Comment","target":["https:\/\/www.oarcanjo.net\/site\/confianca-e-responsabilidade\/#respond"]}]},{"@type":"WebPage","@id":"https:\/\/www.oarcanjo.net\/site\/confianca-e-responsabilidade\/","url":"https:\/\/www.oarcanjo.net\/site\/confianca-e-responsabilidade\/","name":"Confian\u00e7a e responsabilidade - O Arcanjo no ar","isPartOf":{"@id":"https:\/\/www.oarcanjo.net\/site\/#website"},"datePublished":"2009-05-24T12:53:03+00:00","dateModified":"2009-05-24T12:53:03+00:00","breadcrumb":{"@id":"https:\/\/www.oarcanjo.net\/site\/confianca-e-responsabilidade\/#breadcrumb"},"inLanguage":"pt-BR","potentialAction":[{"@type":"ReadAction","target":["https:\/\/www.oarcanjo.net\/site\/confianca-e-responsabilidade\/"]}]},{"@type":"BreadcrumbList","@id":"https:\/\/www.oarcanjo.net\/site\/confianca-e-responsabilidade\/#breadcrumb","itemListElement":[{"@type":"ListItem","position":1,"name":"In\u00edcio","item":"https:\/\/www.oarcanjo.net\/site\/"},{"@type":"ListItem","position":2,"name":"Confian\u00e7a e responsabilidade"}]},{"@type":"WebSite","@id":"https:\/\/www.oarcanjo.net\/site\/#website","url":"https:\/\/www.oarcanjo.net\/site\/","name":"O Arcanjo no ar","description":"Site da Par\u00f3quia S\u00e3o Miguel Arcanjo (Arquidiocese de SP)","publisher":{"@id":"https:\/\/www.oarcanjo.net\/site\/#organization"},"potentialAction":[{"@type":"SearchAction","target":{"@type":"EntryPoint","urlTemplate":"https:\/\/www.oarcanjo.net\/site\/?s={search_term_string}"},"query-input":{"@type":"PropertyValueSpecification","valueRequired":true,"valueName":"search_term_string"}}],"inLanguage":"pt-BR"},{"@type":"Organization","@id":"https:\/\/www.oarcanjo.net\/site\/#organization","name":"Par\u00f3quia S\u00e3o Miguel Arcanjo","url":"https:\/\/www.oarcanjo.net\/site\/","logo":{"@type":"ImageObject","inLanguage":"pt-BR","@id":"https:\/\/www.oarcanjo.net\/site\/#\/schema\/logo\/image\/","url":"https:\/\/www.oarcanjo.net\/site\/wp-content\/uploads\/LogoOArcanjo.png","contentUrl":"https:\/\/www.oarcanjo.net\/site\/wp-content\/uploads\/LogoOArcanjo.png","width":319,"height":99,"caption":"Par\u00f3quia S\u00e3o Miguel Arcanjo"},"image":{"@id":"https:\/\/www.oarcanjo.net\/site\/#\/schema\/logo\/image\/"},"sameAs":["https:\/\/www.facebook.com\/OArcanjoNoAr\/"]},{"@type":"Person","@id":"https:\/\/www.oarcanjo.net\/site\/#\/schema\/person\/f7024d007863202483a31326673a0838","name":"editor","sameAs":["http:\/\/www.oarcanjo.net"]}]}},"publishpress_future_action":{"enabled":false,"date":"2026-05-09 07:23:55","action":"category","newStatus":"draft","terms":[],"taxonomy":"category"},"publishpress_future_workflow_manual_trigger":{"enabledWorkflows":[]},"_links":{"self":[{"href":"https:\/\/www.oarcanjo.net\/site\/wp-json\/wp\/v2\/posts\/3583"}],"collection":[{"href":"https:\/\/www.oarcanjo.net\/site\/wp-json\/wp\/v2\/posts"}],"about":[{"href":"https:\/\/www.oarcanjo.net\/site\/wp-json\/wp\/v2\/types\/post"}],"author":[{"embeddable":true,"href":"https:\/\/www.oarcanjo.net\/site\/wp-json\/wp\/v2\/users\/5"}],"replies":[{"embeddable":true,"href":"https:\/\/www.oarcanjo.net\/site\/wp-json\/wp\/v2\/comments?post=3583"}],"version-history":[{"count":0,"href":"https:\/\/www.oarcanjo.net\/site\/wp-json\/wp\/v2\/posts\/3583\/revisions"}],"wp:attachment":[{"href":"https:\/\/www.oarcanjo.net\/site\/wp-json\/wp\/v2\/media?parent=3583"}],"wp:term":[{"taxonomy":"category","embeddable":true,"href":"https:\/\/www.oarcanjo.net\/site\/wp-json\/wp\/v2\/categories?post=3583"},{"taxonomy":"post_tag","embeddable":true,"href":"https:\/\/www.oarcanjo.net\/site\/wp-json\/wp\/v2\/tags?post=3583"}],"curies":[{"name":"wp","href":"https:\/\/api.w.org\/{rel}","templated":true}]}}