
{"id":3585,"date":"2009-05-26T07:30:04","date_gmt":"2009-05-26T10:30:04","guid":{"rendered":"http:\/\/www.oarcanjo.net\/site\/?p=3585"},"modified":"2009-05-24T09:58:00","modified_gmt":"2009-05-24T12:58:00","slug":"maria-verdadeiramente-nossa-irma","status":"publish","type":"post","link":"https:\/\/www.oarcanjo.net\/site\/maria-verdadeiramente-nossa-irma\/","title":{"rendered":"Maria: verdadeiramente nossa irm\u00e3"},"content":{"rendered":"<p>Maria Clara Lucchetti Bingemer<\/p>\n<p>O m\u00eas de maio nos traz inevitavelmente a proximidade da m\u00e3e de Jesus, Maria de Nazar\u00e9. M\u00eas das noivas, m\u00eas das m\u00e3es \u00e9 antes de tudo e principalmente m\u00eas de Maria. Sobretudo em pa\u00eds como o nosso, onde a devo\u00e7\u00e3o mariana \u00e9 elemento constitutivo e fundamental da vida do povo cat\u00f3lico, n\u00e3o se pode deixar de nela pensar, a ela recorrer a ela invocar neste vale de l\u00e1grimas em que anda a vida humana nos \u00faltimos tempos.<\/p>\n<p>Mas permanece sempre uma pergunta fundamental no cora\u00e7\u00e3o dos cat\u00f3licos. Quem \u00e9 Maria afinal?  Qual o seu lugar na hist\u00f3ria da salva\u00e7\u00e3o?  Que posto ocupa em rela\u00e7\u00e3o a seu filho Jesus no mist\u00e9rio crist\u00e3o?<\/p>\n<p>Maria n\u00e3o \u00e9 deusa, nem divina.  Contrariamente a acusa\u00e7\u00e3o que \u00e0s vezes pesa sobre o catolicismo, nunca se disse nem sequer se pensou que Maria pudesse ser equiparada a seu filho com rela\u00e7\u00e3o \u00e0 dupla natureza, humana e divina.  Maria \u00e9 apenas humana, plenamente humana.  Como n\u00f3s.  Igual a n\u00f3s.  Em tudo.  Criatura, sa\u00edda das m\u00e3os do Pai com gozo e agrado.  Como n\u00f3s.  De carne e osso.<\/p>\n<p>Maria \u00e9, portanto e antes de mais nada, criatura.  Algu\u00e9m que participa intimamente de nossa condi\u00e7\u00e3o humana e nossa finitude.  Viveu em um tempo hist\u00f3rico e foi a m\u00e3e judia do homem Jesus de Nazar\u00e9.  Para a teologia e a espiritualidade cat\u00f3lica, \u00e9 central a afirma\u00e7\u00e3o de que esta que foi uma viva na hist\u00f3ria, \u00e9 hoje algu\u00e9m que vive em Deus. Nos que &#8220;vivem em Deus&#8221; se projeta a situa\u00e7\u00e3o de todos os que \u201cvivem na hist\u00f3ria\u201d, situa\u00e7\u00e3o de limita\u00e7\u00e3o e ao mesmo tempo de desejo do ilimitado. A jovem mulher de Nazar\u00e9 hoje \u00e9 inst\u00e2ncia \u00e0 qual recorrem aqueles que, na hist\u00f3ria, est\u00e3o sofrendo e penando por qualquer classe de obst\u00e1culos e dificuldades.  A ela acorrem como mulher que vive em Deus e que portanto, tem poder de ajud\u00e1-los.<\/p>\n<p>O conceito de reino de Deus \u00e9 essencial para a hermen\u00eautica que orienta a teologia Mariana atual.  A explica\u00e7\u00e3o deste conceito vai al\u00e9m da pessoa de Jesus.  Afeta a totalidade de seu movimento, do qual participavam homens e mulheres em forma ativa. A partir dele, poder\u00e3o ser lidos os feitos de Maria, nas diferentes imagens que o reino de Deus assume na Escritura, na tradi\u00e7\u00e3o e nas tradi\u00e7\u00f5es, como feitos que fazem presente os sinais do reino de Deus, a\u00e7\u00f5es concretas que manifestam a presen\u00e7a de salva\u00e7\u00e3o na hist\u00f3ria humana. A figura de Maria fala de Deus e de seu reino, da proximidade da divindade vivida pela mulher; fala do Filho de Deus que nasce do povo e da mulher; fala dos muitos filhos engendrados pelo Esp\u00edrito de Deus, que n\u00e3o nascer\u00e3o da carne nem do desejo do var\u00e3o, mas sim de Deus.<\/p>\n<p>Uma teologia Mariana da perspectiva do Reino de Deus permite perceber, tamb\u00e9m, a paix\u00e3o de Maria pela justi\u00e7a de Deus e, atrav\u00e9s dela, permite recuperar a for\u00e7a do Esp\u00edrito atuante nas mulheres de todas as \u00e9pocas. \u00c9 a recupera\u00e7\u00e3o da &#8220;mem\u00f3ria perigosa&#8221; ou &#8220;mem\u00f3ria subversiva\u201d, capaz de transformar as coisas, pois mant\u00e9m vivas as esperan\u00e7as e lutas das mulheres do passado, e permite que nas\u00e7a e cres\u00e7a uma solidariedade universal entre as mulheres do passado, do presente e do futuro.  Nesta perspectiva, Maria n\u00e3o \u00e9 somente a encantadora e suave m\u00e3e de Jesus, mas sim \u00e9, acima de tudo, trabalhadora na colheita do reino, membro ativo do movimento dos pobres, tal qual Jesus de Nazar\u00e9.<\/p>\n<p>Por isso diante da pergunta: qual o lugar de Maria? Quem \u00e9 Maria para n\u00f3s? Respondemos sem hesitar: nossa irm\u00e3, viva na comunh\u00e3o dos santos, que nos precede marcada com o sinal da f\u00e9.  Ave Maria, rogai por n\u00f3s.<\/p>\n<div id=\"themify_builder_content-3585\" data-postid=\"3585\" class=\"themify_builder_content themify_builder_content-3585 themify_builder themify_builder_front\">\n\t<\/div>\n<!-- \/themify_builder_content -->","protected":false},"excerpt":{"rendered":"<p>Maria Clara Lucchetti Bingemer O m\u00eas de maio nos traz inevitavelmente a proximidade da m\u00e3e de Jesus, Maria de Nazar\u00e9. M\u00eas das noivas, m\u00eas das m\u00e3es \u00e9 antes de tudo e principalmente m\u00eas de Maria. Sobretudo em pa\u00eds como o nosso, onde a devo\u00e7\u00e3o mariana \u00e9 elemento constitutivo e fundamental da vida do povo cat\u00f3lico, [&hellip;]<\/p>\n","protected":false},"author":5,"featured_media":0,"comment_status":"open","ping_status":"open","sticky":false,"template":"","format":"standard","meta":{"ngg_post_thumbnail":0,"footnotes":""},"categories":[9],"tags":[649,349,77],"yoast_head":"<!-- This site is optimized with the Yoast SEO plugin v23.5 - https:\/\/yoast.com\/wordpress\/plugins\/seo\/ -->\n<title>Maria: verdadeiramente nossa irm\u00e3 - O Arcanjo no ar<\/title>\n<meta name=\"robots\" content=\"index, follow, max-snippet:-1, max-image-preview:large, max-video-preview:-1\" \/>\n<link rel=\"canonical\" href=\"https:\/\/www.oarcanjo.net\/site\/maria-verdadeiramente-nossa-irma\/\" \/>\n<meta property=\"og:locale\" content=\"pt_BR\" \/>\n<meta property=\"og:type\" content=\"article\" \/>\n<meta property=\"og:title\" content=\"Maria: verdadeiramente nossa irm\u00e3 - O Arcanjo no ar\" \/>\n<meta property=\"og:description\" content=\"Maria Clara Lucchetti Bingemer O m\u00eas de maio nos traz inevitavelmente a proximidade da m\u00e3e de Jesus, Maria de Nazar\u00e9. M\u00eas das noivas, m\u00eas das m\u00e3es \u00e9 antes de tudo e principalmente m\u00eas de Maria. Sobretudo em pa\u00eds como o nosso, onde a devo\u00e7\u00e3o mariana \u00e9 elemento constitutivo e fundamental da vida do povo cat\u00f3lico, [&hellip;]\" \/>\n<meta property=\"og:url\" content=\"https:\/\/www.oarcanjo.net\/site\/maria-verdadeiramente-nossa-irma\/\" \/>\n<meta property=\"og:site_name\" content=\"O Arcanjo no ar\" \/>\n<meta property=\"article:publisher\" content=\"https:\/\/www.facebook.com\/OArcanjoNoAr\/\" \/>\n<meta property=\"article:published_time\" content=\"2009-05-26T10:30:04+00:00\" \/>\n<meta property=\"article:modified_time\" content=\"2009-05-24T12:58:00+00:00\" \/>\n<meta property=\"og:image\" content=\"https:\/\/www.oarcanjo.net\/site\/wp-content\/uploads\/logo-o-arcanjo-no-ar-facebook.png\" \/>\n\t<meta property=\"og:image:width\" content=\"300\" \/>\n\t<meta property=\"og:image:height\" content=\"300\" \/>\n\t<meta property=\"og:image:type\" content=\"image\/png\" \/>\n<meta name=\"author\" content=\"editor\" \/>\n<meta name=\"twitter:card\" content=\"summary_large_image\" \/>\n<meta name=\"twitter:label1\" content=\"Escrito por\" \/>\n\t<meta name=\"twitter:data1\" content=\"editor\" \/>\n\t<meta name=\"twitter:label2\" content=\"Est. tempo de leitura\" \/>\n\t<meta name=\"twitter:data2\" content=\"3 minutos\" \/>\n<script type=\"application\/ld+json\" class=\"yoast-schema-graph\">{\"@context\":\"https:\/\/schema.org\",\"@graph\":[{\"@type\":\"Article\",\"@id\":\"https:\/\/www.oarcanjo.net\/site\/maria-verdadeiramente-nossa-irma\/#article\",\"isPartOf\":{\"@id\":\"https:\/\/www.oarcanjo.net\/site\/maria-verdadeiramente-nossa-irma\/\"},\"author\":{\"name\":\"editor\",\"@id\":\"https:\/\/www.oarcanjo.net\/site\/#\/schema\/person\/f7024d007863202483a31326673a0838\"},\"headline\":\"Maria: verdadeiramente nossa irm\u00e3\",\"datePublished\":\"2009-05-26T10:30:04+00:00\",\"dateModified\":\"2009-05-24T12:58:00+00:00\",\"mainEntityOfPage\":{\"@id\":\"https:\/\/www.oarcanjo.net\/site\/maria-verdadeiramente-nossa-irma\/\"},\"wordCount\":674,\"commentCount\":0,\"publisher\":{\"@id\":\"https:\/\/www.oarcanjo.net\/site\/#organization\"},\"keywords\":[\"m\u00e3e\",\"Maria\",\"teologia\"],\"articleSection\":[\"Reflex\u00f5es\"],\"inLanguage\":\"pt-BR\",\"potentialAction\":[{\"@type\":\"CommentAction\",\"name\":\"Comment\",\"target\":[\"https:\/\/www.oarcanjo.net\/site\/maria-verdadeiramente-nossa-irma\/#respond\"]}]},{\"@type\":\"WebPage\",\"@id\":\"https:\/\/www.oarcanjo.net\/site\/maria-verdadeiramente-nossa-irma\/\",\"url\":\"https:\/\/www.oarcanjo.net\/site\/maria-verdadeiramente-nossa-irma\/\",\"name\":\"Maria: verdadeiramente nossa irm\u00e3 - O Arcanjo no ar\",\"isPartOf\":{\"@id\":\"https:\/\/www.oarcanjo.net\/site\/#website\"},\"datePublished\":\"2009-05-26T10:30:04+00:00\",\"dateModified\":\"2009-05-24T12:58:00+00:00\",\"breadcrumb\":{\"@id\":\"https:\/\/www.oarcanjo.net\/site\/maria-verdadeiramente-nossa-irma\/#breadcrumb\"},\"inLanguage\":\"pt-BR\",\"potentialAction\":[{\"@type\":\"ReadAction\",\"target\":[\"https:\/\/www.oarcanjo.net\/site\/maria-verdadeiramente-nossa-irma\/\"]}]},{\"@type\":\"BreadcrumbList\",\"@id\":\"https:\/\/www.oarcanjo.net\/site\/maria-verdadeiramente-nossa-irma\/#breadcrumb\",\"itemListElement\":[{\"@type\":\"ListItem\",\"position\":1,\"name\":\"In\u00edcio\",\"item\":\"https:\/\/www.oarcanjo.net\/site\/\"},{\"@type\":\"ListItem\",\"position\":2,\"name\":\"Maria: verdadeiramente nossa irm\u00e3\"}]},{\"@type\":\"WebSite\",\"@id\":\"https:\/\/www.oarcanjo.net\/site\/#website\",\"url\":\"https:\/\/www.oarcanjo.net\/site\/\",\"name\":\"O Arcanjo no ar\",\"description\":\"Site da Par\u00f3quia S\u00e3o Miguel Arcanjo (Arquidiocese de SP)\",\"publisher\":{\"@id\":\"https:\/\/www.oarcanjo.net\/site\/#organization\"},\"potentialAction\":[{\"@type\":\"SearchAction\",\"target\":{\"@type\":\"EntryPoint\",\"urlTemplate\":\"https:\/\/www.oarcanjo.net\/site\/?s={search_term_string}\"},\"query-input\":{\"@type\":\"PropertyValueSpecification\",\"valueRequired\":true,\"valueName\":\"search_term_string\"}}],\"inLanguage\":\"pt-BR\"},{\"@type\":\"Organization\",\"@id\":\"https:\/\/www.oarcanjo.net\/site\/#organization\",\"name\":\"Par\u00f3quia S\u00e3o Miguel Arcanjo\",\"url\":\"https:\/\/www.oarcanjo.net\/site\/\",\"logo\":{\"@type\":\"ImageObject\",\"inLanguage\":\"pt-BR\",\"@id\":\"https:\/\/www.oarcanjo.net\/site\/#\/schema\/logo\/image\/\",\"url\":\"https:\/\/www.oarcanjo.net\/site\/wp-content\/uploads\/LogoOArcanjo.png\",\"contentUrl\":\"https:\/\/www.oarcanjo.net\/site\/wp-content\/uploads\/LogoOArcanjo.png\",\"width\":319,\"height\":99,\"caption\":\"Par\u00f3quia S\u00e3o Miguel Arcanjo\"},\"image\":{\"@id\":\"https:\/\/www.oarcanjo.net\/site\/#\/schema\/logo\/image\/\"},\"sameAs\":[\"https:\/\/www.facebook.com\/OArcanjoNoAr\/\"]},{\"@type\":\"Person\",\"@id\":\"https:\/\/www.oarcanjo.net\/site\/#\/schema\/person\/f7024d007863202483a31326673a0838\",\"name\":\"editor\",\"sameAs\":[\"http:\/\/www.oarcanjo.net\"]}]}<\/script>\n<!-- \/ Yoast SEO plugin. -->","yoast_head_json":{"title":"Maria: verdadeiramente nossa irm\u00e3 - O Arcanjo no ar","robots":{"index":"index","follow":"follow","max-snippet":"max-snippet:-1","max-image-preview":"max-image-preview:large","max-video-preview":"max-video-preview:-1"},"canonical":"https:\/\/www.oarcanjo.net\/site\/maria-verdadeiramente-nossa-irma\/","og_locale":"pt_BR","og_type":"article","og_title":"Maria: verdadeiramente nossa irm\u00e3 - O Arcanjo no ar","og_description":"Maria Clara Lucchetti Bingemer O m\u00eas de maio nos traz inevitavelmente a proximidade da m\u00e3e de Jesus, Maria de Nazar\u00e9. M\u00eas das noivas, m\u00eas das m\u00e3es \u00e9 antes de tudo e principalmente m\u00eas de Maria. Sobretudo em pa\u00eds como o nosso, onde a devo\u00e7\u00e3o mariana \u00e9 elemento constitutivo e fundamental da vida do povo cat\u00f3lico, [&hellip;]","og_url":"https:\/\/www.oarcanjo.net\/site\/maria-verdadeiramente-nossa-irma\/","og_site_name":"O Arcanjo no ar","article_publisher":"https:\/\/www.facebook.com\/OArcanjoNoAr\/","article_published_time":"2009-05-26T10:30:04+00:00","article_modified_time":"2009-05-24T12:58:00+00:00","og_image":[{"width":300,"height":300,"url":"https:\/\/www.oarcanjo.net\/site\/wp-content\/uploads\/logo-o-arcanjo-no-ar-facebook.png","type":"image\/png"}],"author":"editor","twitter_card":"summary_large_image","twitter_misc":{"Escrito por":"editor","Est. tempo de leitura":"3 minutos"},"schema":{"@context":"https:\/\/schema.org","@graph":[{"@type":"Article","@id":"https:\/\/www.oarcanjo.net\/site\/maria-verdadeiramente-nossa-irma\/#article","isPartOf":{"@id":"https:\/\/www.oarcanjo.net\/site\/maria-verdadeiramente-nossa-irma\/"},"author":{"name":"editor","@id":"https:\/\/www.oarcanjo.net\/site\/#\/schema\/person\/f7024d007863202483a31326673a0838"},"headline":"Maria: verdadeiramente nossa irm\u00e3","datePublished":"2009-05-26T10:30:04+00:00","dateModified":"2009-05-24T12:58:00+00:00","mainEntityOfPage":{"@id":"https:\/\/www.oarcanjo.net\/site\/maria-verdadeiramente-nossa-irma\/"},"wordCount":674,"commentCount":0,"publisher":{"@id":"https:\/\/www.oarcanjo.net\/site\/#organization"},"keywords":["m\u00e3e","Maria","teologia"],"articleSection":["Reflex\u00f5es"],"inLanguage":"pt-BR","potentialAction":[{"@type":"CommentAction","name":"Comment","target":["https:\/\/www.oarcanjo.net\/site\/maria-verdadeiramente-nossa-irma\/#respond"]}]},{"@type":"WebPage","@id":"https:\/\/www.oarcanjo.net\/site\/maria-verdadeiramente-nossa-irma\/","url":"https:\/\/www.oarcanjo.net\/site\/maria-verdadeiramente-nossa-irma\/","name":"Maria: verdadeiramente nossa irm\u00e3 - O Arcanjo no ar","isPartOf":{"@id":"https:\/\/www.oarcanjo.net\/site\/#website"},"datePublished":"2009-05-26T10:30:04+00:00","dateModified":"2009-05-24T12:58:00+00:00","breadcrumb":{"@id":"https:\/\/www.oarcanjo.net\/site\/maria-verdadeiramente-nossa-irma\/#breadcrumb"},"inLanguage":"pt-BR","potentialAction":[{"@type":"ReadAction","target":["https:\/\/www.oarcanjo.net\/site\/maria-verdadeiramente-nossa-irma\/"]}]},{"@type":"BreadcrumbList","@id":"https:\/\/www.oarcanjo.net\/site\/maria-verdadeiramente-nossa-irma\/#breadcrumb","itemListElement":[{"@type":"ListItem","position":1,"name":"In\u00edcio","item":"https:\/\/www.oarcanjo.net\/site\/"},{"@type":"ListItem","position":2,"name":"Maria: verdadeiramente nossa irm\u00e3"}]},{"@type":"WebSite","@id":"https:\/\/www.oarcanjo.net\/site\/#website","url":"https:\/\/www.oarcanjo.net\/site\/","name":"O Arcanjo no ar","description":"Site da Par\u00f3quia S\u00e3o Miguel Arcanjo (Arquidiocese de SP)","publisher":{"@id":"https:\/\/www.oarcanjo.net\/site\/#organization"},"potentialAction":[{"@type":"SearchAction","target":{"@type":"EntryPoint","urlTemplate":"https:\/\/www.oarcanjo.net\/site\/?s={search_term_string}"},"query-input":{"@type":"PropertyValueSpecification","valueRequired":true,"valueName":"search_term_string"}}],"inLanguage":"pt-BR"},{"@type":"Organization","@id":"https:\/\/www.oarcanjo.net\/site\/#organization","name":"Par\u00f3quia S\u00e3o Miguel Arcanjo","url":"https:\/\/www.oarcanjo.net\/site\/","logo":{"@type":"ImageObject","inLanguage":"pt-BR","@id":"https:\/\/www.oarcanjo.net\/site\/#\/schema\/logo\/image\/","url":"https:\/\/www.oarcanjo.net\/site\/wp-content\/uploads\/LogoOArcanjo.png","contentUrl":"https:\/\/www.oarcanjo.net\/site\/wp-content\/uploads\/LogoOArcanjo.png","width":319,"height":99,"caption":"Par\u00f3quia S\u00e3o Miguel Arcanjo"},"image":{"@id":"https:\/\/www.oarcanjo.net\/site\/#\/schema\/logo\/image\/"},"sameAs":["https:\/\/www.facebook.com\/OArcanjoNoAr\/"]},{"@type":"Person","@id":"https:\/\/www.oarcanjo.net\/site\/#\/schema\/person\/f7024d007863202483a31326673a0838","name":"editor","sameAs":["http:\/\/www.oarcanjo.net"]}]}},"publishpress_future_action":{"enabled":false,"date":"2026-05-09 07:23:25","action":"category","newStatus":"draft","terms":[],"taxonomy":"category"},"publishpress_future_workflow_manual_trigger":{"enabledWorkflows":[]},"_links":{"self":[{"href":"https:\/\/www.oarcanjo.net\/site\/wp-json\/wp\/v2\/posts\/3585"}],"collection":[{"href":"https:\/\/www.oarcanjo.net\/site\/wp-json\/wp\/v2\/posts"}],"about":[{"href":"https:\/\/www.oarcanjo.net\/site\/wp-json\/wp\/v2\/types\/post"}],"author":[{"embeddable":true,"href":"https:\/\/www.oarcanjo.net\/site\/wp-json\/wp\/v2\/users\/5"}],"replies":[{"embeddable":true,"href":"https:\/\/www.oarcanjo.net\/site\/wp-json\/wp\/v2\/comments?post=3585"}],"version-history":[{"count":0,"href":"https:\/\/www.oarcanjo.net\/site\/wp-json\/wp\/v2\/posts\/3585\/revisions"}],"wp:attachment":[{"href":"https:\/\/www.oarcanjo.net\/site\/wp-json\/wp\/v2\/media?parent=3585"}],"wp:term":[{"taxonomy":"category","embeddable":true,"href":"https:\/\/www.oarcanjo.net\/site\/wp-json\/wp\/v2\/categories?post=3585"},{"taxonomy":"post_tag","embeddable":true,"href":"https:\/\/www.oarcanjo.net\/site\/wp-json\/wp\/v2\/tags?post=3585"}],"curies":[{"name":"wp","href":"https:\/\/api.w.org\/{rel}","templated":true}]}}