
{"id":3599,"date":"2009-05-24T12:52:19","date_gmt":"2009-05-24T15:52:19","guid":{"rendered":"http:\/\/www.oarcanjo.net\/site\/?p=3599"},"modified":"2009-06-17T09:14:21","modified_gmt":"2009-06-17T12:14:21","slug":"organizacao-da-festa-junina-2009","status":"publish","type":"post","link":"https:\/\/www.oarcanjo.net\/site\/organizacao-da-festa-junina-2009\/","title":{"rendered":"Organiza\u00e7\u00e3o da festa junina 2009 &#8211; atualizada"},"content":{"rendered":"<p>\u00c9 com alegria que contamos com a colabora\u00e7\u00e3o de todos, da forma que for poss\u00edvel, para a festa junina da par\u00f3quia S\u00e3o Miguel Arcanjo de 2009.<\/p>\n<p>Quem puder ajudar com doa\u00e7\u00f5es, indicar no painel que est\u00e1 no mural da par\u00f3quia e na capela da Universidade S\u00e3o Judas Tadeu ou entrar em contato com a Teresa na secretaria ou, ainda, aqui pelo pr\u00f3prio site. <strong><span color=\"#CC0000\">Aten\u00e7\u00e3o:<\/span><\/strong> a lista tem sido atualizada conforme recebemos informa\u00e7\u00e3o de doa\u00e7\u00f5es.<\/p>\n<p>Para quem puder ajudar na organiza\u00e7\u00e3o da festa, <strong><font color=\"#CC0000\">na sexta-feira, dia 19, \u00e0 tarde e \u00e0 noite<\/font><\/strong> teremos equipes preparando alimentos e prendas na igreja. A montagem das barracas, ilumina\u00e7\u00e3o e enfeite ser\u00e1 no <strong><font color=\"#CC0000\">dia 20, s\u00e1bado, a partir das 10h<\/font><\/strong>.<\/p>\n<p>Os itens necess\u00e1rios s\u00e3o:<\/p>\n<p> &#8211; Refrigerante: Coca-Cola, Guaran\u00e1 e Soda (diet e normal, preferencialmente em lata) &#8211; j\u00e1 recebemos doa\u00e7\u00f5es, mas precisamos de refor\u00e7o que pode ser com ajuda financeira ou em esp\u00e9cie<br \/>\n &#8211; \u00c1gua &#8211; j\u00e1 recebemos doa\u00e7\u00f5es, mas precisamos de refor\u00e7o que pode ser com ajuda financeira ou em esp\u00e9cie<br \/>\n &#8211; Doces (Bolos recheados, pudins, tortas doces, quindins, brigadeir\u00f5es etc&#8230;) <font color=\"#999999\">&#8211; j\u00e1 temos indica\u00e7\u00e3o de doa\u00e7\u00e3o de paroquianos e da Di Cunto, mas precisamos de mais del\u00edcias pra ado\u00e7ar a nossa festa<\/font><br \/>\n &#8211; Salgados (tortas, salgadinhos, p\u00e3es recheados) <font color=\"#999999\">&#8211; j\u00e1 temos indica\u00e7\u00e3o de doa\u00e7\u00e3o de paroquianos, mas precisamos de mais itens pra refor\u00e7ar a barraca<\/font><br \/>\n &#8211; <font color=\"#999999\">2 Gal\u00f5es de catchup (3 litros) &#8211; j\u00e1 temos a doa\u00e7\u00e3o<\/font><br \/>\n &#8211; <font color=\"#999999\">1 Gal\u00e3o de mostarda (3 litros) &#8211; j\u00e1 temos a doa\u00e7\u00e3o<\/font><br \/>\n &#8211; Sacos de papel p\/ cachorro quente<br \/>\n &#8211; <font color=\"#999999\">Sacos de papel p\/ hamburguer &#8211; j\u00e1 temos na par\u00f3quia<\/font><br \/>\n &#8211; Canudos<br \/>\n &#8211; Descart\u00e1veis (Copo de 350 ml, prato, garfo, faca, colher, bandejas de papel\u00e3o etc)<br \/>\n &#8211; Guardanapo<font color=\"#999999\"> &#8211; j\u00e1 recebemos uma boa doa\u00e7\u00e3o, mas precisamos de mais<\/font><br \/>\n &#8211; Papel alum\u00ednio<font color=\"#999999\"> &#8211; j\u00e1 temos 3 rolos, mas precisamos de mais<\/font><br \/>\n &#8211; Papel toalha<font color=\"#999999\"> &#8211; j\u00e1 temos 4 rolos, mas precisamos de mais<\/font><br \/>\n &#8211; Brinquedos<font color=\"#999999\"> &#8211; recebemos doa\u00e7\u00f5es, mas toda ajuda \u00e9 bem-vinda<\/font><br \/>\n &#8211; Prendas<font color=\"#999999\"> &#8211; recebemos doa\u00e7\u00f5es, mas toda ajuda \u00e9 bem-vinda<\/font><br \/>\n &#8211; <font color=\"#999999\">Saquinhos e fitas pra presente &#8211; j\u00e1 temos a doa\u00e7\u00e3o<\/font><br \/>\n &#8211; <font color=\"#999999\">Farinha pronta (para churrasco) &#8211; j\u00e1 temos a doa\u00e7\u00e3o<\/font><br \/>\n &#8211; <font color=\"#999999\">Pernil &#8211; j\u00e1 temos a doa\u00e7\u00e3o<\/font><br \/>\n &#8211; <font color=\"#999999\">Carv\u00e3o &#8211; 3 sacos de 10 Kg &#8211; j\u00e1 temos a doa\u00e7\u00e3o<\/font><br \/>\n &#8211; <font color=\"#999999\">P\u00e3o para o churrasco &#8211; 200 unidades &#8211; j\u00e1 temos a doa\u00e7\u00e3o<\/font><br \/>\n &#8211; <font color=\"#999999\">Suprimento para churrasco &#8211; precisamos de refor\u00e7o na verba pra compra da carne<\/font><br \/>\n &#8211; Gelo &#8211; 3 sacos de 25 Kg<br \/>\n &#8211; <font color=\"#999999\">Luvas descart\u00e1veis para manuseio de alimentos &#8211; j\u00e1 temos na par\u00f3quia<\/font><br \/>\n &#8211; <font color=\"#999999\">Tocas descart\u00e1veis &#8211; j\u00e1 temos a doa\u00e7\u00e3o<\/font><\/p>\n<p><strong>Local para entrega:<\/strong> Par\u00f3quia S\u00e3o Miguel Arcanjo<br \/>\n<strong>Data para entrega:<\/strong> a partir de 15\/06\/2009 (menos os perec\u00edveis &#8211; doces e salgados &#8211; que dever\u00e3o ser entregues antes do hor\u00e1rio da festa come\u00e7ar)\n<\/p>\n<p>Pra n\u00e3o sobrecarregar ningu\u00e9m,  precisamos de mais volunt\u00e1rios para fazer revezamento nas barracas nos dias da festa. Quem puder ajudar, falar com os respectivos respons\u00e1veis, indicados abaixo, ou com a Teresa na secretaria:<\/p>\n<p><font color=\"#CC0000\">Caf\u00e9 da manh\u00e3 (domingo das 8h30 \u00e0s 9h30)<\/font><br \/>\n<strong>Volunt\u00e1rias:<\/strong> Ana, Marlene, Roseli e Fel\u00edcia<br \/>\n<strong>Respons\u00e1vel:<\/strong> Ana<\/p>\n<p><font color=\"#CC0000\">Doces e salgados (s\u00e1bado das 18h \u00e0s 23h e domingo das 11h \u00e0s 21h)<\/font><br \/>\n<strong>Volunt\u00e1rias:<\/strong> Ana, Marlene e Marilda<br \/>\n<strong>Respons\u00e1vel:<\/strong> Ana<\/p>\n<p><font color=\"#CC0000\">Churrasco (s\u00e1bado das 18h \u00e0s 23h e domingo das 11h \u00e0s 21h)<\/font><br \/>\n<strong>Volunt\u00e1rios:<\/strong> Alexandre, Ot\u00e1vio e Davi<br \/>\n<strong>Respons\u00e1vel:<\/strong> Alexandre<\/p>\n<p><font color=\"#CC0000\">Fogazza (s\u00e1bado das 18h \u00e0s 23h e domingo das 11h \u00e0s 21h)<\/font><br \/>\n<strong>Volunt\u00e1rias:<\/strong> Beth, Diva, Rita e Nat\u00e1lia<br \/>\n<strong>Respons\u00e1vel:<\/strong> Beth<\/p>\n<p><font color=\"#CC0000\">Pizza (s\u00e1bado das 18h \u00e0s 23h e domingo das 11h \u00e0s 21h)<\/font><br \/>\n<strong>Volunt\u00e1rias:<\/strong> Evaniza, Ang\u00e9lica, Tatiana e Fernando<br \/>\n<strong>Respons\u00e1vel:<\/strong> Evaniza<\/p>\n<p><font color=\"#CC0000\">Pastel e batata frita (s\u00e1bado das 18h \u00e0s 23h e domingo das 11h \u00e0s 21h)<\/font><br \/>\n<strong>Volunt\u00e1rias:<\/strong> Noeli e Helena<br \/>\n<strong>Respons\u00e1vel:<\/strong> Noeli (pela batata) e Helena (pelo pastel)<\/p>\n<p><font color=\"#CC0000\">Pernil e caldo verde (s\u00e1bado das 18h \u00e0s 23h e domingo das 11h \u00e0s 21h)<\/font><br \/>\n<strong>Volunt\u00e1rias:<\/strong> Regina, Maria, D. Cida e Marilurdes<br \/>\n<strong>Respons\u00e1vel: <\/strong>Marilurdes<\/p>\n<p><font color=\"#CC0000\">Refrigerante e \u00e1gua (s\u00e1bado das 18h \u00e0s 23h e domingo das 11h \u00e0s 21h)<\/font><br \/>\n<strong>Volunt\u00e1rios:<\/strong> Lenita, Ricardo, Sarah e Rubens (irm\u00e3o da Rinalda)<br \/>\n<strong>Respons\u00e1vel:<\/strong> Sarah<\/p>\n<p><font color=\"#CC0000\">Vinho quente e quent\u00e3o (s\u00e1bado das 18h \u00e0s 23h e domingo das 11h \u00e0s 21h)<\/font><br \/>\n<strong>Volunt\u00e1rios:<\/strong> Andr\u00e9 e Cidinha<br \/>\n<strong>Respons\u00e1vel:<\/strong> Andr\u00e9<\/p>\n<p><font color=\"#CC0000\">Pescaria (s\u00e1bado das 18h \u00e0s 23h e domingo das 11h \u00e0s 21h)<\/font><br \/>\n<strong>Volunt\u00e1rios:<\/strong> Rinalda e grupo de jovens<br \/>\n<strong>Respons\u00e1vel:<\/strong> Rinalda<\/p>\n<p><font color=\"#CC0000\">Boca do palha\u00e7o (s\u00e1bado das 18h \u00e0s 23h e domingo das 11h \u00e0s 21h)<\/font><br \/>\n<strong>Volunt\u00e1rios:<\/strong> Rinalda e grupo de jovens<br \/>\n<strong>Respons\u00e1vel:<\/strong> Rinalda<\/p>\n<p><font color=\"#CC0000\">Caixa (s\u00e1bado das 18h \u00e0s 23h e domingo das 11h \u00e0s 21h)<\/font><br \/>\n<strong>Volunt\u00e1rios:<\/strong> Ros\u00e1lia, Pierre, S\u00f4nia e Rubens<br \/>\n<strong>Respons\u00e1vel:<\/strong> S\u00f4nia<\/p>\n<div id=\"themify_builder_content-3599\" data-postid=\"3599\" class=\"themify_builder_content themify_builder_content-3599 themify_builder themify_builder_front\">\n\t<\/div>\n<!-- \/themify_builder_content -->","protected":false},"excerpt":{"rendered":"<p>\u00c9 com alegria que contamos com a colabora\u00e7\u00e3o de todos, da forma que for poss\u00edvel, para a festa junina da par\u00f3quia S\u00e3o Miguel Arcanjo de 2009. Quem puder ajudar com doa\u00e7\u00f5es, indicar no painel que est\u00e1 no mural da par\u00f3quia e na capela da Universidade S\u00e3o Judas Tadeu ou entrar em contato com a Teresa [&hellip;]<\/p>\n","protected":false},"author":5,"featured_media":0,"comment_status":"open","ping_status":"open","sticky":false,"template":"","format":"standard","meta":{"ngg_post_thumbnail":0,"footnotes":""},"categories":[7],"tags":[742],"yoast_head":"<!-- This site is optimized with the Yoast SEO plugin v23.5 - https:\/\/yoast.com\/wordpress\/plugins\/seo\/ -->\n<title>Organiza\u00e7\u00e3o da festa junina 2009 - atualizada - O Arcanjo no ar<\/title>\n<meta name=\"robots\" content=\"index, follow, max-snippet:-1, max-image-preview:large, max-video-preview:-1\" \/>\n<link rel=\"canonical\" href=\"https:\/\/www.oarcanjo.net\/site\/organizacao-da-festa-junina-2009\/\" \/>\n<meta property=\"og:locale\" content=\"pt_BR\" \/>\n<meta property=\"og:type\" content=\"article\" \/>\n<meta property=\"og:title\" content=\"Organiza\u00e7\u00e3o da festa junina 2009 - atualizada - O Arcanjo no ar\" \/>\n<meta property=\"og:description\" content=\"\u00c9 com alegria que contamos com a colabora\u00e7\u00e3o de todos, da forma que for poss\u00edvel, para a festa junina da par\u00f3quia S\u00e3o Miguel Arcanjo de 2009. Quem puder ajudar com doa\u00e7\u00f5es, indicar no painel que est\u00e1 no mural da par\u00f3quia e na capela da Universidade S\u00e3o Judas Tadeu ou entrar em contato com a Teresa [&hellip;]\" \/>\n<meta property=\"og:url\" content=\"https:\/\/www.oarcanjo.net\/site\/organizacao-da-festa-junina-2009\/\" \/>\n<meta property=\"og:site_name\" content=\"O Arcanjo no ar\" \/>\n<meta property=\"article:publisher\" content=\"https:\/\/www.facebook.com\/OArcanjoNoAr\/\" \/>\n<meta property=\"article:published_time\" content=\"2009-05-24T15:52:19+00:00\" \/>\n<meta property=\"article:modified_time\" content=\"2009-06-17T12:14:21+00:00\" \/>\n<meta property=\"og:image\" content=\"https:\/\/www.oarcanjo.net\/site\/wp-content\/uploads\/logo-o-arcanjo-no-ar-facebook.png\" \/>\n\t<meta property=\"og:image:width\" content=\"300\" \/>\n\t<meta property=\"og:image:height\" content=\"300\" \/>\n\t<meta property=\"og:image:type\" content=\"image\/png\" \/>\n<meta name=\"author\" content=\"editor\" \/>\n<meta name=\"twitter:card\" content=\"summary_large_image\" \/>\n<meta name=\"twitter:label1\" content=\"Escrito por\" \/>\n\t<meta name=\"twitter:data1\" content=\"editor\" \/>\n\t<meta name=\"twitter:label2\" content=\"Est. tempo de leitura\" \/>\n\t<meta name=\"twitter:data2\" content=\"4 minutos\" \/>\n<script type=\"application\/ld+json\" class=\"yoast-schema-graph\">{\"@context\":\"https:\/\/schema.org\",\"@graph\":[{\"@type\":\"Article\",\"@id\":\"https:\/\/www.oarcanjo.net\/site\/organizacao-da-festa-junina-2009\/#article\",\"isPartOf\":{\"@id\":\"https:\/\/www.oarcanjo.net\/site\/organizacao-da-festa-junina-2009\/\"},\"author\":{\"name\":\"editor\",\"@id\":\"https:\/\/www.oarcanjo.net\/site\/#\/schema\/person\/f7024d007863202483a31326673a0838\"},\"headline\":\"Organiza\u00e7\u00e3o da festa junina 2009 &#8211; atualizada\",\"datePublished\":\"2009-05-24T15:52:19+00:00\",\"dateModified\":\"2009-06-17T12:14:21+00:00\",\"mainEntityOfPage\":{\"@id\":\"https:\/\/www.oarcanjo.net\/site\/organizacao-da-festa-junina-2009\/\"},\"wordCount\":847,\"commentCount\":43,\"publisher\":{\"@id\":\"https:\/\/www.oarcanjo.net\/site\/#organization\"},\"keywords\":[\"Festa Junina 2009\"],\"articleSection\":[\"Rosto da comunidade\"],\"inLanguage\":\"pt-BR\",\"potentialAction\":[{\"@type\":\"CommentAction\",\"name\":\"Comment\",\"target\":[\"https:\/\/www.oarcanjo.net\/site\/organizacao-da-festa-junina-2009\/#respond\"]}]},{\"@type\":\"WebPage\",\"@id\":\"https:\/\/www.oarcanjo.net\/site\/organizacao-da-festa-junina-2009\/\",\"url\":\"https:\/\/www.oarcanjo.net\/site\/organizacao-da-festa-junina-2009\/\",\"name\":\"Organiza\u00e7\u00e3o da festa junina 2009 - atualizada - O Arcanjo no ar\",\"isPartOf\":{\"@id\":\"https:\/\/www.oarcanjo.net\/site\/#website\"},\"datePublished\":\"2009-05-24T15:52:19+00:00\",\"dateModified\":\"2009-06-17T12:14:21+00:00\",\"breadcrumb\":{\"@id\":\"https:\/\/www.oarcanjo.net\/site\/organizacao-da-festa-junina-2009\/#breadcrumb\"},\"inLanguage\":\"pt-BR\",\"potentialAction\":[{\"@type\":\"ReadAction\",\"target\":[\"https:\/\/www.oarcanjo.net\/site\/organizacao-da-festa-junina-2009\/\"]}]},{\"@type\":\"BreadcrumbList\",\"@id\":\"https:\/\/www.oarcanjo.net\/site\/organizacao-da-festa-junina-2009\/#breadcrumb\",\"itemListElement\":[{\"@type\":\"ListItem\",\"position\":1,\"name\":\"In\u00edcio\",\"item\":\"https:\/\/www.oarcanjo.net\/site\/\"},{\"@type\":\"ListItem\",\"position\":2,\"name\":\"Organiza\u00e7\u00e3o da festa junina 2009 &#8211; atualizada\"}]},{\"@type\":\"WebSite\",\"@id\":\"https:\/\/www.oarcanjo.net\/site\/#website\",\"url\":\"https:\/\/www.oarcanjo.net\/site\/\",\"name\":\"O Arcanjo no ar\",\"description\":\"Site da Par\u00f3quia S\u00e3o Miguel Arcanjo (Arquidiocese de SP)\",\"publisher\":{\"@id\":\"https:\/\/www.oarcanjo.net\/site\/#organization\"},\"potentialAction\":[{\"@type\":\"SearchAction\",\"target\":{\"@type\":\"EntryPoint\",\"urlTemplate\":\"https:\/\/www.oarcanjo.net\/site\/?s={search_term_string}\"},\"query-input\":{\"@type\":\"PropertyValueSpecification\",\"valueRequired\":true,\"valueName\":\"search_term_string\"}}],\"inLanguage\":\"pt-BR\"},{\"@type\":\"Organization\",\"@id\":\"https:\/\/www.oarcanjo.net\/site\/#organization\",\"name\":\"Par\u00f3quia S\u00e3o Miguel Arcanjo\",\"url\":\"https:\/\/www.oarcanjo.net\/site\/\",\"logo\":{\"@type\":\"ImageObject\",\"inLanguage\":\"pt-BR\",\"@id\":\"https:\/\/www.oarcanjo.net\/site\/#\/schema\/logo\/image\/\",\"url\":\"https:\/\/www.oarcanjo.net\/site\/wp-content\/uploads\/LogoOArcanjo.png\",\"contentUrl\":\"https:\/\/www.oarcanjo.net\/site\/wp-content\/uploads\/LogoOArcanjo.png\",\"width\":319,\"height\":99,\"caption\":\"Par\u00f3quia S\u00e3o Miguel Arcanjo\"},\"image\":{\"@id\":\"https:\/\/www.oarcanjo.net\/site\/#\/schema\/logo\/image\/\"},\"sameAs\":[\"https:\/\/www.facebook.com\/OArcanjoNoAr\/\"]},{\"@type\":\"Person\",\"@id\":\"https:\/\/www.oarcanjo.net\/site\/#\/schema\/person\/f7024d007863202483a31326673a0838\",\"name\":\"editor\",\"sameAs\":[\"http:\/\/www.oarcanjo.net\"]}]}<\/script>\n<!-- \/ Yoast SEO plugin. -->","yoast_head_json":{"title":"Organiza\u00e7\u00e3o da festa junina 2009 - atualizada - O Arcanjo no ar","robots":{"index":"index","follow":"follow","max-snippet":"max-snippet:-1","max-image-preview":"max-image-preview:large","max-video-preview":"max-video-preview:-1"},"canonical":"https:\/\/www.oarcanjo.net\/site\/organizacao-da-festa-junina-2009\/","og_locale":"pt_BR","og_type":"article","og_title":"Organiza\u00e7\u00e3o da festa junina 2009 - atualizada - O Arcanjo no ar","og_description":"\u00c9 com alegria que contamos com a colabora\u00e7\u00e3o de todos, da forma que for poss\u00edvel, para a festa junina da par\u00f3quia S\u00e3o Miguel Arcanjo de 2009. Quem puder ajudar com doa\u00e7\u00f5es, indicar no painel que est\u00e1 no mural da par\u00f3quia e na capela da Universidade S\u00e3o Judas Tadeu ou entrar em contato com a Teresa [&hellip;]","og_url":"https:\/\/www.oarcanjo.net\/site\/organizacao-da-festa-junina-2009\/","og_site_name":"O Arcanjo no ar","article_publisher":"https:\/\/www.facebook.com\/OArcanjoNoAr\/","article_published_time":"2009-05-24T15:52:19+00:00","article_modified_time":"2009-06-17T12:14:21+00:00","og_image":[{"width":300,"height":300,"url":"https:\/\/www.oarcanjo.net\/site\/wp-content\/uploads\/logo-o-arcanjo-no-ar-facebook.png","type":"image\/png"}],"author":"editor","twitter_card":"summary_large_image","twitter_misc":{"Escrito por":"editor","Est. tempo de leitura":"4 minutos"},"schema":{"@context":"https:\/\/schema.org","@graph":[{"@type":"Article","@id":"https:\/\/www.oarcanjo.net\/site\/organizacao-da-festa-junina-2009\/#article","isPartOf":{"@id":"https:\/\/www.oarcanjo.net\/site\/organizacao-da-festa-junina-2009\/"},"author":{"name":"editor","@id":"https:\/\/www.oarcanjo.net\/site\/#\/schema\/person\/f7024d007863202483a31326673a0838"},"headline":"Organiza\u00e7\u00e3o da festa junina 2009 &#8211; atualizada","datePublished":"2009-05-24T15:52:19+00:00","dateModified":"2009-06-17T12:14:21+00:00","mainEntityOfPage":{"@id":"https:\/\/www.oarcanjo.net\/site\/organizacao-da-festa-junina-2009\/"},"wordCount":847,"commentCount":43,"publisher":{"@id":"https:\/\/www.oarcanjo.net\/site\/#organization"},"keywords":["Festa Junina 2009"],"articleSection":["Rosto da comunidade"],"inLanguage":"pt-BR","potentialAction":[{"@type":"CommentAction","name":"Comment","target":["https:\/\/www.oarcanjo.net\/site\/organizacao-da-festa-junina-2009\/#respond"]}]},{"@type":"WebPage","@id":"https:\/\/www.oarcanjo.net\/site\/organizacao-da-festa-junina-2009\/","url":"https:\/\/www.oarcanjo.net\/site\/organizacao-da-festa-junina-2009\/","name":"Organiza\u00e7\u00e3o da festa junina 2009 - atualizada - O Arcanjo no ar","isPartOf":{"@id":"https:\/\/www.oarcanjo.net\/site\/#website"},"datePublished":"2009-05-24T15:52:19+00:00","dateModified":"2009-06-17T12:14:21+00:00","breadcrumb":{"@id":"https:\/\/www.oarcanjo.net\/site\/organizacao-da-festa-junina-2009\/#breadcrumb"},"inLanguage":"pt-BR","potentialAction":[{"@type":"ReadAction","target":["https:\/\/www.oarcanjo.net\/site\/organizacao-da-festa-junina-2009\/"]}]},{"@type":"BreadcrumbList","@id":"https:\/\/www.oarcanjo.net\/site\/organizacao-da-festa-junina-2009\/#breadcrumb","itemListElement":[{"@type":"ListItem","position":1,"name":"In\u00edcio","item":"https:\/\/www.oarcanjo.net\/site\/"},{"@type":"ListItem","position":2,"name":"Organiza\u00e7\u00e3o da festa junina 2009 &#8211; atualizada"}]},{"@type":"WebSite","@id":"https:\/\/www.oarcanjo.net\/site\/#website","url":"https:\/\/www.oarcanjo.net\/site\/","name":"O Arcanjo no ar","description":"Site da Par\u00f3quia S\u00e3o Miguel Arcanjo (Arquidiocese de SP)","publisher":{"@id":"https:\/\/www.oarcanjo.net\/site\/#organization"},"potentialAction":[{"@type":"SearchAction","target":{"@type":"EntryPoint","urlTemplate":"https:\/\/www.oarcanjo.net\/site\/?s={search_term_string}"},"query-input":{"@type":"PropertyValueSpecification","valueRequired":true,"valueName":"search_term_string"}}],"inLanguage":"pt-BR"},{"@type":"Organization","@id":"https:\/\/www.oarcanjo.net\/site\/#organization","name":"Par\u00f3quia S\u00e3o Miguel Arcanjo","url":"https:\/\/www.oarcanjo.net\/site\/","logo":{"@type":"ImageObject","inLanguage":"pt-BR","@id":"https:\/\/www.oarcanjo.net\/site\/#\/schema\/logo\/image\/","url":"https:\/\/www.oarcanjo.net\/site\/wp-content\/uploads\/LogoOArcanjo.png","contentUrl":"https:\/\/www.oarcanjo.net\/site\/wp-content\/uploads\/LogoOArcanjo.png","width":319,"height":99,"caption":"Par\u00f3quia S\u00e3o Miguel Arcanjo"},"image":{"@id":"https:\/\/www.oarcanjo.net\/site\/#\/schema\/logo\/image\/"},"sameAs":["https:\/\/www.facebook.com\/OArcanjoNoAr\/"]},{"@type":"Person","@id":"https:\/\/www.oarcanjo.net\/site\/#\/schema\/person\/f7024d007863202483a31326673a0838","name":"editor","sameAs":["http:\/\/www.oarcanjo.net"]}]}},"publishpress_future_action":{"enabled":false,"date":"2026-05-06 07:35:48","action":"category","newStatus":"draft","terms":[],"taxonomy":"category"},"publishpress_future_workflow_manual_trigger":{"enabledWorkflows":[]},"_links":{"self":[{"href":"https:\/\/www.oarcanjo.net\/site\/wp-json\/wp\/v2\/posts\/3599"}],"collection":[{"href":"https:\/\/www.oarcanjo.net\/site\/wp-json\/wp\/v2\/posts"}],"about":[{"href":"https:\/\/www.oarcanjo.net\/site\/wp-json\/wp\/v2\/types\/post"}],"author":[{"embeddable":true,"href":"https:\/\/www.oarcanjo.net\/site\/wp-json\/wp\/v2\/users\/5"}],"replies":[{"embeddable":true,"href":"https:\/\/www.oarcanjo.net\/site\/wp-json\/wp\/v2\/comments?post=3599"}],"version-history":[{"count":0,"href":"https:\/\/www.oarcanjo.net\/site\/wp-json\/wp\/v2\/posts\/3599\/revisions"}],"wp:attachment":[{"href":"https:\/\/www.oarcanjo.net\/site\/wp-json\/wp\/v2\/media?parent=3599"}],"wp:term":[{"taxonomy":"category","embeddable":true,"href":"https:\/\/www.oarcanjo.net\/site\/wp-json\/wp\/v2\/categories?post=3599"},{"taxonomy":"post_tag","embeddable":true,"href":"https:\/\/www.oarcanjo.net\/site\/wp-json\/wp\/v2\/tags?post=3599"}],"curies":[{"name":"wp","href":"https:\/\/api.w.org\/{rel}","templated":true}]}}