
{"id":3635,"date":"2009-05-26T06:00:11","date_gmt":"2009-05-26T09:00:11","guid":{"rendered":"http:\/\/www.oarcanjo.net\/site\/?p=3635"},"modified":"2009-05-25T20:59:38","modified_gmt":"2009-05-25T23:59:38","slug":"a-quem-pertence-a-terra","status":"publish","type":"post","link":"https:\/\/www.oarcanjo.net\/site\/a-quem-pertence-a-terra\/","title":{"rendered":"A quem pertence a Terra?"},"content":{"rendered":"<p>Leonardo Boff<\/p>\n<p>No Brasil se discute muito a quest\u00e3o da internacionaliza\u00e7\u00e3o da Amaz\u00f4nia ou a quem pertence essa rica por\u00e7\u00e3o do planeta Terra. Sem querer entrar nesta discuss\u00e3o que um dia retomarei, percebo que ela remete a outra ainda mais fundamental: a quem pertence a Terra?<\/p>\n<p>Muitas s\u00e3o as respostas poss\u00edveis, algumas verdadeiras, outras insuficientes ou at\u00e9 falsas. Com certa naturalidade poder\u00edamos responder: a Terra pertence aos humanos. Apelamos at\u00e9 \u00e0 palavra das Escrituras que nos dizem: &#8220;entrego-vos tudo&#8230; propagai-vos pela Terra e dominai-a&#8221; (Gn 9,3.7). Estranhamente, os humanos irromperam no cen\u00e1rio da evolu\u00e7\u00e3o quando a Terra estava em 99,98% pronta. Eles n\u00e3o assistiram ao seu nascimento nem ela precisou deles para organizar sua complexidade e biodiversidade. Como pode lhes pertencer? S\u00f3 a ignor\u00e2ncia unida \u00e0 arrog\u00e2ncia os faz pretender a posse da Terra.<\/p>\n<p>Poder\u00edamos ainda responder: a Terra pertence aos seres mais numerosos que a habitam. Ent\u00e3o ela pertenceria aos microorganismos &#8211; bact\u00e9rias, fungos, v\u00edrus &#8211; pois constituem 95% de todos os seres vivos. Segundo o conceituado bi\u00f3logo E. Wilson um grama de terra contem cerca de 10 bilh\u00f5es de bact\u00e9rias de 6 mil esp\u00e9cies diferentes. Imaginemos os quintilh\u00f5es de quintilh\u00f5es de micro-organismos que habitam a totalidade dos solos terrestres. Todos estes t\u00eam mais direito de posse da Terra do que n\u00f3s, seja por sua ancestralidade, seja pelo n\u00famero seja pela fun\u00e7\u00e3o de garantir a vitalidade do planeta.<\/p>\n<p>Ou ela pertence \u00e0 totalidade dos ecossistemas que servem \u00e0 comunidade de vida, regulando os climas e a composi\u00e7\u00e3o fi\u00edsico-qu\u00edmica do planeta. Esta resposta \u00e9 boa mas insuficiente porque esquece as rela\u00e7\u00f5es que a Terra entret\u00e9m com as energias e os elementos do universo.<\/p>\n<p>Assim, a Terra pertence ao sistema solar que, por sua vez, pertence \u00e0 nossa gal\u00e1xia, a Via L\u00e1ctea que, por fim, pertence ao cosmos. Ela \u00e9 um momento de um processo evolucion\u00e1rio de 13,7 bilh\u00f5es de anos,<\/p>\n<p>Mas esta resposta n\u00e3o nos satisfaz pois ela remete a uma pergunta ulterior: e o cosmos a quem pertence? Pertence \u00e0quela Energia de fundo, ao V\u00e1cuo Qu\u00e2ntico, ao Abismo alimentador de todos os seres, \u00e0 Fonte origin\u00e1ria de tudo. Esta \u00e9 a resposta que os astrof\u00edsicos e cosm\u00f3logos costumam dar. E \u00e9 correta. Mas n\u00e3o \u00e9 ainda a \u00faltima.<\/p>\n<p>Cabe uma derradeira pergunta: a quem pertence a Energia de fundo do universo? Algu\u00e9m poderia simplesmente responder: ela n\u00e3o pertence a ningu\u00e9m, pois pertence a si mesma. Esta resposta \u00e9 simplesmente uma n\u00e3o-resposta porque nos coloca diante de um muro. Ela nos remete \u00e0 teologia, a Deus.<\/p>\n<p>Mudando de registro e caindo na nossa realidade cotidiana e brutal dos neg\u00f3cios: a quem pertence a Terra? Ela, na verdade, pertence aos que det\u00e9m poder, aos que controlam os mercados, aos que vendem e compram seu ch\u00e3o, seus bens e servi\u00e7os, \u00e1gua, genes, sementes, \u00f3rg\u00e3os humanos, pessoas feitas tamb\u00e9m mercadorias. Estes pretendem ser os donos da Terra e disp\u00f5em dela como bem entendem.<\/p>\n<p>Mas s\u00e3o donos rid\u00edculos pois esquecem que n\u00e3o s\u00e3o donos deles mesmos, nem de sua origem nem de sua morte.<\/p>\n<p>A quem pertence a Terra? Fico com a resposta mais sensata e satisfat\u00f3ria das religi\u00f5es, bem representadas pela judaico-crist\u00e3. Nesta Deus diz: &#8220;Minha \u00e9 a Terra e tudo o que ela cont\u00e9m e voc\u00eas s\u00e3o meus h\u00f3spedes e inquilinos&#8221; (Lv 25,23). S\u00f3 Deus \u00e9 senhor da Terra e n\u00e3o passou escritura de posse a ningu\u00e9m. N\u00f3s somos h\u00f3spedes tempor\u00e1rios e simples cuidadores com a miss\u00e3o de torn\u00e1-la o que um dia foi: o Jardim do \u00c9den.<\/p>\n<div id=\"themify_builder_content-3635\" data-postid=\"3635\" class=\"themify_builder_content themify_builder_content-3635 themify_builder themify_builder_front\">\n\t<\/div>\n<!-- \/themify_builder_content -->","protected":false},"excerpt":{"rendered":"<p>Leonardo Boff No Brasil se discute muito a quest\u00e3o da internacionaliza\u00e7\u00e3o da Amaz\u00f4nia ou a quem pertence essa rica por\u00e7\u00e3o do planeta Terra. Sem querer entrar nesta discuss\u00e3o que um dia retomarei, percebo que ela remete a outra ainda mais fundamental: a quem pertence a Terra? Muitas s\u00e3o as respostas poss\u00edveis, algumas verdadeiras, outras insuficientes [&hellip;]<\/p>\n","protected":false},"author":5,"featured_media":0,"comment_status":"open","ping_status":"open","sticky":false,"template":"","format":"standard","meta":{"ngg_post_thumbnail":0,"footnotes":""},"categories":[9],"tags":[315,105,745,172],"yoast_head":"<!-- This site is optimized with the Yoast SEO plugin v23.5 - https:\/\/yoast.com\/wordpress\/plugins\/seo\/ -->\n<title>A quem pertence a Terra? - O Arcanjo no ar<\/title>\n<meta name=\"robots\" content=\"index, follow, max-snippet:-1, max-image-preview:large, max-video-preview:-1\" \/>\n<link rel=\"canonical\" href=\"https:\/\/www.oarcanjo.net\/site\/a-quem-pertence-a-terra\/\" \/>\n<meta property=\"og:locale\" content=\"pt_BR\" \/>\n<meta property=\"og:type\" content=\"article\" \/>\n<meta property=\"og:title\" content=\"A quem pertence a Terra? - O Arcanjo no ar\" \/>\n<meta property=\"og:description\" content=\"Leonardo Boff No Brasil se discute muito a quest\u00e3o da internacionaliza\u00e7\u00e3o da Amaz\u00f4nia ou a quem pertence essa rica por\u00e7\u00e3o do planeta Terra. Sem querer entrar nesta discuss\u00e3o que um dia retomarei, percebo que ela remete a outra ainda mais fundamental: a quem pertence a Terra? Muitas s\u00e3o as respostas poss\u00edveis, algumas verdadeiras, outras insuficientes [&hellip;]\" \/>\n<meta property=\"og:url\" content=\"https:\/\/www.oarcanjo.net\/site\/a-quem-pertence-a-terra\/\" \/>\n<meta property=\"og:site_name\" content=\"O Arcanjo no ar\" \/>\n<meta property=\"article:publisher\" content=\"https:\/\/www.facebook.com\/OArcanjoNoAr\/\" \/>\n<meta property=\"article:published_time\" content=\"2009-05-26T09:00:11+00:00\" \/>\n<meta property=\"article:modified_time\" content=\"2009-05-25T23:59:38+00:00\" \/>\n<meta property=\"og:image\" content=\"https:\/\/www.oarcanjo.net\/site\/wp-content\/uploads\/logo-o-arcanjo-no-ar-facebook.png\" \/>\n\t<meta property=\"og:image:width\" content=\"300\" \/>\n\t<meta property=\"og:image:height\" content=\"300\" \/>\n\t<meta property=\"og:image:type\" content=\"image\/png\" \/>\n<meta name=\"author\" content=\"editor\" \/>\n<meta name=\"twitter:card\" content=\"summary_large_image\" \/>\n<meta name=\"twitter:label1\" content=\"Escrito por\" \/>\n\t<meta name=\"twitter:data1\" content=\"editor\" \/>\n\t<meta name=\"twitter:label2\" content=\"Est. tempo de leitura\" \/>\n\t<meta name=\"twitter:data2\" content=\"3 minutos\" \/>\n<script type=\"application\/ld+json\" class=\"yoast-schema-graph\">{\"@context\":\"https:\/\/schema.org\",\"@graph\":[{\"@type\":\"Article\",\"@id\":\"https:\/\/www.oarcanjo.net\/site\/a-quem-pertence-a-terra\/#article\",\"isPartOf\":{\"@id\":\"https:\/\/www.oarcanjo.net\/site\/a-quem-pertence-a-terra\/\"},\"author\":{\"name\":\"editor\",\"@id\":\"https:\/\/www.oarcanjo.net\/site\/#\/schema\/person\/f7024d007863202483a31326673a0838\"},\"headline\":\"A quem pertence a Terra?\",\"datePublished\":\"2009-05-26T09:00:11+00:00\",\"dateModified\":\"2009-05-25T23:59:38+00:00\",\"mainEntityOfPage\":{\"@id\":\"https:\/\/www.oarcanjo.net\/site\/a-quem-pertence-a-terra\/\"},\"wordCount\":630,\"commentCount\":0,\"publisher\":{\"@id\":\"https:\/\/www.oarcanjo.net\/site\/#organization\"},\"keywords\":[\"Amaz\u00f4nia\",\"ambiente\",\"Jardim do \u00c9den\",\"Terra\"],\"articleSection\":[\"Reflex\u00f5es\"],\"inLanguage\":\"pt-BR\",\"potentialAction\":[{\"@type\":\"CommentAction\",\"name\":\"Comment\",\"target\":[\"https:\/\/www.oarcanjo.net\/site\/a-quem-pertence-a-terra\/#respond\"]}]},{\"@type\":\"WebPage\",\"@id\":\"https:\/\/www.oarcanjo.net\/site\/a-quem-pertence-a-terra\/\",\"url\":\"https:\/\/www.oarcanjo.net\/site\/a-quem-pertence-a-terra\/\",\"name\":\"A quem pertence a Terra? - O Arcanjo no ar\",\"isPartOf\":{\"@id\":\"https:\/\/www.oarcanjo.net\/site\/#website\"},\"datePublished\":\"2009-05-26T09:00:11+00:00\",\"dateModified\":\"2009-05-25T23:59:38+00:00\",\"breadcrumb\":{\"@id\":\"https:\/\/www.oarcanjo.net\/site\/a-quem-pertence-a-terra\/#breadcrumb\"},\"inLanguage\":\"pt-BR\",\"potentialAction\":[{\"@type\":\"ReadAction\",\"target\":[\"https:\/\/www.oarcanjo.net\/site\/a-quem-pertence-a-terra\/\"]}]},{\"@type\":\"BreadcrumbList\",\"@id\":\"https:\/\/www.oarcanjo.net\/site\/a-quem-pertence-a-terra\/#breadcrumb\",\"itemListElement\":[{\"@type\":\"ListItem\",\"position\":1,\"name\":\"In\u00edcio\",\"item\":\"https:\/\/www.oarcanjo.net\/site\/\"},{\"@type\":\"ListItem\",\"position\":2,\"name\":\"A quem pertence a Terra?\"}]},{\"@type\":\"WebSite\",\"@id\":\"https:\/\/www.oarcanjo.net\/site\/#website\",\"url\":\"https:\/\/www.oarcanjo.net\/site\/\",\"name\":\"O Arcanjo no ar\",\"description\":\"Site da Par\u00f3quia S\u00e3o Miguel Arcanjo (Arquidiocese de SP)\",\"publisher\":{\"@id\":\"https:\/\/www.oarcanjo.net\/site\/#organization\"},\"potentialAction\":[{\"@type\":\"SearchAction\",\"target\":{\"@type\":\"EntryPoint\",\"urlTemplate\":\"https:\/\/www.oarcanjo.net\/site\/?s={search_term_string}\"},\"query-input\":{\"@type\":\"PropertyValueSpecification\",\"valueRequired\":true,\"valueName\":\"search_term_string\"}}],\"inLanguage\":\"pt-BR\"},{\"@type\":\"Organization\",\"@id\":\"https:\/\/www.oarcanjo.net\/site\/#organization\",\"name\":\"Par\u00f3quia S\u00e3o Miguel Arcanjo\",\"url\":\"https:\/\/www.oarcanjo.net\/site\/\",\"logo\":{\"@type\":\"ImageObject\",\"inLanguage\":\"pt-BR\",\"@id\":\"https:\/\/www.oarcanjo.net\/site\/#\/schema\/logo\/image\/\",\"url\":\"https:\/\/www.oarcanjo.net\/site\/wp-content\/uploads\/LogoOArcanjo.png\",\"contentUrl\":\"https:\/\/www.oarcanjo.net\/site\/wp-content\/uploads\/LogoOArcanjo.png\",\"width\":319,\"height\":99,\"caption\":\"Par\u00f3quia S\u00e3o Miguel Arcanjo\"},\"image\":{\"@id\":\"https:\/\/www.oarcanjo.net\/site\/#\/schema\/logo\/image\/\"},\"sameAs\":[\"https:\/\/www.facebook.com\/OArcanjoNoAr\/\"]},{\"@type\":\"Person\",\"@id\":\"https:\/\/www.oarcanjo.net\/site\/#\/schema\/person\/f7024d007863202483a31326673a0838\",\"name\":\"editor\",\"sameAs\":[\"http:\/\/www.oarcanjo.net\"]}]}<\/script>\n<!-- \/ Yoast SEO plugin. -->","yoast_head_json":{"title":"A quem pertence a Terra? - O Arcanjo no ar","robots":{"index":"index","follow":"follow","max-snippet":"max-snippet:-1","max-image-preview":"max-image-preview:large","max-video-preview":"max-video-preview:-1"},"canonical":"https:\/\/www.oarcanjo.net\/site\/a-quem-pertence-a-terra\/","og_locale":"pt_BR","og_type":"article","og_title":"A quem pertence a Terra? - O Arcanjo no ar","og_description":"Leonardo Boff No Brasil se discute muito a quest\u00e3o da internacionaliza\u00e7\u00e3o da Amaz\u00f4nia ou a quem pertence essa rica por\u00e7\u00e3o do planeta Terra. Sem querer entrar nesta discuss\u00e3o que um dia retomarei, percebo que ela remete a outra ainda mais fundamental: a quem pertence a Terra? Muitas s\u00e3o as respostas poss\u00edveis, algumas verdadeiras, outras insuficientes [&hellip;]","og_url":"https:\/\/www.oarcanjo.net\/site\/a-quem-pertence-a-terra\/","og_site_name":"O Arcanjo no ar","article_publisher":"https:\/\/www.facebook.com\/OArcanjoNoAr\/","article_published_time":"2009-05-26T09:00:11+00:00","article_modified_time":"2009-05-25T23:59:38+00:00","og_image":[{"width":300,"height":300,"url":"https:\/\/www.oarcanjo.net\/site\/wp-content\/uploads\/logo-o-arcanjo-no-ar-facebook.png","type":"image\/png"}],"author":"editor","twitter_card":"summary_large_image","twitter_misc":{"Escrito por":"editor","Est. tempo de leitura":"3 minutos"},"schema":{"@context":"https:\/\/schema.org","@graph":[{"@type":"Article","@id":"https:\/\/www.oarcanjo.net\/site\/a-quem-pertence-a-terra\/#article","isPartOf":{"@id":"https:\/\/www.oarcanjo.net\/site\/a-quem-pertence-a-terra\/"},"author":{"name":"editor","@id":"https:\/\/www.oarcanjo.net\/site\/#\/schema\/person\/f7024d007863202483a31326673a0838"},"headline":"A quem pertence a Terra?","datePublished":"2009-05-26T09:00:11+00:00","dateModified":"2009-05-25T23:59:38+00:00","mainEntityOfPage":{"@id":"https:\/\/www.oarcanjo.net\/site\/a-quem-pertence-a-terra\/"},"wordCount":630,"commentCount":0,"publisher":{"@id":"https:\/\/www.oarcanjo.net\/site\/#organization"},"keywords":["Amaz\u00f4nia","ambiente","Jardim do \u00c9den","Terra"],"articleSection":["Reflex\u00f5es"],"inLanguage":"pt-BR","potentialAction":[{"@type":"CommentAction","name":"Comment","target":["https:\/\/www.oarcanjo.net\/site\/a-quem-pertence-a-terra\/#respond"]}]},{"@type":"WebPage","@id":"https:\/\/www.oarcanjo.net\/site\/a-quem-pertence-a-terra\/","url":"https:\/\/www.oarcanjo.net\/site\/a-quem-pertence-a-terra\/","name":"A quem pertence a Terra? - O Arcanjo no ar","isPartOf":{"@id":"https:\/\/www.oarcanjo.net\/site\/#website"},"datePublished":"2009-05-26T09:00:11+00:00","dateModified":"2009-05-25T23:59:38+00:00","breadcrumb":{"@id":"https:\/\/www.oarcanjo.net\/site\/a-quem-pertence-a-terra\/#breadcrumb"},"inLanguage":"pt-BR","potentialAction":[{"@type":"ReadAction","target":["https:\/\/www.oarcanjo.net\/site\/a-quem-pertence-a-terra\/"]}]},{"@type":"BreadcrumbList","@id":"https:\/\/www.oarcanjo.net\/site\/a-quem-pertence-a-terra\/#breadcrumb","itemListElement":[{"@type":"ListItem","position":1,"name":"In\u00edcio","item":"https:\/\/www.oarcanjo.net\/site\/"},{"@type":"ListItem","position":2,"name":"A quem pertence a Terra?"}]},{"@type":"WebSite","@id":"https:\/\/www.oarcanjo.net\/site\/#website","url":"https:\/\/www.oarcanjo.net\/site\/","name":"O Arcanjo no ar","description":"Site da Par\u00f3quia S\u00e3o Miguel Arcanjo (Arquidiocese de SP)","publisher":{"@id":"https:\/\/www.oarcanjo.net\/site\/#organization"},"potentialAction":[{"@type":"SearchAction","target":{"@type":"EntryPoint","urlTemplate":"https:\/\/www.oarcanjo.net\/site\/?s={search_term_string}"},"query-input":{"@type":"PropertyValueSpecification","valueRequired":true,"valueName":"search_term_string"}}],"inLanguage":"pt-BR"},{"@type":"Organization","@id":"https:\/\/www.oarcanjo.net\/site\/#organization","name":"Par\u00f3quia S\u00e3o Miguel Arcanjo","url":"https:\/\/www.oarcanjo.net\/site\/","logo":{"@type":"ImageObject","inLanguage":"pt-BR","@id":"https:\/\/www.oarcanjo.net\/site\/#\/schema\/logo\/image\/","url":"https:\/\/www.oarcanjo.net\/site\/wp-content\/uploads\/LogoOArcanjo.png","contentUrl":"https:\/\/www.oarcanjo.net\/site\/wp-content\/uploads\/LogoOArcanjo.png","width":319,"height":99,"caption":"Par\u00f3quia S\u00e3o Miguel Arcanjo"},"image":{"@id":"https:\/\/www.oarcanjo.net\/site\/#\/schema\/logo\/image\/"},"sameAs":["https:\/\/www.facebook.com\/OArcanjoNoAr\/"]},{"@type":"Person","@id":"https:\/\/www.oarcanjo.net\/site\/#\/schema\/person\/f7024d007863202483a31326673a0838","name":"editor","sameAs":["http:\/\/www.oarcanjo.net"]}]}},"publishpress_future_action":{"enabled":false,"date":"2026-05-09 07:23:25","action":"category","newStatus":"draft","terms":[],"taxonomy":"category"},"publishpress_future_workflow_manual_trigger":{"enabledWorkflows":[]},"_links":{"self":[{"href":"https:\/\/www.oarcanjo.net\/site\/wp-json\/wp\/v2\/posts\/3635"}],"collection":[{"href":"https:\/\/www.oarcanjo.net\/site\/wp-json\/wp\/v2\/posts"}],"about":[{"href":"https:\/\/www.oarcanjo.net\/site\/wp-json\/wp\/v2\/types\/post"}],"author":[{"embeddable":true,"href":"https:\/\/www.oarcanjo.net\/site\/wp-json\/wp\/v2\/users\/5"}],"replies":[{"embeddable":true,"href":"https:\/\/www.oarcanjo.net\/site\/wp-json\/wp\/v2\/comments?post=3635"}],"version-history":[{"count":0,"href":"https:\/\/www.oarcanjo.net\/site\/wp-json\/wp\/v2\/posts\/3635\/revisions"}],"wp:attachment":[{"href":"https:\/\/www.oarcanjo.net\/site\/wp-json\/wp\/v2\/media?parent=3635"}],"wp:term":[{"taxonomy":"category","embeddable":true,"href":"https:\/\/www.oarcanjo.net\/site\/wp-json\/wp\/v2\/categories?post=3635"},{"taxonomy":"post_tag","embeddable":true,"href":"https:\/\/www.oarcanjo.net\/site\/wp-json\/wp\/v2\/tags?post=3635"}],"curies":[{"name":"wp","href":"https:\/\/api.w.org\/{rel}","templated":true}]}}