
{"id":3645,"date":"2009-05-26T16:27:39","date_gmt":"2009-05-26T19:27:39","guid":{"rendered":"http:\/\/www.oarcanjo.net\/site\/?p=3645"},"modified":"2009-05-26T22:20:51","modified_gmt":"2009-05-27T01:20:51","slug":"comunicacao-com-afeto","status":"publish","type":"post","link":"https:\/\/www.oarcanjo.net\/site\/comunicacao-com-afeto\/","title":{"rendered":"Comunica\u00e7\u00e3o com Afeto!"},"content":{"rendered":"<p>Todos os dias admiro as imagens e informa\u00e7\u00f5es do nosso site O Arcanjo e imagino que S\u00e3o Miguel Arcanjo \u00e9 nele muito glorificado e o povo de DEUS muito honrado.<\/p>\n<p>As informa\u00e7\u00f5es tem sido escolhidas com muita aten\u00e7\u00e3o e cuidado para a boa e s\u00f3lida forma\u00e7\u00e3o dos leitores, as imagens fotogr\u00e1ficas revelam tanta beleza e arte.<\/p>\n<p>Beleza de semblantes em ora\u00e7\u00e3o, piedade e alegria de quem se sente amado por DEUS, as celebra\u00e7\u00f5es, as fotos de batizados, primeira eucaristia, caminhadas, cursos, eventos, tudo a revelar e a desvelar uma comunidade que quer ser d\u00f3cil ao ESP\u00cdRITO SANTO.<\/p>\n<p>A equipe do site \u00e9 da melhor qualidade! Parab\u00e9ns a todos!<\/p>\n<p>A participa\u00e7\u00e3o de toda a comunidade demostra que o site \u00e9 nosso.<\/p>\n<p>Os coment\u00e1rios s\u00e3o preciosos, e j\u00e1 estamos chegando aos 1000.<\/p>\n<p>A intera\u00e7\u00e3o \u00e9 um ganho que n\u00e3o podemos perder e sim aumentar.<\/p>\n<p>O trabalho da Pastoral da Comunica\u00e7\u00e3o e os apelos do Episcopado Latino Americano est\u00e3o sendo atendidos e ampliados.<\/p>\n<p>O Papa tem reiterado o apelo de novas formas de Evangeliza\u00e7\u00e3o.<\/p>\n<p>Os desafios, ainda, s\u00e3o muitos:<br \/>\na partipa\u00e7\u00e3omais efetiva das crian\u00e7as e dos jovens,<br \/>\na inclus\u00e3o digital dos idosos,<br \/>\na democratiza\u00e7\u00e3o da inform\u00e1tica.<\/p>\n<p>Evangelizar por todos os meios e novas linguagens.<\/p>\n<p>Enfim sinto-me feliz de ver tantos semblantes radiantes e recolhidos a manifestar no olhar e no sorrir que DEUS se comunica pelo AMOR.<\/p>\n<div id=\"themify_builder_content-3645\" data-postid=\"3645\" class=\"themify_builder_content themify_builder_content-3645 themify_builder themify_builder_front\">\n\t<\/div>\n<!-- \/themify_builder_content -->","protected":false},"excerpt":{"rendered":"<p>Todos os dias admiro as imagens e informa\u00e7\u00f5es do nosso site O Arcanjo e imagino que S\u00e3o Miguel Arcanjo \u00e9 nele muito glorificado e o povo de DEUS muito honrado. As informa\u00e7\u00f5es tem sido escolhidas com muita aten\u00e7\u00e3o e cuidado para a boa e s\u00f3lida forma\u00e7\u00e3o dos leitores, as imagens fotogr\u00e1ficas revelam tanta beleza e [&hellip;]<\/p>\n","protected":false},"author":4,"featured_media":0,"comment_status":"open","ping_status":"open","sticky":false,"template":"","format":"standard","meta":{"ngg_post_thumbnail":0,"footnotes":""},"categories":[4],"tags":[],"yoast_head":"<!-- This site is optimized with the Yoast SEO plugin v23.5 - https:\/\/yoast.com\/wordpress\/plugins\/seo\/ -->\n<title>Comunica\u00e7\u00e3o com Afeto! - O Arcanjo no ar<\/title>\n<meta name=\"robots\" content=\"index, follow, max-snippet:-1, max-image-preview:large, max-video-preview:-1\" \/>\n<link rel=\"canonical\" href=\"https:\/\/www.oarcanjo.net\/site\/comunicacao-com-afeto\/\" \/>\n<meta property=\"og:locale\" content=\"pt_BR\" \/>\n<meta property=\"og:type\" content=\"article\" \/>\n<meta property=\"og:title\" content=\"Comunica\u00e7\u00e3o com Afeto! - O Arcanjo no ar\" \/>\n<meta property=\"og:description\" content=\"Todos os dias admiro as imagens e informa\u00e7\u00f5es do nosso site O Arcanjo e imagino que S\u00e3o Miguel Arcanjo \u00e9 nele muito glorificado e o povo de DEUS muito honrado. As informa\u00e7\u00f5es tem sido escolhidas com muita aten\u00e7\u00e3o e cuidado para a boa e s\u00f3lida forma\u00e7\u00e3o dos leitores, as imagens fotogr\u00e1ficas revelam tanta beleza e [&hellip;]\" \/>\n<meta property=\"og:url\" content=\"https:\/\/www.oarcanjo.net\/site\/comunicacao-com-afeto\/\" \/>\n<meta property=\"og:site_name\" content=\"O Arcanjo no ar\" \/>\n<meta property=\"article:publisher\" content=\"https:\/\/www.facebook.com\/OArcanjoNoAr\/\" \/>\n<meta property=\"article:published_time\" content=\"2009-05-26T19:27:39+00:00\" \/>\n<meta property=\"article:modified_time\" content=\"2009-05-27T01:20:51+00:00\" \/>\n<meta property=\"og:image\" content=\"https:\/\/www.oarcanjo.net\/site\/wp-content\/uploads\/logo-o-arcanjo-no-ar-facebook.png\" \/>\n\t<meta property=\"og:image:width\" content=\"300\" \/>\n\t<meta property=\"og:image:height\" content=\"300\" \/>\n\t<meta property=\"og:image:type\" content=\"image\/png\" \/>\n<meta name=\"author\" content=\"julio\" \/>\n<meta name=\"twitter:card\" content=\"summary_large_image\" \/>\n<meta name=\"twitter:label1\" content=\"Escrito por\" \/>\n\t<meta name=\"twitter:data1\" content=\"julio\" \/>\n\t<meta name=\"twitter:label2\" content=\"Est. tempo de leitura\" \/>\n\t<meta name=\"twitter:data2\" content=\"1 minuto\" \/>\n<script type=\"application\/ld+json\" class=\"yoast-schema-graph\">{\"@context\":\"https:\/\/schema.org\",\"@graph\":[{\"@type\":\"Article\",\"@id\":\"https:\/\/www.oarcanjo.net\/site\/comunicacao-com-afeto\/#article\",\"isPartOf\":{\"@id\":\"https:\/\/www.oarcanjo.net\/site\/comunicacao-com-afeto\/\"},\"author\":{\"name\":\"julio\",\"@id\":\"https:\/\/www.oarcanjo.net\/site\/#\/schema\/person\/d78ea01c648c91e29c364b516767079e\"},\"headline\":\"Comunica\u00e7\u00e3o com Afeto!\",\"datePublished\":\"2009-05-26T19:27:39+00:00\",\"dateModified\":\"2009-05-27T01:20:51+00:00\",\"mainEntityOfPage\":{\"@id\":\"https:\/\/www.oarcanjo.net\/site\/comunicacao-com-afeto\/\"},\"wordCount\":249,\"commentCount\":2,\"publisher\":{\"@id\":\"https:\/\/www.oarcanjo.net\/site\/#organization\"},\"articleSection\":[\"Blog\"],\"inLanguage\":\"pt-BR\",\"potentialAction\":[{\"@type\":\"CommentAction\",\"name\":\"Comment\",\"target\":[\"https:\/\/www.oarcanjo.net\/site\/comunicacao-com-afeto\/#respond\"]}]},{\"@type\":\"WebPage\",\"@id\":\"https:\/\/www.oarcanjo.net\/site\/comunicacao-com-afeto\/\",\"url\":\"https:\/\/www.oarcanjo.net\/site\/comunicacao-com-afeto\/\",\"name\":\"Comunica\u00e7\u00e3o com Afeto! - O Arcanjo no ar\",\"isPartOf\":{\"@id\":\"https:\/\/www.oarcanjo.net\/site\/#website\"},\"datePublished\":\"2009-05-26T19:27:39+00:00\",\"dateModified\":\"2009-05-27T01:20:51+00:00\",\"breadcrumb\":{\"@id\":\"https:\/\/www.oarcanjo.net\/site\/comunicacao-com-afeto\/#breadcrumb\"},\"inLanguage\":\"pt-BR\",\"potentialAction\":[{\"@type\":\"ReadAction\",\"target\":[\"https:\/\/www.oarcanjo.net\/site\/comunicacao-com-afeto\/\"]}]},{\"@type\":\"BreadcrumbList\",\"@id\":\"https:\/\/www.oarcanjo.net\/site\/comunicacao-com-afeto\/#breadcrumb\",\"itemListElement\":[{\"@type\":\"ListItem\",\"position\":1,\"name\":\"In\u00edcio\",\"item\":\"https:\/\/www.oarcanjo.net\/site\/\"},{\"@type\":\"ListItem\",\"position\":2,\"name\":\"Comunica\u00e7\u00e3o com Afeto!\"}]},{\"@type\":\"WebSite\",\"@id\":\"https:\/\/www.oarcanjo.net\/site\/#website\",\"url\":\"https:\/\/www.oarcanjo.net\/site\/\",\"name\":\"O Arcanjo no ar\",\"description\":\"Site da Par\u00f3quia S\u00e3o Miguel Arcanjo (Arquidiocese de SP)\",\"publisher\":{\"@id\":\"https:\/\/www.oarcanjo.net\/site\/#organization\"},\"potentialAction\":[{\"@type\":\"SearchAction\",\"target\":{\"@type\":\"EntryPoint\",\"urlTemplate\":\"https:\/\/www.oarcanjo.net\/site\/?s={search_term_string}\"},\"query-input\":{\"@type\":\"PropertyValueSpecification\",\"valueRequired\":true,\"valueName\":\"search_term_string\"}}],\"inLanguage\":\"pt-BR\"},{\"@type\":\"Organization\",\"@id\":\"https:\/\/www.oarcanjo.net\/site\/#organization\",\"name\":\"Par\u00f3quia S\u00e3o Miguel Arcanjo\",\"url\":\"https:\/\/www.oarcanjo.net\/site\/\",\"logo\":{\"@type\":\"ImageObject\",\"inLanguage\":\"pt-BR\",\"@id\":\"https:\/\/www.oarcanjo.net\/site\/#\/schema\/logo\/image\/\",\"url\":\"https:\/\/www.oarcanjo.net\/site\/wp-content\/uploads\/LogoOArcanjo.png\",\"contentUrl\":\"https:\/\/www.oarcanjo.net\/site\/wp-content\/uploads\/LogoOArcanjo.png\",\"width\":319,\"height\":99,\"caption\":\"Par\u00f3quia S\u00e3o Miguel Arcanjo\"},\"image\":{\"@id\":\"https:\/\/www.oarcanjo.net\/site\/#\/schema\/logo\/image\/\"},\"sameAs\":[\"https:\/\/www.facebook.com\/OArcanjoNoAr\/\"]},{\"@type\":\"Person\",\"@id\":\"https:\/\/www.oarcanjo.net\/site\/#\/schema\/person\/d78ea01c648c91e29c364b516767079e\",\"name\":\"julio\",\"sameAs\":[\"http:\/\/www.oarcanjo.net\"]}]}<\/script>\n<!-- \/ Yoast SEO plugin. -->","yoast_head_json":{"title":"Comunica\u00e7\u00e3o com Afeto! - O Arcanjo no ar","robots":{"index":"index","follow":"follow","max-snippet":"max-snippet:-1","max-image-preview":"max-image-preview:large","max-video-preview":"max-video-preview:-1"},"canonical":"https:\/\/www.oarcanjo.net\/site\/comunicacao-com-afeto\/","og_locale":"pt_BR","og_type":"article","og_title":"Comunica\u00e7\u00e3o com Afeto! - O Arcanjo no ar","og_description":"Todos os dias admiro as imagens e informa\u00e7\u00f5es do nosso site O Arcanjo e imagino que S\u00e3o Miguel Arcanjo \u00e9 nele muito glorificado e o povo de DEUS muito honrado. As informa\u00e7\u00f5es tem sido escolhidas com muita aten\u00e7\u00e3o e cuidado para a boa e s\u00f3lida forma\u00e7\u00e3o dos leitores, as imagens fotogr\u00e1ficas revelam tanta beleza e [&hellip;]","og_url":"https:\/\/www.oarcanjo.net\/site\/comunicacao-com-afeto\/","og_site_name":"O Arcanjo no ar","article_publisher":"https:\/\/www.facebook.com\/OArcanjoNoAr\/","article_published_time":"2009-05-26T19:27:39+00:00","article_modified_time":"2009-05-27T01:20:51+00:00","og_image":[{"width":300,"height":300,"url":"https:\/\/www.oarcanjo.net\/site\/wp-content\/uploads\/logo-o-arcanjo-no-ar-facebook.png","type":"image\/png"}],"author":"julio","twitter_card":"summary_large_image","twitter_misc":{"Escrito por":"julio","Est. tempo de leitura":"1 minuto"},"schema":{"@context":"https:\/\/schema.org","@graph":[{"@type":"Article","@id":"https:\/\/www.oarcanjo.net\/site\/comunicacao-com-afeto\/#article","isPartOf":{"@id":"https:\/\/www.oarcanjo.net\/site\/comunicacao-com-afeto\/"},"author":{"name":"julio","@id":"https:\/\/www.oarcanjo.net\/site\/#\/schema\/person\/d78ea01c648c91e29c364b516767079e"},"headline":"Comunica\u00e7\u00e3o com Afeto!","datePublished":"2009-05-26T19:27:39+00:00","dateModified":"2009-05-27T01:20:51+00:00","mainEntityOfPage":{"@id":"https:\/\/www.oarcanjo.net\/site\/comunicacao-com-afeto\/"},"wordCount":249,"commentCount":2,"publisher":{"@id":"https:\/\/www.oarcanjo.net\/site\/#organization"},"articleSection":["Blog"],"inLanguage":"pt-BR","potentialAction":[{"@type":"CommentAction","name":"Comment","target":["https:\/\/www.oarcanjo.net\/site\/comunicacao-com-afeto\/#respond"]}]},{"@type":"WebPage","@id":"https:\/\/www.oarcanjo.net\/site\/comunicacao-com-afeto\/","url":"https:\/\/www.oarcanjo.net\/site\/comunicacao-com-afeto\/","name":"Comunica\u00e7\u00e3o com Afeto! - O Arcanjo no ar","isPartOf":{"@id":"https:\/\/www.oarcanjo.net\/site\/#website"},"datePublished":"2009-05-26T19:27:39+00:00","dateModified":"2009-05-27T01:20:51+00:00","breadcrumb":{"@id":"https:\/\/www.oarcanjo.net\/site\/comunicacao-com-afeto\/#breadcrumb"},"inLanguage":"pt-BR","potentialAction":[{"@type":"ReadAction","target":["https:\/\/www.oarcanjo.net\/site\/comunicacao-com-afeto\/"]}]},{"@type":"BreadcrumbList","@id":"https:\/\/www.oarcanjo.net\/site\/comunicacao-com-afeto\/#breadcrumb","itemListElement":[{"@type":"ListItem","position":1,"name":"In\u00edcio","item":"https:\/\/www.oarcanjo.net\/site\/"},{"@type":"ListItem","position":2,"name":"Comunica\u00e7\u00e3o com Afeto!"}]},{"@type":"WebSite","@id":"https:\/\/www.oarcanjo.net\/site\/#website","url":"https:\/\/www.oarcanjo.net\/site\/","name":"O Arcanjo no ar","description":"Site da Par\u00f3quia S\u00e3o Miguel Arcanjo (Arquidiocese de SP)","publisher":{"@id":"https:\/\/www.oarcanjo.net\/site\/#organization"},"potentialAction":[{"@type":"SearchAction","target":{"@type":"EntryPoint","urlTemplate":"https:\/\/www.oarcanjo.net\/site\/?s={search_term_string}"},"query-input":{"@type":"PropertyValueSpecification","valueRequired":true,"valueName":"search_term_string"}}],"inLanguage":"pt-BR"},{"@type":"Organization","@id":"https:\/\/www.oarcanjo.net\/site\/#organization","name":"Par\u00f3quia S\u00e3o Miguel Arcanjo","url":"https:\/\/www.oarcanjo.net\/site\/","logo":{"@type":"ImageObject","inLanguage":"pt-BR","@id":"https:\/\/www.oarcanjo.net\/site\/#\/schema\/logo\/image\/","url":"https:\/\/www.oarcanjo.net\/site\/wp-content\/uploads\/LogoOArcanjo.png","contentUrl":"https:\/\/www.oarcanjo.net\/site\/wp-content\/uploads\/LogoOArcanjo.png","width":319,"height":99,"caption":"Par\u00f3quia S\u00e3o Miguel Arcanjo"},"image":{"@id":"https:\/\/www.oarcanjo.net\/site\/#\/schema\/logo\/image\/"},"sameAs":["https:\/\/www.facebook.com\/OArcanjoNoAr\/"]},{"@type":"Person","@id":"https:\/\/www.oarcanjo.net\/site\/#\/schema\/person\/d78ea01c648c91e29c364b516767079e","name":"julio","sameAs":["http:\/\/www.oarcanjo.net"]}]}},"publishpress_future_action":{"enabled":false,"date":"2026-05-09 00:05:00","action":"category","newStatus":"draft","terms":[],"taxonomy":"category"},"publishpress_future_workflow_manual_trigger":{"enabledWorkflows":[]},"_links":{"self":[{"href":"https:\/\/www.oarcanjo.net\/site\/wp-json\/wp\/v2\/posts\/3645"}],"collection":[{"href":"https:\/\/www.oarcanjo.net\/site\/wp-json\/wp\/v2\/posts"}],"about":[{"href":"https:\/\/www.oarcanjo.net\/site\/wp-json\/wp\/v2\/types\/post"}],"author":[{"embeddable":true,"href":"https:\/\/www.oarcanjo.net\/site\/wp-json\/wp\/v2\/users\/4"}],"replies":[{"embeddable":true,"href":"https:\/\/www.oarcanjo.net\/site\/wp-json\/wp\/v2\/comments?post=3645"}],"version-history":[{"count":0,"href":"https:\/\/www.oarcanjo.net\/site\/wp-json\/wp\/v2\/posts\/3645\/revisions"}],"wp:attachment":[{"href":"https:\/\/www.oarcanjo.net\/site\/wp-json\/wp\/v2\/media?parent=3645"}],"wp:term":[{"taxonomy":"category","embeddable":true,"href":"https:\/\/www.oarcanjo.net\/site\/wp-json\/wp\/v2\/categories?post=3645"},{"taxonomy":"post_tag","embeddable":true,"href":"https:\/\/www.oarcanjo.net\/site\/wp-json\/wp\/v2\/tags?post=3645"}],"curies":[{"name":"wp","href":"https:\/\/api.w.org\/{rel}","templated":true}]}}