
{"id":3658,"date":"2009-05-27T09:30:09","date_gmt":"2009-05-27T12:30:09","guid":{"rendered":"http:\/\/www.oarcanjo.net\/site\/?p=3658"},"modified":"2009-05-27T09:30:09","modified_gmt":"2009-05-27T12:30:09","slug":"o-pelicano-e-a-eucaristia","status":"publish","type":"post","link":"https:\/\/www.oarcanjo.net\/site\/o-pelicano-e-a-eucaristia\/","title":{"rendered":"O pelicano e a Eucaristia"},"content":{"rendered":"<p>Pe Geovane Saraiva <\/p>\n<p>Sempre e por toda parte a refei\u00e7\u00e3o foi s\u00edmbolo de uni\u00e3o. Para n\u00f3s, crist\u00e3os, a refei\u00e7\u00e3o por excel\u00eancia \u00e9 a Eucaristia, com car\u00e1ter de sacrif\u00edcio e de a\u00e7\u00e3o de gra\u00e7as, como repeti\u00e7\u00e3o do sacrif\u00edcio de Cristo, do mist\u00e9rio pascal.<\/p>\n<p>S\u00e3o Jer\u00f4nimo, num coment\u00e1rio do Salmo 102, disse: \u201cSou como um pelicano do deserto, que fustiga o peito e alimenta com o pr\u00f3prio sangue os seus filhos\u201d. Ele \u00e9 o s\u00edmbolo do sacrif\u00edcio e da doa\u00e7\u00e3o de si mesmo. E a Eucaristia \u00e9 Jesus Cristo, como p\u00e3o do c\u00e9u, da paz e a salva\u00e7\u00e3o da humanidade.<\/p>\n<p>A principal caracter\u00edstica do pelicano \u00e9 \u00fanica: uma bolsa membranosa que prende o bico, duas ou tr\u00eas vezes maior que seu est\u00f4mago, que tem a finalidade de armazenar alimento por um determinado tempo. Assim, como a maioria das aves aqu\u00e1ticas, possui os dedos unidos por membranas. Eles s\u00e3o encontrados em todos os continentes, com exce\u00e7\u00e3o da Ant\u00e1rtida; medindo at\u00e9 tr\u00eas metros, de uma asa a outra e pesando at\u00e9 13 quilos. Os machos s\u00e3o normalmente maiores e possuem bicos mais longos que as f\u00eameas e alimentam-se de peixes. <\/p>\n<p>Na Europa medieval eram considerados animais especiais e zelosos que alimentavam os filhotes com o alimento que extra\u00edam da sua pr\u00f3pria bolsa e chegando a faltar alimento, dava-lhes o seu pr\u00f3prio sangue. <\/p>\n<p>Da\u00ed tornar-se um s\u00edmbolo da Paix\u00e3o de Cristo, da Eucaristia e da auto-imola\u00e7\u00e3o, costumando a sofrerem de uma doen\u00e7a que os deixavam com marca vermelha no peito. Outra vers\u00e3o de que eles costumavam matar os filhotes e, depois, ressuscit\u00e1-los com seu sangue, o que seria an\u00e1logo ao sacrif\u00edcio de Jesus.<\/p>\n<p>\u00d3 p\u00e1ssaro bom! \u00d3 pelicano bom, Senhor Jesus! Temos consci\u00eancia de que Eucaristia \u00e9 a renova\u00e7\u00e3o da alian\u00e7a do Senhor com os homens e que atrav\u00e9s dela se realiza de um modo cont\u00ednuo a obra da Reden\u00e7\u00e3o. Temos convic\u00e7\u00e3o de que a Eucaristia \u00e9 o sinal da unidade e v\u00ednculo da caridade e que tamb\u00e9m dela tende toda a\u00e7\u00e3o da Igreja e, ao mesmo tempo, \u00e9 a fonte donde emana toda sua for\u00e7a (cf. SC. 522, 537, 537 e 600).<\/p>\n<p>Que o p\u00e1ssaro bom nos ensine amar mais a Eucaristia, Sacramento no qual Jesus se acha presente, com seu corpo, sangue, alma e divindade. Ele \u00e9 banquete sagrado, \u201co pelicano bom a nos inundar com vosso sangue, sangue no qual uma s\u00f3 gota pode salvar o mundo inteiro\u201d (Santo Tom\u00e1s de Aquino).<\/p>\n<div id=\"themify_builder_content-3658\" data-postid=\"3658\" class=\"themify_builder_content themify_builder_content-3658 themify_builder themify_builder_front\">\n\t<\/div>\n<!-- \/themify_builder_content -->","protected":false},"excerpt":{"rendered":"<p>Pe Geovane Saraiva Sempre e por toda parte a refei\u00e7\u00e3o foi s\u00edmbolo de uni\u00e3o. Para n\u00f3s, crist\u00e3os, a refei\u00e7\u00e3o por excel\u00eancia \u00e9 a Eucaristia, com car\u00e1ter de sacrif\u00edcio e de a\u00e7\u00e3o de gra\u00e7as, como repeti\u00e7\u00e3o do sacrif\u00edcio de Cristo, do mist\u00e9rio pascal. S\u00e3o Jer\u00f4nimo, num coment\u00e1rio do Salmo 102, disse: \u201cSou como um pelicano do [&hellip;]<\/p>\n","protected":false},"author":5,"featured_media":0,"comment_status":"open","ping_status":"open","sticky":false,"template":"","format":"standard","meta":{"ngg_post_thumbnail":0,"footnotes":""},"categories":[9],"tags":[462,236,748,747],"yoast_head":"<!-- This site is optimized with the Yoast SEO plugin v23.5 - https:\/\/yoast.com\/wordpress\/plugins\/seo\/ -->\n<title>O pelicano e a Eucaristia - O Arcanjo no ar<\/title>\n<meta name=\"robots\" content=\"index, follow, max-snippet:-1, max-image-preview:large, max-video-preview:-1\" \/>\n<link rel=\"canonical\" href=\"https:\/\/www.oarcanjo.net\/site\/o-pelicano-e-a-eucaristia\/\" \/>\n<meta property=\"og:locale\" content=\"pt_BR\" \/>\n<meta property=\"og:type\" content=\"article\" \/>\n<meta property=\"og:title\" content=\"O pelicano e a Eucaristia - O Arcanjo no ar\" \/>\n<meta property=\"og:description\" content=\"Pe Geovane Saraiva Sempre e por toda parte a refei\u00e7\u00e3o foi s\u00edmbolo de uni\u00e3o. Para n\u00f3s, crist\u00e3os, a refei\u00e7\u00e3o por excel\u00eancia \u00e9 a Eucaristia, com car\u00e1ter de sacrif\u00edcio e de a\u00e7\u00e3o de gra\u00e7as, como repeti\u00e7\u00e3o do sacrif\u00edcio de Cristo, do mist\u00e9rio pascal. S\u00e3o Jer\u00f4nimo, num coment\u00e1rio do Salmo 102, disse: \u201cSou como um pelicano do [&hellip;]\" \/>\n<meta property=\"og:url\" content=\"https:\/\/www.oarcanjo.net\/site\/o-pelicano-e-a-eucaristia\/\" \/>\n<meta property=\"og:site_name\" content=\"O Arcanjo no ar\" \/>\n<meta property=\"article:publisher\" content=\"https:\/\/www.facebook.com\/OArcanjoNoAr\/\" \/>\n<meta property=\"article:published_time\" content=\"2009-05-27T12:30:09+00:00\" \/>\n<meta property=\"og:image\" content=\"https:\/\/www.oarcanjo.net\/site\/wp-content\/uploads\/logo-o-arcanjo-no-ar-facebook.png\" \/>\n\t<meta property=\"og:image:width\" content=\"300\" \/>\n\t<meta property=\"og:image:height\" content=\"300\" \/>\n\t<meta property=\"og:image:type\" content=\"image\/png\" \/>\n<meta name=\"author\" content=\"editor\" \/>\n<meta name=\"twitter:card\" content=\"summary_large_image\" \/>\n<meta name=\"twitter:label1\" content=\"Escrito por\" \/>\n\t<meta name=\"twitter:data1\" content=\"editor\" \/>\n\t<meta name=\"twitter:label2\" content=\"Est. tempo de leitura\" \/>\n\t<meta name=\"twitter:data2\" content=\"2 minutos\" \/>\n<script type=\"application\/ld+json\" class=\"yoast-schema-graph\">{\"@context\":\"https:\/\/schema.org\",\"@graph\":[{\"@type\":\"Article\",\"@id\":\"https:\/\/www.oarcanjo.net\/site\/o-pelicano-e-a-eucaristia\/#article\",\"isPartOf\":{\"@id\":\"https:\/\/www.oarcanjo.net\/site\/o-pelicano-e-a-eucaristia\/\"},\"author\":{\"name\":\"editor\",\"@id\":\"https:\/\/www.oarcanjo.net\/site\/#\/schema\/person\/f7024d007863202483a31326673a0838\"},\"headline\":\"O pelicano e a Eucaristia\",\"datePublished\":\"2009-05-27T12:30:09+00:00\",\"dateModified\":\"2009-05-27T12:30:09+00:00\",\"mainEntityOfPage\":{\"@id\":\"https:\/\/www.oarcanjo.net\/site\/o-pelicano-e-a-eucaristia\/\"},\"wordCount\":448,\"commentCount\":1,\"publisher\":{\"@id\":\"https:\/\/www.oarcanjo.net\/site\/#organization\"},\"keywords\":[\"Eucaristia\",\"Jesus\",\"mist\u00e9rio pascal\",\"pelicano\"],\"articleSection\":[\"Reflex\u00f5es\"],\"inLanguage\":\"pt-BR\",\"potentialAction\":[{\"@type\":\"CommentAction\",\"name\":\"Comment\",\"target\":[\"https:\/\/www.oarcanjo.net\/site\/o-pelicano-e-a-eucaristia\/#respond\"]}]},{\"@type\":\"WebPage\",\"@id\":\"https:\/\/www.oarcanjo.net\/site\/o-pelicano-e-a-eucaristia\/\",\"url\":\"https:\/\/www.oarcanjo.net\/site\/o-pelicano-e-a-eucaristia\/\",\"name\":\"O pelicano e a Eucaristia - O Arcanjo no ar\",\"isPartOf\":{\"@id\":\"https:\/\/www.oarcanjo.net\/site\/#website\"},\"datePublished\":\"2009-05-27T12:30:09+00:00\",\"dateModified\":\"2009-05-27T12:30:09+00:00\",\"breadcrumb\":{\"@id\":\"https:\/\/www.oarcanjo.net\/site\/o-pelicano-e-a-eucaristia\/#breadcrumb\"},\"inLanguage\":\"pt-BR\",\"potentialAction\":[{\"@type\":\"ReadAction\",\"target\":[\"https:\/\/www.oarcanjo.net\/site\/o-pelicano-e-a-eucaristia\/\"]}]},{\"@type\":\"BreadcrumbList\",\"@id\":\"https:\/\/www.oarcanjo.net\/site\/o-pelicano-e-a-eucaristia\/#breadcrumb\",\"itemListElement\":[{\"@type\":\"ListItem\",\"position\":1,\"name\":\"In\u00edcio\",\"item\":\"https:\/\/www.oarcanjo.net\/site\/\"},{\"@type\":\"ListItem\",\"position\":2,\"name\":\"O pelicano e a Eucaristia\"}]},{\"@type\":\"WebSite\",\"@id\":\"https:\/\/www.oarcanjo.net\/site\/#website\",\"url\":\"https:\/\/www.oarcanjo.net\/site\/\",\"name\":\"O Arcanjo no ar\",\"description\":\"Site da Par\u00f3quia S\u00e3o Miguel Arcanjo (Arquidiocese de SP)\",\"publisher\":{\"@id\":\"https:\/\/www.oarcanjo.net\/site\/#organization\"},\"potentialAction\":[{\"@type\":\"SearchAction\",\"target\":{\"@type\":\"EntryPoint\",\"urlTemplate\":\"https:\/\/www.oarcanjo.net\/site\/?s={search_term_string}\"},\"query-input\":{\"@type\":\"PropertyValueSpecification\",\"valueRequired\":true,\"valueName\":\"search_term_string\"}}],\"inLanguage\":\"pt-BR\"},{\"@type\":\"Organization\",\"@id\":\"https:\/\/www.oarcanjo.net\/site\/#organization\",\"name\":\"Par\u00f3quia S\u00e3o Miguel Arcanjo\",\"url\":\"https:\/\/www.oarcanjo.net\/site\/\",\"logo\":{\"@type\":\"ImageObject\",\"inLanguage\":\"pt-BR\",\"@id\":\"https:\/\/www.oarcanjo.net\/site\/#\/schema\/logo\/image\/\",\"url\":\"https:\/\/www.oarcanjo.net\/site\/wp-content\/uploads\/LogoOArcanjo.png\",\"contentUrl\":\"https:\/\/www.oarcanjo.net\/site\/wp-content\/uploads\/LogoOArcanjo.png\",\"width\":319,\"height\":99,\"caption\":\"Par\u00f3quia S\u00e3o Miguel Arcanjo\"},\"image\":{\"@id\":\"https:\/\/www.oarcanjo.net\/site\/#\/schema\/logo\/image\/\"},\"sameAs\":[\"https:\/\/www.facebook.com\/OArcanjoNoAr\/\"]},{\"@type\":\"Person\",\"@id\":\"https:\/\/www.oarcanjo.net\/site\/#\/schema\/person\/f7024d007863202483a31326673a0838\",\"name\":\"editor\",\"sameAs\":[\"http:\/\/www.oarcanjo.net\"]}]}<\/script>\n<!-- \/ Yoast SEO plugin. -->","yoast_head_json":{"title":"O pelicano e a Eucaristia - O Arcanjo no ar","robots":{"index":"index","follow":"follow","max-snippet":"max-snippet:-1","max-image-preview":"max-image-preview:large","max-video-preview":"max-video-preview:-1"},"canonical":"https:\/\/www.oarcanjo.net\/site\/o-pelicano-e-a-eucaristia\/","og_locale":"pt_BR","og_type":"article","og_title":"O pelicano e a Eucaristia - O Arcanjo no ar","og_description":"Pe Geovane Saraiva Sempre e por toda parte a refei\u00e7\u00e3o foi s\u00edmbolo de uni\u00e3o. Para n\u00f3s, crist\u00e3os, a refei\u00e7\u00e3o por excel\u00eancia \u00e9 a Eucaristia, com car\u00e1ter de sacrif\u00edcio e de a\u00e7\u00e3o de gra\u00e7as, como repeti\u00e7\u00e3o do sacrif\u00edcio de Cristo, do mist\u00e9rio pascal. S\u00e3o Jer\u00f4nimo, num coment\u00e1rio do Salmo 102, disse: \u201cSou como um pelicano do [&hellip;]","og_url":"https:\/\/www.oarcanjo.net\/site\/o-pelicano-e-a-eucaristia\/","og_site_name":"O Arcanjo no ar","article_publisher":"https:\/\/www.facebook.com\/OArcanjoNoAr\/","article_published_time":"2009-05-27T12:30:09+00:00","og_image":[{"width":300,"height":300,"url":"https:\/\/www.oarcanjo.net\/site\/wp-content\/uploads\/logo-o-arcanjo-no-ar-facebook.png","type":"image\/png"}],"author":"editor","twitter_card":"summary_large_image","twitter_misc":{"Escrito por":"editor","Est. tempo de leitura":"2 minutos"},"schema":{"@context":"https:\/\/schema.org","@graph":[{"@type":"Article","@id":"https:\/\/www.oarcanjo.net\/site\/o-pelicano-e-a-eucaristia\/#article","isPartOf":{"@id":"https:\/\/www.oarcanjo.net\/site\/o-pelicano-e-a-eucaristia\/"},"author":{"name":"editor","@id":"https:\/\/www.oarcanjo.net\/site\/#\/schema\/person\/f7024d007863202483a31326673a0838"},"headline":"O pelicano e a Eucaristia","datePublished":"2009-05-27T12:30:09+00:00","dateModified":"2009-05-27T12:30:09+00:00","mainEntityOfPage":{"@id":"https:\/\/www.oarcanjo.net\/site\/o-pelicano-e-a-eucaristia\/"},"wordCount":448,"commentCount":1,"publisher":{"@id":"https:\/\/www.oarcanjo.net\/site\/#organization"},"keywords":["Eucaristia","Jesus","mist\u00e9rio pascal","pelicano"],"articleSection":["Reflex\u00f5es"],"inLanguage":"pt-BR","potentialAction":[{"@type":"CommentAction","name":"Comment","target":["https:\/\/www.oarcanjo.net\/site\/o-pelicano-e-a-eucaristia\/#respond"]}]},{"@type":"WebPage","@id":"https:\/\/www.oarcanjo.net\/site\/o-pelicano-e-a-eucaristia\/","url":"https:\/\/www.oarcanjo.net\/site\/o-pelicano-e-a-eucaristia\/","name":"O pelicano e a Eucaristia - O Arcanjo no ar","isPartOf":{"@id":"https:\/\/www.oarcanjo.net\/site\/#website"},"datePublished":"2009-05-27T12:30:09+00:00","dateModified":"2009-05-27T12:30:09+00:00","breadcrumb":{"@id":"https:\/\/www.oarcanjo.net\/site\/o-pelicano-e-a-eucaristia\/#breadcrumb"},"inLanguage":"pt-BR","potentialAction":[{"@type":"ReadAction","target":["https:\/\/www.oarcanjo.net\/site\/o-pelicano-e-a-eucaristia\/"]}]},{"@type":"BreadcrumbList","@id":"https:\/\/www.oarcanjo.net\/site\/o-pelicano-e-a-eucaristia\/#breadcrumb","itemListElement":[{"@type":"ListItem","position":1,"name":"In\u00edcio","item":"https:\/\/www.oarcanjo.net\/site\/"},{"@type":"ListItem","position":2,"name":"O pelicano e a Eucaristia"}]},{"@type":"WebSite","@id":"https:\/\/www.oarcanjo.net\/site\/#website","url":"https:\/\/www.oarcanjo.net\/site\/","name":"O Arcanjo no ar","description":"Site da Par\u00f3quia S\u00e3o Miguel Arcanjo (Arquidiocese de SP)","publisher":{"@id":"https:\/\/www.oarcanjo.net\/site\/#organization"},"potentialAction":[{"@type":"SearchAction","target":{"@type":"EntryPoint","urlTemplate":"https:\/\/www.oarcanjo.net\/site\/?s={search_term_string}"},"query-input":{"@type":"PropertyValueSpecification","valueRequired":true,"valueName":"search_term_string"}}],"inLanguage":"pt-BR"},{"@type":"Organization","@id":"https:\/\/www.oarcanjo.net\/site\/#organization","name":"Par\u00f3quia S\u00e3o Miguel Arcanjo","url":"https:\/\/www.oarcanjo.net\/site\/","logo":{"@type":"ImageObject","inLanguage":"pt-BR","@id":"https:\/\/www.oarcanjo.net\/site\/#\/schema\/logo\/image\/","url":"https:\/\/www.oarcanjo.net\/site\/wp-content\/uploads\/LogoOArcanjo.png","contentUrl":"https:\/\/www.oarcanjo.net\/site\/wp-content\/uploads\/LogoOArcanjo.png","width":319,"height":99,"caption":"Par\u00f3quia S\u00e3o Miguel Arcanjo"},"image":{"@id":"https:\/\/www.oarcanjo.net\/site\/#\/schema\/logo\/image\/"},"sameAs":["https:\/\/www.facebook.com\/OArcanjoNoAr\/"]},{"@type":"Person","@id":"https:\/\/www.oarcanjo.net\/site\/#\/schema\/person\/f7024d007863202483a31326673a0838","name":"editor","sameAs":["http:\/\/www.oarcanjo.net"]}]}},"publishpress_future_action":{"enabled":false,"date":"2026-05-09 07:23:40","action":"category","newStatus":"draft","terms":[],"taxonomy":"category"},"publishpress_future_workflow_manual_trigger":{"enabledWorkflows":[]},"_links":{"self":[{"href":"https:\/\/www.oarcanjo.net\/site\/wp-json\/wp\/v2\/posts\/3658"}],"collection":[{"href":"https:\/\/www.oarcanjo.net\/site\/wp-json\/wp\/v2\/posts"}],"about":[{"href":"https:\/\/www.oarcanjo.net\/site\/wp-json\/wp\/v2\/types\/post"}],"author":[{"embeddable":true,"href":"https:\/\/www.oarcanjo.net\/site\/wp-json\/wp\/v2\/users\/5"}],"replies":[{"embeddable":true,"href":"https:\/\/www.oarcanjo.net\/site\/wp-json\/wp\/v2\/comments?post=3658"}],"version-history":[{"count":0,"href":"https:\/\/www.oarcanjo.net\/site\/wp-json\/wp\/v2\/posts\/3658\/revisions"}],"wp:attachment":[{"href":"https:\/\/www.oarcanjo.net\/site\/wp-json\/wp\/v2\/media?parent=3658"}],"wp:term":[{"taxonomy":"category","embeddable":true,"href":"https:\/\/www.oarcanjo.net\/site\/wp-json\/wp\/v2\/categories?post=3658"},{"taxonomy":"post_tag","embeddable":true,"href":"https:\/\/www.oarcanjo.net\/site\/wp-json\/wp\/v2\/tags?post=3658"}],"curies":[{"name":"wp","href":"https:\/\/api.w.org\/{rel}","templated":true}]}}