
{"id":3660,"date":"2009-05-27T22:46:52","date_gmt":"2009-05-28T01:46:52","guid":{"rendered":"http:\/\/www.oarcanjo.net\/site\/?p=3660"},"modified":"2009-05-27T22:46:52","modified_gmt":"2009-05-28T01:46:52","slug":"invocacao-ao-espirito","status":"publish","type":"post","link":"https:\/\/www.oarcanjo.net\/site\/invocacao-ao-espirito\/","title":{"rendered":"Invoca\u00e7\u00e3o ao Esp\u00edrito"},"content":{"rendered":"<p>Por Jos\u00e9 Antonio Pagola<br \/>\nTradu\u00e7\u00e3o: Antonio Manuel \u00c1lvarez P\u00e9rez<\/p>\n<p>Vem Esp\u00edrito Santo. Desperta a nossa f\u00e9 d\u00e9bil, pequena e vacilante. Ensina-nos a viver confiando no amor insond\u00e1vel de Deus nosso Pai a todos os Seus filhos e filhas, estejam dentro ou fora da Tua Igreja. Se se apaga esta f\u00e9 em nossos cora\u00e7\u00f5es, depressa morrer\u00e1 tamb\u00e9m em nossas comunidades e igrejas.<\/p>\n<p>Vem Esp\u00edrito Santo. Faz que Jesus ocupe o centro da Sua Igreja. Que nada nem ningu\u00e9m O suplante nem O obscure\u00e7a. N\u00e3o vivas entre n\u00f3s sem atrair-nos para o Seu Evangelho e sem converter-nos para segui-lo. Que n\u00e3o fujamos de Sua Palavra, nem nos desviemos do Seu mandato de amor. Que n\u00e3o se perca no mundo a Sua mem\u00f3ria.<\/p>\n<p>Vem Esp\u00edrito Santo. Abre os nossos ouvidos para escutar os Teus chamamentos, os que nos chegam hoje, desde as interroga\u00e7\u00f5es, sofrimentos, conflitos e contradi\u00e7\u00f5es dos homens e mulheres dos nossos dias. Faz-nos viver abertos ao Teu poder para gerar a f\u00e9 nova que necessita esta sociedade nova. Que, na Tua Igreja, vivamos mais atentos ao que nasce que ao que morre, com o cora\u00e7\u00e3o suportado pela esperan\u00e7a e n\u00e3o minado pela nostalgia.<\/p>\n<p>Vem Esp\u00edrito Santo e purifica o cora\u00e7\u00e3o da Tua Igreja. Coloca verdade entre n\u00f3s. Ensina-nos a reconhecer os nossos pecados e limita\u00e7\u00f5es. Recorda-nos que somos como todos: fr\u00e1geis, med\u00edocres e pecadores. Liberta-nos da nossa arrog\u00e2ncia e falsa seguran\u00e7a. Faz que aprendamos a caminhar entre os homens com mais verdade e humildade.<\/p>\n<p>Vem Esp\u00edrito Santo. Ensina-nos a olhar de forma nova a vida, o mundo e, sobretudo, as pessoas. Que aprendamos a olhar como Jesus olhava aos que sofrem, aos que choram, aos que caem, aos que vivem s\u00f3s e esquecidos. Se muda o nosso olhar, mudar\u00e1 tamb\u00e9m o cora\u00e7\u00e3o e o rosto da Tua Igreja. Os disc\u00edpulos de Jesus, irradiaremos melhor a Sua proximidade, a Sua compreens\u00e3o e solidariedade para com os mais necessitados. Iremos parecer-nos mais ao nosso Mestre e Senhor.<\/p>\n<p>Vem Esp\u00edrito Santo. Faz de n\u00f3s uma Igreja de portas abertas, cora\u00e7\u00e3o compassivo e esperan\u00e7a contagiosa. Que nada nem ningu\u00e9m nos distraia ou desvie do projeto de Jesus: fazer um mundo mais justo e digno, mais am\u00e1vel e ditoso, abrindo caminhos ao reino de Deus.<\/p>\n<div id=\"themify_builder_content-3660\" data-postid=\"3660\" class=\"themify_builder_content themify_builder_content-3660 themify_builder themify_builder_front\">\n\t<\/div>\n<!-- \/themify_builder_content -->","protected":false},"excerpt":{"rendered":"<p>Por Jos\u00e9 Antonio Pagola Tradu\u00e7\u00e3o: Antonio Manuel \u00c1lvarez P\u00e9rez Vem Esp\u00edrito Santo. Desperta a nossa f\u00e9 d\u00e9bil, pequena e vacilante. Ensina-nos a viver confiando no amor insond\u00e1vel de Deus nosso Pai a todos os Seus filhos e filhas, estejam dentro ou fora da Tua Igreja. Se se apaga esta f\u00e9 em nossos cora\u00e7\u00f5es, depressa morrer\u00e1 [&hellip;]<\/p>\n","protected":false},"author":5,"featured_media":0,"comment_status":"open","ping_status":"open","sticky":false,"template":"","format":"standard","meta":{"ngg_post_thumbnail":0,"footnotes":""},"categories":[6],"tags":[426,99],"yoast_head":"<!-- This site is optimized with the Yoast SEO plugin v23.5 - https:\/\/yoast.com\/wordpress\/plugins\/seo\/ -->\n<title>Invoca\u00e7\u00e3o ao Esp\u00edrito - O Arcanjo no ar<\/title>\n<meta name=\"robots\" content=\"index, follow, max-snippet:-1, max-image-preview:large, max-video-preview:-1\" \/>\n<link rel=\"canonical\" href=\"https:\/\/www.oarcanjo.net\/site\/invocacao-ao-espirito\/\" \/>\n<meta property=\"og:locale\" content=\"pt_BR\" \/>\n<meta property=\"og:type\" content=\"article\" \/>\n<meta property=\"og:title\" content=\"Invoca\u00e7\u00e3o ao Esp\u00edrito - O Arcanjo no ar\" \/>\n<meta property=\"og:description\" content=\"Por Jos\u00e9 Antonio Pagola Tradu\u00e7\u00e3o: Antonio Manuel \u00c1lvarez P\u00e9rez Vem Esp\u00edrito Santo. Desperta a nossa f\u00e9 d\u00e9bil, pequena e vacilante. Ensina-nos a viver confiando no amor insond\u00e1vel de Deus nosso Pai a todos os Seus filhos e filhas, estejam dentro ou fora da Tua Igreja. Se se apaga esta f\u00e9 em nossos cora\u00e7\u00f5es, depressa morrer\u00e1 [&hellip;]\" \/>\n<meta property=\"og:url\" content=\"https:\/\/www.oarcanjo.net\/site\/invocacao-ao-espirito\/\" \/>\n<meta property=\"og:site_name\" content=\"O Arcanjo no ar\" \/>\n<meta property=\"article:publisher\" content=\"https:\/\/www.facebook.com\/OArcanjoNoAr\/\" \/>\n<meta property=\"article:published_time\" content=\"2009-05-28T01:46:52+00:00\" \/>\n<meta property=\"og:image\" content=\"https:\/\/www.oarcanjo.net\/site\/wp-content\/uploads\/logo-o-arcanjo-no-ar-facebook.png\" \/>\n\t<meta property=\"og:image:width\" content=\"300\" \/>\n\t<meta property=\"og:image:height\" content=\"300\" \/>\n\t<meta property=\"og:image:type\" content=\"image\/png\" \/>\n<meta name=\"author\" content=\"editor\" \/>\n<meta name=\"twitter:card\" content=\"summary_large_image\" \/>\n<meta name=\"twitter:label1\" content=\"Escrito por\" \/>\n\t<meta name=\"twitter:data1\" content=\"editor\" \/>\n\t<meta name=\"twitter:label2\" content=\"Est. tempo de leitura\" \/>\n\t<meta name=\"twitter:data2\" content=\"2 minutos\" \/>\n<script type=\"application\/ld+json\" class=\"yoast-schema-graph\">{\"@context\":\"https:\/\/schema.org\",\"@graph\":[{\"@type\":\"Article\",\"@id\":\"https:\/\/www.oarcanjo.net\/site\/invocacao-ao-espirito\/#article\",\"isPartOf\":{\"@id\":\"https:\/\/www.oarcanjo.net\/site\/invocacao-ao-espirito\/\"},\"author\":{\"name\":\"editor\",\"@id\":\"https:\/\/www.oarcanjo.net\/site\/#\/schema\/person\/f7024d007863202483a31326673a0838\"},\"headline\":\"Invoca\u00e7\u00e3o ao Esp\u00edrito\",\"datePublished\":\"2009-05-28T01:46:52+00:00\",\"dateModified\":\"2009-05-28T01:46:52+00:00\",\"mainEntityOfPage\":{\"@id\":\"https:\/\/www.oarcanjo.net\/site\/invocacao-ao-espirito\/\"},\"wordCount\":415,\"commentCount\":0,\"publisher\":{\"@id\":\"https:\/\/www.oarcanjo.net\/site\/#organization\"},\"keywords\":[\"Esp\u00edrito Santo\",\"igreja\"],\"articleSection\":[\"Ora\u00e7\u00f5es\"],\"inLanguage\":\"pt-BR\",\"potentialAction\":[{\"@type\":\"CommentAction\",\"name\":\"Comment\",\"target\":[\"https:\/\/www.oarcanjo.net\/site\/invocacao-ao-espirito\/#respond\"]}]},{\"@type\":\"WebPage\",\"@id\":\"https:\/\/www.oarcanjo.net\/site\/invocacao-ao-espirito\/\",\"url\":\"https:\/\/www.oarcanjo.net\/site\/invocacao-ao-espirito\/\",\"name\":\"Invoca\u00e7\u00e3o ao Esp\u00edrito - O Arcanjo no ar\",\"isPartOf\":{\"@id\":\"https:\/\/www.oarcanjo.net\/site\/#website\"},\"datePublished\":\"2009-05-28T01:46:52+00:00\",\"dateModified\":\"2009-05-28T01:46:52+00:00\",\"breadcrumb\":{\"@id\":\"https:\/\/www.oarcanjo.net\/site\/invocacao-ao-espirito\/#breadcrumb\"},\"inLanguage\":\"pt-BR\",\"potentialAction\":[{\"@type\":\"ReadAction\",\"target\":[\"https:\/\/www.oarcanjo.net\/site\/invocacao-ao-espirito\/\"]}]},{\"@type\":\"BreadcrumbList\",\"@id\":\"https:\/\/www.oarcanjo.net\/site\/invocacao-ao-espirito\/#breadcrumb\",\"itemListElement\":[{\"@type\":\"ListItem\",\"position\":1,\"name\":\"In\u00edcio\",\"item\":\"https:\/\/www.oarcanjo.net\/site\/\"},{\"@type\":\"ListItem\",\"position\":2,\"name\":\"Invoca\u00e7\u00e3o ao Esp\u00edrito\"}]},{\"@type\":\"WebSite\",\"@id\":\"https:\/\/www.oarcanjo.net\/site\/#website\",\"url\":\"https:\/\/www.oarcanjo.net\/site\/\",\"name\":\"O Arcanjo no ar\",\"description\":\"Site da Par\u00f3quia S\u00e3o Miguel Arcanjo (Arquidiocese de SP)\",\"publisher\":{\"@id\":\"https:\/\/www.oarcanjo.net\/site\/#organization\"},\"potentialAction\":[{\"@type\":\"SearchAction\",\"target\":{\"@type\":\"EntryPoint\",\"urlTemplate\":\"https:\/\/www.oarcanjo.net\/site\/?s={search_term_string}\"},\"query-input\":{\"@type\":\"PropertyValueSpecification\",\"valueRequired\":true,\"valueName\":\"search_term_string\"}}],\"inLanguage\":\"pt-BR\"},{\"@type\":\"Organization\",\"@id\":\"https:\/\/www.oarcanjo.net\/site\/#organization\",\"name\":\"Par\u00f3quia S\u00e3o Miguel Arcanjo\",\"url\":\"https:\/\/www.oarcanjo.net\/site\/\",\"logo\":{\"@type\":\"ImageObject\",\"inLanguage\":\"pt-BR\",\"@id\":\"https:\/\/www.oarcanjo.net\/site\/#\/schema\/logo\/image\/\",\"url\":\"https:\/\/www.oarcanjo.net\/site\/wp-content\/uploads\/LogoOArcanjo.png\",\"contentUrl\":\"https:\/\/www.oarcanjo.net\/site\/wp-content\/uploads\/LogoOArcanjo.png\",\"width\":319,\"height\":99,\"caption\":\"Par\u00f3quia S\u00e3o Miguel Arcanjo\"},\"image\":{\"@id\":\"https:\/\/www.oarcanjo.net\/site\/#\/schema\/logo\/image\/\"},\"sameAs\":[\"https:\/\/www.facebook.com\/OArcanjoNoAr\/\"]},{\"@type\":\"Person\",\"@id\":\"https:\/\/www.oarcanjo.net\/site\/#\/schema\/person\/f7024d007863202483a31326673a0838\",\"name\":\"editor\",\"sameAs\":[\"http:\/\/www.oarcanjo.net\"]}]}<\/script>\n<!-- \/ Yoast SEO plugin. -->","yoast_head_json":{"title":"Invoca\u00e7\u00e3o ao Esp\u00edrito - O Arcanjo no ar","robots":{"index":"index","follow":"follow","max-snippet":"max-snippet:-1","max-image-preview":"max-image-preview:large","max-video-preview":"max-video-preview:-1"},"canonical":"https:\/\/www.oarcanjo.net\/site\/invocacao-ao-espirito\/","og_locale":"pt_BR","og_type":"article","og_title":"Invoca\u00e7\u00e3o ao Esp\u00edrito - O Arcanjo no ar","og_description":"Por Jos\u00e9 Antonio Pagola Tradu\u00e7\u00e3o: Antonio Manuel \u00c1lvarez P\u00e9rez Vem Esp\u00edrito Santo. Desperta a nossa f\u00e9 d\u00e9bil, pequena e vacilante. Ensina-nos a viver confiando no amor insond\u00e1vel de Deus nosso Pai a todos os Seus filhos e filhas, estejam dentro ou fora da Tua Igreja. Se se apaga esta f\u00e9 em nossos cora\u00e7\u00f5es, depressa morrer\u00e1 [&hellip;]","og_url":"https:\/\/www.oarcanjo.net\/site\/invocacao-ao-espirito\/","og_site_name":"O Arcanjo no ar","article_publisher":"https:\/\/www.facebook.com\/OArcanjoNoAr\/","article_published_time":"2009-05-28T01:46:52+00:00","og_image":[{"width":300,"height":300,"url":"https:\/\/www.oarcanjo.net\/site\/wp-content\/uploads\/logo-o-arcanjo-no-ar-facebook.png","type":"image\/png"}],"author":"editor","twitter_card":"summary_large_image","twitter_misc":{"Escrito por":"editor","Est. tempo de leitura":"2 minutos"},"schema":{"@context":"https:\/\/schema.org","@graph":[{"@type":"Article","@id":"https:\/\/www.oarcanjo.net\/site\/invocacao-ao-espirito\/#article","isPartOf":{"@id":"https:\/\/www.oarcanjo.net\/site\/invocacao-ao-espirito\/"},"author":{"name":"editor","@id":"https:\/\/www.oarcanjo.net\/site\/#\/schema\/person\/f7024d007863202483a31326673a0838"},"headline":"Invoca\u00e7\u00e3o ao Esp\u00edrito","datePublished":"2009-05-28T01:46:52+00:00","dateModified":"2009-05-28T01:46:52+00:00","mainEntityOfPage":{"@id":"https:\/\/www.oarcanjo.net\/site\/invocacao-ao-espirito\/"},"wordCount":415,"commentCount":0,"publisher":{"@id":"https:\/\/www.oarcanjo.net\/site\/#organization"},"keywords":["Esp\u00edrito Santo","igreja"],"articleSection":["Ora\u00e7\u00f5es"],"inLanguage":"pt-BR","potentialAction":[{"@type":"CommentAction","name":"Comment","target":["https:\/\/www.oarcanjo.net\/site\/invocacao-ao-espirito\/#respond"]}]},{"@type":"WebPage","@id":"https:\/\/www.oarcanjo.net\/site\/invocacao-ao-espirito\/","url":"https:\/\/www.oarcanjo.net\/site\/invocacao-ao-espirito\/","name":"Invoca\u00e7\u00e3o ao Esp\u00edrito - O Arcanjo no ar","isPartOf":{"@id":"https:\/\/www.oarcanjo.net\/site\/#website"},"datePublished":"2009-05-28T01:46:52+00:00","dateModified":"2009-05-28T01:46:52+00:00","breadcrumb":{"@id":"https:\/\/www.oarcanjo.net\/site\/invocacao-ao-espirito\/#breadcrumb"},"inLanguage":"pt-BR","potentialAction":[{"@type":"ReadAction","target":["https:\/\/www.oarcanjo.net\/site\/invocacao-ao-espirito\/"]}]},{"@type":"BreadcrumbList","@id":"https:\/\/www.oarcanjo.net\/site\/invocacao-ao-espirito\/#breadcrumb","itemListElement":[{"@type":"ListItem","position":1,"name":"In\u00edcio","item":"https:\/\/www.oarcanjo.net\/site\/"},{"@type":"ListItem","position":2,"name":"Invoca\u00e7\u00e3o ao Esp\u00edrito"}]},{"@type":"WebSite","@id":"https:\/\/www.oarcanjo.net\/site\/#website","url":"https:\/\/www.oarcanjo.net\/site\/","name":"O Arcanjo no ar","description":"Site da Par\u00f3quia S\u00e3o Miguel Arcanjo (Arquidiocese de SP)","publisher":{"@id":"https:\/\/www.oarcanjo.net\/site\/#organization"},"potentialAction":[{"@type":"SearchAction","target":{"@type":"EntryPoint","urlTemplate":"https:\/\/www.oarcanjo.net\/site\/?s={search_term_string}"},"query-input":{"@type":"PropertyValueSpecification","valueRequired":true,"valueName":"search_term_string"}}],"inLanguage":"pt-BR"},{"@type":"Organization","@id":"https:\/\/www.oarcanjo.net\/site\/#organization","name":"Par\u00f3quia S\u00e3o Miguel Arcanjo","url":"https:\/\/www.oarcanjo.net\/site\/","logo":{"@type":"ImageObject","inLanguage":"pt-BR","@id":"https:\/\/www.oarcanjo.net\/site\/#\/schema\/logo\/image\/","url":"https:\/\/www.oarcanjo.net\/site\/wp-content\/uploads\/LogoOArcanjo.png","contentUrl":"https:\/\/www.oarcanjo.net\/site\/wp-content\/uploads\/LogoOArcanjo.png","width":319,"height":99,"caption":"Par\u00f3quia S\u00e3o Miguel Arcanjo"},"image":{"@id":"https:\/\/www.oarcanjo.net\/site\/#\/schema\/logo\/image\/"},"sameAs":["https:\/\/www.facebook.com\/OArcanjoNoAr\/"]},{"@type":"Person","@id":"https:\/\/www.oarcanjo.net\/site\/#\/schema\/person\/f7024d007863202483a31326673a0838","name":"editor","sameAs":["http:\/\/www.oarcanjo.net"]}]}},"publishpress_future_action":{"enabled":false,"date":"2026-05-07 15:47:44","action":"category","newStatus":"draft","terms":[],"taxonomy":"category"},"publishpress_future_workflow_manual_trigger":{"enabledWorkflows":[]},"_links":{"self":[{"href":"https:\/\/www.oarcanjo.net\/site\/wp-json\/wp\/v2\/posts\/3660"}],"collection":[{"href":"https:\/\/www.oarcanjo.net\/site\/wp-json\/wp\/v2\/posts"}],"about":[{"href":"https:\/\/www.oarcanjo.net\/site\/wp-json\/wp\/v2\/types\/post"}],"author":[{"embeddable":true,"href":"https:\/\/www.oarcanjo.net\/site\/wp-json\/wp\/v2\/users\/5"}],"replies":[{"embeddable":true,"href":"https:\/\/www.oarcanjo.net\/site\/wp-json\/wp\/v2\/comments?post=3660"}],"version-history":[{"count":0,"href":"https:\/\/www.oarcanjo.net\/site\/wp-json\/wp\/v2\/posts\/3660\/revisions"}],"wp:attachment":[{"href":"https:\/\/www.oarcanjo.net\/site\/wp-json\/wp\/v2\/media?parent=3660"}],"wp:term":[{"taxonomy":"category","embeddable":true,"href":"https:\/\/www.oarcanjo.net\/site\/wp-json\/wp\/v2\/categories?post=3660"},{"taxonomy":"post_tag","embeddable":true,"href":"https:\/\/www.oarcanjo.net\/site\/wp-json\/wp\/v2\/tags?post=3660"}],"curies":[{"name":"wp","href":"https:\/\/api.w.org\/{rel}","templated":true}]}}