
{"id":3662,"date":"2009-05-27T22:50:26","date_gmt":"2009-05-28T01:50:26","guid":{"rendered":"http:\/\/www.oarcanjo.net\/site\/?p=3662"},"modified":"2009-05-27T22:50:26","modified_gmt":"2009-05-28T01:50:26","slug":"a-mecha-ainda-fumega","status":"publish","type":"post","link":"https:\/\/www.oarcanjo.net\/site\/a-mecha-ainda-fumega\/","title":{"rendered":"A mecha ainda fumega"},"content":{"rendered":"<p>Padre Cido Pereira<\/p>\n<p>Primeiro caso:<\/p>\n<p>Aquela irm\u00e3zinha humilde, com uma crian\u00e7a nos bra\u00e7os, chegou  \u00e0 secretaria da par\u00f3quia e pediu para falar com o padre. <\/p>\n<p>&#8220;Tem que marcar hora! Ele \u00e9 muito ocupado!&#8221; &#8211; respondeu a secretaria.  &#8220;Mas voc\u00ea pode adiantar o assunto?<\/p>\n<p>&#8220;\u00c9 que eu quero batizar o meu filhinho, este aqui! Eu quero que ele seja filho de Deus.&#8221;<\/p>\n<p>&#8220;Sim&#8230;&#8221; disse a secret\u00e1ria. &#8220;Mas me diga uma coisa: Voc\u00ea \u00e9 casada na Igreja?&#8221;<\/p>\n<p>&#8220;N\u00e3o. Meu namorado &#8211; o pai da crian\u00e7a sabe? &#8211; deu no p\u00e9. Foi embora.&#8221;<\/p>\n<p>E a secret\u00e1ria, zelosa: &#8220;\u00c9&#8230; ent\u00e3o vai ser dif\u00edcil batizar! N\u00e3o adianta nem falar com o padre!&#8221; <\/p>\n<p>Segundo caso:<\/p>\n<p>Aquela irm\u00e3zinha humilde, uma crian\u00e7a nos  bra\u00e7os, chegou \u00e0 secretaria da par\u00f3quia e pediu para falar com o padre.<\/p>\n<p>&#8220;Tem que marcar hora! Ele \u00e9 muito ocupado! &#8211; respondeu a secret\u00e1ria. &#8220;Mas voc\u00ea pode adiantar o assunto?&#8221;<\/p>\n<p>&#8220;\u00c9 que eu quero batizar o meu filhinho, este aqui! Eu quero que ele seja filho de Deus.&#8221;<\/p>\n<p>Nossa, que coisa boa, menina. Deus te deu este presente? Maravilha! N\u00e3o precisa nem falar com o padre. Vamos fazer a inscri\u00e7\u00e3o. <\/p>\n<p>&#8220;Mas&#8230; eu n\u00e3o sou casada na Igreja! Sou m\u00e3e solteira.&#8221;<\/p>\n<p>N\u00e3o importa agora, minha querida. O que importa \u00e9 batizar seu filhinho, esta fofura que a\u00ed est\u00e1. Quem voc\u00ea escolheu para padrinhos?<\/p>\n<p>&#8220;Meus pais! Eles sofreram muito com a minha gravidez, mas me acolheram e me ajudaram.&#8221;<\/p>\n<p>&#8220;Bela escolha. Comecemos, ent\u00e3o, a inscri\u00e7\u00e3o. Seu nome?&#8221;<\/p>\n<p>&#8220;Maria de Nazar\u00e9&#8230;&#8221;<\/p>\n<p>Ah&#8230;! Meus irm\u00e3os padres, minhas queridas secret\u00e1rias, povo de Deus de nossa pastoral do Batismo&#8230; sejamos sinais da ternura de Deus. N\u00e3o apaguemos a mecha que ainda fumega, n\u00e3o quebremos de vez a taquara rachada, como no primeiro caso. <\/p>\n<p>Ou\u00e7amos Jesus:<\/p>\n<p>&#8220;Depois disso, algumas pessoas levaram as suas crian\u00e7as a Jesus para que as aben\u00e7oasse, mas os disc\u00edpulos repreenderam aquelas pessoas. Quando viu isso, Jesus n\u00e3o gostou e disse:<\/p>\n<p>\u2018Deixem que as crian\u00e7as venham a mim e n\u00e3o pro\u00edbam que elas fa\u00e7am isso, pois o Reino de Deus \u00e9 das pessoas que s\u00e3o como estas crian\u00e7as. Eu afirmo a voc\u00eas que isto \u00e9 verdade: quem n\u00e3o receber o Reino de Deus como uma crian\u00e7a nunca entrar\u00e1 nele\u2019. <\/p>\n<p>Ent\u00e3o Jesus abra\u00e7ou as crian\u00e7as e as aben\u00e7oou, pondo as m\u00e3os sobre elas&#8221;.<\/p>\n<div id=\"themify_builder_content-3662\" data-postid=\"3662\" class=\"themify_builder_content themify_builder_content-3662 themify_builder themify_builder_front\">\n\t<\/div>\n<!-- \/themify_builder_content -->","protected":false},"excerpt":{"rendered":"<p>Padre Cido Pereira Primeiro caso: Aquela irm\u00e3zinha humilde, com uma crian\u00e7a nos bra\u00e7os, chegou \u00e0 secretaria da par\u00f3quia e pediu para falar com o padre. &#8220;Tem que marcar hora! Ele \u00e9 muito ocupado!&#8221; &#8211; respondeu a secretaria. &#8220;Mas voc\u00ea pode adiantar o assunto? &#8220;\u00c9 que eu quero batizar o meu filhinho, este aqui! Eu quero [&hellip;]<\/p>\n","protected":false},"author":5,"featured_media":0,"comment_status":"open","ping_status":"open","sticky":false,"template":"","format":"standard","meta":{"ngg_post_thumbnail":0,"footnotes":""},"categories":[9],"tags":[559,119,99,236],"yoast_head":"<!-- This site is optimized with the Yoast SEO plugin v23.5 - https:\/\/yoast.com\/wordpress\/plugins\/seo\/ -->\n<title>A mecha ainda fumega - O Arcanjo no ar<\/title>\n<meta name=\"robots\" content=\"index, follow, max-snippet:-1, max-image-preview:large, max-video-preview:-1\" \/>\n<link rel=\"canonical\" href=\"https:\/\/www.oarcanjo.net\/site\/a-mecha-ainda-fumega\/\" \/>\n<meta property=\"og:locale\" content=\"pt_BR\" \/>\n<meta property=\"og:type\" content=\"article\" \/>\n<meta property=\"og:title\" content=\"A mecha ainda fumega - O Arcanjo no ar\" \/>\n<meta property=\"og:description\" content=\"Padre Cido Pereira Primeiro caso: Aquela irm\u00e3zinha humilde, com uma crian\u00e7a nos bra\u00e7os, chegou \u00e0 secretaria da par\u00f3quia e pediu para falar com o padre. &#8220;Tem que marcar hora! Ele \u00e9 muito ocupado!&#8221; &#8211; respondeu a secretaria. &#8220;Mas voc\u00ea pode adiantar o assunto? &#8220;\u00c9 que eu quero batizar o meu filhinho, este aqui! Eu quero [&hellip;]\" \/>\n<meta property=\"og:url\" content=\"https:\/\/www.oarcanjo.net\/site\/a-mecha-ainda-fumega\/\" \/>\n<meta property=\"og:site_name\" content=\"O Arcanjo no ar\" \/>\n<meta property=\"article:publisher\" content=\"https:\/\/www.facebook.com\/OArcanjoNoAr\/\" \/>\n<meta property=\"article:published_time\" content=\"2009-05-28T01:50:26+00:00\" \/>\n<meta property=\"og:image\" content=\"https:\/\/www.oarcanjo.net\/site\/wp-content\/uploads\/logo-o-arcanjo-no-ar-facebook.png\" \/>\n\t<meta property=\"og:image:width\" content=\"300\" \/>\n\t<meta property=\"og:image:height\" content=\"300\" \/>\n\t<meta property=\"og:image:type\" content=\"image\/png\" \/>\n<meta name=\"author\" content=\"editor\" \/>\n<meta name=\"twitter:card\" content=\"summary_large_image\" \/>\n<meta name=\"twitter:label1\" content=\"Escrito por\" \/>\n\t<meta name=\"twitter:data1\" content=\"editor\" \/>\n\t<meta name=\"twitter:label2\" content=\"Est. tempo de leitura\" \/>\n\t<meta name=\"twitter:data2\" content=\"2 minutos\" \/>\n<script type=\"application\/ld+json\" class=\"yoast-schema-graph\">{\"@context\":\"https:\/\/schema.org\",\"@graph\":[{\"@type\":\"Article\",\"@id\":\"https:\/\/www.oarcanjo.net\/site\/a-mecha-ainda-fumega\/#article\",\"isPartOf\":{\"@id\":\"https:\/\/www.oarcanjo.net\/site\/a-mecha-ainda-fumega\/\"},\"author\":{\"name\":\"editor\",\"@id\":\"https:\/\/www.oarcanjo.net\/site\/#\/schema\/person\/f7024d007863202483a31326673a0838\"},\"headline\":\"A mecha ainda fumega\",\"datePublished\":\"2009-05-28T01:50:26+00:00\",\"dateModified\":\"2009-05-28T01:50:26+00:00\",\"mainEntityOfPage\":{\"@id\":\"https:\/\/www.oarcanjo.net\/site\/a-mecha-ainda-fumega\/\"},\"wordCount\":413,\"commentCount\":0,\"publisher\":{\"@id\":\"https:\/\/www.oarcanjo.net\/site\/#organization\"},\"keywords\":[\"acolhida\",\"fam\u00edlia\",\"igreja\",\"Jesus\"],\"articleSection\":[\"Reflex\u00f5es\"],\"inLanguage\":\"pt-BR\",\"potentialAction\":[{\"@type\":\"CommentAction\",\"name\":\"Comment\",\"target\":[\"https:\/\/www.oarcanjo.net\/site\/a-mecha-ainda-fumega\/#respond\"]}]},{\"@type\":\"WebPage\",\"@id\":\"https:\/\/www.oarcanjo.net\/site\/a-mecha-ainda-fumega\/\",\"url\":\"https:\/\/www.oarcanjo.net\/site\/a-mecha-ainda-fumega\/\",\"name\":\"A mecha ainda fumega - O Arcanjo no ar\",\"isPartOf\":{\"@id\":\"https:\/\/www.oarcanjo.net\/site\/#website\"},\"datePublished\":\"2009-05-28T01:50:26+00:00\",\"dateModified\":\"2009-05-28T01:50:26+00:00\",\"breadcrumb\":{\"@id\":\"https:\/\/www.oarcanjo.net\/site\/a-mecha-ainda-fumega\/#breadcrumb\"},\"inLanguage\":\"pt-BR\",\"potentialAction\":[{\"@type\":\"ReadAction\",\"target\":[\"https:\/\/www.oarcanjo.net\/site\/a-mecha-ainda-fumega\/\"]}]},{\"@type\":\"BreadcrumbList\",\"@id\":\"https:\/\/www.oarcanjo.net\/site\/a-mecha-ainda-fumega\/#breadcrumb\",\"itemListElement\":[{\"@type\":\"ListItem\",\"position\":1,\"name\":\"In\u00edcio\",\"item\":\"https:\/\/www.oarcanjo.net\/site\/\"},{\"@type\":\"ListItem\",\"position\":2,\"name\":\"A mecha ainda fumega\"}]},{\"@type\":\"WebSite\",\"@id\":\"https:\/\/www.oarcanjo.net\/site\/#website\",\"url\":\"https:\/\/www.oarcanjo.net\/site\/\",\"name\":\"O Arcanjo no ar\",\"description\":\"Site da Par\u00f3quia S\u00e3o Miguel Arcanjo (Arquidiocese de SP)\",\"publisher\":{\"@id\":\"https:\/\/www.oarcanjo.net\/site\/#organization\"},\"potentialAction\":[{\"@type\":\"SearchAction\",\"target\":{\"@type\":\"EntryPoint\",\"urlTemplate\":\"https:\/\/www.oarcanjo.net\/site\/?s={search_term_string}\"},\"query-input\":{\"@type\":\"PropertyValueSpecification\",\"valueRequired\":true,\"valueName\":\"search_term_string\"}}],\"inLanguage\":\"pt-BR\"},{\"@type\":\"Organization\",\"@id\":\"https:\/\/www.oarcanjo.net\/site\/#organization\",\"name\":\"Par\u00f3quia S\u00e3o Miguel Arcanjo\",\"url\":\"https:\/\/www.oarcanjo.net\/site\/\",\"logo\":{\"@type\":\"ImageObject\",\"inLanguage\":\"pt-BR\",\"@id\":\"https:\/\/www.oarcanjo.net\/site\/#\/schema\/logo\/image\/\",\"url\":\"https:\/\/www.oarcanjo.net\/site\/wp-content\/uploads\/LogoOArcanjo.png\",\"contentUrl\":\"https:\/\/www.oarcanjo.net\/site\/wp-content\/uploads\/LogoOArcanjo.png\",\"width\":319,\"height\":99,\"caption\":\"Par\u00f3quia S\u00e3o Miguel Arcanjo\"},\"image\":{\"@id\":\"https:\/\/www.oarcanjo.net\/site\/#\/schema\/logo\/image\/\"},\"sameAs\":[\"https:\/\/www.facebook.com\/OArcanjoNoAr\/\"]},{\"@type\":\"Person\",\"@id\":\"https:\/\/www.oarcanjo.net\/site\/#\/schema\/person\/f7024d007863202483a31326673a0838\",\"name\":\"editor\",\"sameAs\":[\"http:\/\/www.oarcanjo.net\"]}]}<\/script>\n<!-- \/ Yoast SEO plugin. -->","yoast_head_json":{"title":"A mecha ainda fumega - O Arcanjo no ar","robots":{"index":"index","follow":"follow","max-snippet":"max-snippet:-1","max-image-preview":"max-image-preview:large","max-video-preview":"max-video-preview:-1"},"canonical":"https:\/\/www.oarcanjo.net\/site\/a-mecha-ainda-fumega\/","og_locale":"pt_BR","og_type":"article","og_title":"A mecha ainda fumega - O Arcanjo no ar","og_description":"Padre Cido Pereira Primeiro caso: Aquela irm\u00e3zinha humilde, com uma crian\u00e7a nos bra\u00e7os, chegou \u00e0 secretaria da par\u00f3quia e pediu para falar com o padre. &#8220;Tem que marcar hora! Ele \u00e9 muito ocupado!&#8221; &#8211; respondeu a secretaria. &#8220;Mas voc\u00ea pode adiantar o assunto? &#8220;\u00c9 que eu quero batizar o meu filhinho, este aqui! Eu quero [&hellip;]","og_url":"https:\/\/www.oarcanjo.net\/site\/a-mecha-ainda-fumega\/","og_site_name":"O Arcanjo no ar","article_publisher":"https:\/\/www.facebook.com\/OArcanjoNoAr\/","article_published_time":"2009-05-28T01:50:26+00:00","og_image":[{"width":300,"height":300,"url":"https:\/\/www.oarcanjo.net\/site\/wp-content\/uploads\/logo-o-arcanjo-no-ar-facebook.png","type":"image\/png"}],"author":"editor","twitter_card":"summary_large_image","twitter_misc":{"Escrito por":"editor","Est. tempo de leitura":"2 minutos"},"schema":{"@context":"https:\/\/schema.org","@graph":[{"@type":"Article","@id":"https:\/\/www.oarcanjo.net\/site\/a-mecha-ainda-fumega\/#article","isPartOf":{"@id":"https:\/\/www.oarcanjo.net\/site\/a-mecha-ainda-fumega\/"},"author":{"name":"editor","@id":"https:\/\/www.oarcanjo.net\/site\/#\/schema\/person\/f7024d007863202483a31326673a0838"},"headline":"A mecha ainda fumega","datePublished":"2009-05-28T01:50:26+00:00","dateModified":"2009-05-28T01:50:26+00:00","mainEntityOfPage":{"@id":"https:\/\/www.oarcanjo.net\/site\/a-mecha-ainda-fumega\/"},"wordCount":413,"commentCount":0,"publisher":{"@id":"https:\/\/www.oarcanjo.net\/site\/#organization"},"keywords":["acolhida","fam\u00edlia","igreja","Jesus"],"articleSection":["Reflex\u00f5es"],"inLanguage":"pt-BR","potentialAction":[{"@type":"CommentAction","name":"Comment","target":["https:\/\/www.oarcanjo.net\/site\/a-mecha-ainda-fumega\/#respond"]}]},{"@type":"WebPage","@id":"https:\/\/www.oarcanjo.net\/site\/a-mecha-ainda-fumega\/","url":"https:\/\/www.oarcanjo.net\/site\/a-mecha-ainda-fumega\/","name":"A mecha ainda fumega - O Arcanjo no ar","isPartOf":{"@id":"https:\/\/www.oarcanjo.net\/site\/#website"},"datePublished":"2009-05-28T01:50:26+00:00","dateModified":"2009-05-28T01:50:26+00:00","breadcrumb":{"@id":"https:\/\/www.oarcanjo.net\/site\/a-mecha-ainda-fumega\/#breadcrumb"},"inLanguage":"pt-BR","potentialAction":[{"@type":"ReadAction","target":["https:\/\/www.oarcanjo.net\/site\/a-mecha-ainda-fumega\/"]}]},{"@type":"BreadcrumbList","@id":"https:\/\/www.oarcanjo.net\/site\/a-mecha-ainda-fumega\/#breadcrumb","itemListElement":[{"@type":"ListItem","position":1,"name":"In\u00edcio","item":"https:\/\/www.oarcanjo.net\/site\/"},{"@type":"ListItem","position":2,"name":"A mecha ainda fumega"}]},{"@type":"WebSite","@id":"https:\/\/www.oarcanjo.net\/site\/#website","url":"https:\/\/www.oarcanjo.net\/site\/","name":"O Arcanjo no ar","description":"Site da Par\u00f3quia S\u00e3o Miguel Arcanjo (Arquidiocese de SP)","publisher":{"@id":"https:\/\/www.oarcanjo.net\/site\/#organization"},"potentialAction":[{"@type":"SearchAction","target":{"@type":"EntryPoint","urlTemplate":"https:\/\/www.oarcanjo.net\/site\/?s={search_term_string}"},"query-input":{"@type":"PropertyValueSpecification","valueRequired":true,"valueName":"search_term_string"}}],"inLanguage":"pt-BR"},{"@type":"Organization","@id":"https:\/\/www.oarcanjo.net\/site\/#organization","name":"Par\u00f3quia S\u00e3o Miguel Arcanjo","url":"https:\/\/www.oarcanjo.net\/site\/","logo":{"@type":"ImageObject","inLanguage":"pt-BR","@id":"https:\/\/www.oarcanjo.net\/site\/#\/schema\/logo\/image\/","url":"https:\/\/www.oarcanjo.net\/site\/wp-content\/uploads\/LogoOArcanjo.png","contentUrl":"https:\/\/www.oarcanjo.net\/site\/wp-content\/uploads\/LogoOArcanjo.png","width":319,"height":99,"caption":"Par\u00f3quia S\u00e3o Miguel Arcanjo"},"image":{"@id":"https:\/\/www.oarcanjo.net\/site\/#\/schema\/logo\/image\/"},"sameAs":["https:\/\/www.facebook.com\/OArcanjoNoAr\/"]},{"@type":"Person","@id":"https:\/\/www.oarcanjo.net\/site\/#\/schema\/person\/f7024d007863202483a31326673a0838","name":"editor","sameAs":["http:\/\/www.oarcanjo.net"]}]}},"publishpress_future_action":{"enabled":false,"date":"2026-05-09 07:23:40","action":"category","newStatus":"draft","terms":[],"taxonomy":"category"},"publishpress_future_workflow_manual_trigger":{"enabledWorkflows":[]},"_links":{"self":[{"href":"https:\/\/www.oarcanjo.net\/site\/wp-json\/wp\/v2\/posts\/3662"}],"collection":[{"href":"https:\/\/www.oarcanjo.net\/site\/wp-json\/wp\/v2\/posts"}],"about":[{"href":"https:\/\/www.oarcanjo.net\/site\/wp-json\/wp\/v2\/types\/post"}],"author":[{"embeddable":true,"href":"https:\/\/www.oarcanjo.net\/site\/wp-json\/wp\/v2\/users\/5"}],"replies":[{"embeddable":true,"href":"https:\/\/www.oarcanjo.net\/site\/wp-json\/wp\/v2\/comments?post=3662"}],"version-history":[{"count":0,"href":"https:\/\/www.oarcanjo.net\/site\/wp-json\/wp\/v2\/posts\/3662\/revisions"}],"wp:attachment":[{"href":"https:\/\/www.oarcanjo.net\/site\/wp-json\/wp\/v2\/media?parent=3662"}],"wp:term":[{"taxonomy":"category","embeddable":true,"href":"https:\/\/www.oarcanjo.net\/site\/wp-json\/wp\/v2\/categories?post=3662"},{"taxonomy":"post_tag","embeddable":true,"href":"https:\/\/www.oarcanjo.net\/site\/wp-json\/wp\/v2\/tags?post=3662"}],"curies":[{"name":"wp","href":"https:\/\/api.w.org\/{rel}","templated":true}]}}