
{"id":3666,"date":"2009-05-29T08:00:40","date_gmt":"2009-05-29T11:00:40","guid":{"rendered":"http:\/\/www.oarcanjo.net\/site\/?p=3666"},"modified":"2009-05-28T19:02:39","modified_gmt":"2009-05-28T22:02:39","slug":"como-sera","status":"publish","type":"post","link":"https:\/\/www.oarcanjo.net\/site\/como-sera\/","title":{"rendered":"Como ser\u00e1?"},"content":{"rendered":"<p>Dom Dem\u00e9trio Valentini<\/p>\n<p>Tempos atr\u00e1s a gente s\u00f3 fazia esta pergunta para fantasiar como seria a vida ap\u00f3s a morte. Se n\u00e3o era poss\u00edvel descer a muitos detalhes, ao menos se sonhava S\u00e3o Pedro de bom humor, abrindo a porta para a gente ir entrando. As aten\u00e7\u00f5es se voltavam para o outro mundo.<\/p>\n<p>Agora, com tantas mudan\u00e7as em andamento, a pergunta vale para este mundo mesmo. Em meio ao ritmo alucinante de mudan\u00e7as, nos perguntamos como ser\u00e1 o dia de amanh\u00e3, como ser\u00e1 a vida nos pr\u00f3ximos anos.<\/p>\n<p>A pergunta \u00e9 t\u00e3o frequente, e angustiante, que muitas empresas j\u00e1 contratam futur\u00f3logos, para que tentem identificar estrat\u00e9gias de sobreviv\u00eancia, num contexto de situa\u00e7\u00f5es que mudam t\u00e3o rapidamente.<\/p>\n<p>Um deles \u00e9 o escoc\u00eas Eamon Kelly. Ele aprendeu a pensar o futuro, constatando as mudan\u00e7as radicais por que passaram trabalhadores nas minas de carv\u00e3o na Esc\u00f3cia, que simplesmente foram desativadas.<\/p>\n<p>Ele faz algumas previs\u00f5es, sempre aliadas a advert\u00eancias. Sup\u00f5e, por exemplo, que em poucos anos outros dois bilh\u00f5es de pessoas no mundo ser\u00e3o integradas na economia mundial. Mas adverte que se esses dois bilh\u00f5es assumirem o padr\u00e3o de consumo dos americanos, seria necess\u00e1rio explorar cinco planetas como o nosso. Como s\u00f3 temos este, como se far\u00e1 esta reeduca\u00e7\u00e3o de costumes?<\/p>\n<p>O Brasil est\u00e1 agora festejando a descoberta de surpreendentes reservas de petr\u00f3leo, no pr\u00e9 sal. S\u00f3 o campo de Tupi poderia fornecer de cinco a oito bilh\u00f5es de barris. Mas se perguntamos pelas conseq\u00fc\u00eancias da queima deste petr\u00f3leo, quantos milh\u00f5es de toneladas de g\u00e1s carb\u00f4nico seriam lan\u00e7adas ao ar? Em que medida iria colaborar para o aquecimento global, que j\u00e1 est\u00e1 ficando perigoso?<\/p>\n<p>A\u00ed a pergunta sobre o futuro se reveste de ang\u00fastia. E se o processo de aquecimento atingir um patamar de descontrole total, numa din\u00e2mica irrevers\u00edvel de mudan\u00e7as clim\u00e1ticas, como ficar\u00e1 nosso planeta? Ap\u00f3s a sua reciclagem total, quem sobraria para contar a hist\u00f3ria? Chegaria o fim da esp\u00e9cie humana?<\/p>\n<p>A pergunta pode ter incid\u00eancias bem pr\u00f3ximas e pr\u00e1ticas. Como ser\u00e1 o relacionamento entre as pessoas, que estar\u00e3o com certeza super conectadas, mas com o risco de se desconectarem de valores vitais b\u00e1sicos, como a natureza, a fam\u00edlia, a comunidade? Como ficar\u00e1 a vida sem este contexto salutar de conviv\u00eancia humana? Quem dar\u00e1 conta de administrar as tens\u00f5es da\u00ed resultantes?<\/p>\n<p>Como ficar\u00e1 o sistema de comunica\u00e7\u00e3o atrav\u00e9s do r\u00e1dio e da televis\u00e3o, arduamente constru\u00eddo ao longo de d\u00e9cadas, se passar a ser usado sem nenhuma regulamenta\u00e7\u00e3o e sem compromissos \u00e9ticos?<\/p>\n<p>E assim a ladainha das interroga\u00e7\u00f5es poderia incidir sobre situa\u00e7\u00f5es bem concretas. Como ficar\u00e1 o tr\u00e2nsito nas cidades e rodovias, se continuar o atual ritmo de novos ve\u00edculos entrando em a\u00e7\u00e3o? Como ficar\u00e1 a vida e a economia quando finalmente se esgotarem as reservas de combust\u00edveis f\u00f3sseis?<\/p>\n<p>Por mais que se escamoteie a pergunta, ou se diversifiquem as respostas, o certo \u00e9 que j\u00e1 ningu\u00e9m mais prescinde da liga\u00e7\u00e3o estreita que existe entre as condi\u00e7\u00f5es de vida no planeta e a interven\u00e7\u00e3o humana em seu processo.<\/p>\n<p>\u00c9 urgente identificar, com clareza, quais s\u00e3o as incid\u00eancias reais na vida do planeta, de nossa atividade humana. Para direcion\u00e1-la com responsabilidade e compromisso \u00e9tico, em busca do bem de toda a esp\u00e9cie humana e de todo o planta.<\/p>\n<p>Faz cem anos, apenas, que o avi\u00e3o levantou v\u00f4o. Foram tantas as mudan\u00e7as de l\u00e1 para c\u00e1. Daqui para a frente, ser\u00e3o muito maiores, e mais r\u00e1pidas. Como constatou a Confer\u00eancia de Aparecida, vivemos n\u00e3o s\u00f3 uma \u00e9poca de muitas mudan\u00e7as, mas uma mudan\u00e7a de \u00e9poca.<\/p>\n<p>Como ser\u00e1?  Quem viver, ver\u00e1!<\/p>\n<div id=\"themify_builder_content-3666\" data-postid=\"3666\" class=\"themify_builder_content themify_builder_content-3666 themify_builder themify_builder_front\">\n\t<\/div>\n<!-- \/themify_builder_content -->","protected":false},"excerpt":{"rendered":"<p>Dom Dem\u00e9trio Valentini Tempos atr\u00e1s a gente s\u00f3 fazia esta pergunta para fantasiar como seria a vida ap\u00f3s a morte. Se n\u00e3o era poss\u00edvel descer a muitos detalhes, ao menos se sonhava S\u00e3o Pedro de bom humor, abrindo a porta para a gente ir entrando. As aten\u00e7\u00f5es se voltavam para o outro mundo. Agora, com [&hellip;]<\/p>\n","protected":false},"author":5,"featured_media":0,"comment_status":"open","ping_status":"open","sticky":false,"template":"","format":"standard","meta":{"ngg_post_thumbnail":0,"footnotes":""},"categories":[9],"tags":[105,753,754,752,470],"yoast_head":"<!-- This site is optimized with the Yoast SEO plugin v23.5 - https:\/\/yoast.com\/wordpress\/plugins\/seo\/ -->\n<title>Como ser\u00e1? - O Arcanjo no ar<\/title>\n<meta name=\"robots\" content=\"index, follow, max-snippet:-1, max-image-preview:large, max-video-preview:-1\" \/>\n<link rel=\"canonical\" href=\"https:\/\/www.oarcanjo.net\/site\/como-sera\/\" \/>\n<meta property=\"og:locale\" content=\"pt_BR\" \/>\n<meta property=\"og:type\" content=\"article\" \/>\n<meta property=\"og:title\" content=\"Como ser\u00e1? - O Arcanjo no ar\" \/>\n<meta property=\"og:description\" content=\"Dom Dem\u00e9trio Valentini Tempos atr\u00e1s a gente s\u00f3 fazia esta pergunta para fantasiar como seria a vida ap\u00f3s a morte. Se n\u00e3o era poss\u00edvel descer a muitos detalhes, ao menos se sonhava S\u00e3o Pedro de bom humor, abrindo a porta para a gente ir entrando. As aten\u00e7\u00f5es se voltavam para o outro mundo. Agora, com [&hellip;]\" \/>\n<meta property=\"og:url\" content=\"https:\/\/www.oarcanjo.net\/site\/como-sera\/\" \/>\n<meta property=\"og:site_name\" content=\"O Arcanjo no ar\" \/>\n<meta property=\"article:publisher\" content=\"https:\/\/www.facebook.com\/OArcanjoNoAr\/\" \/>\n<meta property=\"article:published_time\" content=\"2009-05-29T11:00:40+00:00\" \/>\n<meta property=\"article:modified_time\" content=\"2009-05-28T22:02:39+00:00\" \/>\n<meta property=\"og:image\" content=\"https:\/\/www.oarcanjo.net\/site\/wp-content\/uploads\/logo-o-arcanjo-no-ar-facebook.png\" \/>\n\t<meta property=\"og:image:width\" content=\"300\" \/>\n\t<meta property=\"og:image:height\" content=\"300\" \/>\n\t<meta property=\"og:image:type\" content=\"image\/png\" \/>\n<meta name=\"author\" content=\"editor\" \/>\n<meta name=\"twitter:card\" content=\"summary_large_image\" \/>\n<meta name=\"twitter:label1\" content=\"Escrito por\" \/>\n\t<meta name=\"twitter:data1\" content=\"editor\" \/>\n\t<meta name=\"twitter:label2\" content=\"Est. tempo de leitura\" \/>\n\t<meta name=\"twitter:data2\" content=\"3 minutos\" \/>\n<script type=\"application\/ld+json\" class=\"yoast-schema-graph\">{\"@context\":\"https:\/\/schema.org\",\"@graph\":[{\"@type\":\"Article\",\"@id\":\"https:\/\/www.oarcanjo.net\/site\/como-sera\/#article\",\"isPartOf\":{\"@id\":\"https:\/\/www.oarcanjo.net\/site\/como-sera\/\"},\"author\":{\"name\":\"editor\",\"@id\":\"https:\/\/www.oarcanjo.net\/site\/#\/schema\/person\/f7024d007863202483a31326673a0838\"},\"headline\":\"Como ser\u00e1?\",\"datePublished\":\"2009-05-29T11:00:40+00:00\",\"dateModified\":\"2009-05-28T22:02:39+00:00\",\"mainEntityOfPage\":{\"@id\":\"https:\/\/www.oarcanjo.net\/site\/como-sera\/\"},\"wordCount\":667,\"commentCount\":0,\"publisher\":{\"@id\":\"https:\/\/www.oarcanjo.net\/site\/#organization\"},\"keywords\":[\"ambiente\",\"aquecimento\",\"consumo\",\"futuro\",\"sustentabilidade\"],\"articleSection\":[\"Reflex\u00f5es\"],\"inLanguage\":\"pt-BR\",\"potentialAction\":[{\"@type\":\"CommentAction\",\"name\":\"Comment\",\"target\":[\"https:\/\/www.oarcanjo.net\/site\/como-sera\/#respond\"]}]},{\"@type\":\"WebPage\",\"@id\":\"https:\/\/www.oarcanjo.net\/site\/como-sera\/\",\"url\":\"https:\/\/www.oarcanjo.net\/site\/como-sera\/\",\"name\":\"Como ser\u00e1? - O Arcanjo no ar\",\"isPartOf\":{\"@id\":\"https:\/\/www.oarcanjo.net\/site\/#website\"},\"datePublished\":\"2009-05-29T11:00:40+00:00\",\"dateModified\":\"2009-05-28T22:02:39+00:00\",\"breadcrumb\":{\"@id\":\"https:\/\/www.oarcanjo.net\/site\/como-sera\/#breadcrumb\"},\"inLanguage\":\"pt-BR\",\"potentialAction\":[{\"@type\":\"ReadAction\",\"target\":[\"https:\/\/www.oarcanjo.net\/site\/como-sera\/\"]}]},{\"@type\":\"BreadcrumbList\",\"@id\":\"https:\/\/www.oarcanjo.net\/site\/como-sera\/#breadcrumb\",\"itemListElement\":[{\"@type\":\"ListItem\",\"position\":1,\"name\":\"In\u00edcio\",\"item\":\"https:\/\/www.oarcanjo.net\/site\/\"},{\"@type\":\"ListItem\",\"position\":2,\"name\":\"Como ser\u00e1?\"}]},{\"@type\":\"WebSite\",\"@id\":\"https:\/\/www.oarcanjo.net\/site\/#website\",\"url\":\"https:\/\/www.oarcanjo.net\/site\/\",\"name\":\"O Arcanjo no ar\",\"description\":\"Site da Par\u00f3quia S\u00e3o Miguel Arcanjo (Arquidiocese de SP)\",\"publisher\":{\"@id\":\"https:\/\/www.oarcanjo.net\/site\/#organization\"},\"potentialAction\":[{\"@type\":\"SearchAction\",\"target\":{\"@type\":\"EntryPoint\",\"urlTemplate\":\"https:\/\/www.oarcanjo.net\/site\/?s={search_term_string}\"},\"query-input\":{\"@type\":\"PropertyValueSpecification\",\"valueRequired\":true,\"valueName\":\"search_term_string\"}}],\"inLanguage\":\"pt-BR\"},{\"@type\":\"Organization\",\"@id\":\"https:\/\/www.oarcanjo.net\/site\/#organization\",\"name\":\"Par\u00f3quia S\u00e3o Miguel Arcanjo\",\"url\":\"https:\/\/www.oarcanjo.net\/site\/\",\"logo\":{\"@type\":\"ImageObject\",\"inLanguage\":\"pt-BR\",\"@id\":\"https:\/\/www.oarcanjo.net\/site\/#\/schema\/logo\/image\/\",\"url\":\"https:\/\/www.oarcanjo.net\/site\/wp-content\/uploads\/LogoOArcanjo.png\",\"contentUrl\":\"https:\/\/www.oarcanjo.net\/site\/wp-content\/uploads\/LogoOArcanjo.png\",\"width\":319,\"height\":99,\"caption\":\"Par\u00f3quia S\u00e3o Miguel Arcanjo\"},\"image\":{\"@id\":\"https:\/\/www.oarcanjo.net\/site\/#\/schema\/logo\/image\/\"},\"sameAs\":[\"https:\/\/www.facebook.com\/OArcanjoNoAr\/\"]},{\"@type\":\"Person\",\"@id\":\"https:\/\/www.oarcanjo.net\/site\/#\/schema\/person\/f7024d007863202483a31326673a0838\",\"name\":\"editor\",\"sameAs\":[\"http:\/\/www.oarcanjo.net\"]}]}<\/script>\n<!-- \/ Yoast SEO plugin. -->","yoast_head_json":{"title":"Como ser\u00e1? - O Arcanjo no ar","robots":{"index":"index","follow":"follow","max-snippet":"max-snippet:-1","max-image-preview":"max-image-preview:large","max-video-preview":"max-video-preview:-1"},"canonical":"https:\/\/www.oarcanjo.net\/site\/como-sera\/","og_locale":"pt_BR","og_type":"article","og_title":"Como ser\u00e1? - O Arcanjo no ar","og_description":"Dom Dem\u00e9trio Valentini Tempos atr\u00e1s a gente s\u00f3 fazia esta pergunta para fantasiar como seria a vida ap\u00f3s a morte. Se n\u00e3o era poss\u00edvel descer a muitos detalhes, ao menos se sonhava S\u00e3o Pedro de bom humor, abrindo a porta para a gente ir entrando. As aten\u00e7\u00f5es se voltavam para o outro mundo. Agora, com [&hellip;]","og_url":"https:\/\/www.oarcanjo.net\/site\/como-sera\/","og_site_name":"O Arcanjo no ar","article_publisher":"https:\/\/www.facebook.com\/OArcanjoNoAr\/","article_published_time":"2009-05-29T11:00:40+00:00","article_modified_time":"2009-05-28T22:02:39+00:00","og_image":[{"width":300,"height":300,"url":"https:\/\/www.oarcanjo.net\/site\/wp-content\/uploads\/logo-o-arcanjo-no-ar-facebook.png","type":"image\/png"}],"author":"editor","twitter_card":"summary_large_image","twitter_misc":{"Escrito por":"editor","Est. tempo de leitura":"3 minutos"},"schema":{"@context":"https:\/\/schema.org","@graph":[{"@type":"Article","@id":"https:\/\/www.oarcanjo.net\/site\/como-sera\/#article","isPartOf":{"@id":"https:\/\/www.oarcanjo.net\/site\/como-sera\/"},"author":{"name":"editor","@id":"https:\/\/www.oarcanjo.net\/site\/#\/schema\/person\/f7024d007863202483a31326673a0838"},"headline":"Como ser\u00e1?","datePublished":"2009-05-29T11:00:40+00:00","dateModified":"2009-05-28T22:02:39+00:00","mainEntityOfPage":{"@id":"https:\/\/www.oarcanjo.net\/site\/como-sera\/"},"wordCount":667,"commentCount":0,"publisher":{"@id":"https:\/\/www.oarcanjo.net\/site\/#organization"},"keywords":["ambiente","aquecimento","consumo","futuro","sustentabilidade"],"articleSection":["Reflex\u00f5es"],"inLanguage":"pt-BR","potentialAction":[{"@type":"CommentAction","name":"Comment","target":["https:\/\/www.oarcanjo.net\/site\/como-sera\/#respond"]}]},{"@type":"WebPage","@id":"https:\/\/www.oarcanjo.net\/site\/como-sera\/","url":"https:\/\/www.oarcanjo.net\/site\/como-sera\/","name":"Como ser\u00e1? - O Arcanjo no ar","isPartOf":{"@id":"https:\/\/www.oarcanjo.net\/site\/#website"},"datePublished":"2009-05-29T11:00:40+00:00","dateModified":"2009-05-28T22:02:39+00:00","breadcrumb":{"@id":"https:\/\/www.oarcanjo.net\/site\/como-sera\/#breadcrumb"},"inLanguage":"pt-BR","potentialAction":[{"@type":"ReadAction","target":["https:\/\/www.oarcanjo.net\/site\/como-sera\/"]}]},{"@type":"BreadcrumbList","@id":"https:\/\/www.oarcanjo.net\/site\/como-sera\/#breadcrumb","itemListElement":[{"@type":"ListItem","position":1,"name":"In\u00edcio","item":"https:\/\/www.oarcanjo.net\/site\/"},{"@type":"ListItem","position":2,"name":"Como ser\u00e1?"}]},{"@type":"WebSite","@id":"https:\/\/www.oarcanjo.net\/site\/#website","url":"https:\/\/www.oarcanjo.net\/site\/","name":"O Arcanjo no ar","description":"Site da Par\u00f3quia S\u00e3o Miguel Arcanjo (Arquidiocese de SP)","publisher":{"@id":"https:\/\/www.oarcanjo.net\/site\/#organization"},"potentialAction":[{"@type":"SearchAction","target":{"@type":"EntryPoint","urlTemplate":"https:\/\/www.oarcanjo.net\/site\/?s={search_term_string}"},"query-input":{"@type":"PropertyValueSpecification","valueRequired":true,"valueName":"search_term_string"}}],"inLanguage":"pt-BR"},{"@type":"Organization","@id":"https:\/\/www.oarcanjo.net\/site\/#organization","name":"Par\u00f3quia S\u00e3o Miguel Arcanjo","url":"https:\/\/www.oarcanjo.net\/site\/","logo":{"@type":"ImageObject","inLanguage":"pt-BR","@id":"https:\/\/www.oarcanjo.net\/site\/#\/schema\/logo\/image\/","url":"https:\/\/www.oarcanjo.net\/site\/wp-content\/uploads\/LogoOArcanjo.png","contentUrl":"https:\/\/www.oarcanjo.net\/site\/wp-content\/uploads\/LogoOArcanjo.png","width":319,"height":99,"caption":"Par\u00f3quia S\u00e3o Miguel Arcanjo"},"image":{"@id":"https:\/\/www.oarcanjo.net\/site\/#\/schema\/logo\/image\/"},"sameAs":["https:\/\/www.facebook.com\/OArcanjoNoAr\/"]},{"@type":"Person","@id":"https:\/\/www.oarcanjo.net\/site\/#\/schema\/person\/f7024d007863202483a31326673a0838","name":"editor","sameAs":["http:\/\/www.oarcanjo.net"]}]}},"publishpress_future_action":{"enabled":false,"date":"2026-05-09 07:23:40","action":"category","newStatus":"draft","terms":[],"taxonomy":"category"},"publishpress_future_workflow_manual_trigger":{"enabledWorkflows":[]},"_links":{"self":[{"href":"https:\/\/www.oarcanjo.net\/site\/wp-json\/wp\/v2\/posts\/3666"}],"collection":[{"href":"https:\/\/www.oarcanjo.net\/site\/wp-json\/wp\/v2\/posts"}],"about":[{"href":"https:\/\/www.oarcanjo.net\/site\/wp-json\/wp\/v2\/types\/post"}],"author":[{"embeddable":true,"href":"https:\/\/www.oarcanjo.net\/site\/wp-json\/wp\/v2\/users\/5"}],"replies":[{"embeddable":true,"href":"https:\/\/www.oarcanjo.net\/site\/wp-json\/wp\/v2\/comments?post=3666"}],"version-history":[{"count":0,"href":"https:\/\/www.oarcanjo.net\/site\/wp-json\/wp\/v2\/posts\/3666\/revisions"}],"wp:attachment":[{"href":"https:\/\/www.oarcanjo.net\/site\/wp-json\/wp\/v2\/media?parent=3666"}],"wp:term":[{"taxonomy":"category","embeddable":true,"href":"https:\/\/www.oarcanjo.net\/site\/wp-json\/wp\/v2\/categories?post=3666"},{"taxonomy":"post_tag","embeddable":true,"href":"https:\/\/www.oarcanjo.net\/site\/wp-json\/wp\/v2\/tags?post=3666"}],"curies":[{"name":"wp","href":"https:\/\/api.w.org\/{rel}","templated":true}]}}