
{"id":3687,"date":"2009-05-29T18:43:13","date_gmt":"2009-05-29T21:43:13","guid":{"rendered":"http:\/\/www.oarcanjo.net\/site\/?p=3687"},"modified":"2009-05-31T09:29:55","modified_gmt":"2009-05-31T12:29:55","slug":"a-paz-esteja-convosco","status":"publish","type":"post","link":"https:\/\/www.oarcanjo.net\/site\/a-paz-esteja-convosco\/","title":{"rendered":"A paz esteja convosco"},"content":{"rendered":"<p><em>\u201cChamam de paz o lugar onde fazem o deserto.\u201d \u2013 T\u00e1cito<\/em><\/p>\n<p>\u201cJ\u00e1 chega a 91 o n\u00famero de mortes provocadas pela influenza A (H1N1) \u2013 gripe su\u00edna \u2013, segundo balan\u00e7o da Organiza\u00e7\u00e3o Mundial de Sa\u00fade (OMS). De acordo com boletim divulgado nesta segunda-feira (25) pela organiza\u00e7\u00e3o, 46 pa\u00edses j\u00e1 reportaram casos oficiais da doen\u00e7a, totalizando 12.515 pessoas infectadas\u201d.<\/p>\n<p>\u201dGenebra &#8211; O crescimento econ\u00f4mico mundial n\u00e3o parece ser suficiente para reduzir o desemprego e as taxas de pessoas sem um trabalho, atingindo a 191,8 milh\u00f5es em 2005, maior n\u00famero j\u00e1 constatado pela Organiza\u00e7\u00e3o Internacional do Trabalho (OIT) desde o in\u00edcio de seus registros\u201d.<\/p>\n<p>\u201cFoi registrado no per\u00edodo entre 1980 e 2002 um total de 696.056 \u00f3bitos por homic\u00eddios no Brasil. Crian\u00e7as e adolescentes de 0 a 19 anos correspondem a 16% (110.320) desse total. Esses n\u00fameros s\u00e3o os mais alarmantes que existem no mundo, dentre os pa\u00edses que n\u00e3o enfrentam guerra internas\u201d.<\/p>\n<p>\u201cPesquisa realizada pelo Ritla (Rede de Informa\u00e7\u00e3o Tecnol\u00f3gica Latino Americana) e divulgada nesta ter\u00e7a-feira mostra que aumentou 19% o n\u00famero total de mortes no tr\u00e2nsito em todo pa\u00eds, entre 1994 a 2006\u201d.<\/p>\n<p>\u201cO Programa das Na\u00e7\u00f5es Unidas para Assentamentos Humanos (UN-Habitat), que organiza um evento importante esta semana na capital do Qu\u00eania, disse que o n\u00famero de moradores de favelas no mundo pode triplicar para 3 bilh\u00f5es at\u00e9 2050, se nada for feito\u201d.<\/p>\n<p>\u201cChegou a 51 o n\u00famero de presos pela Pol\u00edcia Federal (PF), em opera\u00e7\u00e3o realizada hoje, suspeitos de envolvimento com um esquema de libera\u00e7\u00e3o irregular de verbas do Fundo de Participa\u00e7\u00e3o dos Munic\u00edpios (FPM) para prefeituras com d\u00e9bito com o Instituto Nacional do Seguro Social (INSS)\u201d.<\/p>\n<p>E agora uma \u00faltima not\u00edcia: n\u00f3s podemos mudar os n\u00fameros que voc\u00ea acabou de ler a\u00ed em cima. Afinal, nada disso faz parte do projeto original do Criador para o mundo. N\u00f3s s\u00f3 precisamos acreditar que isso \u00e9 poss\u00edvel. E depois colocar toda a nossa criatividade em a\u00e7\u00e3o, at\u00e9 que a paz verdadeira saia do papel e venha habitar entre n\u00f3s. Com o aval de Deus e para sempre. Am\u00e9m.<\/p>\n<p>Rubens Marchioni \u2013 <a href=\"mailto:rumarchioni@yahoo.com.br\">rumarchioni@yahoo.com.br<\/a><\/p>\n<div id=\"themify_builder_content-3687\" data-postid=\"3687\" class=\"themify_builder_content themify_builder_content-3687 themify_builder themify_builder_front\">\n\t<\/div>\n<!-- \/themify_builder_content -->","protected":false},"excerpt":{"rendered":"<p>\u201cChamam de paz o lugar onde fazem o deserto.\u201d \u2013 T\u00e1cito \u201cJ\u00e1 chega a 91 o n\u00famero de mortes provocadas pela influenza A (H1N1) \u2013 gripe su\u00edna \u2013, segundo balan\u00e7o da Organiza\u00e7\u00e3o Mundial de Sa\u00fade (OMS). De acordo com boletim divulgado nesta segunda-feira (25) pela organiza\u00e7\u00e3o, 46 pa\u00edses j\u00e1 reportaram casos oficiais da doen\u00e7a, totalizando [&hellip;]<\/p>\n","protected":false},"author":5,"featured_media":0,"comment_status":"open","ping_status":"open","sticky":false,"template":"","format":"standard","meta":{"ngg_post_thumbnail":0,"footnotes":""},"categories":[9],"tags":[167],"yoast_head":"<!-- This site is optimized with the Yoast SEO plugin v23.5 - https:\/\/yoast.com\/wordpress\/plugins\/seo\/ -->\n<title>A paz esteja convosco - O Arcanjo no ar<\/title>\n<meta name=\"robots\" content=\"index, follow, max-snippet:-1, max-image-preview:large, max-video-preview:-1\" \/>\n<link rel=\"canonical\" href=\"https:\/\/www.oarcanjo.net\/site\/a-paz-esteja-convosco\/\" \/>\n<meta property=\"og:locale\" content=\"pt_BR\" \/>\n<meta property=\"og:type\" content=\"article\" \/>\n<meta property=\"og:title\" content=\"A paz esteja convosco - O Arcanjo no ar\" \/>\n<meta property=\"og:description\" content=\"\u201cChamam de paz o lugar onde fazem o deserto.\u201d \u2013 T\u00e1cito \u201cJ\u00e1 chega a 91 o n\u00famero de mortes provocadas pela influenza A (H1N1) \u2013 gripe su\u00edna \u2013, segundo balan\u00e7o da Organiza\u00e7\u00e3o Mundial de Sa\u00fade (OMS). De acordo com boletim divulgado nesta segunda-feira (25) pela organiza\u00e7\u00e3o, 46 pa\u00edses j\u00e1 reportaram casos oficiais da doen\u00e7a, totalizando [&hellip;]\" \/>\n<meta property=\"og:url\" content=\"https:\/\/www.oarcanjo.net\/site\/a-paz-esteja-convosco\/\" \/>\n<meta property=\"og:site_name\" content=\"O Arcanjo no ar\" \/>\n<meta property=\"article:publisher\" content=\"https:\/\/www.facebook.com\/OArcanjoNoAr\/\" \/>\n<meta property=\"article:published_time\" content=\"2009-05-29T21:43:13+00:00\" \/>\n<meta property=\"article:modified_time\" content=\"2009-05-31T12:29:55+00:00\" \/>\n<meta property=\"og:image\" content=\"https:\/\/www.oarcanjo.net\/site\/wp-content\/uploads\/logo-o-arcanjo-no-ar-facebook.png\" \/>\n\t<meta property=\"og:image:width\" content=\"300\" \/>\n\t<meta property=\"og:image:height\" content=\"300\" \/>\n\t<meta property=\"og:image:type\" content=\"image\/png\" \/>\n<meta name=\"author\" content=\"editor\" \/>\n<meta name=\"twitter:card\" content=\"summary_large_image\" \/>\n<meta name=\"twitter:label1\" content=\"Escrito por\" \/>\n\t<meta name=\"twitter:data1\" content=\"editor\" \/>\n\t<meta name=\"twitter:label2\" content=\"Est. tempo de leitura\" \/>\n\t<meta name=\"twitter:data2\" content=\"2 minutos\" \/>\n<script type=\"application\/ld+json\" class=\"yoast-schema-graph\">{\"@context\":\"https:\/\/schema.org\",\"@graph\":[{\"@type\":\"Article\",\"@id\":\"https:\/\/www.oarcanjo.net\/site\/a-paz-esteja-convosco\/#article\",\"isPartOf\":{\"@id\":\"https:\/\/www.oarcanjo.net\/site\/a-paz-esteja-convosco\/\"},\"author\":{\"name\":\"editor\",\"@id\":\"https:\/\/www.oarcanjo.net\/site\/#\/schema\/person\/f7024d007863202483a31326673a0838\"},\"headline\":\"A paz esteja convosco\",\"datePublished\":\"2009-05-29T21:43:13+00:00\",\"dateModified\":\"2009-05-31T12:29:55+00:00\",\"mainEntityOfPage\":{\"@id\":\"https:\/\/www.oarcanjo.net\/site\/a-paz-esteja-convosco\/\"},\"wordCount\":374,\"commentCount\":2,\"publisher\":{\"@id\":\"https:\/\/www.oarcanjo.net\/site\/#organization\"},\"keywords\":[\"paz\"],\"articleSection\":[\"Reflex\u00f5es\"],\"inLanguage\":\"pt-BR\",\"potentialAction\":[{\"@type\":\"CommentAction\",\"name\":\"Comment\",\"target\":[\"https:\/\/www.oarcanjo.net\/site\/a-paz-esteja-convosco\/#respond\"]}]},{\"@type\":\"WebPage\",\"@id\":\"https:\/\/www.oarcanjo.net\/site\/a-paz-esteja-convosco\/\",\"url\":\"https:\/\/www.oarcanjo.net\/site\/a-paz-esteja-convosco\/\",\"name\":\"A paz esteja convosco - O Arcanjo no ar\",\"isPartOf\":{\"@id\":\"https:\/\/www.oarcanjo.net\/site\/#website\"},\"datePublished\":\"2009-05-29T21:43:13+00:00\",\"dateModified\":\"2009-05-31T12:29:55+00:00\",\"breadcrumb\":{\"@id\":\"https:\/\/www.oarcanjo.net\/site\/a-paz-esteja-convosco\/#breadcrumb\"},\"inLanguage\":\"pt-BR\",\"potentialAction\":[{\"@type\":\"ReadAction\",\"target\":[\"https:\/\/www.oarcanjo.net\/site\/a-paz-esteja-convosco\/\"]}]},{\"@type\":\"BreadcrumbList\",\"@id\":\"https:\/\/www.oarcanjo.net\/site\/a-paz-esteja-convosco\/#breadcrumb\",\"itemListElement\":[{\"@type\":\"ListItem\",\"position\":1,\"name\":\"In\u00edcio\",\"item\":\"https:\/\/www.oarcanjo.net\/site\/\"},{\"@type\":\"ListItem\",\"position\":2,\"name\":\"A paz esteja convosco\"}]},{\"@type\":\"WebSite\",\"@id\":\"https:\/\/www.oarcanjo.net\/site\/#website\",\"url\":\"https:\/\/www.oarcanjo.net\/site\/\",\"name\":\"O Arcanjo no ar\",\"description\":\"Site da Par\u00f3quia S\u00e3o Miguel Arcanjo (Arquidiocese de SP)\",\"publisher\":{\"@id\":\"https:\/\/www.oarcanjo.net\/site\/#organization\"},\"potentialAction\":[{\"@type\":\"SearchAction\",\"target\":{\"@type\":\"EntryPoint\",\"urlTemplate\":\"https:\/\/www.oarcanjo.net\/site\/?s={search_term_string}\"},\"query-input\":{\"@type\":\"PropertyValueSpecification\",\"valueRequired\":true,\"valueName\":\"search_term_string\"}}],\"inLanguage\":\"pt-BR\"},{\"@type\":\"Organization\",\"@id\":\"https:\/\/www.oarcanjo.net\/site\/#organization\",\"name\":\"Par\u00f3quia S\u00e3o Miguel Arcanjo\",\"url\":\"https:\/\/www.oarcanjo.net\/site\/\",\"logo\":{\"@type\":\"ImageObject\",\"inLanguage\":\"pt-BR\",\"@id\":\"https:\/\/www.oarcanjo.net\/site\/#\/schema\/logo\/image\/\",\"url\":\"https:\/\/www.oarcanjo.net\/site\/wp-content\/uploads\/LogoOArcanjo.png\",\"contentUrl\":\"https:\/\/www.oarcanjo.net\/site\/wp-content\/uploads\/LogoOArcanjo.png\",\"width\":319,\"height\":99,\"caption\":\"Par\u00f3quia S\u00e3o Miguel Arcanjo\"},\"image\":{\"@id\":\"https:\/\/www.oarcanjo.net\/site\/#\/schema\/logo\/image\/\"},\"sameAs\":[\"https:\/\/www.facebook.com\/OArcanjoNoAr\/\"]},{\"@type\":\"Person\",\"@id\":\"https:\/\/www.oarcanjo.net\/site\/#\/schema\/person\/f7024d007863202483a31326673a0838\",\"name\":\"editor\",\"sameAs\":[\"http:\/\/www.oarcanjo.net\"]}]}<\/script>\n<!-- \/ Yoast SEO plugin. -->","yoast_head_json":{"title":"A paz esteja convosco - O Arcanjo no ar","robots":{"index":"index","follow":"follow","max-snippet":"max-snippet:-1","max-image-preview":"max-image-preview:large","max-video-preview":"max-video-preview:-1"},"canonical":"https:\/\/www.oarcanjo.net\/site\/a-paz-esteja-convosco\/","og_locale":"pt_BR","og_type":"article","og_title":"A paz esteja convosco - O Arcanjo no ar","og_description":"\u201cChamam de paz o lugar onde fazem o deserto.\u201d \u2013 T\u00e1cito \u201cJ\u00e1 chega a 91 o n\u00famero de mortes provocadas pela influenza A (H1N1) \u2013 gripe su\u00edna \u2013, segundo balan\u00e7o da Organiza\u00e7\u00e3o Mundial de Sa\u00fade (OMS). De acordo com boletim divulgado nesta segunda-feira (25) pela organiza\u00e7\u00e3o, 46 pa\u00edses j\u00e1 reportaram casos oficiais da doen\u00e7a, totalizando [&hellip;]","og_url":"https:\/\/www.oarcanjo.net\/site\/a-paz-esteja-convosco\/","og_site_name":"O Arcanjo no ar","article_publisher":"https:\/\/www.facebook.com\/OArcanjoNoAr\/","article_published_time":"2009-05-29T21:43:13+00:00","article_modified_time":"2009-05-31T12:29:55+00:00","og_image":[{"width":300,"height":300,"url":"https:\/\/www.oarcanjo.net\/site\/wp-content\/uploads\/logo-o-arcanjo-no-ar-facebook.png","type":"image\/png"}],"author":"editor","twitter_card":"summary_large_image","twitter_misc":{"Escrito por":"editor","Est. tempo de leitura":"2 minutos"},"schema":{"@context":"https:\/\/schema.org","@graph":[{"@type":"Article","@id":"https:\/\/www.oarcanjo.net\/site\/a-paz-esteja-convosco\/#article","isPartOf":{"@id":"https:\/\/www.oarcanjo.net\/site\/a-paz-esteja-convosco\/"},"author":{"name":"editor","@id":"https:\/\/www.oarcanjo.net\/site\/#\/schema\/person\/f7024d007863202483a31326673a0838"},"headline":"A paz esteja convosco","datePublished":"2009-05-29T21:43:13+00:00","dateModified":"2009-05-31T12:29:55+00:00","mainEntityOfPage":{"@id":"https:\/\/www.oarcanjo.net\/site\/a-paz-esteja-convosco\/"},"wordCount":374,"commentCount":2,"publisher":{"@id":"https:\/\/www.oarcanjo.net\/site\/#organization"},"keywords":["paz"],"articleSection":["Reflex\u00f5es"],"inLanguage":"pt-BR","potentialAction":[{"@type":"CommentAction","name":"Comment","target":["https:\/\/www.oarcanjo.net\/site\/a-paz-esteja-convosco\/#respond"]}]},{"@type":"WebPage","@id":"https:\/\/www.oarcanjo.net\/site\/a-paz-esteja-convosco\/","url":"https:\/\/www.oarcanjo.net\/site\/a-paz-esteja-convosco\/","name":"A paz esteja convosco - O Arcanjo no ar","isPartOf":{"@id":"https:\/\/www.oarcanjo.net\/site\/#website"},"datePublished":"2009-05-29T21:43:13+00:00","dateModified":"2009-05-31T12:29:55+00:00","breadcrumb":{"@id":"https:\/\/www.oarcanjo.net\/site\/a-paz-esteja-convosco\/#breadcrumb"},"inLanguage":"pt-BR","potentialAction":[{"@type":"ReadAction","target":["https:\/\/www.oarcanjo.net\/site\/a-paz-esteja-convosco\/"]}]},{"@type":"BreadcrumbList","@id":"https:\/\/www.oarcanjo.net\/site\/a-paz-esteja-convosco\/#breadcrumb","itemListElement":[{"@type":"ListItem","position":1,"name":"In\u00edcio","item":"https:\/\/www.oarcanjo.net\/site\/"},{"@type":"ListItem","position":2,"name":"A paz esteja convosco"}]},{"@type":"WebSite","@id":"https:\/\/www.oarcanjo.net\/site\/#website","url":"https:\/\/www.oarcanjo.net\/site\/","name":"O Arcanjo no ar","description":"Site da Par\u00f3quia S\u00e3o Miguel Arcanjo (Arquidiocese de SP)","publisher":{"@id":"https:\/\/www.oarcanjo.net\/site\/#organization"},"potentialAction":[{"@type":"SearchAction","target":{"@type":"EntryPoint","urlTemplate":"https:\/\/www.oarcanjo.net\/site\/?s={search_term_string}"},"query-input":{"@type":"PropertyValueSpecification","valueRequired":true,"valueName":"search_term_string"}}],"inLanguage":"pt-BR"},{"@type":"Organization","@id":"https:\/\/www.oarcanjo.net\/site\/#organization","name":"Par\u00f3quia S\u00e3o Miguel Arcanjo","url":"https:\/\/www.oarcanjo.net\/site\/","logo":{"@type":"ImageObject","inLanguage":"pt-BR","@id":"https:\/\/www.oarcanjo.net\/site\/#\/schema\/logo\/image\/","url":"https:\/\/www.oarcanjo.net\/site\/wp-content\/uploads\/LogoOArcanjo.png","contentUrl":"https:\/\/www.oarcanjo.net\/site\/wp-content\/uploads\/LogoOArcanjo.png","width":319,"height":99,"caption":"Par\u00f3quia S\u00e3o Miguel Arcanjo"},"image":{"@id":"https:\/\/www.oarcanjo.net\/site\/#\/schema\/logo\/image\/"},"sameAs":["https:\/\/www.facebook.com\/OArcanjoNoAr\/"]},{"@type":"Person","@id":"https:\/\/www.oarcanjo.net\/site\/#\/schema\/person\/f7024d007863202483a31326673a0838","name":"editor","sameAs":["http:\/\/www.oarcanjo.net"]}]}},"publishpress_future_action":{"enabled":false,"date":"2026-05-09 07:23:25","action":"category","newStatus":"draft","terms":[],"taxonomy":"category"},"publishpress_future_workflow_manual_trigger":{"enabledWorkflows":[]},"_links":{"self":[{"href":"https:\/\/www.oarcanjo.net\/site\/wp-json\/wp\/v2\/posts\/3687"}],"collection":[{"href":"https:\/\/www.oarcanjo.net\/site\/wp-json\/wp\/v2\/posts"}],"about":[{"href":"https:\/\/www.oarcanjo.net\/site\/wp-json\/wp\/v2\/types\/post"}],"author":[{"embeddable":true,"href":"https:\/\/www.oarcanjo.net\/site\/wp-json\/wp\/v2\/users\/5"}],"replies":[{"embeddable":true,"href":"https:\/\/www.oarcanjo.net\/site\/wp-json\/wp\/v2\/comments?post=3687"}],"version-history":[{"count":0,"href":"https:\/\/www.oarcanjo.net\/site\/wp-json\/wp\/v2\/posts\/3687\/revisions"}],"wp:attachment":[{"href":"https:\/\/www.oarcanjo.net\/site\/wp-json\/wp\/v2\/media?parent=3687"}],"wp:term":[{"taxonomy":"category","embeddable":true,"href":"https:\/\/www.oarcanjo.net\/site\/wp-json\/wp\/v2\/categories?post=3687"},{"taxonomy":"post_tag","embeddable":true,"href":"https:\/\/www.oarcanjo.net\/site\/wp-json\/wp\/v2\/tags?post=3687"}],"curies":[{"name":"wp","href":"https:\/\/api.w.org\/{rel}","templated":true}]}}